{"id":10341,"date":"2016-05-09T13:45:18","date_gmt":"2016-05-09T11:45:18","guid":{"rendered":"http:\/\/libcickekrizovatky.cz\/?p=10341"},"modified":"2016-06-20T16:52:32","modified_gmt":"2016-06-20T14:52:32","slug":"libcicke-deti-na-festivalu","status":"publish","type":"post","link":"https:\/\/libcickekrizovatky.cz\/?p=10341","title":{"rendered":"Lib\u010dick\u00e9 d\u011bti na festivalu"},"content":{"rendered":"<p><img loading=\"lazy\" style=\"float: right;\" alt=\"Zahrada: vystoupen\u00ed d\u011bt\u00ed\" src=\"https:\/\/libcickekrizovatky.cz\/content\/uploads\/2016\/05\/detinazahrade.jpg\" width=\"340\" height=\"95\" \/>V sobotu, 14.&nbsp;kv\u011btna vystoup\u00ed na festivalu Otev\u0159en\u00e1 zahrada zhruba 30 lib\u010dick\u00fdch zp\u011bv\u00e1\u010dk\u016f, muzikant\u016f a&nbsp;tane\u010dn\u00edk\u016f. P\u0159ij\u010fte na\u0161e za\u010d\u00ednaj\u00edc\u00ed um\u011blce podpo\u0159it potleskem!<!--more--><\/p>\n<h3>Nejd\u0159\u00edv to budou ty mlad\u0161\u00ed<\/h3>\n<p>&#8211; ve 14:00 zazp\u00edvaj\u00ed a&nbsp;zahraj\u00ed 3 p\u00edsn\u011b d\u011bti z&nbsp;krou\u017eku Mal\u00ed muzikanti pos\u00edleni o&nbsp;sv\u00e9 star\u0161\u00ed kamar\u00e1dy ze ZU\u0160. Ke dv\u011bma p\u00edsni\u010dk\u00e1m si p\u0159ed\u0161kol\u00e1ci z&nbsp;tane\u010dn\u00ed p\u0159\u00edpravky ZU\u0160 pod veden\u00edm Lucie Charouzov\u00e9 p\u0159ipravili choreografii. Takhle budou tane\u010dn\u00edk\u016fm a&nbsp;tane\u010dnic\u00edm slu\u0161et pta\u010d\u00ed kost\u00fdmy, kter\u00e9 n\u00e1m laskav\u011b zap\u016fj\u010dilo sdru\u017een\u00ed Rozto\u010d.<\/p>\n<p><a href=\"https:\/\/libcickekrizovatky.cz\/content\/uploads\/2016\/05\/DSC_0641.jpg\"><img loading=\"lazy\" class=\"wp-image-10347 aligncenter\" alt=\"DSC_0641\" src=\"https:\/\/libcickekrizovatky.cz\/content\/uploads\/2016\/05\/DSC_0641-300x199.jpg\" width=\"300\" height=\"199\" srcset=\"https:\/\/libcickekrizovatky.cz\/content\/uploads\/2016\/05\/DSC_0641-300x199.jpg 300w, https:\/\/libcickekrizovatky.cz\/content\/uploads\/2016\/05\/DSC_0641-1024x681.jpg 1024w, https:\/\/libcickekrizovatky.cz\/content\/uploads\/2016\/05\/DSC_0641.jpg 1111w\" sizes=\"(max-width: 300px) 100vw, 300px\" \/><\/a><\/p>\n<h3>Ve\u010der &#8211; v&nbsp;19:30 pak uvid\u00edte,<\/h3>\n<p>jak se chopili p\u0159\u00edle\u017eitosti zatan\u010dit si p\u0159i&nbsp;Otv\u00edr\u00e1n\u00ed stud\u00e1nek \u017e\u00e1ci 4.&nbsp;ro\u010dn\u00edku tane\u010dn\u00edho oboru ZU\u0160. O&nbsp;vznik choreografie jsem po\u017e\u00e1dala Lucii Charouzovou nejen proto, \u017ee je to m\u00e1 mil\u00e1 kolegyn\u011b ze ZU\u0160, ale tak\u00e9 proto, \u017ee poch\u00e1z\u00ed z&nbsp;Poli\u010dky stejn\u011b jako Bohuslav Martin\u016f a&nbsp;s&nbsp;jeho kr\u00e1snou hudbou u\u017e si p\u0159\u00e1la pracovat del\u0161\u00ed dobu. M\u00e1m radost, \u017ee krom\u011b sv\u00fdch kolegy\u0148 zapojila i&nbsp;sv\u00e9 \u017e\u00e1ky a&nbsp;na v\u00fdsledek se u\u017e te\u010f moc t\u011b\u0161\u00edm!<\/p>\n<div class=\"gallery gallery-columns-3 gallery-size-thumbnail rps-image-gallery-format-default rps-image-gallery-theme-default rps-image-gallery-columns-no-responsive rps-image-gallery rps-image-gallery-masonry rps-image-gallery-no-heading rps-image-gallery-no-caption rps-image-gallery-no-social \" style=\"text-align:left\" pageSize=\"0\" currentPage=\"0\" ><ul class=\"background-thumbnails\"><li class=\"gallery-item gallery-item-begin-row\"><div class=\"gallery-icon landscape\"><a rel=\"rps-image-group-10341\" href=\"https:\/\/libcickekrizovatky.cz\/content\/uploads\/2016\/05\/P1010448.jpg\" title=\"\"><img src=\"https:\/\/libcickekrizovatky.cz\/content\/uploads\/2016\/05\/P1010448-250x250.jpg\" alt=\"Zahrada: vystoupen\u00ed d\u011bt\u00ed\" title=\"Zahrada: vystoupen\u00ed d\u011bt\u00ed\" class=\"attachment-thumbnail\" width=\"250\" height=\"250\" sizes=\"(max-width: 250px) 100vw, 250px\"><\/a><\/div><\/li><li class=\"gallery-item \"><div class=\"gallery-icon landscape\"><a rel=\"rps-image-group-10341\" href=\"https:\/\/libcickekrizovatky.cz\/content\/uploads\/2016\/05\/P1010210.jpg\" title=\"\"><img src=\"https:\/\/libcickekrizovatky.cz\/content\/uploads\/2016\/05\/P1010210-250x250.jpg\" alt=\"Zahrada: vystoupen\u00ed d\u011bt\u00ed\" title=\"Zahrada: vystoupen\u00ed d\u011bt\u00ed\" class=\"attachment-thumbnail last\" width=\"250\" height=\"250\" sizes=\"(max-width: 250px) 100vw, 250px\"><\/a><\/div><\/li><\/ul><\/div>\n<p>&nbsp;  <\/p>\n","protected":false},"excerpt":{"rendered":"<p>V sobotu, 14.&nbsp;kv\u011btna vystoup\u00ed na festivalu Otev\u0159en\u00e1 zahrada zhruba 30 lib\u010dick\u00fdch zp\u011bv\u00e1\u010dk\u016f, muzikant\u016f a&nbsp;tane\u010dn\u00edk\u016f. P\u0159ij\u010fte na\u0161e za\u010d\u00ednaj\u00edc\u00ed um\u011blce podpo\u0159it potleskem!<\/p>\n","protected":false},"author":13,"featured_media":0,"comment_status":"open","ping_status":"open","sticky":false,"template":"","format":"standard","meta":[],"categories":[1],"tags":[],"_links":{"self":[{"href":"https:\/\/libcickekrizovatky.cz\/index.php?rest_route=\/wp\/v2\/posts\/10341"}],"collection":[{"href":"https:\/\/libcickekrizovatky.cz\/index.php?rest_route=\/wp\/v2\/posts"}],"about":[{"href":"https:\/\/libcickekrizovatky.cz\/index.php?rest_route=\/wp\/v2\/types\/post"}],"author":[{"embeddable":true,"href":"https:\/\/libcickekrizovatky.cz\/index.php?rest_route=\/wp\/v2\/users\/13"}],"replies":[{"embeddable":true,"href":"https:\/\/libcickekrizovatky.cz\/index.php?rest_route=%2Fwp%2Fv2%2Fcomments&post=10341"}],"version-history":[{"count":9,"href":"https:\/\/libcickekrizovatky.cz\/index.php?rest_route=\/wp\/v2\/posts\/10341\/revisions"}],"predecessor-version":[{"id":10782,"href":"https:\/\/libcickekrizovatky.cz\/index.php?rest_route=\/wp\/v2\/posts\/10341\/revisions\/10782"}],"wp:attachment":[{"href":"https:\/\/libcickekrizovatky.cz\/index.php?rest_route=%2Fwp%2Fv2%2Fmedia&parent=10341"}],"wp:term":[{"taxonomy":"category","embeddable":true,"href":"https:\/\/libcickekrizovatky.cz\/index.php?rest_route=%2Fwp%2Fv2%2Fcategories&post=10341"},{"taxonomy":"post_tag","embeddable":true,"href":"https:\/\/libcickekrizovatky.cz\/index.php?rest_route=%2Fwp%2Fv2%2Ftags&post=10341"}],"curies":[{"name":"wp","href":"https:\/\/api.w.org\/{rel}","templated":true}]}}