{"id":13920,"date":"2017-02-19T18:00:22","date_gmt":"2017-02-19T17:00:22","guid":{"rendered":"http:\/\/libcickekrizovatky.cz\/?p=13920"},"modified":"2017-02-19T21:56:16","modified_gmt":"2017-02-19T20:56:16","slug":"jak-se-schvaloval-investicni-rozpocet-mesta-na-rok-2017","status":"publish","type":"post","link":"https:\/\/libcickekrizovatky.cz\/?p=13920","title":{"rendered":"Jak se schvaloval investi\u010dn\u00ed rozpo\u010det m\u011bsta na rok 2017"},"content":{"rendered":"<p><em><img loading=\"lazy\" class=\"\" style=\"float: left; margin: 10px;\" src=\"https:\/\/libcickekrizovatky.cz\/content\/uploads\/2015\/01\/Libcicke-noviny.jpg\" alt=\"Lib\u010dick\u00e9 noviny\" width=\"250\" height=\"83\" \/>V \u00favodn\u00edku \u00fanorov\u00fdch LIB\u010cICK\u00ddCH NOVIN pan starosta jako ji\u017e tradi\u010dn\u011b peskuje opozici za to, \u017ee nepodpo\u0159ila &#8220;spole\u010dnou v\u011bc,&#8221; tentokr\u00e1t navr\u017een\u00fd rozpo\u010det m\u011bsta. Opakovan\u011b se t\u00edm vysm\u00edv\u00e1 na\u0161emu pr\u00e1vu &#8211; a&nbsp;povinnosti v\u016f\u010di na\u0161im voli\u010d\u016fm &#8211; na vyj\u00e1d\u0159en\u00ed vlastn\u00edho postoje k&nbsp;projedn\u00e1van\u00e9 problematice, jemu\u017e p\u0159ikl\u00e1d\u00e1me velk\u00fd v\u00fdznam. By\u0165 je ze strany koalice Lib\u011bhrad\u00a0&#8211;\u00a0ANO\u00a0&#8211;\u00a0TOP09 ve v\u011bt\u0161in\u011b p\u0159\u00edpad\u016f ignorov\u00e1n a&nbsp;n\u00e1sledn\u011b v\u011bt\u0161inov\u011b p\u0159ehlasov\u00e1n. V&nbsp;n\u00e1sleduj\u00edc\u00edch odstavc\u00edch si dovolujeme shrnout pr\u016fb\u011bh schvalov\u00e1n\u00ed rozpo\u010dtu m\u011bsta na rok 2017 a&nbsp;d\u016fvody na\u0161eho jedn\u00e1n\u00ed.<\/em><!--more--><\/p>\n<p>Na prvn\u00edm jedn\u00e1n\u00ed zastupitelstva v&nbsp;nov\u00e9m roce se tradi\u010dn\u011b schvaluje rozpo\u010det m\u011bsta s&nbsp;hlavn\u00edmi investicemi pro dan\u00fd rok. Bylo tomu tak i&nbsp;letos a&nbsp;stejn\u011b jako jindy se zastupitel\u00e9 na v\u011bt\u0161in\u011b investic shodli. Na n\u011bkter\u00e9 polo\u017eky, co\u017e asi nikoho nep\u0159ekvap\u00ed, se n\u00e1zory r\u016fznily. Tak\u00e9 proto \u0159\u00e1dn\u00e9mu jedn\u00e1n\u00ed p\u0159edch\u00e1zela neve\u0159ejn\u00e1 pracovn\u00ed sch\u016fzka svolan\u00e1 na podn\u011bt zastupitelky za ODS.<\/p>\n<p>Rada m\u011bsta n\u00e1s na t\u00e9to pracovn\u00ed sch\u016fzi v&nbsp;polovin\u011b ledna sezn\u00e1mila se sv\u00fdm n\u00e1vrhem rozpo\u010dtu. Ten jsme p\u0159ipom\u00ednkovali a&nbsp;z\u00e1rove\u0148 doplnili z\u00e1m\u011bry, kter\u00e9 vn\u00edm\u00e1me jako pot\u0159ebn\u00e9 a&nbsp;v\u00fdznamn\u00e9. Sou\u010dasn\u011b jsme znovu zd\u016fraznili nutnost dokon\u010dit strategick\u00e9 dokumenty m\u011bsta. Nem\u016f\u017eeme podpo\u0159it moment\u00e1ln\u00ed p\u0159edstavy n\u011bkolika zastupitel\u016f, kter\u00e9 nejsou podlo\u017een\u00e9 jasn\u011b definovan\u00fdmi pot\u0159ebami a&nbsp;prioritami na\u0161eho m\u011bsta. Jsme p\u0159esv\u011bd\u010deni, \u017ee do t\u00e9 doby, ne\u017e bude p\u0159ipravena rozvojov\u00e1 koncepce m\u011bsta, by zastupitelstvo nem\u011blo p\u0159ij\u00edmat rozhodnut\u00ed o&nbsp;velk\u00fdch projektov\u00fdch z\u00e1m\u011brech. Takov\u00fdm z\u00e1m\u011brem je i&nbsp;v\u00fdkup a&nbsp;demolice dom\u016f na n\u00e1m\u011bst\u00ed.<\/p>\n<div class=\"alert alert-warning\">\n<h3>Co bychom v&nbsp;rozpo\u010dtu m\u011bsta na tento rok uv\u00edtali<\/h3>\n<ul>\n<li><b>Projekt rekonstrukce ve\u0159ejn\u00e9ho osv\u011btlen\u00ed. <\/b>Navrhujeme modernizaci sou\u010dasn\u00e9ho syst\u00e9mu na m\u00e9n\u011b energeticky n\u00e1ro\u010dn\u00fd, av\u0161ak \u017e\u00e1d\u00e1me nejprve o&nbsp;zpracov\u00e1n\u00ed anal\u00fdzy mo\u017enost\u00ed a&nbsp;s&nbsp;t\u00edm spojen\u00fdch n\u00e1klad\u016f a&nbsp;\u00faspor. D\u00e1le navrhujeme prov\u011b\u0159it mo\u017enost kryt\u00ed \u010d\u00e1sti n\u00e1klad\u016f na tento z\u00e1m\u011br ze struktur\u00e1ln\u00edch fond\u016f EU nebo ze st\u00e1tn\u00edho rozpo\u010dtu, \u010d\u00edm\u017e bychom sn\u00ed\u017eili z\u00e1t\u011b\u017e pro m\u011bstsk\u00fd rozpo\u010det.<\/li>\n<li><b>Bezbari\u00e9rov\u00e9 \u00fapravy m\u011bstsk\u00fdch ve\u0159ejn\u00fdch budov<\/b> (radnice, \u0161koly). Navrhujeme zpracovat projekt pro odstran\u011bn\u00ed p\u0159ek\u00e1\u017eek (zejm\u00e9na vstupy do objekt\u016f a&nbsp;dostupnost slu\u017eeb \u00fa\u0159adu). Bezbari\u00e9rov\u00e9 \u00fapravy se t\u00fdkaj\u00ed nejen osob se zdravotn\u00edm omezen\u00edm, ale i&nbsp;rodi\u010d\u016f s&nbsp;mal\u00fdmi d\u011btmi v&nbsp;ko\u010d\u00e1rc\u00edch, kte\u0159\u00ed maj\u00ed zt\u00ed\u017een\u00fd p\u0159\u00edstup ke slu\u017eb\u00e1m m\u011bsta.<\/li>\n<li><b>Projekt obnovy zahrady p\u0159i&nbsp;M\u0160. <\/b>\u017d\u00e1d\u00e1me zpracov\u00e1n\u00ed komplexn\u00edho projektu revitalizace venkovn\u00edho are\u00e1lu M\u0160 v\u010detn\u011b obnovy zelen\u011b a&nbsp;mobili\u00e1\u0159e.<\/li>\n<\/ul>\n<\/div>\n<h3>Schvalov\u00e1n\u00ed po&nbsp;polo\u017ek\u00e1ch koalice neum\u00ed<\/h3>\n<p>Na \u0159\u00e1dn\u00e9m jedn\u00e1n\u00ed zastupitelstva 8.&nbsp;\u00fanora rada m\u011bsta p\u0159edlo\u017eila ke schv\u00e1len\u00ed p\u016fvodn\u00ed rozpo\u010det, nepoznamenan\u00fd diskuz\u00ed a&nbsp;n\u00e1vrhy p\u0159edlo\u017een\u00fdmi b\u011bhem pracovn\u00ed sch\u016fze. Navrhli jsme proto hlasovat po&nbsp;polo\u017ek\u00e1ch. Tak by bylo z\u0159ejm\u00e9, kter\u00e9 investice jsou pro v\u0161echny p\u0159ijateln\u00e9 a&nbsp;kter\u00e9 jsou kolizn\u00ed. Tento procesn\u00ed krok navrhujeme ka\u017ed\u00fdm rokem; p\u0159ijat byl bohu\u017eel jen jednou, a&nbsp;to p\u0159ed dv\u011bma lety. I&nbsp;letos se zastupitel\u00e9 stoj\u00edc\u00ed za veden\u00edm m\u011bsta shodli \u0159e\u0161it investi\u010dn\u00ed rozpo\u010det m\u011bsta jako bal\u00ed\u010dek. Pro rozpo\u010det, v&nbsp;n\u011bm\u017e s&nbsp;n\u011bkter\u00fdmi polo\u017ekami nesouhlas\u00edme, jsme ruku nezvedli, byl schv\u00e1len pouze hlasy koali\u010dn\u00edch zastupitel\u016f.<\/p>\n<p>Z\u00e1znam z&nbsp;jedn\u00e1n\u00ed zastupitelstva m\u011bsta je ke shl\u00e9dnut\u00ed <a href=\"https:\/\/libcickekrizovatky.cz\/?p=13908\"><span style=\"text-decoration: underline;\">zde<\/span><\/a>. V&nbsp;rubrice <span style=\"text-decoration: underline;\"><a href=\"https:\/\/libcickekrizovatky.cz\/?cat=253\">Den\u00edk zastupitele<\/a><\/span> si m\u016f\u017eete tak\u00e9 p\u0159e\u010d\u00edst podrobn\u011bj\u0161\u00ed informace o&nbsp;d\u011bn\u00ed v&nbsp;zastupitelstvu.<\/p>\n<p style=\"text-align: right;\"><em>Ilona Pt\u00e1\u010dkov\u00e1, zastupitelka a&nbsp;p\u0159edsedkyn\u011b Lib\u010dick\u00e9ho ob\u010dansk\u00e9ho spolku LOS<\/em><\/p>\n","protected":false},"excerpt":{"rendered":"<p>V \u00favodn\u00edku \u00fanorov\u00fdch LIB\u010cICK\u00ddCH NOVIN pan starosta jako ji\u017e tradi\u010dn\u011b peskuje opozici za to, \u017ee nepodpo\u0159ila &#8220;spole\u010dnou v\u011bc,&#8221; tentokr\u00e1t navr\u017een\u00fd rozpo\u010det m\u011bsta. Opakovan\u011b se t\u00edm vysm\u00edv\u00e1 na\u0161emu pr\u00e1vu &#8211; a&nbsp;povinnosti v\u016f\u010di na\u0161im voli\u010d\u016fm &#8211; na vyj\u00e1d\u0159en\u00ed vlastn\u00edho postoje k&nbsp;projedn\u00e1van\u00e9 problematice, jemu\u017e p\u0159ikl\u00e1d\u00e1me velk\u00fd v\u00fdznam. By\u0165 je ze strany koalice Lib\u011bhrad\u00a0&#8211;\u00a0ANO\u00a0&#8211;\u00a0TOP09 ve v\u011bt\u0161in\u011b p\u0159\u00edpad\u016f ignorov\u00e1n a&nbsp;n\u00e1sledn\u011b [&hellip;]<\/p>\n","protected":false},"author":21,"featured_media":0,"comment_status":"open","ping_status":"open","sticky":false,"template":"","format":"standard","meta":[],"categories":[4,1],"tags":[800,216,798,799],"_links":{"self":[{"href":"https:\/\/libcickekrizovatky.cz\/index.php?rest_route=\/wp\/v2\/posts\/13920"}],"collection":[{"href":"https:\/\/libcickekrizovatky.cz\/index.php?rest_route=\/wp\/v2\/posts"}],"about":[{"href":"https:\/\/libcickekrizovatky.cz\/index.php?rest_route=\/wp\/v2\/types\/post"}],"author":[{"embeddable":true,"href":"https:\/\/libcickekrizovatky.cz\/index.php?rest_route=\/wp\/v2\/users\/21"}],"replies":[{"embeddable":true,"href":"https:\/\/libcickekrizovatky.cz\/index.php?rest_route=%2Fwp%2Fv2%2Fcomments&post=13920"}],"version-history":[{"count":12,"href":"https:\/\/libcickekrizovatky.cz\/index.php?rest_route=\/wp\/v2\/posts\/13920\/revisions"}],"predecessor-version":[{"id":13965,"href":"https:\/\/libcickekrizovatky.cz\/index.php?rest_route=\/wp\/v2\/posts\/13920\/revisions\/13965"}],"wp:attachment":[{"href":"https:\/\/libcickekrizovatky.cz\/index.php?rest_route=%2Fwp%2Fv2%2Fmedia&parent=13920"}],"wp:term":[{"taxonomy":"category","embeddable":true,"href":"https:\/\/libcickekrizovatky.cz\/index.php?rest_route=%2Fwp%2Fv2%2Fcategories&post=13920"},{"taxonomy":"post_tag","embeddable":true,"href":"https:\/\/libcickekrizovatky.cz\/index.php?rest_route=%2Fwp%2Fv2%2Ftags&post=13920"}],"curies":[{"name":"wp","href":"https:\/\/api.w.org\/{rel}","templated":true}]}}