{"id":14033,"date":"2017-03-09T11:00:36","date_gmt":"2017-03-09T10:00:36","guid":{"rendered":"http:\/\/libcickekrizovatky.cz\/?p=14033"},"modified":"2017-03-09T11:59:33","modified_gmt":"2017-03-09T10:59:33","slug":"dvoji-metr-pana-urbanka","status":"publish","type":"post","link":"https:\/\/libcickekrizovatky.cz\/?p=14033","title":{"rendered":"Dvoj\u00ed metr pana Urb\u00e1nka"},"content":{"rendered":"<p><img loading=\"lazy\" style=\"float: left; margin: 10px;\" src=\"https:\/\/libcickekrizovatky.cz\/content\/uploads\/2017\/03\/2jimetr.png\" alt=\"dvoj\u00ed metr\" width=\"240\" height=\"118\" \/><\/p>\n<p>Ano, budeme tu dopodrobna rozeb\u00edrat drobnou lap\u00e1lii. Ale pokud si ji zobecn\u00edte, dostanete informaci o&nbsp;tom, jak Lib\u011bhrad vl\u00e1dne tomuto m\u011bstu.<\/p>\n<h5>Aneb &#8220;jak poznat pad\u011blan\u00fd n\u00e1zor&#8221;<\/h5>\n<p>Ka\u017ed\u00fd sportovec to zn\u00e1 &#8211; v&nbsp;z\u00e1palu boje se \u010dlov\u011bk n\u011bkdy dostane p\u0159es \u010d\u00e1ru. Nep\u0159izn\u00e1 aut, pom\u016f\u017ee si rukou, te\u010duje do z\u00e1mez\u00ed, necht\u011bn\u011b a&nbsp;n\u011bkdy v&nbsp;nouzi i&nbsp;s&nbsp;\u00famyslem slo\u017e\u00ed soupe\u0159e&#8230; Ka\u017ed\u00fd slu\u0161n\u00fd hr\u00e1\u010d m\u00e1 kontrolku, kter\u00e1 mu v&nbsp;takov\u00fd okam\u017eik zablik\u00e1 a&nbsp;upozorn\u00ed ho, \u017ee tohle je mimo r\u00e1mec hry. Za faul\u00a0v z\u00e1palu boje se omluv\u00ed, pom\u016f\u017ee soupe\u0159i zp\u00e1tky na nohy, odevzd\u00e1 m\u00ed\u010d, oprav\u00ed rozhod\u010d\u00edho. Jasn\u011b, nefunguje to tak \u00fapln\u011b v\u017edycky, jinak by se nerozd\u00e1valy ceny fair play.<!--more--><\/p>\n<p>A stejn\u011b tak je to i&nbsp;v&nbsp;b\u011b\u017en\u00e9m \u017eivot\u011b. Nebo v&nbsp;politice &#8211; v&nbsp;z\u00e1palu boje ud\u011bl\u00e1te faul&#8230; Bohu\u017eel, n\u011bkte\u0159\u00ed lib\u010di\u010dt\u00ed politi\u010dt\u00ed matado\u0159i svou fair-play kontrolku odpojili a&nbsp;\u00fa\u010delov\u00e9 oh\u00fdb\u00e1n\u00ed reality je pro n\u011b opr\u00e1vn\u011bn\u00fdm prost\u0159edkem t\u00e9 legra\u010dn\u00ed hry zvan\u00e9 &#8220;m\u00edstn\u00ed politika.&#8221; Pro\u010d? Proto\u017ee ji berou a\u017e moc v\u00e1\u017en\u011b, \u00fakorn\u011b a&nbsp;osobn\u011b.<\/p>\n<h3>Jak to za\u010dalo: N\u00e1zor m\u00e1 m\u00edt obli\u010dej<\/h3>\n<p>Poj\u010fme si ale vysv\u011btlit o\u010d jde. My LOSi jsme dosp\u011bli k&nbsp;z\u00e1v\u011bru, \u017ee \u010dlov\u011bk, kter\u00fd se ve\u0159ejn\u011b vyjad\u0159uje k&nbsp;lib\u010dick\u00fdm z\u00e1le\u017eitostem, by m\u011bl b\u00fdt se sv\u00fdm n\u00e1zorem ztoto\u017eniteln\u00fd.\u00a0Ka\u017ed\u00fd n\u00e1\u0161 \u010dl\u00e1nek je sice v\u017edy podepsan\u00fd, ale ne ka\u017ed\u00fd um\u00ed p\u0159i\u0159adit jm\u00e9no k&nbsp;obli\u010deji. A&nbsp;p\u0159itom danou tv\u00e1\u0159 t\u0159eba denn\u011b potk\u00e1v\u00e1 &#8211; ve vlaku, ve \u0161kole, v&nbsp;obchod\u011b, hospod\u011b&#8230; jsme soused\u00e9, potk\u00e1v\u00e1me se, zn\u00e1me se, ale ne v\u017edy m\u00e1me k&nbsp;osob\u011b p\u0159i\u0159azen\u00e9 jm\u00e9no.<\/p>\n<div style=\"float: left; margin: 10px;\">\n<div style=\"float: left; margin: 10px;\">\n<div style=\"width: 130px\" class=\"wp-caption alignnone\"><a href=\"https:\/\/libcickekrizovatky.cz\/?attachment_id=349\"><img loading=\"lazy\" style=\"float: left; margin: 10px;\" src=\"https:\/\/libcickekrizovatky.cz\/content\/uploads\/2014\/07\/Tereza-Nehasilova-thmb.jpg\" width=\"120\" height=\"98\" \/><\/a><p class=\"wp-caption-text\">zastupitelka Tereza Nehasilov\u00e1.<\/p><\/div>\n<\/div>\n<p>A tak jsme se rozhodli, \u017ee ke sv\u00fdm p\u0159\u00edsp\u011bvk\u016fm do na\u0161ich spole\u010dn\u00fdch Lib\u010dick\u00fdch novin budeme p\u0159ikl\u00e1dat sv\u00e1 fota. Abychom si rozum\u011bli &#8211; \u010dl\u00e1nky jsme psali i&nbsp;p\u0159edt\u00edm, nov\u011b jsme k&nbsp;nim cht\u011bli p\u0159ipojit sv\u016fj obli\u010dej. A\u0165 ka\u017ed\u00fd v\u00ed, s&nbsp;k\u00fdm se ztoto\u017e\u0148uje a&nbsp;s&nbsp;k\u00fdm \u017ee to vlastn\u011b t\u0159eba nesouhlas\u00ed.<\/p>\n<p>Prvn\u00ed takov\u00fd \u010dl\u00e1nek vy\u0161el v&nbsp;\u00fanoru &#8211; sepsala ho Tereza Nehasilov\u00e1. \u017de jste si jej\u00ed fotky nev\u0161imli? Ano, redakce se toti\u017e nam\u00edsto p\u0159ilo\u017een\u00e9 fotografie rozhodla p\u0159\u00edsp\u011bvek vybavit obl\u00edben\u00fdm \u017elut\u00fdm r\u00e1me\u010dkem s&nbsp;nepodstatn\u00fdm sd\u011blen\u00edm a&nbsp;dezinformac\u00ed, \u017ee v\u0161echny z\u00e1sluhy &#8211; jako v\u017edy &#8211; pat\u0159\u00ed n\u011bkomu jin\u00e9mu.<\/p>\n<div style=\"float: left; margin: 10px;\">\n<div style=\"width: 130px\" class=\"wp-caption alignnone\"><a href=\"https:\/\/libcickekrizovatky.cz\/?attachment_id=339\"><img loading=\"lazy\" style=\"float: left; margin: 10px;\" src=\"https:\/\/libcickekrizovatky.cz\/content\/uploads\/2014\/07\/Ilona-Ptackova-thmb.jpg\" width=\"120\" height=\"98\" \/><\/a><p class=\"wp-caption-text\">zastupitelka Ilona Pt\u00e1\u010dkov\u00e1.<\/p><\/div>\n<\/div>\n<p>Sv\u016fj pokus jsme zopakovali znovu a&nbsp;poslali dal\u0161\u00ed \u010dl\u00e1nek do b\u0159eznov\u00e9ho \u010d\u00edsla, op\u011bt s&nbsp;fotografi\u00ed autorky. To u\u017e se nad obr\u00e1zkem na\u0161\u00ed druh\u00e9 drah\u00e9 zastupitelky Ilony Pt\u00e1\u010dkov\u00e9 se\u0161la cel\u00e1 redak\u010dn\u00ed rada.<\/p>\n<p>V\u0161\u00edmejte si, jak pozitivn\u011b p\u016fsob\u00edme na lib\u010dick\u00e9 instituce &#8211; redak\u010dn\u00ed rada se se\u0161la poprv\u00e9 po&nbsp;dlouh\u00e9 dob\u011b! A&nbsp;do\u0161la k&nbsp;z\u00e1v\u011bru, \u017ee pan Urb\u00e1nek n\u011bco vymysl\u00ed a&nbsp;sep\u00ed\u0161e.<\/p>\n<p>O zd\u016fvodn\u011bn\u00ed v\u00e1s nem\u016f\u017eeme p\u0159ipravit, tady je v&nbsp;pln\u00e9m zn\u011bn\u00ed:<\/p>\n<div class=\"alert alert-danger\">\n<p style=\"padding-left: 30px;\">&#8212;&#8212;&#8211; P\u0159eposlan\u00e1 zpr\u00e1va &#8212;&#8212;&#8211;<br \/>\nP\u0159edm\u011bt: Sch\u016fze red. rady.<br \/>\nDatum: Tue, 21 Feb 2017&nbsp;09:16:46 +0100<br \/>\nOd: &#x75;r&#x62;&#97;n&#x65;&#107;v&#x40;q&#x75;&#x69;c&#x6b;&#46;c&#x7a;<\/p>\n<p style=\"padding-left: 30px;\"><em>Redak\u010dn\u00ed rada LN projednala na sv\u00e9 sch\u016fzi 20.&nbsp;2.&nbsp;2017 po\u017eadavek um\u00eds\u0165ov\u00e1n\u00ed fotografi\u00ed pisatel\u016f spole\u010dn\u011b s&nbsp;\u010dl\u00e1nky a&nbsp;rozhodla, \u017ee v&nbsp;sou\u010dasn\u00e9 dob\u011b pou\u017e\u00edvan\u00e9m grafick\u00e9m syst\u00e9mu toto nen\u00ed vhodn\u00e9.<\/em><\/p>\n<p style=\"padding-left: 30px;\">S pozdravem<br \/>\nVU.<\/p>\n<\/div>\n<h3>B\u0159eznov\u00e9 \u010d\u00edslo Lib\u010dick\u00fdch novin<\/h3>\n<p>M\u00e1te b\u0159eznov\u00e9 Lib\u010dick\u00e9 noviny po&nbsp;ruce? Tak\u017ee u\u017e v\u00edte, \u017ee v&nbsp;nich foto Ilony Pt\u00e1\u010dkov\u00e9 nenajdete. Ostatn\u011b zd\u016fvodn\u011bn\u00ed jste si pr\u00e1v\u011b p\u0159e\u010detli &#8211; nehod\u00ed se do grafick\u00e9ho syst\u00e9mu&#8230;<\/p>\n<p>N\u011bco v\u00e1m nesed\u00ed? M\u00e1te pocit, \u017ee u\u017e jste p\u00e1r &#8220;hlav&#8221; v&nbsp;Lib\u010dick\u00fdch novin\u00e1ch zahl\u00e9dli? U&nbsp;\u010dast\u00fdch rozhovor\u016f s&nbsp;m\u00edstn\u00edmi politiky (z\u00e1sadn\u011b t\u011bmi koali\u010dn\u00edmi)? Nebo snad&#8230; co je to to mal\u00e9 pravideln\u011b na titulce? &#8230;to je ale samoz\u0159ejm\u00e9, proto\u017ee b\u00fdt starostou automaticky znamen\u00e1 st\u00e1t se polobohem, pro n\u011bj\u017e neplat\u00ed dokonce ani &#8220;pravidla grafick\u00e9ho syst\u00e9mu.&#8221;<\/p>\n<p>Tedy v&nbsp;po\u0159\u00e1dku, smi\u0159ujeme se s&nbsp;t\u00edm. Hlavi\u010dky pat\u0159\u00ed jen k&nbsp;rozhovor\u016fm. A&nbsp;starosta m\u00e1 v\u00fdjimku, aby na v\u00e1s z&nbsp;prvn\u00ed str\u00e1nky d\u00edky sv\u00e9 fotografii ka\u017ed\u00fd m\u011bs\u00edc vyz\u00e1\u0159il trochu t\u00e9 pozitivn\u00ed vesm\u00edrn\u00e9 energie.<\/p>\n<h3>Kdy\u017e se lid\u00e9 nestyd\u00ed<\/h3>\n<div class=\"gallery gallery-columns-4 gallery-size-thumbnail rps-image-gallery-format-default rps-image-gallery-theme-default rps-image-gallery-columns-no-responsive rps-image-gallery rps-image-gallery-masonry rps-image-gallery-no-heading rps-image-gallery-caption rps-image-gallery-no-social \" style=\"text-align:left\" pageSize=\"0\" currentPage=\"0\" ><ul class=\"background-thumbnails\"><li class=\"gallery-item gallery-item-begin-row\"><div class=\"gallery-icon landscape\"><a rel=\"rps-image-group-14033\" href=\"https:\/\/libcickekrizovatky.cz\/content\/uploads\/2017\/03\/povolena-hlava2.jpg\" title=\"&amp;lt;div class=&amp;quot;fancybox-title-caption&amp;quot;&amp;gt;&amp;lt;p&amp;gt;Lib\u010dick\u00e9 noviny: Tato hlava je povolen\u00e1. P\u0159edstavovat zde lib\u010dick\u00e9ho starostu nen\u00ed jist\u011b t\u0159eba.&amp;lt;\/p&amp;gt;\n&amp;lt;\/div&amp;gt;\"><img src=\"https:\/\/libcickekrizovatky.cz\/content\/uploads\/2017\/03\/povolena-hlava2-250x250.jpg\" alt=\"Lib\u010dick\u00e9 noviny: povolen\u00e1 hlava\" title=\"Lib\u010dick\u00e9 noviny: povolen\u00e1 hlava\" class=\"attachment-thumbnail\" width=\"250\" height=\"250\" sizes=\"(max-width: 250px) 100vw, 250px\"><\/a><\/div><div class=\"wp-caption-text gallery-caption\" style=\"text-align:left\"><p>Lib\u010dick\u00e9 noviny: Tato hlava je povolen\u00e1. P\u0159edstavovat zde lib\u010dick\u00e9ho starostu nen\u00ed jist\u011b t\u0159eba.<\/p>\n<\/div><\/li><li class=\"gallery-item \"><div class=\"gallery-icon landscape\"><a rel=\"rps-image-group-14033\" href=\"https:\/\/libcickekrizovatky.cz\/content\/uploads\/2017\/03\/povolena-hlava1.jpg\" title=\"&amp;lt;div class=&amp;quot;fancybox-title-caption&amp;quot;&amp;gt;&amp;lt;p&amp;gt;Lib\u010dick\u00e9 noviny: I tato hlava je povolen\u00e1. Pat\u0159\u00ed panu Urb\u00e1nkovi.&amp;lt;\/p&amp;gt;\n&amp;lt;\/div&amp;gt;\"><img src=\"https:\/\/libcickekrizovatky.cz\/content\/uploads\/2017\/03\/povolena-hlava1-250x250.jpg\" alt=\"Lib\u010dick\u00e9 noviny: povolen\u00e1 hlava\" title=\"Lib\u010dick\u00e9 noviny: povolen\u00e1 hlava\" class=\"attachment-thumbnail\" width=\"250\" height=\"250\" sizes=\"(max-width: 250px) 100vw, 250px\"><\/a><\/div><div class=\"wp-caption-text gallery-caption\" style=\"text-align:left\"><p>Lib\u010dick\u00e9 noviny: I tato hlava je povolen\u00e1. Pat\u0159\u00ed panu Urb\u00e1nkovi.<\/p>\n<\/div><\/li><li class=\"gallery-item \"><div class=\"gallery-icon landscape\"><a rel=\"rps-image-group-14033\" href=\"https:\/\/libcickekrizovatky.cz\/content\/uploads\/2017\/03\/neresitelny-problem.jpg\" title=\"&amp;lt;div class=&amp;quot;fancybox-title-caption&amp;quot;&amp;gt;&amp;lt;p&amp;gt;A tohle je na\u0161e vizualizace probl\u00e9mu - p\u0159esn\u011b tohle pr\u00fd v Lib\u010dick\u00fdch novin\u00e1ch ud\u011blat nelze.&amp;lt;\/p&amp;gt;\n&amp;lt;\/div&amp;gt;\"><img src=\"https:\/\/libcickekrizovatky.cz\/content\/uploads\/2017\/03\/neresitelny-problem-250x250.jpg\" alt=\"Tohle je fotomont\u00e1\u017e - proto\u017ee tohlevLib\u010dick\u00fdch novin\u00e1ch ud\u011blat nelze\" title=\"Tohle je fotomont\u00e1\u017e - proto\u017ee tohlevLib\u010dick\u00fdch novin\u00e1ch ud\u011blat nelze\" class=\"attachment-thumbnail\" width=\"250\" height=\"250\" sizes=\"(max-width: 250px) 100vw, 250px\"><\/a><\/div><div class=\"wp-caption-text gallery-caption\" style=\"text-align:left\"><p>A tohle je na\u0161e vizualizace probl\u00e9mu - p\u0159esn\u011b tohle pr\u00fd v Lib\u010dick\u00fdch novin\u00e1ch ud\u011blat nelze.<\/p>\n<\/div><\/li><li class=\"gallery-item gallery-item-end-row\"><div class=\"gallery-icon landscape\"><a rel=\"rps-image-group-14033\" href=\"https:\/\/libcickekrizovatky.cz\/content\/uploads\/2017\/03\/neresitelny-problem2.jpg\" title=\"&amp;lt;div class=&amp;quot;fancybox-title-caption&amp;quot;&amp;gt;&amp;lt;p&amp;gt;Lib\u010dick\u00e9 noviny: najd\u011bte rozd\u00edl. Takhle vy\u0161lo \u00fanorov\u00e9 \u010d\u00edslo doopravdy.&amp;lt;\/p&amp;gt;\n&amp;lt;\/div&amp;gt;\"><img src=\"https:\/\/libcickekrizovatky.cz\/content\/uploads\/2017\/03\/neresitelny-problem2-250x250.jpg\" alt=\"Lib\u010dick\u00e9 noviny: najd\u011bte rozd\u00edl.\" title=\"Lib\u010dick\u00e9 noviny: najd\u011bte rozd\u00edl.\" class=\"attachment-thumbnail last\" width=\"250\" height=\"250\" sizes=\"(max-width: 250px) 100vw, 250px\"><\/a><\/div><div class=\"wp-caption-text gallery-caption\" style=\"text-align:left\"><p>Lib\u010dick\u00e9 noviny: najd\u011bte rozd\u00edl. Takhle vy\u0161lo \u00fanorov\u00e9 \u010d\u00edslo doopravdy.<\/p>\n<\/div><\/li><\/ul><\/div>\n<p>Pokud to n\u00e1hodou nev\u00edte, je dobr\u00e9 si p\u0159ipomenout, \u017ee uz\u00e1v\u011brka p\u0159\u00edsp\u011bvk\u016f do Lib\u010dick\u00fdch novin je v\u017edy 15.&nbsp;den p\u0159edchoz\u00edho m\u011bs\u00edce. Tedy, \u017ee v&nbsp;dob\u011b, kdy pan Vladim\u00edr Urb\u00e1nek slo\u017eit\u011b konstruoval sv\u00e9 zd\u016fvodn\u011bn\u00ed (21.&nbsp;\u00fanora), u\u017e bylo v\u0161e podstatn\u00e9 pro b\u0159eznov\u00e9 \u010d\u00edslo Lib\u010dick\u00fdch novin p\u0159ipraveno (od 15.&nbsp;\u00fanora).<\/p>\n<p>V\u010detn\u011b z\u00e1sadn\u00edho \u010dl\u00e1nku finan\u010dn\u00edho poradce pana <span style=\"text-decoration: underline;\"><a href=\"https:\/\/www.facebook.com\/ondrej.veszelei\" target=\"_blank\">Ond\u0159eje Veszeleie,<\/a><\/span> kter\u00fd zahnal v\u0161echny na\u0161e obavy z&nbsp;p\u0159ijet\u00ed fale\u0161n\u00e9 bankovky ni\u017e\u0161\u00ed hodnoty. Viz obr\u00e1zek.<\/p>\n<p><img class=\"alignnone size-full wp-image-14038\" src=\"https:\/\/libcickekrizovatky.cz\/content\/uploads\/2017\/03\/padelanyporadce.jpg\" alt=\"Pad\u011blan\u00fd poradce\" width=\"100%\" srcset=\"https:\/\/libcickekrizovatky.cz\/content\/uploads\/2017\/03\/padelanyporadce.jpg 1200w, https:\/\/libcickekrizovatky.cz\/content\/uploads\/2017\/03\/padelanyporadce-300x206.jpg 300w, https:\/\/libcickekrizovatky.cz\/content\/uploads\/2017\/03\/padelanyporadce-768x527.jpg 768w, https:\/\/libcickekrizovatky.cz\/content\/uploads\/2017\/03\/padelanyporadce-1024x703.jpg 1024w\" sizes=\"(max-width: 1200px) 100vw, 1200px\" \/><\/p>\n<p>Asi nemus\u00edm zd\u016fraz\u0148ovat, \u017ee tu \u010dl\u00e1nek z&nbsp;Lib\u010dick\u00fdch novin nezobrazujeme kv\u016fli finan\u010dn\u00ed gramotnosti. Ale \u017ee jej tu p\u0159edkl\u00e1d\u00e1me kv\u016fli publikovan\u00e9 portr\u00e9tn\u00ed fotografii autora \u010dl\u00e1nku, jako evidentn\u00ed d\u016fkaz nehezk\u00e9 \u00fa\u010delovosti argumentace pana Urb\u00e1nka.<\/p>\n<p><strong>P\u0159esn\u011b toto je toti\u017e dle pana Urb\u00e1nka pro Lib\u010dick\u00e9 noviny a&nbsp;&#8220;jejich st\u00e1vaj\u00edc\u00ed grafick\u00fd styl&#8221; nevhodn\u00e9. Zam\u00edtnut\u00ed na\u0161eho po\u017eadavku p\u0159i\u0161lo ve stejn\u00fd okam\u017eik, kdy grafik l\u00e1mal pr\u00e1v\u011b tento p\u0159\u00edsp\u011bvek do b\u0159eznov\u00e9ho vyd\u00e1n\u00ed.<\/strong><\/p>\n<p>Nem\u00e1me nic proti panu Ond\u0159ejovi a&nbsp;p\u0159ejeme mu mnoho obchodn\u00edch \u00fasp\u011bch\u016f a&nbsp;spokojen\u00fdch klient\u016f. Tenhle \u010dl\u00e1nek nen\u00ed o&nbsp;n\u011bm &#8211; jeho obli\u010dej je pouh\u00fdm objektem &#8211; je to d\u016fkaz toho, \u017ee zd\u016fvodn\u011bn\u00ed pana Urb\u00e1nka je \u010dist\u011b \u00fa\u010delov\u00e9 a&nbsp;nepravdiv\u00e9. A&nbsp;z\u00e1rove\u0148 je to n\u00e1zorn\u00e1 uk\u00e1zka skute\u010dnosti, \u017ee z\u00e1stupci radni\u010dn\u00ed koalice nejsou schopni udr\u017eet konzistentci sv\u00fdch v\u00fdrok\u016f ani v&nbsp;rozmez\u00ed jednoho jedin\u00e9ho t\u00fddne.<\/p>\n<h3>Nen\u00ed to vlastn\u011b o&nbsp;fotk\u00e1ch<\/h3>\n<p>Vra\u0165me se na za\u010d\u00e1tek na\u0161eho p\u0159\u00edsp\u011bvku. Je \u010das zopakovat si to hlavn\u00ed: chyb\u011bj\u00edc\u00ed portr\u00e9tn\u00ed fotka u&nbsp;\u010dl\u00e1nku je lap\u00e1lie mal\u00e9ho v\u00fdznamu. Ale je to p\u0159\u00edklad toho, jak lib\u011bhrad\u0161t\u00ed z\u00e1stupci postupuj\u00ed obecn\u011b. Pokud takhle jednaj\u00ed v&nbsp;kauze &#8220;fotka v&nbsp;novin\u00e1ch&#8221;, kde cht\u011bj\u00ed \u010derpat d\u016fv\u011bru v&nbsp;z\u00e1sadn\u00edch kauz\u00e1ch, kde se jedn\u00e1 o&nbsp;m\u011bstsk\u00e9 mili\u00f3ny?<\/p>\n<p>Lib\u010dick\u00e9 noviny dlouhodob\u011b poru\u0161uj\u00ed sv\u016fj status (t\u0159eba t\u00edm, \u017ee v&nbsp;n\u011bm dodnes LOS nem\u00e1 sv\u00e9ho z\u00e1stupce, a\u010d jsme jej navrhli). Koalice si z&nbsp;nich ud\u011blala sv\u00e9 m\u00e9dium a&nbsp;rozhoduje o&nbsp;n\u011bm zp\u016fsobem, jako by si ho platila ze sv\u00fdch vlastn\u00edch pen\u011bz. Co\u017e na rozd\u00edl od n\u00e1s ned\u011blaj\u00ed (my si sv\u00e9 Lib\u010dick\u00e9 k\u0159i\u017eovatky financujeme z&nbsp;vlastn\u00edch p\u0159\u00edsp\u011bvk\u016f).<\/p>\n<p>Jak to tak vypad\u00e1, Lib\u011bhrad m\u00e1 strach. Strach z&nbsp;voleb, kter\u00e9 budou za rok a&nbsp;p\u016fl. M\u00e1 takov\u00fd strach, \u017ee \u010dist\u011b \u00fa\u010delov\u011b blafuje &#8211; a&nbsp;ani to jim moc nejde. Dob\u0159e tedy, s&nbsp;t\u00edm se ned\u00e1 nic d\u011blat.<\/p>\n<p>M\u011b osobn\u011b mrz\u00ed jen to, \u017ee jim k&nbsp;tomu slu\u0161n\u00ed \u010dlenov\u00e9 redak\u010dn\u00ed rady prop\u016fj\u010duj\u00ed sv\u00e1 jm\u00e9na. Ostatn\u011b, chyst\u00e1me se je oslovit s&nbsp;prosbou o&nbsp;vyj\u00e1d\u0159en\u00ed k&nbsp;cel\u00e9 v\u011bci. A&nbsp;pokud tak u\u010din\u00ed, najdete jejich koment\u00e1\u0159 u&nbsp;n\u00e1s na str\u00e1nk\u00e1ch v&nbsp;dal\u0161\u00edm \u010dl\u00e1nku.<\/p>\n<div class=\"alert alert-info\">\n<h3>Obecn\u00ed noviny pat\u0159\u00ed obci, nikoliv Lib\u011bhradu<\/h3>\n<ul>\n<li><strong>Lib\u010dick\u00e9 noviny nepat\u0159\u00ed koalici.<\/strong> Jsou to noviny placen\u00e9 z&nbsp;pen\u011bz \/ dan\u00ed v\u0161ech lib\u010dick\u00fdch obyvatel. A&nbsp;z&nbsp;toho d\u016fvodu maj\u00ed mnoho z\u00e1konem stanoven\u00fdch povinnost\u00ed.\n<ul>\n<li>P\u0159edev\u0161\u00edm maj\u00ed informovat vyv\u00e1\u017een\u011b a&nbsp;nejednostrann\u011b.<\/li>\n<li>Povinnost\u00ed stanovenou z\u00e1konem je uve\u0159ej\u0148ovat v\u0161e, co po\u0161le zvolen\u00fd zastupitel.<\/li>\n<\/ul>\n<\/li>\n<li><strong>Ofici\u00e1ln\u011b noviny \u0159\u00edd\u00ed redak\u010dn\u00ed rada<\/strong>.\n<ul>\n<li>Ov\u0161em ta funguje v&nbsp;rozporu se sv\u00fdm vlastn\u00edm statutem. Ten jasn\u011b \u0159\u00edk\u00e1, \u017ee v&nbsp;redak\u010dn\u00ed rad\u011b m\u00e1 m\u00edt sv\u00e9ho z\u00e1stupce ka\u017ed\u00fd politick\u00fd subjekt. Navrhli jsme sv\u00e9ho kandid\u00e1ta a&nbsp;dlouhodob\u011b jsme ignorov\u00e1ni. Znovu to stejn\u00e9 &#8211; koalice \u00fa\u010delov\u011b nect\u00ed pravidla. V&nbsp;tomto p\u0159\u00edpad\u011b dokonce takov\u00e1, kter\u00e1 sama vytvo\u0159ila. Nask\u00fdt\u00e1 se ot\u00e1zka &#8211; jak se chov\u00e1 v&nbsp;jin\u00fdch p\u0159\u00edpadech?<\/li>\n<li>Kdyby redak\u010dn\u00ed rada noviny opravdu \u0159\u00eddila (i&nbsp;bez na\u0161eho z\u00e1stupce), muselo by b\u00fdt l\u00e9pe. V&nbsp;tir\u00e1\u017ei novin si m\u016f\u017eete p\u0159e\u010d\u00edst jm\u00e9na \u010dlen\u016f redak\u010dn\u00ed rady a&nbsp;proti slo\u017een\u00ed se ned\u00e1 nic nam\u00edtat (krom\u011b chyb\u011bj\u00edc\u00edho na\u0161eho z\u00e1stupce). Kdybychom ov\u0161em nev\u011bd\u011bli z&nbsp;d\u016fv\u011bryhodn\u00fdch zdroj\u016f, \u017ee redak\u010dn\u00ed rada se nesch\u00e1z\u00ed (u\u017e se t\u011b\u0161\u00edm na \u017elut\u00fd r\u00e1me\u010dek).<\/li>\n<\/ul>\n<\/li>\n<\/ul>\n<\/div>\n<h3>A kdy\u017e u\u017e hlavy&#8230;<\/h3>\n<p><img loading=\"lazy\" style=\"float: left; margin: 10px;\" title=\"Autor \u010dl\u00e1nku Marek Coufal\" src=\"https:\/\/libcickekrizovatky.cz\/content\/uploads\/2017\/03\/mc.jpg\" alt=\"Marek Coufal\" width=\"120\" height=\"98\" \/><br \/>\nAbyste o&nbsp;nic nep\u0159i\u0161li, tak tohle jsem j\u00e1 (autor \u010dl\u00e1nku).<\/p>\n<\/div>\n","protected":false},"excerpt":{"rendered":"<p>Ano, budeme tu dopodrobna rozeb\u00edrat drobnou lap\u00e1lii. Ale pokud si ji zobecn\u00edte, dostanete informaci o&nbsp;tom, jak Lib\u011bhrad vl\u00e1dne tomuto m\u011bstu. Aneb &#8220;jak poznat pad\u011blan\u00fd n\u00e1zor&#8221; Ka\u017ed\u00fd sportovec to zn\u00e1 &#8211; v&nbsp;z\u00e1palu boje se \u010dlov\u011bk n\u011bkdy dostane p\u0159es \u010d\u00e1ru. Nep\u0159izn\u00e1 aut, pom\u016f\u017ee si rukou, te\u010duje do z\u00e1mez\u00ed, necht\u011bn\u011b a&nbsp;n\u011bkdy v&nbsp;nouzi i&nbsp;s&nbsp;\u00famyslem slo\u017e\u00ed soupe\u0159e&#8230; Ka\u017ed\u00fd slu\u0161n\u00fd hr\u00e1\u010d [&hellip;]<\/p>\n","protected":false},"author":18,"featured_media":0,"comment_status":"open","ping_status":"open","sticky":false,"template":"","format":"standard","meta":[],"categories":[4,1],"tags":[811,61,443,810,812,809],"_links":{"self":[{"href":"https:\/\/libcickekrizovatky.cz\/index.php?rest_route=\/wp\/v2\/posts\/14033"}],"collection":[{"href":"https:\/\/libcickekrizovatky.cz\/index.php?rest_route=\/wp\/v2\/posts"}],"about":[{"href":"https:\/\/libcickekrizovatky.cz\/index.php?rest_route=\/wp\/v2\/types\/post"}],"author":[{"embeddable":true,"href":"https:\/\/libcickekrizovatky.cz\/index.php?rest_route=\/wp\/v2\/users\/18"}],"replies":[{"embeddable":true,"href":"https:\/\/libcickekrizovatky.cz\/index.php?rest_route=%2Fwp%2Fv2%2Fcomments&post=14033"}],"version-history":[{"count":41,"href":"https:\/\/libcickekrizovatky.cz\/index.php?rest_route=\/wp\/v2\/posts\/14033\/revisions"}],"predecessor-version":[{"id":14096,"href":"https:\/\/libcickekrizovatky.cz\/index.php?rest_route=\/wp\/v2\/posts\/14033\/revisions\/14096"}],"wp:attachment":[{"href":"https:\/\/libcickekrizovatky.cz\/index.php?rest_route=%2Fwp%2Fv2%2Fmedia&parent=14033"}],"wp:term":[{"taxonomy":"category","embeddable":true,"href":"https:\/\/libcickekrizovatky.cz\/index.php?rest_route=%2Fwp%2Fv2%2Fcategories&post=14033"},{"taxonomy":"post_tag","embeddable":true,"href":"https:\/\/libcickekrizovatky.cz\/index.php?rest_route=%2Fwp%2Fv2%2Ftags&post=14033"}],"curies":[{"name":"wp","href":"https:\/\/api.w.org\/{rel}","templated":true}]}}