{"id":14190,"date":"2017-03-16T15:39:11","date_gmt":"2017-03-16T14:39:11","guid":{"rendered":"http:\/\/libcickekrizovatky.cz\/?p=14190"},"modified":"2017-03-17T10:38:39","modified_gmt":"2017-03-17T09:38:39","slug":"dvoji-metr-pana-urbanka-vyjadreni-redakcni-rady","status":"publish","type":"post","link":"https:\/\/libcickekrizovatky.cz\/?p=14190","title":{"rendered":"Dvoj\u00ed metr pana Urb\u00e1nka: vyj\u00e1d\u0159en\u00ed redak\u010dn\u00ed rady"},"content":{"rendered":"<p><img loading=\"lazy\" style=\"float: left; margin: 10px;\" src=\"https:\/\/libcickekrizovatky.cz\/content\/uploads\/2017\/03\/2jimetr2.png\" alt=\"dvoj\u00ed metr\" width=\"240\" height=\"118\" \/>Jak jsem psal v&nbsp;p\u016fvodn\u00edm \u010dl\u00e1nku, po\u017e\u00e1dal jsem o&nbsp;vyj\u00e1d\u0159en\u00ed k&nbsp;<a href=\"https:\/\/libcickekrizovatky.cz\/?p=14033\" target=\"_blank\"><span style=\"text-decoration: underline;\">&#8220;Dvoj\u00edmu metru&#8230;&#8221;<\/span><\/a> p\u0159i&nbsp;zve\u0159ej\u0148ov\u00e1n\u00ed profilov\u00fdch fotek u&nbsp;p\u0159\u00edsp\u011bvk\u016f v&nbsp;Lib\u010dick\u00fdch novin\u00e1ch (n\u011bkdo ji m\u00edt sm\u00ed, jin\u00fd ne) redak\u010dn\u00ed radu a&nbsp;\u0161\u00e9fredaktorku Lib\u010dick\u00fdch novin. Tady jsou reakce.<\/p>\n<p>V nekr\u00e1cen\u00e9 podob\u011b &#8211; a&nbsp;i&nbsp;kdy\u017e se to nab\u00edz\u00ed a&nbsp;je to velmi l\u00e1k\u00e1v\u00e9 &#8211; tak bez \u017elut\u00fdch &#8220;vysv\u011btluj\u00edc\u00edch&#8221; a&nbsp;dehonestuj\u00edc\u00edch r\u00e1me\u010dk\u016f s&nbsp;\u010derven\u00fdm okrajem, tolik obl\u00edben\u00fdm n\u00e1strojem pou\u017e\u00edvan\u00fdm v&nbsp;Lib\u010dick\u00fdch novin\u00e1ch. Tak\u017ee v\u00e1m, \u010dten\u00e1\u0159\u016fm, nezb\u00fdv\u00e1, ne\u017e se s&nbsp;odpov\u011b\u010fmi &#8220;poprat&#8221; jen s&nbsp;pou\u017eit\u00edm vlastn\u00edho rozumu. Te\u010dka za celou kauzou.<!--more--><\/p>\n<h3>Jak jsem je oslovil<\/h3>\n<div class=\"alert alert-info\">\n<p style=\"padding-left: 30px;\"><span style=\"font-size: 10pt;\">&#8230;dop\u0159edu se omlouv\u00e1m za komplikace, ale v&nbsp;tuto chv\u00edli v\u00e1s t\u00edmto mailem \u017e\u00e1d\u00e1m o&nbsp;ofici\u00e1ln\u00ed vyj\u00e1d\u0159en\u00ed, jako\u017eto &#8230; (budeme ho publikovat na na\u0161ich webov\u00fdvh str\u00e1nk\u00e1ch).<\/span><\/p>\n<p style=\"padding-left: 30px;\"><span style=\"font-size: 10pt;\">\u010cl\u00e1nek, ve kter\u00e9m bychom va\u0161i odpov\u011b\u010f a&nbsp;odpov\u011bdi \u010dlen\u016f redak\u010dn\u00ed rady r\u00e1di publikovali, je napl\u00e1nov\u00e1n na \u010dtvrtek p\u0159\u00ed\u0161t\u00edho t\u00fddne (16.3.). Pokud se k&nbsp;cel\u00e9 v\u011bci chcete vyj\u00e1d\u0159it, pros\u00edm tedy o&nbsp;odpov\u011b\u010f do tohoto term\u00ednu (po&nbsp;tomto term\u00ednu budeme p\u0159edpokl\u00e1dat, \u017ee se vyj\u00e1d\u0159it nechcete).<\/span><\/p>\n<p style=\"padding-left: 30px;\"><span style=\"font-size: 10pt;\">Dne 21.&nbsp;\u00fanora 2017 od v\u00e1s dostala na\u0161e zastupitelka Ilona Pt\u00e1\u010dkov\u00e1 ofici\u00e1ln\u00ed zd\u016fvodn\u011bn\u00ed, pro\u010d u&nbsp;jej\u00edho \u010dl\u00e1nku (stejn\u011b jako o&nbsp;m\u011bs\u00edc d\u0159\u00edve u&nbsp;\u010dl\u00e1nku Terezy Nehasilov\u00e9) pro b\u0159eznov\u00e9 \u010d\u00edslo Lib\u010dick\u00fdch novin nelze otisknout p\u0159ilo\u017eenou profilovou fotografii.<\/span><\/p>\n<div style=\"padding-left: 30px;\">\n<p><span style=\"font-size: 10pt;\">Zde je zn\u011bn\u00ed zd\u016fvodn\u011bn\u00ed:<\/span><\/p>\n<div class=\"alert alert-danger\">\n<p style=\"padding-left: 60px;\"><span style=\"font-size: 10pt;\"><i>\u2014\u2014\u2013 P\u0159eposlan\u00e1 zpr\u00e1va \u2014\u2014\u2013<br \/>\nP\u0159edm\u011bt: Sch\u016fze red. rady.<br \/>\nDatum: Tue, 21 Feb 2017\u00a009:16:46 +0100<br \/>\nOd: <a href=\"&#x6d;ai&#x6c;&#116;o&#x3a;&#117;r&#x62;&#x61;n&#x65;&#x6b;v&#64;&#x71;&#117;i&#x63;&#107;.&#x63;&#x7a;\" target=\"_blank\">u&#114;&#x62;an&#x65;&#x6b;v&#64;&#x71;&#x75;i&#99;&#x6b;.c&#x7a;<\/a><\/i><\/span><\/p>\n<p style=\"padding-left: 60px;\"><span style=\"font-size: 10pt;\"><i> <\/i><em>Redak\u010dn\u00ed rada LN projednala na sv\u00e9 sch\u016fzi 20.\u00a02.\u00a02017 po\u017eadavek um\u00eds\u0165ov\u00e1n\u00ed fotografi\u00ed pisatel\u016f spole\u010dn\u011b s\u00a0\u010dl\u00e1nky a\u00a0rozhodla, \u017ee v\u00a0sou\u010dasn\u00e9 dob\u011b pou\u017e\u00edvan\u00e9m grafick\u00e9m syst\u00e9mu toto nen\u00ed vhodn\u00e9.<\/em><\/span><\/p>\n<p style=\"padding-left: 60px;\"><span style=\"font-size: 10pt;\"><i> <\/i><i>S pozdravem<br \/>\nVU.<\/i><\/span><\/p>\n<\/div>\n<p><span style=\"font-size: 10pt;\">V tom sam\u00e9m \u010d\u00edsle LN byl ov\u0161em na stran\u011b \u010d.&nbsp;4 publikov\u00e1n \u010dl\u00e1nek &#8220;Jak poznat pad\u011blanou bankovku&#8221;, kter\u00fd je ilustrov\u00e1n profilovou fotkou autora p\u0159\u00edsp\u011bvku Ond\u0159eje Veszeleie. A&nbsp;to zp\u016fsobem, kter\u00fd je ve zd\u016fvodn\u011bn\u00ed vydan\u00e9m panem Urb\u00e1nkem pops\u00e1n jako nevhodn\u00fd pro &#8220;st\u00e1vaj\u00edc\u00ed grafick\u00fd syst\u00e9m LN.&#8221;<\/span><\/p>\n<p><span style=\"font-size: 10pt;\"><b>Na\u0161e dotazy:<\/b><\/span><\/p>\n<ol>\n<li><span style=\"font-size: 10pt;\">Um\u00edte vysv\u011btlit rozpor mezi zd\u016fvodn\u011bn\u00edm pana Urb\u00e1nka a&nbsp;fin\u00e1ln\u00edm proveden\u00edm \u010dl\u00e1nku &#8220;Jak poznat pad\u011blanou bankovku&#8221; v&nbsp;tom sam\u00e9m vyd\u00e1n\u00ed Lib\u010dick\u00fdch novin?<\/span><\/li>\n<li><span style=\"font-size: 10pt;\">Jak byste na\u0161im \u010dten\u00e1\u0159\u016fm vysv\u011btlila, \u017ee rozhodnut\u00ed prezentovan\u00e9 panem Urb\u00e1nkem nen\u00ed \u010dist\u011b \u00fa\u010delov\u00e9, nam\u00ed\u0159en\u00e9 proti zastupitel\u016fm opozice?<\/span><\/li>\n<li><span style=\"font-size: 10pt;\">Jak byste vyvr\u00e1tila n\u00e1\u0161 p\u0159edpoklad, \u017ee Lib\u010dick\u00e9 noviny se t\u00edmto krokem pouze sna\u017e\u00ed obej\u00edt svou z\u00e1konnou povinnost zve\u0159ej\u0148ovat materi\u00e1ly zaslan\u00e9 volen\u00fdmi zastupiteli?<\/span><\/li>\n<li><span style=\"font-size: 10pt;\">Jak moc v\u00e1m vad\u00ed, \u017ee Lib\u010dick\u00e9 noviny dlouhodob\u011b poru\u0161uj\u00ed sv\u016fj vlastn\u00ed status, konkr\u00e9tn\u011b ustanoven\u00ed &#8220;&#8230;\u010clenov\u00e9 RR jsou z\u00e1stupci v\u0161ech subjekt\u016f zastoupen\u00fdch v&nbsp;zastupitelstvu&#8230;?&#8221; Z\u00e1stupce LOS nebyl do RR vpu\u0161t\u011bn, a\u010d jsme jej nominovali.<\/span><\/li>\n<\/ol>\n<p><span style=\"font-size: 10pt;\">P\u0159edem d\u00edky za odpov\u011bdi.<\/span><\/p>\n<p><span style=\"font-size: 10pt;\">S pozdravem<\/span><br \/>\n<span style=\"font-size: 10pt;\"> Marek Coufal<\/span><\/p>\n<\/div>\n<\/div>\n<h3>Odpov\u011b\u010f\u00a0 \u0161\u00e9fredaktorky Lib\u010dick\u00fdch novin Hannah Bart\u00edkov\u00e9<\/h3>\n<p>&#8230;dle slibu V\u00e1m n\u00ed\u017ee zas\u00edl\u00e1m odpov\u011bdi na Va\u0161e ot\u00e1zky, na kter\u00fdch se shodli v\u0161ichni \u010dlenov\u00e9 redak\u010dn\u00ed rady, s&nbsp;v\u00fdj\u00edmkou pana Sochora, kter\u00fd V\u00e1m pr\u00fd odpov\u011bd\u011bl s\u00e1m za sebe.<br \/>\nByla bych r\u00e1da, kdyby t\u00edmto byla \u00fapln\u011b zbyte\u010dn\u00e1 kauza &#8220;portr\u00e9ty autor\u016f&#8221; uzav\u0159en\u00e1 a&nbsp;mohli jsme se v&nbsp;klidu v\u011bnovat sv\u00e9 pr\u00e1ci.<br \/>\nMrz\u00ed m\u011b, \u017ee Va\u0161e ot\u00e1zky obsahuj\u00ed zbyte\u010dn\u00e1 podez\u0159en\u00ed a&nbsp;spekulace, na kter\u00e9 se lidem ani nechce odpov\u00eddat.<br \/>\nNicm\u00e9n\u011b, zde jsou na\u0161e odpov\u011bdi a&nbsp;v\u011b\u0159\u00edm, \u017ee s&nbsp;nimi nalo\u017e\u00edte \u010destn\u011b.<\/p>\n<ul>\n<li>\n<h6>Um\u00edte vysv\u011btlit rozpor mezi zd\u016fvodn\u011bn\u00edm pana Urb\u00e1nka a&nbsp;fin\u00e1ln\u00edm proveden\u00edm \u010dl\u00e1nku &#8220;Jak poznat pad\u011blanou bankovku&#8221; v&nbsp;tom sam\u00e9m vyd\u00e1n\u00ed Lib\u010dick\u00fdch novin?<\/h6>\n<p>O \u017e\u00e1dn\u00fd rozpor se nejedn\u00e1.\u00a0 Portr\u00e9tn\u00ed fotografie je publikov\u00e1na p\u0159i&nbsp;p\u0159edstaven\u00ed respondenta rozhovoru, p\u0159i&nbsp;p\u0159edstaven\u00ed nov\u00e9 rubriky, ve vzpom\u00ednk\u00e1ch a&nbsp;gratulac\u00edch, p\u0159i&nbsp;v\u00edt\u00e1n\u00ed ob\u010d\u00e1nk\u016f. Shodou v\u0161ech n\u00e1hod jsme v&nbsp;posledn\u00edch LN zavedli novou rubriku &#8220;Rady a&nbsp;tipy pro va\u0161i pen\u011b\u017eenku&#8221;, a&nbsp;t\u00edm p\u00e1dem i&nbsp;s&nbsp;fotkou p\u0159edstavili\u00a0finan\u010dn\u00edho poradce, kter\u00fd se touto rubrikou bude zab\u00fdvat. Z&nbsp;v\u00fd\u0161e uveden\u00e9ho vypl\u00fdv\u00e1, \u017ee v&nbsp;LN neuve\u0159ej\u0148ujeme portr\u00e9tn\u00ed fotografie autor\u016f \u010dl\u00e1nk\u016f, s&nbsp;v\u00fdjimkou \u00favodn\u00edku Slovo starosty.<\/li>\n<li>\n<h6>Jak byste na\u0161im \u010dten\u00e1\u0159\u016fm vysv\u011btlili, \u017ee rozhodnut\u00ed prezentovan\u00e9 panem Urb\u00e1nkem nen\u00ed \u010dist\u011b \u00fa\u010delov\u00e9, nam\u00ed\u0159en\u00e9 proti zastupitel\u016fm opozice?<\/h6>\n<p>To, \u017ee neuve\u0159ej\u0148ujeme portr\u00e9ty autor\u016f, rozhodn\u011b nen\u00ed m\u00ed\u0159eno na nikoho z&nbsp;opozice. Prolistujete-li jednotliv\u00e1 \u010d\u00edsla novin, tak zjist\u00edte, \u017ee tam \u017e\u00e1dn\u00fd autor \u010dl\u00e1nku portr\u00e9t nem\u00e1.<\/li>\n<li>\n<h6>Jak byste vyvr\u00e1tili n\u00e1\u0161 p\u0159edpoklad, \u017ee Lib\u010dick\u00e9 noviny se t\u00edmto krokem pouze sna\u017e\u00ed obej\u00edt svou z\u00e1konnou povinnost zve\u0159ej\u0148ovat materi\u00e1ly zaslan\u00e9 volen\u00fdmi zastupiteli?<\/h6>\n<p>Neoti\u0161t\u011bn\u00edm portr\u00e9t\u016f autor\u016f \u010dl\u00e1nk\u016f Lib\u010dick\u00e9 noviny neporu\u0161uj\u00ed \u017e\u00e1dnou svou z\u00e1konnou povinnost. Tiskov\u00fd z\u00e1kon \u00a7 4a jasn\u011b ukl\u00e1d\u00e1 povinnost &#8220;poskytnout p\u0159im\u011b\u0159en\u00fd prostor pro uve\u0159ejn\u011bn\u00ed sd\u011blen\u00ed, kter\u00e9 vyjad\u0159uje n\u00e1zory \u010dlen\u016f zastupitelstva \u00fazemn\u00edho samospr\u00e1vn\u00e9ho celku&#8221;. V\u00fdb\u011br obrazov\u00e9ho materi\u00e1lu je pln\u011b v&nbsp;kompetenci \u0161\u00e9fredaktora.<\/li>\n<li>\n<h6>Jak moc v\u00e1m vad\u00ed, \u017ee Lib\u010dick\u00e9 noviny dlouhodob\u011b poru\u0161uj\u00ed sv\u016fj vlastn\u00ed status, konkr\u00e9tn\u011b ustanoven\u00ed &#8220;&#8230;\u010clenov\u00e9 RR jsou z\u00e1stupci v\u0161ech subjekt\u016f zastoupen\u00fdch v&nbsp;zastupitelstvu&#8230;&#8221;? Z\u00e1stupce LOS nebyl do RR vpu\u0161t\u011bn, a\u010d jsme jej nominovali.<\/h6>\n<p>Tuto ot\u00e1zku sm\u011brujte pros\u00edm na radu m\u011bsta, kter\u00e1 schvaluje \u010dleny RR.<\/li>\n<\/ul>\n<h3>Odpov\u011b\u010f\u00a0 \u010dlenky redak\u010dn\u00ed rady Lib\u010dick\u00fdch novin Jany Chalupov\u00e9<\/h3>\n<p style=\"padding-left: 30px;\">&#8230;je s&nbsp;podivem, jak se tato &#8220;kauza&#8221; rozv\u00edj\u00ed&#8230;. a&nbsp;to podle m\u00e9ho n\u00e1zoru naprosto zbyte\u010dn\u011b.<br \/>\nNa V\u00e1mi p\u0159ipraven\u00e9 ot\u00e1zky V\u00e1m nemohu odpov\u011bd\u011bt, jeliko\u017e v\u00fdstup z&nbsp;nich pl\u00e1novan\u00fd nem\u016f\u017ee vyzn\u00edt jinak, ne\u017e naprost\u00e1 groteska.<br \/>\nJedin\u00e9, co m\u016f\u017ee celou situaci ji\u017e definitivn\u011b ukon\u010dit, je objas\u0148uj\u00edc\u00ed vyj\u00e1d\u0159en\u00ed redak\u010dn\u00ed rady, kter\u00e9 v&nbsp;n\u00e1sleduj\u00edc\u00edch hodin\u00e1ch od pan\u00ed Bart\u00edkov\u00e9 obdr\u017e\u00edte.<br \/>\nV\u011b\u0159\u00edm, \u017ee pak u\u017e se v\u0161ichni budeme moci op\u011bt v\u011bnovat\u00a0v klidu i&nbsp;dal\u0161\u00ed pr\u00e1ci&#8230;<\/p>\n<h3>\u010dlen redak\u010dn\u00ed rady Vladim\u00edr Urb\u00e1nek<\/h3>\n<p>Na \u017e\u00e1dost \u017e\u00e1dn\u00fdm zp\u016fsobem nereagoval.<\/p>\n<h3>\u010dlen redak\u010dn\u00ed rady Ji\u0159\u00ed Slanina<\/h3>\n<p>Na \u017e\u00e1dost \u017e\u00e1dn\u00fdm zp\u016fsobem nereagoval.<\/p>\n<h3>Odpov\u011b\u010f\u00a0 \u010dlena redak\u010dn\u00ed rady Lib\u010dick\u00fdch novin Ji\u0159\u00edho Sochora<\/h3>\n<h6 style=\"padding-left: 30px;\">Nejprv pros\u00edm dovolte dv\u011b pozn\u00e1mky:<\/h6>\n<p style=\"padding-left: 30px;\">a) Lib\u010dick\u00e9 noviny maj\u00ed u\u017e hodn\u011b letitou grafiku, kter\u00e1 by si zaslou\u017eila inovovat. Mimochodem, m\u011bla by s&nbsp;t\u00edm b\u00fdt spojena i&nbsp;\u00faprava rubrik. V&nbsp;r\u00e1mci st\u00e1vaj\u00edc\u00edho grafick\u00e9ho \u0159e\u0161en\u00ed je um\u00eds\u0165ov\u00e1n\u00ed fotek autor\u016f slo\u017eit\u00e9. Prost\u011b se tam moc nehod\u00ed. Aktu\u00e1ln\u00ed trend je um\u00eds\u0165ovat fotku ka\u017ed\u00e9ho autora ke ka\u017ed\u00e9mu \u010dl\u00e1nku. Po&nbsp;inovov\u00e1n\u00ed grafiky, co\u017e jsem navrhoval u\u017e v\u00edcekr\u00e1t, jak je vid\u011bt tak zat\u00edm bez\u00fasp\u011b\u0161n\u011b, p\u0159edpokl\u00e1d\u00e1m, \u017ee bude fotka v\u017edy u&nbsp;ka\u017ed\u00e9ho \u010dl\u00e1nku, respektive teprve na v\u00fdslovnou \u017e\u00e1dost se fotka nepou\u017eije &#8211; tedy opa\u010dn\u011b, ne\u017e je tomu te\u010f<\/p>\n<p style=\"padding-left: 30px;\">b) Nevid\u00edm d\u016fvod k&nbsp;tomu, aby fotka na po\u017e\u00e1d\u00e1n\u00ed nebyla k&nbsp;\u010dl\u00e1nku um\u00edst\u011bna u\u017e nyn\u00ed. Takto jsem to \u0159\u00edkal i&nbsp;na redak\u010dn\u00ed rad\u011b, kde se to prob\u00edralo. V\u011bt\u0161inov\u00e9 rozhodnut\u00ed bylo jin\u00e9.<\/p>\n<ul>\n<li>\n<h6>Um\u00edte vysv\u011btlit rozpor mezi zd\u016fvodn\u011bn\u00edm pana Urb\u00e1nka a&nbsp;fin\u00e1ln\u00edm proveden\u00edm \u010dl\u00e1nku &#8220;Jak poznat pad\u011blanou bankovku&#8221; v&nbsp;tom sam\u00e9m vyd\u00e1n\u00ed Lib\u010dick\u00fdch novin?<\/h6>\n<p>Viz m\u00e1 odpov\u011b\u010f b. Nevid\u00edm probl\u00e9m v&nbsp;tom, aby fotka autorky \/ autora byla na po\u017e\u00e1d\u00e1n\u00ed u&nbsp;jak\u00e9hokoli \u010dl\u00e1nku.<\/li>\n<li>\n<h6>Jak byste na\u0161im \u010dten\u00e1\u0159\u016fm vysv\u011btlil, \u017ee rozhodnut\u00ed prezentovan\u00e9 panem Urb\u00e1nkem nen\u00ed \u010dist\u011b \u00fa\u010delov\u00e9, nam\u00ed\u0159en\u00e9 proti zastupitel\u016fm opozice?<\/h6>\n<p>To je ot\u00e1zka na pana Urb\u00e1nka. M\u016fj n\u00e1zor viz bod b)<\/li>\n<li>\n<h6>Jak byste vyvr\u00e1tila n\u00e1\u0161 p\u0159edpoklad, \u017ee Lib\u010dick\u00e9 noviny se t\u00edmto krokem pouze sna\u017e\u00ed obej\u00edt svou z\u00e1konnou povinnost zve\u0159ej\u0148ovat materi\u00e1ly zaslan\u00e9 volen\u00fdmi zastupiteli?<\/h6>\n<p>Z\u00e1kon mluv\u00ed o&nbsp;tom, \u017ee vydavatel je povinen poskytnout prostor pro sd\u011blen\u00ed. M\u016f\u017eeme se dohadovat o&nbsp;tom, jestli je portr\u00e9tov\u00e1 fotka autorky &#8220;sd\u011blen\u00ed&#8221; nebo nen\u00ed. M\u016fj up\u0159\u00edmn\u00fd n\u00e1zor je, \u017ee nen\u00ed. Na druhou stranu &#8211; viz moje pozn\u00e1mka bod b) &#8211; pokud je tu po\u017eadavek o&nbsp;uve\u0159ejn\u011bn\u00ed fotky, nevid\u00edm d\u016fvod, pro\u010d ji nezve\u0159ejnit.<\/li>\n<li>\n<h6>Jak moc v\u00e1m vad\u00ed, \u017ee Lib\u010dick\u00e9 noviny dlouhodob\u011b poru\u0161uj\u00ed sv\u016fj vlastn\u00ed status, konkr\u00e9tn\u011b ustanoven\u00ed &#8220;&#8230;\u010clenov\u00e9 RR jsou z\u00e1stupci v\u0161ech subjekt\u016f zastoupen\u00fdch v&nbsp;zastupitelstvu&#8230;&#8221;? Z\u00e1stupce LOS nebyl do RR vpu\u0161t\u011bn, a\u010d jsme jej nominovali.<\/h6>\n<p>Nu\u017ee, vzhledem k&nbsp;tomu, \u017ee jsem to na zastupitelstvu i&nbsp;mimo n\u011bj u\u017e p\u00e1rkr\u00e1t p\u0159ipom\u00ednal, \u017ee by se rada m\u011bla roz\u0161\u00ed\u0159it o&nbsp;v\u0161echny, byl bych r\u00e1d, aby tomu tak bylo.<\/li>\n<\/ul>\n<h6 style=\"padding-left: 30px;\">.. kdy\u017e to tak \u010dtu, tak mo\u017en\u00e1 je\u0161t\u011b<\/h6>\n<p style=\"padding-left: 30px;\">c) Je ne\u0161t\u011bst\u00edm Lib\u010dic, \u017ee je spolupr\u00e1ce v&nbsp;zastupitelstvu takov\u00e1, jak\u00e1 je &#8211; to jest dominantn\u00ed Lib\u011bhrad nem\u00e1 pot\u0159ebu ohl\u00ed\u017eet se na n\u00e1zory dal\u0161\u00edch. Tro\u0161ku m\u00e1m obavu, \u017ee tu funguje dojem z&nbsp;televizn\u00ed velk\u00e9 politiky &#8211; \u017ee je norm\u00e1ln\u00ed, \u017ee se v\u0161ichni nesn\u00e1\u0161ej\u00ed a&nbsp;nikdo si ned\u00e1 ani milimetr. Zaprv\u00e9 to nen\u00ed pravda ani na t\u00e9 celost\u00e1tn\u00ed \u00farovni &#8211; je dost z\u00e1sadn\u00ed rozd\u00edl mezi skute\u010dnost\u00ed a&nbsp;jej\u00edm odrazem v&nbsp;novin\u00e1ch &#8211; a&nbsp;za druh\u00e9, a&nbsp;to hlavn\u011b, pro men\u0161\u00ed m\u011bsto je to ne\u0161t\u011bst\u00ed. Ten probl\u00e9m nep\u0159ijde hned, ale postupn\u011b u\u017e se za\u010d\u00edn\u00e1 projevovat &#8211; nic z\u00e1sadn\u011b koncep\u010dn\u00edho se v&nbsp;Lib\u010dic\u00edch za posledn\u00ed l\u00e9ta nestalo.<\/p>\n<p style=\"padding-left: 30px;\">A kdo neinovuje, ten je odsouzen\u00fd k&nbsp;tomu, aby sledoval, jak ho ostatn\u00ed p\u0159edb\u00edhaj\u00ed. A&nbsp;pr\u00e1v\u011b to se Lib\u010dic\u00edm d\u011bje. L\u00edbeznice, Roztoky, Doln\u00ed B\u0159e\u017eany, Dob\u0159ichovice, samoz\u0159ejm\u011b Kralupy &#8211; tam v\u0161ude je vid\u011bt obrovsk\u00fd skok dop\u0159edu. My m\u00e1me dla\u017ebu na chodn\u00edc\u00edch&#8230; To je p\u0159eci norm\u00e1ln\u00ed p\u00e9\u010de o&nbsp;m\u011bsto. Asi jako kdybych doma pova\u017eoval za historick\u00fd \u00fasp\u011bch, \u017ee \u010das od \u010dasu uklid\u00edm v&nbsp;kuchyni, vym\u011bn\u00edm praskl\u00e9 \u017e\u00e1rovky nebo vyperu pr\u00e1dlo. To je p\u0159ece ale b\u011b\u017en\u00e1 \u00fadr\u017eba. Mnohem d\u016fle\u017eit\u011bj\u0161\u00ed je, \u017ee zasad\u00edm kytku na zahradu, postav\u00edm terasu, ud\u011bl\u00e1m se sklepa hezkou m\u00edstnost.<\/p>\n<p style=\"padding-left: 30px;\">Stav Lib\u010dick\u00fdch novin je jedn\u00edm ze symptom\u016f. Oblast\u00ed, se kter\u00fdmi je pot\u0159eba pohnout, je ale podstatn\u011b v\u00edc (strategick\u00e9 pl\u00e1nov\u00e1n\u00ed, spolupr\u00e1ce se sousedn\u00edmi obcemi, aktivn\u00ed role Lib\u010dic pro p\u0159i&nbsp;p\u0159\u00edprav\u011b infrastrukturn\u00edch projekt\u016f v&nbsp;okol\u00ed, spolupr\u00e1ce v&nbsp;r\u00e1mci kraje, p\u00e9\u010de o&nbsp;\u0161kolu, p\u0159\u00edprava projekt\u016f se \u017e\u00e1dostmi o&nbsp;finan\u010dn\u00ed granty (sportovn\u00ed hala, t\u011blocvi\u010dna ve \u0161kole, n\u00e1plavka; \u0161kolku jsme m\u011bli m\u00edt p\u0159ipravenou, koupali\u0161t\u011b jsme m\u011bli m\u00edt p\u0159ipraven\u00e9, ZU\u0160ku jsme m\u011bli m\u00edt p\u0159ipravenou), tlak na cyklostezku do \u0158e\u017ee, dohoda o&nbsp;stezk\u00e1ch sm\u011brem na Tursko, parkovac\u00ed plochy u&nbsp;obou n\u00e1dra\u017e\u00ed a&nbsp;spousta dal\u0161\u00edho. Kohokoli v&nbsp;zastupitelstvu \u010dek\u00e1 spousta pr\u00e1ce a&nbsp;je nesmysl b\u00fdt zaseknut\u00fd na tom, \u017ee Pepa nem\u00e1 r\u00e1d K\u00e1ju, proto\u017ee kdysi n\u011bco.<\/p>\n<h3>Pozn\u00e1mka<\/h3>\n<p>Zaslan\u00e9 odpov\u011bdi jsou kompletn\u00ed, bez \u00faprav vyjma p\u0159eklep\u016f, pokr\u00e1ceny pouze o&nbsp;osloven\u00ed a&nbsp;podpis.  <\/p>\n","protected":false},"excerpt":{"rendered":"<p>Jak jsem psal v&nbsp;p\u016fvodn\u00edm \u010dl\u00e1nku, po\u017e\u00e1dal jsem o&nbsp;vyj\u00e1d\u0159en\u00ed k&nbsp;&#8220;Dvoj\u00edmu metru&#8230;&#8221; p\u0159i&nbsp;zve\u0159ej\u0148ov\u00e1n\u00ed profilov\u00fdch fotek u&nbsp;p\u0159\u00edsp\u011bvk\u016f v&nbsp;Lib\u010dick\u00fdch novin\u00e1ch (n\u011bkdo ji m\u00edt sm\u00ed, jin\u00fd ne) redak\u010dn\u00ed radu a&nbsp;\u0161\u00e9fredaktorku Lib\u010dick\u00fdch novin. Tady jsou reakce. V&nbsp;nekr\u00e1cen\u00e9 podob\u011b &#8211; a&nbsp;i&nbsp;kdy\u017e se to nab\u00edz\u00ed a&nbsp;je to velmi l\u00e1k\u00e1v\u00e9 &#8211; tak bez \u017elut\u00fdch &#8220;vysv\u011btluj\u00edc\u00edch&#8221; a&nbsp;dehonestuj\u00edc\u00edch r\u00e1me\u010dk\u016f s&nbsp;\u010derven\u00fdm okrajem, tolik obl\u00edben\u00fdm n\u00e1strojem pou\u017e\u00edvan\u00fdm [&hellip;]<\/p>\n","protected":false},"author":18,"featured_media":0,"comment_status":"open","ping_status":"open","sticky":false,"template":"","format":"standard","meta":[],"categories":[4],"tags":[61,816],"_links":{"self":[{"href":"https:\/\/libcickekrizovatky.cz\/index.php?rest_route=\/wp\/v2\/posts\/14190"}],"collection":[{"href":"https:\/\/libcickekrizovatky.cz\/index.php?rest_route=\/wp\/v2\/posts"}],"about":[{"href":"https:\/\/libcickekrizovatky.cz\/index.php?rest_route=\/wp\/v2\/types\/post"}],"author":[{"embeddable":true,"href":"https:\/\/libcickekrizovatky.cz\/index.php?rest_route=\/wp\/v2\/users\/18"}],"replies":[{"embeddable":true,"href":"https:\/\/libcickekrizovatky.cz\/index.php?rest_route=%2Fwp%2Fv2%2Fcomments&post=14190"}],"version-history":[{"count":10,"href":"https:\/\/libcickekrizovatky.cz\/index.php?rest_route=\/wp\/v2\/posts\/14190\/revisions"}],"predecessor-version":[{"id":14395,"href":"https:\/\/libcickekrizovatky.cz\/index.php?rest_route=\/wp\/v2\/posts\/14190\/revisions\/14395"}],"wp:attachment":[{"href":"https:\/\/libcickekrizovatky.cz\/index.php?rest_route=%2Fwp%2Fv2%2Fmedia&parent=14190"}],"wp:term":[{"taxonomy":"category","embeddable":true,"href":"https:\/\/libcickekrizovatky.cz\/index.php?rest_route=%2Fwp%2Fv2%2Fcategories&post=14190"},{"taxonomy":"post_tag","embeddable":true,"href":"https:\/\/libcickekrizovatky.cz\/index.php?rest_route=%2Fwp%2Fv2%2Ftags&post=14190"}],"curies":[{"name":"wp","href":"https:\/\/api.w.org\/{rel}","templated":true}]}}