{"id":14273,"date":"2017-03-21T20:55:08","date_gmt":"2017-03-21T19:55:08","guid":{"rendered":"http:\/\/libcickekrizovatky.cz\/?p=14273"},"modified":"2017-03-21T20:56:27","modified_gmt":"2017-03-21T19:56:27","slug":"koncert-martina-kysperskeho","status":"publish","type":"post","link":"https:\/\/libcickekrizovatky.cz\/?p=14273","title":{"rendered":"Koncert Martina Ky\u0161persk\u00e9ho na z\u00e1v\u011br Expedi\u010dn\u00ed kamery"},"content":{"rendered":"<p><img loading=\"lazy\" style=\"float: left; margin: 10px;\" src=\"https:\/\/libcickekrizovatky.cz\/content\/uploads\/2017\/03\/kvetylk-300x181.jpg\" alt=\"\" width=\"300\" height=\"181\" \/>Martin Ev\u017een Ky\u0161persk\u00fd je dal\u0161\u00ed z&nbsp;\u0159ady origin\u00e1ln\u00edch p\u00edsni\u010dk\u00e1\u0159\u016f, kte\u0159\u00ed v&nbsp;posledn\u00edch letech zav\u00edtali do Lib\u010dic zahr\u00e1t na zakon\u010den\u00ed festival\u016f Expedi\u010dn\u00ed kamera nebo Snow Film Fest. Je zn\u00e1m p\u0159edev\u0161\u00edm jako zakladatel a&nbsp;v\u016fd\u010d\u00ed postava brn\u011bnsk\u00e9 alternativn\u00ed kapely <span style=\"text-decoration: underline;\"><a href=\"http:\/\/kapelakvety.cz\/\" target=\"_blank\">Kv\u011bty<\/a><\/span>. S&nbsp;n\u00ed z\u00edskal ceny Akademie popul\u00e1rn\u00ed hudby And\u011bl za roky 2006 (Alternativn\u00ed sc\u00e9na), 2009 (Album roku, Alternativn\u00ed hudba) a&nbsp;2015 (Alternativn\u00ed hudba). <!--more-->Mimo Kv\u011bt\u016f hr\u00e1l nebo hraje s&nbsp;dal\u0161\u00edmi uskupen\u00edmi, nap\u0159\u00edklad s&nbsp;kapelou Mucha p\u00edsni\u010dk\u00e1\u0159ky Nikoly Muchov\u00e9, vydal i&nbsp;n\u011bkolik s\u00f3lov\u00fdch alb. V&nbsp;posledn\u00edch letech tak\u00e9 rozjel hereckou kari\u00e9ru a&nbsp;mohli jste vid\u011bt t\u0159eba v&nbsp;seri\u00e1lech Trpasl\u00edk, P\u0159\u00edpad pro exorcistu a&nbsp;nebo naposledy ve skv\u011bl\u00e9m Sv\u011bt\u011b pod hlavou.<\/p>\n<div class=\"alert alert-info\"><strong>Wikipedia:<\/strong><br \/>\nHudebn\u00ed publicistky a&nbsp;publicist\u00e9 na Kv\u011btech oce\u0148uj\u00ed zejm\u00e9na netradi\u010dn\u00ed n\u00e1strojov\u00e9 vybaven\u00ed a&nbsp;skladatelsk\u00e9 postupy, kontrastn\u00ed pou\u017e\u00edv\u00e1n\u00ed jemn\u00fdch a&nbsp;syrov\u00fdch, respektive akustick\u00fdch a&nbsp;elektronick\u00fdch ploch, poetick\u00e9, mnohov\u00fdznamov\u00e9 texty, nal\u00e9hav\u00fd zp\u011bv, energick\u00fd a&nbsp;vtipn\u00fd koncertn\u00ed projev nebo origin\u00e1ln\u011b v\u00fdtvarn\u011b \u0159e\u0161en\u00e9 buklety.<\/div>\n<p>M\u00e1me se tedy na co t\u011b\u0161it. V&nbsp;Lib\u010dic\u00edch zahraje Ky\u0161persk\u00fd spolu s&nbsp;buben\u00edkem Kv\u011bt\u016f Ale\u0161em Pilgrem, bude to tedy nap\u016fl s\u00f3lo a&nbsp;nap\u016fl Kv\u011bty.<\/p>\n<h4 style=\"text-align: center;\">Sobota, 25.b\u0159ezna od 20:30 na Lib\u010dick\u00e9 plov\u00e1rn\u011b!<\/h4>\n<p style=\"text-align: center;\"><iframe src=\"https:\/\/www.youtube.com\/embed\/Rw9MJxAnx2M\" width=\"560\" height=\"315\" frameborder=\"0\" allowfullscreen=\"allowfullscreen\"><\/iframe><br \/>\n<iframe src=\"https:\/\/www.youtube.com\/embed\/bufcOFIUMoQ\" width=\"560\" height=\"315\" frameborder=\"0\" allowfullscreen=\"allowfullscreen\"><\/iframe><\/p>\n<p style=\"text-align: left;\"><em>Koncert je sou\u010d\u00e1st\u00ed filmov\u00e9ho festivalu <a href=\"https:\/\/libcickekrizovatky.cz\/?p=14134\" target=\"_blank\"><span style=\"text-decoration: underline;\">Expedi\u010dn\u00ed kamera<\/span><\/a> a&nbsp;kon\u00e1 se s&nbsp;podporou m\u011bsta Lib\u010dice nad Vltavou.<\/em><\/p>\n","protected":false},"excerpt":{"rendered":"<p>Martin Ev\u017een Ky\u0161persk\u00fd je dal\u0161\u00ed z&nbsp;\u0159ady origin\u00e1ln\u00edch p\u00edsni\u010dk\u00e1\u0159\u016f, kte\u0159\u00ed v&nbsp;posledn\u00edch letech zav\u00edtali do Lib\u010dic zahr\u00e1t na zakon\u010den\u00ed festival\u016f Expedi\u010dn\u00ed kamera nebo Snow Film Fest. Je zn\u00e1m p\u0159edev\u0161\u00edm jako zakladatel a&nbsp;v\u016fd\u010d\u00ed postava brn\u011bnsk\u00e9 alternativn\u00ed kapely Kv\u011bty. S&nbsp;n\u00ed z\u00edskal ceny Akademie popul\u00e1rn\u00ed hudby And\u011bl za roky 2006 (Alternativn\u00ed sc\u00e9na), 2009 (Album roku, Alternativn\u00ed hudba) a&nbsp;2015 (Alternativn\u00ed hudba).<\/p>\n","protected":false},"author":8,"featured_media":0,"comment_status":"open","ping_status":"open","sticky":false,"template":"","format":"standard","meta":[],"categories":[1],"tags":[],"_links":{"self":[{"href":"https:\/\/libcickekrizovatky.cz\/index.php?rest_route=\/wp\/v2\/posts\/14273"}],"collection":[{"href":"https:\/\/libcickekrizovatky.cz\/index.php?rest_route=\/wp\/v2\/posts"}],"about":[{"href":"https:\/\/libcickekrizovatky.cz\/index.php?rest_route=\/wp\/v2\/types\/post"}],"author":[{"embeddable":true,"href":"https:\/\/libcickekrizovatky.cz\/index.php?rest_route=\/wp\/v2\/users\/8"}],"replies":[{"embeddable":true,"href":"https:\/\/libcickekrizovatky.cz\/index.php?rest_route=%2Fwp%2Fv2%2Fcomments&post=14273"}],"version-history":[{"count":7,"href":"https:\/\/libcickekrizovatky.cz\/index.php?rest_route=\/wp\/v2\/posts\/14273\/revisions"}],"predecessor-version":[{"id":14293,"href":"https:\/\/libcickekrizovatky.cz\/index.php?rest_route=\/wp\/v2\/posts\/14273\/revisions\/14293"}],"wp:attachment":[{"href":"https:\/\/libcickekrizovatky.cz\/index.php?rest_route=%2Fwp%2Fv2%2Fmedia&parent=14273"}],"wp:term":[{"taxonomy":"category","embeddable":true,"href":"https:\/\/libcickekrizovatky.cz\/index.php?rest_route=%2Fwp%2Fv2%2Fcategories&post=14273"},{"taxonomy":"post_tag","embeddable":true,"href":"https:\/\/libcickekrizovatky.cz\/index.php?rest_route=%2Fwp%2Fv2%2Ftags&post=14273"}],"curies":[{"name":"wp","href":"https:\/\/api.w.org\/{rel}","templated":true}]}}