{"id":14393,"date":"2017-04-07T08:00:19","date_gmt":"2017-04-07T06:00:19","guid":{"rendered":"http:\/\/libcickekrizovatky.cz\/?p=14393"},"modified":"2017-06-16T10:53:49","modified_gmt":"2017-06-16T08:53:49","slug":"menime-uzemni-plan-po-seste-zbytecne-a-nekoncepcne","status":"publish","type":"post","link":"https:\/\/libcickekrizovatky.cz\/?p=14393","title":{"rendered":"M\u011bn\u00edme \u00fazemn\u00ed pl\u00e1n. Po&nbsp;\u0161est\u00e9. Zbyte\u010dn\u011b a&nbsp;nekoncep\u010dn\u011b."},"content":{"rendered":"<p><img loading=\"lazy\" style=\"float: left; margin: 10px;\" src=\"https:\/\/libcickekrizovatky.cz\/content\/uploads\/2017\/03\/uzemni-plan-300x234.jpg\" alt=\"\" width=\"150\" height=\"117\" \/><\/p>\n<p>Podobn\u011b\u00a0jako jin\u00e9 obce maj\u00ed i&nbsp;Lib\u010dice sv\u016fj \u00fazemn\u00ed pl\u00e1n, kter\u00fd zjednodu\u0161en\u011b \u0159e\u010deno definuje, co se kde m\u016f\u017ee stav\u011bt. Z\u00e1klad aktu\u00e1ln\u011b platn\u00e9ho lib\u010dick\u00e9ho \u00fazemn\u00edho pl\u00e1nu byl vytvo\u0159en v&nbsp;roce 1997.<\/p>\n<p>Za dvacet\u00a0let se ud\u00e1la spousta v\u011bc\u00ed. M\u011bn\u00ed se doba, po\u017eadavky na rozvoj obce i&nbsp;pr\u00e1vn\u00ed p\u0159edpisy, jim\u017e je t\u0159eba vyhov\u011bt. A&nbsp;tak je logick\u00e9, \u017ee \u00fazemn\u00ed pl\u00e1n je nutn\u00e9 \u010das od \u010dasu aktualizovat. A&nbsp;to se d\u011bje pr\u00e1v\u011b i&nbsp;te\u010f &#8211; na po\u0159adu je zm\u011bna \u00fazemn\u00edho pl\u00e1nu \u010d\u00edslo 6.<\/p>\n<p>Stejn\u011b jako zm\u011bnu p\u0159edchoz\u00ed (tedy tu s&nbsp;\u010d\u00edslem 5) ji pova\u017euji za nekoncep\u010dn\u00ed. A&nbsp;pen\u00edze, kter\u00e9 za n\u00ed m\u011bsto vyd\u00e1, za utracen\u00e9 zbyte\u010dn\u011b. <!--more-->Pro\u010d? Dostaneme se k&nbsp;tomu. Ale poj\u010fme to vz\u00edt postupn\u011b, hezky od prvn\u00edch zm\u011bn.<\/p>\n<div class=\"alert alert-info\">\n<h3>Rekapitulace historie na\u0161eho \u00fazemn\u00edho pl\u00e1nu<\/h3>\n<h4>Zm\u011bna \u010d.&nbsp;3: rok 2006 &#8211; rozr\u016fst\u00e1me se<\/h4>\n<p>Kl\u00ed\u010dov\u00fdm rozhodnut\u00edm, kter\u00e9 z\u00e1sadn\u011b zm\u011bnilo podobu \u00fazemn\u00edho pl\u00e1nu Lib\u010dic, bylo zru\u0161en\u00ed stavebn\u00ed uz\u00e1v\u011bry. Vlastn\u00edci pozemk\u016f reagovali \u010detn\u00fdmi \u017e\u00e1dostmi o&nbsp;p\u0159eveden\u00ed sv\u00fdch pozemk\u016f na stavebn\u00ed parcely a&nbsp;d\u016fsledkem pom\u011brn\u011b rozs\u00e1hl\u00e9 plochy ur\u010den\u00e9 k&nbsp;bydlen\u00ed. Na v\u011bt\u0161in\u011b se zat\u00edm nestav\u00ed, k&nbsp;realizaci rodinn\u00e9ho domu toti\u017e nesta\u010d\u00ed jen pat\u0159i\u010dn\u00e9 barevn\u00e9 ozna\u010den\u00ed.<\/p>\n<div class=\"gallery gallery-columns-1 gallery-size-full rps-image-gallery-format-default rps-image-gallery-theme-default rps-image-gallery-columns-no-responsive rps-image-gallery rps-image-gallery-masonry rps-image-gallery-no-heading rps-image-gallery-caption rps-image-gallery-no-social \" style=\"text-align:left\" pageSize=\"0\" currentPage=\"0\" ><ul class=\"background-thumbnails\"><li class=\"gallery-item \"><div class=\"gallery-icon landscape\"><a rel=\"rps-image-group-14393\" href=\"https:\/\/libcickekrizovatky.cz\/content\/uploads\/2017\/03\/up-z.c.3-detail.jpg\" title=\"&amp;lt;div class=&amp;quot;fancybox-title-caption&amp;quot;&amp;gt;&amp;lt;p&amp;gt;Zm\u011bna \u010d. 3 vymezila nov\u00e9 plochy pro bydlen\u00ed. Ve v\u00fdkrese jsou ozna\u010deny \u010dervenou a oran\u017eovou \u0161rafou.&amp;lt;\/p&amp;gt;\n&amp;lt;\/div&amp;gt;\"><img src=\"https:\/\/libcickekrizovatky.cz\/content\/uploads\/2017\/03\/up-z.c.3-detail.jpg\" alt=\"up-z.c.3-detail\" title=\"up-z.c.3-detail\" class=\"attachment-thumbnail last\" width=\"1120\" height=\"740\" srcset=\"https:\/\/libcickekrizovatky.cz\/content\/uploads\/2017\/03\/up-z.c.3-detail.jpg 1120w, https:\/\/libcickekrizovatky.cz\/content\/uploads\/2017\/03\/up-z.c.3-detail-300x198.jpg 300w, https:\/\/libcickekrizovatky.cz\/content\/uploads\/2017\/03\/up-z.c.3-detail-768x507.jpg 768w, https:\/\/libcickekrizovatky.cz\/content\/uploads\/2017\/03\/up-z.c.3-detail-1024x677.jpg 1024w\" sizes=\"(max-width: 1120px) 100vw, 1120px\"><\/a><\/div><div class=\"wp-caption-text gallery-caption\" style=\"text-align:left\"><p>Zm\u011bna \u010d. 3 vymezila nov\u00e9 plochy pro bydlen\u00ed. Ve v\u00fdkrese jsou ozna\u010deny \u010dervenou a oran\u017eovou \u0161rafou.<\/p>\n<\/div><\/li><\/ul><\/div>\n<p><span style=\"color: #99ccff;\">.<\/span><\/p>\n<h4>Zm\u011bna \u010d.&nbsp;4: rok 2012 &#8211; regula\u010dn\u00ed pl\u00e1n<\/h4>\n<p>Tahle zm\u011bna si dala za c\u00edl zkrotit nebezpe\u010d\u00ed \u017eiveln\u00e9 v\u00fdstavby. Pracuje s&nbsp;regula\u010dn\u00edmi (kontroln\u00edmi) mechanismy stavebn\u00edho z\u00e1kona jako jsou &#8220;urbanistick\u00e1 studie&#8221; nebo &#8220;regula\u010dn\u00ed pl\u00e1n.&#8221;<\/p>\n<p>Z\u00e1sluhou &#8220;\u010dty\u0159ky&#8221; byly pro n\u011bkter\u00e9 plochy ur\u010dena z\u00e1vazn\u00e1 pravidla jak postupovat p\u0159i&nbsp;v\u00fdstavb\u011b, nap\u0159\u00edklad:<\/p>\n<ul>\n<li><i>up\u0159ednostnit v\u00fdstavbu ve\u0159ejn\u00e9 infrastruktury p\u0159ed novou obytnou z\u00e1stavbou<\/i> (tzn.&nbsp;aby se z&nbsp;Lib\u010dic nestala pra\u017esk\u00e1 nocleh\u00e1rna), nebo<\/li>\n<li><i>po\u017eadavek<\/i> <i>postupovat p\u0159i&nbsp;v\u00fdstavb\u011b ve sm\u011bru od sou\u010dasn\u011b zastav\u011bn\u00e9ho \u00fazem\u00ed obce <\/i>(tzn.&nbsp;aby se na\u0161e m\u011bsto rozr\u016fstalo plynule a&nbsp;nevznikaly proluky).<\/li>\n<\/ul>\n<p>Mo\u017en\u00e1 to nen\u00ed vid\u011bt na prvn\u00ed pohled, ale je to podstatn\u00e1 a&nbsp;dobr\u00e1 zm\u011bna. Zaji\u0161\u0165uje m\u011bstu mo\u017enost vybudov\u00e1n\u00ed nezbytn\u00e9 infrastruktury v\u010das a&nbsp;za finan\u010dn\u00edho p\u0159isp\u011bn\u00ed investor\u016f.<\/p>\n<p><span style=\"color: #99ccff;\">.<\/span><\/p>\n<h4>Zm\u011bna \u010d.&nbsp;5: rok 2014 &#8211; postav\u00edme nemocnici!<\/h4>\n<p>Aktu\u00e1ln\u011b v&nbsp;Lib\u010dic\u00edch \u017eijeme a&nbsp;budujeme podle posledn\u00ed schv\u00e1len\u00e9 \u00fapravy \u00fazemn\u00edho pl\u00e1nu s&nbsp;po\u0159adov\u00fdm \u010d\u00edslem 5. Bohu\u017eel, aktu\u00e1ln\u00ed p\u011btku nelze ozna\u010dit za koncep\u010dn\u00ed krok. Stejn\u011b jako chystanou &#8220;zm\u011bnu \u010d.&nbsp;6&#8221; a&nbsp;na rozd\u00edl od v\u0161ech p\u0159edchoz\u00edch \u00faprav.<\/p>\n<p>P\u0159ipome\u0148me si, co p\u00e1t\u00e1 zm\u011bna p\u0159ed \u010dty\u0159mi lety p\u0159inesla (<span style=\"text-decoration: underline;\"><a href=\"https:\/\/libcickekrizovatky.cz\/?p=6091\">podrobn\u011b jsme o&nbsp;to zm\u011bn\u011b psali zde<\/a><\/span>). Cel\u00fd proces zm\u011bny \u00fazemn\u00edho pl\u00e1nu byl spu\u0161t\u011bn s&nbsp;jedin\u00fdm c\u00edlem &#8211; zm\u011bnit funk\u010dn\u00ed vyu\u017eit\u00ed konkr\u00e9tn\u00edho pozemku tak, aby je m\u011bsto obratem mohlo nab\u00eddnout p\u0159edem domluven\u00e9mu z\u00e1jemci. Za smutn\u011b n\u00edzkou cenu.<\/p>\n<div class=\"gallery gallery-columns-2 gallery-size-thumbnail rps-image-gallery-format-default rps-image-gallery-theme-default rps-image-gallery-columns-no-responsive rps-image-gallery rps-image-gallery-masonry rps-image-gallery-no-heading rps-image-gallery-caption rps-image-gallery-no-social \" style=\"text-align:left\" pageSize=\"0\" currentPage=\"0\" ><ul class=\"background-thumbnails\"><li class=\"gallery-item gallery-item-begin-row\"><div class=\"gallery-icon landscape\"><a rel=\"rps-image-group-14393\" href=\"https:\/\/libcickekrizovatky.cz\/content\/uploads\/2015\/08\/seradiste.jpg\" title=\"&amp;lt;div class=&amp;quot;fancybox-title-caption&amp;quot;&amp;gt;&amp;lt;p&amp;gt;Se\u0159adi\u0161t\u011b...&amp;lt;\/p&amp;gt;\n&amp;lt;\/div&amp;gt;\"><img src=\"https:\/\/libcickekrizovatky.cz\/content\/uploads\/2015\/08\/seradiste-250x216.jpg\" alt=\"Se\u0159adi\u0161t\u011b\" title=\"Se\u0159adi\u0161t\u011b\" class=\"attachment-thumbnail\" width=\"250\" height=\"216\" sizes=\"(max-width: 250px) 100vw, 250px\"><\/a><\/div><div class=\"wp-caption-text gallery-caption\" style=\"text-align:left\"><p>Se\u0159adi\u0161t\u011b...<\/p>\n<\/div><\/li><li class=\"gallery-item gallery-item-end-row\"><div class=\"gallery-icon landscape\"><a rel=\"rps-image-group-14393\" href=\"https:\/\/libcickekrizovatky.cz\/content\/uploads\/2017\/03\/vzkazRHG-leden2016-LN.jpg\" title=\"&amp;lt;div class=&amp;quot;fancybox-title-caption&amp;quot;&amp;gt;&amp;lt;p&amp;gt;Lib\u010dick\u00e9 noviny - leden 2016&amp;lt;\/p&amp;gt;\n&amp;lt;\/div&amp;gt;\"><img src=\"https:\/\/libcickekrizovatky.cz\/content\/uploads\/2017\/03\/vzkazRHG-leden2016-LN-250x250.jpg\" alt=\"vzkazRHG-leden2016-LN\" title=\"vzkazRHG-leden2016-LN\" class=\"attachment-thumbnail last\" width=\"250\" height=\"250\" sizes=\"(max-width: 250px) 100vw, 250px\"><\/a><\/div><div class=\"wp-caption-text gallery-caption\" style=\"text-align:left\"><p>Lib\u010dick\u00e9 noviny - leden 2016<\/p>\n<\/div><\/li><\/ul><\/div>\n<p>V\u00fdsledek? M\u011bsto p\u0159i\u0161lo o&nbsp;jeden ze sv\u00fdch posledn\u00edch cenn\u00fdch voln\u00fdch pozemk\u016f &#8211; hodnotu mu d\u00e1v\u00e1 poloha &#8211; nach\u00e1z\u00ed se tak\u0159ka v&nbsp;centru obce. Se 3&nbsp;998&nbsp;m<sup>2<\/sup> se nav\u00edc m\u011bsto rozlou\u010dilo bez toho, aby se alespo\u0148 pokusilo z\u00edskat jakoukoliv pojistku\/z\u00e1ruku co zde jednou vyroste.<\/p>\n<p>P\u00e1t\u00fd z\u00e1sah do \u00fazemn\u00edho pl\u00e1nu nelze hodnotit jinak: jedn\u00e1 se o&nbsp;\u00fa\u010delovou, nesystematickou zm\u011bnu, kter\u00e1 po\u0161kodila v\u011bt\u0161inov\u00fd z\u00e1jem m\u011bsta.<\/p>\n<\/div>\n<h3>Zm\u011bna \u010d.&nbsp;6: rok 2017 &#8211; co, pro koho a&nbsp;pro\u010d<\/h3>\n<p>Pr\u00e1v\u011b te\u010f chyst\u00e1 radnice dal\u0161\u00ed nekoncep\u010dn\u00ed krok. O&nbsp;to h\u016f\u0159, \u017ee na prvn\u00ed pohled nev\u00fdznamn\u00e1 zm\u011bna v&nbsp;sob\u011b skr\u00fdv\u00e1<b><i> zru\u0161en\u00ed pojistky nastaven\u00e9 zm\u011bnou \u010d.&nbsp;4. <\/i><\/b>Pokud bude dokument v&nbsp;p\u0159edlo\u017een\u00e9m rozsahu schv\u00e1len, vlastn\u00edci pozemk\u016f nad koupali\u0161t\u011bm u\u017e nebudou povinni zpracovat p\u0159ed zah\u00e1jen\u00edm v\u00fdstavby regula\u010dn\u00ed pl\u00e1n (v\u00edce o&nbsp;tom, <span style=\"text-decoration: underline;\"><a href=\"https:\/\/libcickekrizovatky.cz\/?p=10160\">co je to regula\u010dn\u00ed pl\u00e1n zde<\/a><\/span>).<\/p>\n<h4>Prav\u00fd d\u016fvod pro zm\u011bnu \u00fazemn\u00edho pl\u00e1nu<\/h4>\n<p>Impulzem pro spu\u0161t\u011bn\u00ed zm\u011bny \u010d.&nbsp;6 byla \u017e\u00e1dost skupiny vlastn\u00edk\u016f pozemk\u016f nad koupali\u0161t\u011bm. Svou \u017e\u00e1dost od\u016fvodnili \u00a0&#8220;obt\u00ed\u017en\u00fdm rozparcelov\u00e1n\u00edm a&nbsp;n\u00e1sledn\u00fdm oplocen\u00edm pozemk\u016f&#8221; &#8211; ty jsou toti\u017e ve st\u00e1vaj\u00edc\u00ed \u00faprav\u011b \u00fazemn\u00edho pl\u00e1nu z\u010d\u00e1sti vymezeny jako ve\u0159ejn\u00e1 zele\u0148. V\u0161imn\u011bte si v&nbsp;p\u0159edchoz\u00ed v\u011bt\u011b slov\u00ed\u010dka &#8220;\u017e\u00e1dost&#8221;. Toto slovo toti\u017e podle stavebn\u00edho z\u00e1kona definuje, kdo m\u00e1 n\u00e9st n\u00e1klady na po\u0159\u00edzen\u00ed zm\u011bny \u00fazemn\u00edho pl\u00e1nu. H\u00e1d\u00e1te spr\u00e1vn\u011b, \u017ee n\u00e1klady nese ten, kdo \u017e\u00e1d\u00e1. A\u017e potud bylo\u00a0v\u0161e v&nbsp;po\u0159\u00e1dku &#8211; \u017eadatel\u00e9 se k&nbsp;\u00fahrad\u011b n\u00e1klad\u016f v&nbsp;pln\u00e9 v\u00fd\u0161i p\u0159ihl\u00e1sili.<\/p>\n<h4>Z\u00e1minka pro zm\u011bnu pravidel<\/h4>\n<p>Tady v\u0161ak p\u0159evzali iniciativu radn\u00ed a&nbsp;zastupitelstvu p\u0159edlo\u017eili sv\u016fj soupis zm\u011bn \u00fazemn\u00edho pl\u00e1nu. K\u00a0n\u011bmu p\u0159ipojili i&nbsp;n\u00e1vrh zpracovat zm\u011bnu \u00fazemn\u00edho pl\u00e1nu &#8220;na vlastn\u00ed podn\u011bt.&#8221; Zde op\u011bt promlouv\u00e1 stavebn\u00ed z\u00e1kon &#8211; \u00a0takov\u00fdm krokem se n\u00e1klady na po\u0159\u00edzen\u00ed dokumentu p\u0159esouvaj\u00ed na obec. M\u00edsto na\u0161ich m\u00edstn\u00edch developer\u016f jej zaplat\u00edme v\u0161ichni dohromady. Ofici\u00e1ln\u00ed zd\u016fvodn\u011bn\u00ed? Krom\u011b soukrom\u00fdch pozemk\u016f nad koupali\u0161t\u011bm byly do n\u00e1vrhu zm\u011bny zahrnuty tak\u00e9 \u00a0rozs\u00e1hl\u00e9 obecn\u00ed pozemky ve stejn\u00e9 lokalit\u011b, na nich\u017e st\u00e1vaj\u00edc\u00ed \u00fazemn\u00ed pl\u00e1n umo\u017e\u0148uje v\u00fdstavbu rodinn\u00fdch dom\u016f, ale pr\u00fd se pod nimi nach\u00e1z\u00ed b\u00fdval\u00e1 skl\u00e1dka. Radnice tedy rozhodla \u00fazem\u00ed (kter\u00e9 ov\u0161em sama vlastn\u00ed a&nbsp;sama o&nbsp;n\u011bm rozhoduje, co a&nbsp;zda se na n\u011bm bude budovat) ochr\u00e1nit p\u0159ebarven\u00edm plochy v&nbsp;\u00fazemn\u00edm pl\u00e1nu na &#8220;zelenou&#8221; a&nbsp;pozemky p\u0159e\u0159adit do kategorie &#8220;ve\u0159ejn\u00e1 zele\u0148.&#8221;<\/p>\n<p>A proto\u017ee m\u00e1 koalice Lib\u011bhrad + ANO + TOP09 v&nbsp;zastupitelstvu t\u011bsnou, ale disciplinovanou v\u011bt\u0161inu, sv\u00fdmi hlasy jako jeden mu\u017e tento upraven\u00fd n\u00e1vrh schv\u00e1lila.<\/p>\n<div class=\"alert alert-info\">\n<h4>Na tomto m\u00edst\u011b je t\u0159eba zm\u00ednit\u2026<\/h4>\n<p>&#8230;jednu zaj\u00edmavou shodu okolnost\u00ed. P\u0159i&nbsp;hlasov\u00e1n\u00ed zastupitelstva se v&nbsp;cel\u00e9 z\u00e1le\u017eitosti museli rovnou 3 koali\u010dn\u00ed zastupitel\u00e9 p\u0159ihl\u00e1sit ke st\u0159etu z\u00e1jmu. Radn\u00ed p.&nbsp;Urb\u00e1nek a&nbsp;p.&nbsp;Hudek jako\u017eto spoluvlastn\u00edci pozemk\u016f, ke kter\u00fdm sm\u011b\u0159ovala p\u016fvodn\u00ed \u017e\u00e1dost o&nbsp;zm\u011bnu \u010d.&nbsp;6, a&nbsp;pan\u00ed zastupitelka Lu\u017eov\u00e1, kterou ze stejn\u00e9ho d\u016fvodu dostal do st\u0159etu z\u00e1jmu p\u0159\u00edbuzn\u00fd (dcera). Bohu\u017eel, v\u00edc ne\u017e &#8220;p\u0159ihl\u00e1sit se&#8221; jim z\u00e1kon neukl\u00e1d\u00e1 &#8211; hlasovat <i>&#8220;pro&#8221;<\/i> mohou.<\/p>\n<\/div>\n<h4>A bude to je\u0161t\u011b &#8220;lep\u0161\u00ed&#8221;<\/h4>\n<p>Proces p\u0159\u00edpravy 6.&nbsp;zm\u011bny \u00fazemn\u00edho pl\u00e1nu pokra\u010doval po&nbsp;Nov\u00e9m roce, kdy se na elektronick\u00e9 \u00fa\u0159edn\u00ed desce objevil dokument &#8220;N\u00e1vrh zad\u00e1n\u00ed zm\u011bny \u00fazemn\u00edho pl\u00e1nu.&#8221; S&nbsp;odli\u0161n\u00fdm rozsahem, ne\u017e kter\u00fd zastupitelstvo odsouhlasilo. Krom\u011b pozemk\u016f skupiny vlastn\u00edk\u016f, kte\u0159\u00ed zm\u011bnu \u00fazemn\u00edho pl\u00e1nu p\u016fvodn\u011b iniciovali, a&nbsp;m\u011bstsk\u00fdch pozemk\u016f, na nich\u017e byla geologick\u00fdm vrtem zji\u0161t\u011bna b\u00fdval\u00e1 skl\u00e1dka odpad\u016f, se v&nbsp;n\u00e1vrhu objevilo tak\u00e9 n\u011bkolik dal\u0161\u00edch pozemk\u016f v&nbsp;soukrom\u00e9m vlastnictv\u00ed, a&nbsp;hlavn\u011b plocha mezi bytovkami a&nbsp;zast\u00e1vkou Letky, kter\u00e1 je pronaj\u00edm\u00e1na jednotliv\u00fdm z\u00e1jemc\u016fm jako zahr\u00e1dka.<\/p>\n<h3>Nechceme br\u00e1nit svobodn\u00e9mu podnik\u00e1n\u00ed&#8230;<\/h3>\n<p>&#8230;jen si mysl\u00edme, \u017ee by ho nem\u011blo spolufinancovat m\u011bsto.<\/p>\n<h4>Co je v&nbsp;po\u0159\u00e1dku<\/h4>\n<p>\u017d\u00e1dat zm\u011bnu funk\u010dn\u00edho vyu\u017eit\u00ed pozemku v&nbsp;soukrom\u00e9m vlastnictv\u00ed je pr\u00e1vem ka\u017ed\u00e9ho majitele. Pl\u00e1ny a&nbsp;p\u0159\u00e1n\u00ed jednotlivce mohou b\u00fdt jin\u00e9 ne\u017e pl\u00e1ny obce. Tedy i&nbsp;p\u016fvodn\u00ed po\u017eadavek developer\u016f v&nbsp;lokalit\u011b nad Lib\u010dickou plov\u00e1rnou je opr\u00e1vn\u011bn\u00fd.<\/p>\n<h4>Co je \u0161patn\u011b<\/h4>\n<ol>\n<li>S p\u00e9\u010d\u00ed \u0159\u00e1dn\u00e9ho hospod\u00e1\u0159e\u2026 V&nbsp;n\u00e1vrhu zad\u00e1n\u00ed p\u0159edlo\u017een\u00e9m radou p\u0159ibyly pozemky, kter\u00e9 jsou v&nbsp;majetku m\u011bsta. A&nbsp;o&nbsp;nich p\u0159ece rozhoduje zastupitelstvo m\u011bsta.<br \/>\n\u0158e\u010deno polopat\u011b: m\u011bsto samo sob\u011b d\u00e1v\u00e1 nadbyte\u010dnou omezuj\u00edc\u00ed podm\u00ednku k&nbsp;vlastn\u00edm pozemk\u016fm. Pro nepot\u0159ebn\u00e9 omezen\u00ed nav\u00edc zaplat\u00ed ve\u0161ker\u00e9 po\u0159izovac\u00ed n\u00e1klady zm\u011bny \u00fazemn\u00edho pl\u00e1nu \u010d\u00edslo 6, kter\u00e9 by bez zahrnut\u00ed t\u011bchto pozemk\u016f hradili zm\u00edn\u011bn\u00ed develope\u0159i (pozn\u00e1mka: a&nbsp;pokud se jednou n\u011bkdo odv\u00e1\u017e\u00ed skl\u00e1dku zlikvidovat, zm\u011bn\u00ed si \u00fazemn\u00ed pl\u00e1n zase zp\u011bt).<\/li>\n<li>Nedosti na tom, zm\u011bna \u010d\u00edslo 6, kterou si sami zaplat\u00edme, vyr\u00e1\u017e\u00ed m\u011bstu z&nbsp;ruky d\u016fle\u017eitou pojistku\/kontroln\u00ed opat\u0159en\u00ed, a&nbsp;to povinnost vypracovat na rozvojov\u00e9 plo\u0161e nad koupali\u0161t\u011bm regula\u010dn\u00ed pl\u00e1n.<\/li>\n<\/ol>\n<h3>Zbyte\u010dn\u00e1 zm\u011bna: do roku 2020 mus\u00ed m\u00edt m\u011bsto nov\u00fd \u00fazemn\u00ed pl\u00e1n<\/h3>\n<p>To, jak moc je z\u00e1minka pro p\u0159enesen\u00ed n\u00e1klad\u016f za chystanou zm\u011bnu \u00fazemn\u00edho pl\u00e1nu z&nbsp;developer\u016f na obec zbyte\u010dn\u00e1, podtrhuje z\u00e1sadn\u00ed fakt &#8211; <b>do roku 2020 mus\u00ed m\u011bsto p\u0159ipravit kompletn\u011b nov\u00fd \u00fazemn\u00ed pl\u00e1n<\/b>. Je to povinnost vypl\u00fdvaj\u00edc\u00ed ze stavebn\u00edho z\u00e1kona. P\u00ed\u0161e se rok 2017 a&nbsp;takov\u00fd dokument nesesmol\u00edte p\u0159es noc!<\/p>\n<p><b>Na z\u00e1konnou povinnost s&nbsp;bl\u00edzk\u00fdm \u010dasov\u00fdm v\u00fdhledem jsme na jedn\u00e1n\u00ed zastupitelstva opakovan\u011b upozornili. <\/b><\/p>\n<p>V kontextu takov\u00e9 povinnosti je zd\u016fvodn\u011bn\u00ed zm\u011bny navrhovan\u00e9 pro obecn\u00ed pozemky je\u0161t\u011b malichern\u011bj\u0161\u00ed. I&nbsp;pokud se m\u011bsto opravdu boj\u00ed, aby se na skl\u00e1dku nezapomn\u011blo a&nbsp;v&nbsp;dalek\u00e9 budoucnosti ji n\u011bkdo omylem neotev\u0159el, v\u0161e m\u016f\u017ee o\u0161et\u0159it v&nbsp;dokumentu, kter\u00fd u\u017e tak jako tak mus\u00ed za\u010d\u00edt p\u0159ipravovat.<\/p>\n<h3><b>Z\u00e1v\u011br<\/b><\/h3>\n<p>Nem\u00e1m nic proti tomu, aby se vyhov\u011blo developer\u016fm z&nbsp;lokality nad plov\u00e1rnou. Jsem ale p\u0159esv\u011bd\u010dena, \u017ee n\u00e1klady zm\u011bny, o&nbsp;kterou po\u017e\u00e1dali, si maj\u00ed n\u00e9st sami. Jen tak rozpt\u00fdl\u00ed pochybnosti spojen\u00e9 s&nbsp;p\u0159iznan\u00fdm (a&nbsp;o\u010dividn\u00fdm) st\u0159etem z\u00e1jm\u016f.<\/p>\n<p>&nbsp;<\/p>\n<p style=\"text-align: right;\"><img loading=\"lazy\" class=\"alignnone wp-image-349\" src=\"https:\/\/libcickekrizovatky.cz\/content\/uploads\/2014\/07\/Tereza-Nehasilova-thmb.jpg\" width=\"147\" height=\"120\" \/><\/p>\n<p style=\"text-align: right;\"><em>Tereza Nehasilov\u00e1<\/em><br \/>\n<em> zastupitelka LOS<br \/>\n<\/em><\/p>\n","protected":false},"excerpt":{"rendered":"<p>Podobn\u011b\u00a0jako jin\u00e9 obce maj\u00ed i&nbsp;Lib\u010dice sv\u016fj \u00fazemn\u00ed pl\u00e1n, kter\u00fd zjednodu\u0161en\u011b \u0159e\u010deno definuje, co se kde m\u016f\u017ee stav\u011bt. Z\u00e1klad aktu\u00e1ln\u011b platn\u00e9ho lib\u010dick\u00e9ho \u00fazemn\u00edho pl\u00e1nu byl vytvo\u0159en v&nbsp;roce 1997. Za dvacet\u00a0let se ud\u00e1la spousta v\u011bc\u00ed. M\u011bn\u00ed se doba, po\u017eadavky na rozvoj obce i&nbsp;pr\u00e1vn\u00ed p\u0159edpisy, jim\u017e je t\u0159eba vyhov\u011bt. A&nbsp;tak je logick\u00e9, \u017ee \u00fazemn\u00ed pl\u00e1n je nutn\u00e9 \u010das [&hellip;]<\/p>\n","protected":false},"author":4,"featured_media":0,"comment_status":"open","ping_status":"open","sticky":false,"template":"","format":"standard","meta":[],"categories":[4,111],"tags":[681,433,717],"_links":{"self":[{"href":"https:\/\/libcickekrizovatky.cz\/index.php?rest_route=\/wp\/v2\/posts\/14393"}],"collection":[{"href":"https:\/\/libcickekrizovatky.cz\/index.php?rest_route=\/wp\/v2\/posts"}],"about":[{"href":"https:\/\/libcickekrizovatky.cz\/index.php?rest_route=\/wp\/v2\/types\/post"}],"author":[{"embeddable":true,"href":"https:\/\/libcickekrizovatky.cz\/index.php?rest_route=\/wp\/v2\/users\/4"}],"replies":[{"embeddable":true,"href":"https:\/\/libcickekrizovatky.cz\/index.php?rest_route=%2Fwp%2Fv2%2Fcomments&post=14393"}],"version-history":[{"count":26,"href":"https:\/\/libcickekrizovatky.cz\/index.php?rest_route=\/wp\/v2\/posts\/14393\/revisions"}],"predecessor-version":[{"id":14700,"href":"https:\/\/libcickekrizovatky.cz\/index.php?rest_route=\/wp\/v2\/posts\/14393\/revisions\/14700"}],"wp:attachment":[{"href":"https:\/\/libcickekrizovatky.cz\/index.php?rest_route=%2Fwp%2Fv2%2Fmedia&parent=14393"}],"wp:term":[{"taxonomy":"category","embeddable":true,"href":"https:\/\/libcickekrizovatky.cz\/index.php?rest_route=%2Fwp%2Fv2%2Fcategories&post=14393"},{"taxonomy":"post_tag","embeddable":true,"href":"https:\/\/libcickekrizovatky.cz\/index.php?rest_route=%2Fwp%2Fv2%2Ftags&post=14393"}],"curies":[{"name":"wp","href":"https:\/\/api.w.org\/{rel}","templated":true}]}}