{"id":14466,"date":"2017-04-03T14:36:36","date_gmt":"2017-04-03T12:36:36","guid":{"rendered":"http:\/\/libcickekrizovatky.cz\/?p=14466"},"modified":"2017-04-07T11:11:47","modified_gmt":"2017-04-07T09:11:47","slug":"anketa-mezi-odborniky-potrebuji-libcice-namesti-anebo-co-byste-ve-meste-zmenili-vy","status":"publish","type":"post","link":"https:\/\/libcickekrizovatky.cz\/?p=14466","title":{"rendered":"Anketa mezi odborn\u00edky: Pot\u0159ebuj\u00ed Lib\u010dice n\u00e1m\u011bst\u00ed? Co byste ve m\u011bst\u011b zm\u011bnili vy?"},"content":{"rendered":"<p><img loading=\"lazy\" class=\"alignnone\" style=\"float: left; margin: 10px;\" src=\"https:\/\/libcickekrizovatky.cz\/content\/uploads\/2017\/04\/Lib\u010dice_nad_Vltavou_n\u00e1m\u011bst\u00ed_Svobody_z_Ch\u00fdnovsk\u00e9_1-300x225.jpg\" alt=\"\" width=\"200\" height=\"145\" \/>Lib\u010dice nad Vltavou vznikly spojen\u00edm t\u0159\u00ed vesnic &#8211; Ch\u00fdnova, Letek a&nbsp;Lib\u010dic. M\u011bstem byly jmenov\u00e1ny \u010dtvrt stolet\u00ed pot\u00e9, v&nbsp;roce 1948. Nen\u00ed proto p\u0159ekvapiv\u00e9, \u017ee nemaj\u00ed klasickou m\u011bstskou z\u00e1stavbu a&nbsp;jedno p\u0159irozen\u00e9 centrum &#8211; a&nbsp;nemaj\u00ed ani opravdov\u00e9 n\u00e1m\u011bst\u00ed.<\/p>\n<p>V posledn\u00edch m\u011bs\u00edc\u00edch se z&nbsp;radnice oz\u00fdv\u00e1 n\u00e1zor, \u017ee\u00a0bychom si n\u00e1m\u011bst\u00ed, kter\u00e9 bezesporu ke v\u011bt\u0161in\u011b m\u011bst pat\u0159\u00ed, m\u011bli um\u011ble vytvo\u0159it. <!--more-->V n\u00e1vaznosti na debatu k&nbsp;tomuto t\u00e9matu ukl\u00e1d\u00e1 zastupitelstvo rad\u011b m\u011bsta usnesen\u00edm \u010d.&nbsp;9\/12-2016 \u00fakol\u00a0<em> &#8220;prov\u011b\u0159it mo\u017enost vyhl\u00e1\u0161en\u00ed ve\u0159ejn\u00e9 architektonick\u00e9 sout\u011b\u017ee na revitalizaci N\u00e1m\u011bst\u00ed Svobody&#8221;<\/em>. Rada si tento \u00fakol ale vylo\u017eila po&nbsp;sv\u00e9m a&nbsp;oslovila pouze ateli\u00e9r\u00a0<span style=\"text-decoration: underline;\"><a href=\"http:\/\/www.foglar-architects.cz\/\">Foglar architects<\/a><\/span>, jeho\u017e n\u00e1vrh byl prezentov\u00e1n na zastupitelstvu v&nbsp;prosinci 2016. N\u00e1vrh po\u010d\u00edt\u00e1 s&nbsp;v\u00fdkupem a&nbsp;zbour\u00e1n\u00edm\u00a0<span style=\"font-weight: 400;\">dvou dom\u016f a&nbsp;novostavbou, v&nbsp;n\u00ed\u017e by m\u011bl vzniknout s\u00e1l a&nbsp;prostory pro m\u00edstn\u00ed spolky. A&nbsp;vlak u\u017e se rozjel &#8211; <span style=\"text-decoration: underline;\"><a href=\"https:\/\/libcickekrizovatky.cz\/?ai1ec_event=16-verejne-zasedani-zastupitelstva&amp;instance_id=2090\">na zastupitelstvu obce 5.&nbsp;4.&nbsp;2017<\/a><\/span> se o&nbsp;koupi zm\u00edn\u011bn\u00fdch \u00a0dom\u016f bude hlasovat.<\/span><\/p>\n<h3>Co na to ob\u010dan? To radnici moc nezaj\u00edm\u00e1&#8230;<\/h3>\n<p><span style=\"font-weight: 400;\">M\u00e1m za to, \u017ee v&nbsp;tomto ohledu se zat\u00edm do\u010dista zapomn\u011blo na ve\u0159ejnost &#8211; nebo v\u00e1s se n\u011bkdo ptal, zda si takovou v\u00fdraznou &#8211; a&nbsp;tak\u00e9 ne levnou &#8211; zm\u011bnu tv\u00e1\u0159e m\u011bsta p\u0159ejete? Anebo alespo\u0148 \u00a0&#8211; dostali jste na vybranou, kter\u00e1 varianta takov\u00e9 \u00fapravy by se v\u00e1m l\u00edbila nejv\u00edc? Ob\u00e1v\u00e1m se, \u017ee ne. Ve\u0159ejn\u00e9 p\u0159edstaven\u00ed je sice svol\u00e1no, ale a\u017e <span style=\"text-decoration: underline;\"><a href=\"https:\/\/libcickekrizovatky.cz\/?ai1ec_event=verejne-predstaveni-architektonickych-studii&amp;instance_id=2127\">na term\u00edn na konci dubna 2017,<\/a><\/span> kdy u\u017e o&nbsp;n\u00e1kupu dom\u016f m\u016f\u017ee b\u00fdt rozhodnuto.<\/span><\/p>\n<p><span style=\"font-weight: 400;\">Dovolili jsme si proto k&nbsp;ve\u0159ejn\u00e9 debat\u011b p\u0159isp\u011bt osloven\u00edm jedenadvaceti osob se vztahem k&nbsp;Lib\u010dic\u00edm, o&nbsp;nich\u017e si mysl\u00edme, \u017ee maj\u00ed k&nbsp;t\u00e9to problematice co \u0159\u00edci. Jde o&nbsp;architekty, stava\u0159e, odborn\u00edky souvisej\u00edc\u00edch profes\u00ed, anebo m\u00edstn\u00ed v\u00fdznamn\u00e9 osobnosti. Oslovili jsme jak starousedl\u00edky, tak i&nbsp;nov\u011b p\u0159ist\u011bhoval\u00e9. Celkem jsme zat\u00edm shrom\u00e1\u017edili t\u0159in\u00e1ct odpov\u011bd\u00ed; je mo\u017en\u00e9, \u017ee v&nbsp;pr\u016fb\u011bhu vyd\u00e1v\u00e1n\u00ed je\u0161t\u011b doraz\u00ed dal\u0161\u00ed. <\/span><\/p>\n<p><span style=\"font-weight: 400;\">\u0160koda je, \u017ee odpov\u011bd\u011bt n\u00e1m odm\u00edtli z\u00e1stupci &#8220;druh\u00e9 strany,&#8221; i&nbsp;kdy\u017e samoz\u0159ejm\u011b toto jejich pr\u00e1vo respektujeme. <\/span><\/p>\n<p><span style=\"font-weight: 400;\">Odpov\u011bdi zve\u0159ejn\u00edme v&nbsp;n\u011bkolika p\u0159\u00ed\u0161t\u00edch dnech. V\u011b\u0159\u00edme, \u017ee budou \u010dten\u00e1\u0159e inspirovat! <\/span><\/p>\n<h5 style=\"text-align: center;\">Va\u0161e n\u00e1zory v&nbsp;diskusi pod \u010dl\u00e1nkem jsou velice v\u00edt\u00e1ny!<\/h5>\n<div class=\"alert alert-info\">\n<h5>Ot\u00e1zky, kter\u00e9 jsme polo\u017eili:<\/h5>\n<ol>\n<li>N\u00e1m\u011bst\u00ed b\u00fdv\u00e1 centrem obce, Lib\u010dice klasick\u00e9 n\u00e1m\u011bst\u00ed nemaj\u00ed. Pot\u0159ebujeme (pot\u0159ebuj\u00ed) jej? Kde by podle v\u00e1s m\u011blo b\u00fdt? Jak by mohlo vypadat a&nbsp;k&nbsp;\u010demu by m\u011blo slou\u017eit?<\/li>\n<li>Co Lib\u010dic\u00edm z&nbsp;va\u0161eho pohledu \u00a0chyb\u00ed, do \u010deho by se m\u011blo investovat, co by se m\u011blo zm\u011bnit, zlep\u0161it, doplnit, roz\u0161\u00ed\u0159it?<\/li>\n<li>Radnice v&nbsp;prosinci p\u0159edstavila studii &#8220;<span style=\"text-decoration: underline;\"><a href=\"https:\/\/libcickekrizovatky.cz\/content\/uploads\/2017\/02\/Studie_Mestsky_dum.pdf\">M\u011bstsk\u00fd d\u016fm s&nbsp;n\u00e1m\u011bst\u00edm.<\/a><\/span>&#8221; Vid\u011bli jste ji? Jak se v\u00e1m l\u00edb\u00ed?<\/li>\n<\/ol>\n<\/div>\n<p>V anket\u011b n\u00e1m odpov\u011bd\u011bli:<\/p>\n<ul>\n<li><a href=\"https:\/\/libcickekrizovatky.cz\/?p=14481#PP\"><span style=\"text-decoration: underline;\">Petra Pele\u0161kov\u00e1<\/span><\/a>, stavebn\u00ed in\u017een\u00fdrka, zastupitelka za LOS<\/li>\n<li><a href=\"https:\/\/libcickekrizovatky.cz\/?p=14481#P\u010c\"><span style=\"text-decoration: underline;\">Petr \u010ces\u00e1k<\/span><\/a>, IT a&nbsp;sportovec, aktivn\u00ed \u010dlen Sokola Lib\u010dice<\/li>\n<li><span style=\"text-decoration: underline;\"><a href=\"https:\/\/libcickekrizovatky.cz\/?p=14481#P\u0160\">Petr \u0160ikola<\/a><\/span>, architekt<\/li>\n<li><span style=\"text-decoration: underline;\"><a href=\"https:\/\/libcickekrizovatky.cz\/?p=14496#KP\">Karel Pr\u00e1\u0161il<\/a><\/span>, architekt<\/li>\n<li><span style=\"text-decoration: underline;\"><a href=\"https:\/\/libcickekrizovatky.cz\/?p=14496#PN\">Petr Nov\u00fd<\/a><\/span>, archeolog z&nbsp;lib\u010dick\u00e9ho pracovi\u0161t\u011b St\u0159edo\u010desk\u00e9ho muzea Roztok<\/li>\n<li><span style=\"text-decoration: underline;\"><a href=\"https:\/\/libcickekrizovatky.cz\/?p=14496#M\u0160\">Martin \u0160imon<\/a><\/span>, sociolog, analytik<\/li>\n<li><span style=\"text-decoration: underline;\"><a href=\"https:\/\/libcickekrizovatky.cz\/?p=14500#M\">Luk\u00e1\u0161 Michek<\/a><\/span>, architekt a&nbsp;projektant<\/li>\n<li><span style=\"text-decoration: underline;\"><a href=\"https:\/\/libcickekrizovatky.cz\/?p=14500#PS\">Petr Sch\u00f6nfeld<\/a><\/span>, novin\u00e1\u0159<\/li>\n<li><span style=\"text-decoration: underline;\"><a href=\"https:\/\/libcickekrizovatky.cz\/?p=14500#RT\">Radim Tobolka<\/a><\/span>, vzd\u011bl\u00e1n\u00edm etnolog a&nbsp;l\u00e9ka\u0159, povol\u00e1n\u00edm st\u00e1tn\u00ed \u00fa\u0159edn\u00edk<\/li>\n<li><span style=\"text-decoration: underline;\"><a href=\"https:\/\/libcickekrizovatky.cz\/?p=14511#KS\">Krist\u00fdna Sedl\u00e1\u010dkov\u00e1<\/a><\/span>, architektka<\/li>\n<li><span style=\"text-decoration: underline;\"><a href=\"https:\/\/libcickekrizovatky.cz\/?p=14511#PT\">Pavel To\u010d\u00edk<\/a><\/span>, projektant pozemn\u00edch staveb<\/li>\n<li><span style=\"text-decoration: underline;\"><a href=\"https:\/\/libcickekrizovatky.cz\/?p=14511#AHN\">Andrea Hoffman Ne\u010dasov\u00e1<\/a><\/span>, galeristka, majitelka galerie arto.to v&nbsp;Uheln\u00e9m ml\u00fdn\u011b<\/li>\n<li><span style=\"text-decoration: underline;\"><a href=\"https:\/\/libcickekrizovatky.cz\/?p=14636#LZ\">Lenka Zv\u011bd\u011bl\u00edkov\u00e1<\/a><\/span>, architektka<\/li>\n<li><span style=\"text-decoration: underline;\"><a href=\"https:\/\/libcickekrizovatky.cz\/?p=14636#KF\">Krist\u00fdna Flenderov\u00e1<\/a><\/span>, v\u00fdtvarnice, realitn\u00ed makl\u00e9\u0159ka<\/li>\n<\/ul>\n<h5 style=\"text-align: center;\">Sledujte n\u00e1\u0161 web &#8211; odpov\u011bdi budeme zve\u0159ej\u0148ovat v&nbsp;pr\u016fb\u011bhu n\u00e1sleduj\u00edc\u00edch t\u0159\u00ed dn\u016f!<\/h5>\n<p><span style=\"color: #ffffff;\">.<\/span>  <\/p>\n","protected":false},"excerpt":{"rendered":"<p>Lib\u010dice nad Vltavou vznikly spojen\u00edm t\u0159\u00ed vesnic &#8211; Ch\u00fdnova, Letek a&nbsp;Lib\u010dic. M\u011bstem byly jmenov\u00e1ny \u010dtvrt stolet\u00ed pot\u00e9, v&nbsp;roce 1948. Nen\u00ed proto p\u0159ekvapiv\u00e9, \u017ee nemaj\u00ed klasickou m\u011bstskou z\u00e1stavbu a&nbsp;jedno p\u0159irozen\u00e9 centrum &#8211; a&nbsp;nemaj\u00ed ani opravdov\u00e9 n\u00e1m\u011bst\u00ed. V&nbsp;posledn\u00edch m\u011bs\u00edc\u00edch se z&nbsp;radnice oz\u00fdv\u00e1 n\u00e1zor, \u017ee\u00a0bychom si n\u00e1m\u011bst\u00ed, kter\u00e9 bezesporu ke v\u011bt\u0161in\u011b m\u011bst pat\u0159\u00ed, m\u011bli um\u011ble vytvo\u0159it.<\/p>\n","protected":false},"author":10,"featured_media":0,"comment_status":"open","ping_status":"open","sticky":false,"template":"","format":"standard","meta":[],"categories":[4],"tags":[400,757,835,781],"_links":{"self":[{"href":"https:\/\/libcickekrizovatky.cz\/index.php?rest_route=\/wp\/v2\/posts\/14466"}],"collection":[{"href":"https:\/\/libcickekrizovatky.cz\/index.php?rest_route=\/wp\/v2\/posts"}],"about":[{"href":"https:\/\/libcickekrizovatky.cz\/index.php?rest_route=\/wp\/v2\/types\/post"}],"author":[{"embeddable":true,"href":"https:\/\/libcickekrizovatky.cz\/index.php?rest_route=\/wp\/v2\/users\/10"}],"replies":[{"embeddable":true,"href":"https:\/\/libcickekrizovatky.cz\/index.php?rest_route=%2Fwp%2Fv2%2Fcomments&post=14466"}],"version-history":[{"count":43,"href":"https:\/\/libcickekrizovatky.cz\/index.php?rest_route=\/wp\/v2\/posts\/14466\/revisions"}],"predecessor-version":[{"id":14696,"href":"https:\/\/libcickekrizovatky.cz\/index.php?rest_route=\/wp\/v2\/posts\/14466\/revisions\/14696"}],"wp:attachment":[{"href":"https:\/\/libcickekrizovatky.cz\/index.php?rest_route=%2Fwp%2Fv2%2Fmedia&parent=14466"}],"wp:term":[{"taxonomy":"category","embeddable":true,"href":"https:\/\/libcickekrizovatky.cz\/index.php?rest_route=%2Fwp%2Fv2%2Fcategories&post=14466"},{"taxonomy":"post_tag","embeddable":true,"href":"https:\/\/libcickekrizovatky.cz\/index.php?rest_route=%2Fwp%2Fv2%2Ftags&post=14466"}],"curies":[{"name":"wp","href":"https:\/\/api.w.org\/{rel}","templated":true}]}}