{"id":14481,"date":"2017-04-03T14:38:10","date_gmt":"2017-04-03T12:38:10","guid":{"rendered":"http:\/\/libcickekrizovatky.cz\/?p=14481"},"modified":"2017-04-04T10:34:58","modified_gmt":"2017-04-04T08:34:58","slug":"anketa-k-rozvoji-libcic-dil-1","status":"publish","type":"post","link":"https:\/\/libcickekrizovatky.cz\/?p=14481","title":{"rendered":"Anketa k&nbsp;rozvoji Lib\u010dic &#8211; d\u00edl 1."},"content":{"rendered":"<p><img loading=\"lazy\" style=\"float: left; margin: 10px;\" src=\"https:\/\/libcickekrizovatky.cz\/content\/uploads\/2017\/04\/anketa1-1.jpg\" alt=\"Anketa k rozvoji Lib\u010dic\" width=\"221\" height=\"113\" \/>V tomto d\u00edle ankety odpov\u00eddaj\u00ed:<\/p>\n<ul>\n<li>\n<h6><span style=\"text-decoration: underline;\"><a href=\"https:\/\/libcickekrizovatky.cz\/?p=14481#PP\">Petra Pele\u0161kov\u00e1<\/a><\/span>, stavebn\u00ed in\u017een\u00fdrka, zastupitelka za LOS<\/h6>\n<\/li>\n<li>\n<h6><span style=\"text-decoration: underline;\"><a href=\"https:\/\/libcickekrizovatky.cz\/?p=14481#P\u010c\">Petr \u010ces\u00e1k<\/a><\/span>, IT, sportovec, aktivn\u00ed \u010dlen Sokola Lib\u010dice<\/h6>\n<\/li>\n<li>\n<h6><span style=\"text-decoration: underline;\"><a href=\"https:\/\/libcickekrizovatky.cz\/?p=14481#P\u0160\">Petr \u0160ikola<\/a><\/span>, architekt, v&nbsp;Lib\u010dic\u00edch \u017eije 2 roky<\/h6>\n<\/li>\n<\/ul>\n<p><!--more--><br \/>\n<span style=\"color: #ffffff;\">.<\/span><\/p>\n<div class=\"alert alert-info\">\n<h5>Ot\u00e1zky, kter\u00e9 jsme polo\u017eili:<\/h5>\n<ol>\n<li>N\u00e1m\u011bst\u00ed b\u00fdv\u00e1 centrem obce, Lib\u010dice klasick\u00e9 n\u00e1m\u011bst\u00ed nemaj\u00ed. Pot\u0159ebujeme (pot\u0159ebuj\u00ed) jej? Kde by podle v\u00e1s m\u011blo b\u00fdt? Jak by mohlo vypadat a&nbsp;k&nbsp;\u010demu by m\u011blo slou\u017eit?<\/li>\n<li>Co Lib\u010dic\u00edm z&nbsp;va\u0161eho pohledu \u00a0chyb\u00ed, do \u010deho by se m\u011blo investovat, co by se m\u011blo zm\u011bnit, zlep\u0161it, doplnit, roz\u0161\u00ed\u0159it?<\/li>\n<li>Radnice v&nbsp;prosinci p\u0159edstavila studii &#8220;<a href=\"https:\/\/libcickekrizovatky.cz\/content\/uploads\/2017\/02\/Studie_Mestsky_dum.pdf\"><span style=\"text-decoration: underline;\">M\u011bstsk\u00fd d\u016fm s&nbsp;n\u00e1m\u011bst\u00edm<\/span><\/a>.&#8221; Vid\u011bli jste ji? Jak se v\u00e1m l\u00edb\u00ed?<\/li>\n<\/ol>\n<\/div>\n<hr \/>\n<h3 id=\"PP\">Petra Pele\u0161kov\u00e1, stavebn\u00ed in\u017een\u00fdrka, zastupitelka za LOS<\/h3>\n<h5 style=\"padding-left: 30px;\">Lib\u010dic\u00edm chyb\u00ed d\u016fstojn\u00fd p\u0159\u00edjezd v&nbsp;podstat\u011b ze v\u0161ech mo\u017en\u00fdch sm\u011br\u016f<\/h5>\n<ol>\n<li><strong>N\u00e1m\u011bst\u00ed b\u00fdv\u00e1 centrem obce, Lib\u010dice klasick\u00e9 n\u00e1m\u011bst\u00ed nemaj\u00ed. Pot\u0159ebujeme (pot\u0159ebuj\u00ed) jej? Kde by podle v\u00e1s m\u011blo b\u00fdt? Jak by mohlo vypadat a&nbsp;k&nbsp;\u010demu by m\u011blo slou\u017eit?<\/strong>\n<ul>\n<li>N\u00e1m\u011bst\u00ed s&nbsp;kostelem, ka\u0161nou, morov\u00fdm sloupem t\u011b\u017eko v&nbsp;lib\u010dick\u00fdch podm\u00ednk\u00e1ch vybudujeme, ale prostor s&nbsp;parkovou \u00fapravou a&nbsp;velmi opatrn\u011b volenou mo\u017enost\u00ed parkov\u00e1n\u00ed, kde by se mohl ob\u010das konat trh, by zde b\u00fdt mohl. Dne\u0161n\u00ed absence skute\u010dn\u00e9ho n\u00e1m\u011bst\u00ed zp\u016fsobuje, \u017ee Lib\u010dice na prvn\u00ed pohled jako m\u011bsto nep\u016fsob\u00ed, by\u0165 se to m\u00edstn\u00edm nemus\u00ed l\u00edbit. N\u00e1m\u011bst\u00ed je v\u00fdrazn\u00fd sceluj\u00edc\u00ed a&nbsp;zklid\u0148uj\u00edc\u00ed prvek v&nbsp;z\u00e1stavb\u011b a&nbsp;v&nbsp;r\u00e1mci m\u011bsta jich m\u016f\u017ee b\u00fdt i&nbsp;v\u00edc, z\u00e1le\u017e\u00ed na rozlo\u017een\u00ed z\u00e1stavby v&nbsp;plo\u0161e a&nbsp;ter\u00e9nu.<br \/>\nP\u0159ednostn\u011b bych proto zva\u017eovala m\u00edsta, kter\u00e1 jsou dnes t\u0159eba i&nbsp;jen lok\u00e1ln\u00edmi, ale zato p\u0159irozen\u00fdmi centry propojen\u00fdmi se zb\u00fdvaj\u00edc\u00edmi \u010d\u00e1stmi m\u011bsta existuj\u00edc\u00edmi komunikacemi. \u010cili na ot\u00e1zku, zda Lib\u010dice pot\u0159ebuj\u00ed n\u00e1m\u011bst\u00ed \/ n\u00e1ves odpov\u00edd\u00e1m, \u017ee ano, ale u\u017e je vlastn\u011b maj\u00ed, v&nbsp;p\u016fvodn\u00ed z\u00e1stavb\u011b Letek, Lib\u010dic a&nbsp;Ch\u00fdnova, a&nbsp;\u017ee je nutn\u00e9 p\u0159edev\u0161\u00edm tato m\u00edsta d\u00e1le zvelebovat. Teprve pot\u00e9 bychom m\u011bli bedliv\u011b zva\u017eovat, kde by mohlo vzniknout jak\u00e9si &#8220;velk\u00e9&#8221; n\u00e1m\u011bst\u00ed. To, zda lze prostranstv\u00ed od koupali\u0161t\u011b k&nbsp;\u00fa\u0159adu, dnes naz\u00fdvan\u00e9 N\u00e1m\u011bst\u00edm Svobody, p\u0159etvo\u0159it na lidmi aktivn\u011b vyu\u017e\u00edvan\u00fd prostor, je \u00fakol pro zku\u0161en\u00e9 architekty, stejn\u011b jako ot\u00e1zka, jak by m\u011bl tento celek vypadat. Samotn\u00e1 k\u0159i\u017eovatka p\u0159ed \u00fa\u0159adem v\u0161ak k&nbsp;tomuto \u00fa\u010delu dle m\u00e9ho n\u00e1zoru vhodn\u00e1 nen\u00ed, vhodn\u011bj\u0161\u00ed je sp\u00ed\u0161 prostor sm\u011brem k&nbsp;Libu\u0161in\u011b ulici u&nbsp;b\u00fdval\u00e9 Star\u00e9 \u0161koly, stranou hlavn\u00ed silnice.<\/li>\n<\/ul>\n<\/li>\n<\/ol>\n<ol start=\"2\">\n<li><strong>Co Lib\u010dic\u00edm z&nbsp;va\u0161eho pohledu \u00a0chyb\u00ed, do \u010deho by se m\u011blo investovat, co by se m\u011blo zm\u011bnit, zlep\u0161it, doplnit, roz\u0161\u00ed\u0159it?<\/strong>\n<ul>\n<li>Vezmu-li to trochu, vlastn\u011b doslova od lesa, Lib\u010dic\u00edm chyb\u00ed d\u016fstojn\u00fd p\u0159\u00edjezd v&nbsp;podstat\u011b ze v\u0161ech mo\u017en\u00fdch sm\u011br\u016f, \u010dili kvalitn\u00ed silnice s&nbsp;dobr\u00fdm zna\u010den\u00edm. Bohu\u017eel zde je pot\u0159eba jednat s&nbsp;krajem jako jejich vlastn\u00edkem. D\u00e1le mi velmi sch\u00e1z\u00ed p\u0159\u00edm\u00e9 propojen\u00ed m\u011bsta s&nbsp;\u0159ekou, \u017eeleznice je st\u00e1le velkou bari\u00e9rou.<br \/>\nPostr\u00e1d\u00e1m dostate\u010dnou prostupnost cel\u00e9ho \u00fazem\u00ed p\u011b\u0161\u00edmi cestami, a\u0165 u\u017e do okoln\u00edch obc\u00ed, nebo pod\u00e9l Vltavy pod \u0161roub\u00e1rnou a\u017e do Letek, ale i&nbsp;krat\u0161\u00ed propojen\u00ed Ch\u00fdnova s&nbsp;Letkami. Zm\u011bnit by se m\u011bl pohled na parkov\u00e1n\u00ed ve m\u011bst\u011b. Postr\u00e1d\u00e1m mo\u017enost bezpe\u010dn\u00e9ho \/ chr\u00e1n\u011bn\u00e9ho odkl\u00e1d\u00e1n\u00ed j\u00edzdn\u00edch kol u&nbsp;n\u00e1dra\u017e\u00ed i&nbsp;jinde ve m\u011bst\u011b.<br \/>\nLib\u010dick\u00e9 \u0161kole po&nbsp;celou dobu jej\u00ed existence chyb\u00ed vlastn\u00ed t\u011blocvi\u010dna. Je skv\u011bl\u00e9, \u017ee m\u00e1me ve m\u011bst\u011b aspo\u0148 Sokolovnu, ale ta dnes ji\u017e bohu\u017eel nem\u016f\u017ee v\u0161echny pot\u0159eby v\u00fduky zajistit. V&nbsp;obecn\u00e9 rovin\u011b mi ve m\u011bst\u011b sch\u00e1z\u00ed koncepce a&nbsp;sm\u011br rozvoje, abychom v\u011bd\u011bli, co m\u016f\u017eeme v&nbsp;p\u0159\u00ed\u0161t\u00edch letech o\u010dek\u00e1vat.<br \/>\nS&nbsp;t\u00edm souvis\u00ed i&nbsp;to, \u017ee nevid\u00edm nic, co by m\u011bsto skute\u010dn\u011b charakterizovalo, co by lidem v&nbsp;pam\u011bti z\u016fstalo, kdy\u017e se \u0159ekne Lib\u010dice, resp. aby to nebyl jen vysok\u00fd \u0161roub\u00e1rensk\u00fd kom\u00edn. Nejprve bychom ale m\u011bli investovat \u010das na p\u0159\u00edpravu z\u00e1m\u011br\u016f, a&nbsp;teprve po&nbsp;d\u016fkladn\u00e9m zv\u00e1\u017een\u00ed pen\u00edze. Dobr\u00e1 p\u0159\u00edprava a&nbsp;rozvaha se v\u017edy vypl\u00e1c\u00ed.<\/li>\n<\/ul>\n<\/li>\n<\/ol>\n<ol start=\"3\">\n<li><strong>Radnice v&nbsp;prosinci p\u0159edstavila studii &#8220;<a href=\"https:\/\/libcickekrizovatky.cz\/content\/uploads\/2017\/02\/Studie_Mestsky_dum.pdf\"><span style=\"text-decoration: underline;\">M\u011bstsk\u00fd d\u016fm s&nbsp;n\u00e1m\u011bst\u00edm<\/span><\/a>.&#8221;<br \/>\nVid\u011bli jste ji? Jak se v\u00e1m l\u00edb\u00ed?<\/strong><\/p>\n<ul>\n<li>Studii m\u011bstsk\u00e9ho domu zn\u00e1m, z\u00fa\u010dastnila jsem se prezentace n\u00e1vrhu b\u011bhem jedn\u00e1n\u00ed zastupitelstva. I&nbsp;kdy\u017e se domn\u00edv\u00e1m, \u017ee je d\u016fm z&nbsp;vn\u011bj\u0161ku celkem l\u00edbiv\u00fd, nepat\u0159\u00ed do z\u00e1stavby Lib\u010dic, sp\u00ed\u0161 se hod\u00ed do blokov\u00e9 z\u00e1stavby v\u011bt\u0161\u00edho m\u011bsta. Pozemky vybran\u00e9 pro v\u00fdstavbu m\u011bstsk\u00e9ho domu znemo\u017e\u0148uj\u00ed do budoucna dal\u0161\u00ed rozvoj, proto\u017ee sev\u0159enost mezi dv\u011bma dal\u0161\u00edmi domy je pevn\u011b dan\u00e1. Jednalo by se v&nbsp;podstat\u011b o&nbsp;z\u00e1stavbu proluky. Um\u00edst\u011bn\u00ed m\u011bstsk\u00e9ho domu se spole\u010densk\u00fdm s\u00e1lem pro a\u017e 170 osob mezi obytn\u00e9 domy pova\u017euji za ne\u0161\u0165astn\u00e9 \u0159e\u0161en\u00ed. Provoz spole\u010densk\u00e9ho s\u00e1lu i&nbsp;p\u0159es ve\u0161kerou snahu o&nbsp;dobr\u00e9 zvl\u00e1dnut\u00ed opat\u0159en\u00ed proti p\u0159enosu zvuku mezi budovami m\u016f\u017ee potenci\u00e1ln\u011b ru\u0161it pohodu bydlen\u00ed v&nbsp;sousedn\u00edch domech.<br \/>\nNejv\u011bt\u0161\u00ed nedostatky ale vid\u00edm v&nbsp;\u00fapln\u00e9 absenci voln\u00e9ho prostranstv\u00ed, kter\u00e9 bych v&nbsp;okol\u00ed takov\u00e9 ve\u0159ejn\u00e9 budovy o\u010dek\u00e1vala. Voln\u00fd prostor nejl\u00e9pe s&nbsp;parkovou \u00fapravou umo\u017en\u00ed v\u011bt\u0161\u00ed variabilitu vyu\u017eit\u00ed stavby, po\u0159\u00e1d\u00e1n\u00ed akc\u00ed na p\u0159ilehl\u00fdch venkovn\u00edch ploch\u00e1ch i&nbsp;bezpe\u010dn\u00fd pohyb n\u00e1v\u0161t\u011bvn\u00edk\u016f. N\u00e1vrh m\u011bstsk\u00e9ho domu se tak\u00e9 v\u016fbec nezab\u00fdv\u00e1 parkov\u00e1n\u00edm aut p\u0159i&nbsp;velk\u00fdch spole\u010densk\u00fdch akc\u00edch. Se stavbou souvis\u00ed i&nbsp;n\u00e1vrh \u00fapravy hlavn\u00ed k\u0159i\u017eovatky v&nbsp;centru m\u011bsta mezi ulicemi Ch\u00fdnovsk\u00e1, Leteck\u00e1 a&nbsp;5.&nbsp;kv\u011btna. P\u0159edkl\u00e1dan\u00e9 plo\u0161n\u00e9 vyv\u00fd\u0161en\u00ed st\u00e1vaj\u00edc\u00ed komunikace pova\u017euji za nevhodn\u00e9. Nejde jen o&nbsp;t\u011b\u017ekou n\u00e1kladn\u00ed dopravu, kter\u00e1 tudy denn\u011b proj\u00ed\u017ed\u00ed do are\u00e1lu \u0161roub\u00e1ren, a&nbsp;kter\u00e1 by drncala p\u0159es n\u00e1jezdy a&nbsp;sjezdy, ale i&nbsp;to, \u017ee se vizu\u00e1ln\u011b odstran\u00ed rozd\u00edl mezi prostorem pro auta a&nbsp;pro p\u011b\u0161\u00ed a&nbsp;zejm\u00e9na pro chodce se tak stane m\u00e9n\u011b bezpe\u010dn\u00fdm.<\/li>\n<\/ul>\n<\/li>\n<\/ol>\n<hr \/>\n<h3 id=\"P\u010c\">Petr \u010ces\u00e1k, sportovec, aktivn\u00ed \u010dlen Sokola Lib\u010dice<\/h3>\n<h5 style=\"padding-left: 30px;\">Lib\u010dice nemaj\u00ed p\u0159edev\u0161\u00edm dobr\u00e9 slu\u017eby. Z&nbsp;pohledu Sokola nejv\u00edce v&nbsp;Lib\u010dic\u00edch chyb\u00ed multifunk\u010dn\u00ed hala s&nbsp;p\u0159esahem do kulturn\u00ed oblasti<\/h5>\n<ol>\n<li><strong>N\u00e1m\u011bst\u00ed b\u00fdv\u00e1 centrem obce, Lib\u010dice klasick\u00e9 n\u00e1m\u011bst\u00ed nemaj\u00ed. Pot\u0159ebujeme (pot\u0159ebuj\u00ed) jej? Kde by podle v\u00e1s m\u011blo b\u00fdt? Jak by mohlo vypadat a&nbsp;k&nbsp;\u010demu by m\u011blo slou\u017eit?<\/strong>\n<ul>\n<li>Jak p\u00ed\u0161ete, n\u00e1m\u011bst\u00ed by m\u011blo b\u00fdt centrem m\u011bsta. Centrum m\u011bsta logicky vypl\u00fdv\u00e1 z&nbsp;um\u00edst\u011bn\u00ed budov nebo za\u0159\u00edzen\u00ed, kter\u00e9 jsou \u010dasto vyu\u017e\u00edvan\u00e9 ob\u010dany. Centrum m\u011bsta je tedy vymezeno \u010dast\u00fdm pohybem ob\u010dan\u016f. V&nbsp;centru by m\u011bly b\u00fdt situov\u00e1ny z\u00e1kladn\u00ed slu\u017eby &#8211; \u00fa\u0159ad, po\u0161ta, obchody, dopravn\u00ed spojen\u00ed, kulturn\u00ed budovy, sportovn\u00ed za\u0159\u00edzen\u00ed, atd. Centrem se m\u00edsto stane pouze p\u0159irozen\u00fdm v\u00fdvojem. Dle m\u00e9ho n\u00e1zoru nen\u00ed mo\u017en\u00e9 ur\u010dit\u00e9 m\u00edsto ozna\u010dit n\u00e1zvem centrum a&nbsp;myslet si, \u017ee se j\u00edm opravdu stane. Sp\u00ed\u0161e bych se tedy zab\u00fdval ot\u00e1zkou, jak\u00e9 jsou mo\u017enosti v\u00fdstavby \/ \u00fapravy nov\u00fdch \/ st\u00e1vaj\u00edc\u00edch za\u0159\u00edzen\u00ed, kter\u00e9 poskytuj\u00ed v\u00fd\u0161e uveden\u00e9 slu\u017eby, kv\u016fli kter\u00fdm ob\u010dan\u00e9 dan\u00e9 m\u00edsto nav\u0161t\u011bvuj\u00ed. V&nbsp;Lib\u010dic\u00edch se nach\u00e1zej\u00ed uveden\u00e9 objekty pom\u011brn\u011b roztrou\u0161en\u00e9 na v\u011bt\u0161\u00ed plo\u0161e. Z&nbsp;tohoto pohledu bych n\u00e1m\u011bst\u00ed jako takov\u00e9 aktu\u00e1ln\u011b ne\u0159e\u0161il.<br \/>\nV&nbsp;p\u0159\u00edpad\u011b, \u017ee by n\u00e1m\u011bst\u00ed m\u011blo vzniknout, tak mi v&nbsp;\u00favahu p\u0159ipadaj\u00ed pouze Lib\u010dice (Letky i&nbsp;Ch\u00fdnov bych vylou\u010dil). N\u00e1m\u011bst\u00ed by m\u011blo b\u00fdt d\u00e1no tak\u00e9 svou velikost\u00ed, proto mi ned\u00e1v\u00e1 smysl budovat plochu 10&#215;10 metr\u016f a&nbsp;\u0159\u00edkat tomu n\u00e1m\u011bst\u00ed. D\u00e1le by m\u011blo b\u00fdt na hlavn\u00ed dopravn\u00ed k\u0159i\u017eovatce nebo alespo\u0148 pobl\u00ed\u017e. Osobn\u011b bych se neb\u00e1l v\u00edce rozpracovat variantu vyu\u017eit\u00ed parku od n\u00e1m\u011bst\u00ed Svobody sm\u011brem ke koupali\u0161ti. Ano, je to do kopce, ale n\u011bjak\u00e9 &#8220;vtipn\u00e9&#8221; \u0159e\u0161en\u00ed by dobr\u00fd architekt ur\u010dit\u011b na\u0161el. Druh\u00e1 varianta je pracovat s&nbsp;hlavn\u00ed k\u0159i\u017eovatkou p\u0159ed m\u011bstsk\u00fdm \u00fa\u0159adem. Z\u00e1le\u017eelo by o&nbsp;jak velk\u00e9 plo\u0161e bychom se bavili.<br \/>\nN\u00e1m\u011bst\u00ed m\u00e1 slou\u017eit jako estetick\u00fd st\u0159ed m\u011bsta. M\u00e1 slou\u017eit jako shroma\u017edi\u0161t\u011b lid\u00ed (demonstrace, pochody, trhy, koncerty, atd.)<br \/>\nD\u00e1le by m\u011blo slou\u017eit jako rozcestn\u00edk k&nbsp;dal\u0161\u00edm d\u016fle\u017eit\u00fdm m\u00edst\u016fm ve m\u011bst\u011b a&nbsp;okol\u00ed. M\u011blo by b\u00fdt p\u0159irozen\u011b dostupn\u00e9 pro \u010dlov\u011bka neznal\u00e9ho m\u00edstn\u00edch pom\u011br\u016f, tzv.&nbsp;v\u0161echny cesty by m\u011bly v\u00e9st na n\u00e1m\u011bst\u00ed. P\u0159es n\u00e1m\u011bst\u00ed by asi m\u011bla v\u00e9st hlavn\u00ed silnice, cyklostezka a&nbsp;turistick\u00e1 zna\u010dka. V&nbsp;Lib\u010dic\u00edch je mo\u017en\u00e9 jako shroma\u017edi\u0161t\u011b na jednor\u00e1zov\u00e9 akce vyu\u017e\u00edt i&nbsp;jin\u00e9 lokality, nap\u0159.&nbsp;are\u00e1l Sokola, n\u00e1plavku, are\u00e1l koupali\u0161t\u011b, are\u00e1l AFK, atd. I&nbsp;z&nbsp;tohoto d\u016fvodu se domn\u00edv\u00e1m, \u017ee Lib\u010dice aktu\u00e1ln\u011b n\u00e1m\u011bst\u00ed nepot\u0159ebuj\u00ed.<\/li>\n<\/ul>\n<\/li>\n<\/ol>\n<ol start=\"2\">\n<li><strong>Co Lib\u010dic\u00edm z&nbsp;va\u0161eho pohledu \u00a0chyb\u00ed, do \u010deho by se m\u011blo investovat, co by se m\u011blo zm\u011bnit, zlep\u0161it, doplnit, roz\u0161\u00ed\u0159it?<\/strong>\n<ul>\n<li>Mysl\u00edm, \u017ee Lib\u010dice nemaj\u00ed p\u0159edev\u0161\u00edm dobr\u00e9 slu\u017eby. Z&nbsp;t\u011bch nejd\u016fle\u017eit\u011bj\u0161\u00edch bych zm\u00ednil:\n<ul>\n<li>Obchod s&nbsp;potravinami. Takov\u00fd, aby v&nbsp;n\u011bm bylo mo\u017en\u00e9 po\u0159\u00eddit st\u0159edn\u00ed a\u017e velk\u00fd n\u00e1kup se v\u0161emi z\u00e1kladn\u00edmi \u010derstv\u00fdmi potravinami &#8211; ovoce, zelenina, uzeniny, pe\u010divo, atd.<\/li>\n<li>D\u00e1le zde chyb\u00ed kvalitn\u00ed neku\u0159\u00e1ck\u00e1 restaurace, kam by bylo mo\u017en\u00e9 zaj\u00edt na dobrou ve\u010de\u0159i.<\/li>\n<li>\u0160ir\u0161\u00ed sportovn\u00ed z\u00e1zem\u00ed &#8211; posilovna, fitko, hala, sauna.<\/li>\n<li>Kulturn\u00ed z\u00e1zem\u00ed &#8211; divadlo \/ kino, efektivn\u011b vyu\u017eiteln\u00fd kulturn\u00ed d\u016fm. V\u0161e v\u0161ak z\u00e1vis\u00ed na komer\u010dn\u00ed sob\u011bsta\u010dnosti dan\u00fdch za\u0159\u00edzen\u00ed. Jak se zd\u00e1, tak pokusy byly, ale nikdy se neujaly. Ot\u00e1zkou je, do jak\u00e9 m\u00edry byly spr\u00e1vn\u011b realizov\u00e1ny. Jsou tedy oblasti, kter\u00e9 by se m\u011bly realizovat komer\u010dn\u011b &#8211; obchody a&nbsp;oblasti, kde by se m\u011blo pod\u00edlet m\u011bsto<\/li>\n<li>Sport, kultura. Z&nbsp;tohoto pohledu se mi jev\u00ed jako dobr\u00e1 varianta efektivn\u00ed slou\u010den\u00ed sportu a&nbsp;kultury do jedn\u00e9 budovy. Vybudov\u00e1n\u00ed multifunk\u010dn\u00ed haly se z\u00e1zem\u00edm pro kulturn\u00ed akce. Pr\u00e1v\u011b tomuto projektu se aktu\u00e1ln\u011b v\u011bnujeme a&nbsp;r\u00e1di bychom na\u0161i p\u0159edstavu v&nbsp;prav\u00fd okam\u017eik prezentovali. M\u011blo by tak vzniknout m\u00edsto, kde se budou realizovat jak sportovn\u00ed, tak i&nbsp;kulturn\u00ed akce. Nem\u016f\u017eu tedy nic jin\u00e9ho ne\u017e konstatovat, \u017ee z&nbsp;pohledu Sokola nejv\u00edce v&nbsp;Lib\u010dic\u00edch chyb\u00ed multifunk\u010dn\u00ed hala s&nbsp;p\u0159esahem do kulturn\u00ed oblasti.<\/li>\n<\/ul>\n<\/li>\n<\/ul>\n<\/li>\n<\/ol>\n<ol start=\"3\">\n<li><strong>Radnice v&nbsp;prosinci p\u0159edstavila studii &#8220;<a href=\"https:\/\/libcickekrizovatky.cz\/content\/uploads\/2017\/02\/Studie_Mestsky_dum.pdf\"><span style=\"text-decoration: underline;\">M\u011bstsk\u00fd d\u016fm s&nbsp;n\u00e1m\u011bst\u00edm<\/span><\/a>.&#8221;<br \/>\nVid\u011bli jste ji? Jak se v\u00e1m l\u00edb\u00ed?<\/strong><\/p>\n<ul>\n<li>Studii jsem vid\u011bl. Ka\u017edop\u00e1dn\u011b asi jen proto, \u017ee jsem zv\u00eddav\u011bj\u0161\u00ed ob\u010dan. Ur\u010dit\u011b tento n\u00e1vrh nen\u00ed dostate\u010dn\u011b komunikov\u00e1n ob\u010dan\u016fm. Nejsem zast\u00e1ncem rychl\u00fdch akc\u00ed a&nbsp;z\u00e1sadn\u00ed rozhodnut\u00ed m\u00e1m r\u00e1d podlo\u017eena fakty a&nbsp;\u010d\u00edsly. O&nbsp;takov\u00fd p\u0159\u00edpad se bohu\u017eel nejedn\u00e1. Z&nbsp;d\u016fvodu ji\u017e zm\u00edn\u011bn\u00e9ho projektu &#8220;hala&#8221; se mi tato varianta nezamlouv\u00e1. U\u017e jen proto, \u017ee \u0159e\u0161\u00ed pr\u00e1v\u011b pouze kulturn\u00ed oblast. \u0158e\u0161en\u00ed mi p\u0159ijde kr\u00e1tkozrak\u00e9. Z&nbsp;n\u00e1vrhu nech\u00e1pu, o&nbsp;jak\u00e9 n\u00e1m\u011bst\u00ed se jedn\u00e1, z&nbsp;m\u00e9ho pohledu takto n\u00e1m\u011bst\u00ed nevypad\u00e1. Nezd\u00e1 se mi ani varianta v\u00fdkupu budov pro jejich n\u00e1sledn\u00e9 zbour\u00e1n\u00ed. Ur\u010dit\u011b existuj\u00ed jin\u00e9 varianty, jak s&nbsp;n\u00e1m\u011bst\u00edm nalo\u017eit. Pevn\u011b v\u011b\u0159\u00edm, \u017ee studie M\u011bstsk\u00fd d\u016fm s&nbsp;n\u00e1m\u011bst\u00edm p\u016fjde k&nbsp;ledu a&nbsp;otev\u0159e se prostor pro koncep\u010dn\u00ed \u0159e\u0161en\u00ed ot\u00e1zky sportu a&nbsp;kultury v&nbsp;Lib\u010dic\u00edch. Tady bychom pak r\u00e1di sehr\u00e1li z\u00e1sadn\u00ed roli.<\/li>\n<\/ul>\n<\/li>\n<\/ol>\n<hr \/>\n<h3 id=\"P\u0160\">Petr \u0160ikola, architekt, v&nbsp;Lib\u010dic\u00edch \u017eije\u00a03 roky<\/h3>\n<h5 style=\"padding-left: 30px;\">Sta\u0148me se sou\u010d\u00e1st\u00ed cyklistick\u00fdch tras<\/h5>\n<ol>\n<li><strong>N\u00e1m\u011bst\u00ed b\u00fdv\u00e1 centrem obce, Lib\u010dice klasick\u00e9 n\u00e1m\u011bst\u00ed nemaj\u00ed. Pot\u0159ebujeme (pot\u0159ebuj\u00ed) jej? Kde by podle v\u00e1s m\u011blo b\u00fdt? Jak by mohlo vypadat a&nbsp;k&nbsp;\u010demu by m\u011blo slou\u017eit?<\/strong>\n<ul>\n<li>V Lib\u010dic\u00edch existuj\u00ed sp\u00ed\u0161e ne\u017e n\u00e1m\u011bst\u00ed jednotliv\u00e1 (ve\u0159ejn\u00e1) prostranstv\u00ed, jsou v\u0161ak bohu\u017eel vyu\u017e\u00edv\u00e1na pro dopravn\u00ed \u00fa\u010dely \u2013 k\u0159i\u017eovatky automobilov\u00e9 dopravy. P\u0159imlouval bych se za preferenci a&nbsp;roz\u0161\u00ed\u0159en\u00ed p\u011b\u0161\u00edch ploch, dl\u00e1\u017ed\u011bn\u00e9 povrchy, zele\u0148, zklidn\u011bnou dopravu. Nemus\u00ed j\u00edt v\u017edy jen o&nbsp;n\u00e1m\u011bst\u00ed.<\/li>\n<\/ul>\n<\/li>\n<\/ol>\n<ol start=\"2\">\n<li><strong>Co Lib\u010dic\u00edm z&nbsp;va\u0161eho pohledu \u00a0chyb\u00ed, do \u010deho by se m\u011blo investovat, co by se m\u011blo zm\u011bnit, zlep\u0161it, doplnit, roz\u0161\u00ed\u0159it?<\/strong>\n<ul>\n<li>Jako jedine\u010dnou p\u0159\u00edle\u017eitost m\u011bsta vn\u00edm\u00e1m mo\u017enost st\u00e1t se sou\u010d\u00e1st\u00ed rekrea\u010dn\u00edch cyklistick\u00fdch tras pod\u00e9l Vltavy, vznikl by tak prostor pro nov\u00e9 p\u0159\u00edle\u017eitosti \u2013 nov\u00e1 m\u00edsta zastaven\u00ed pro cyklisty i&nbsp;p\u011b\u0161\u00ed, ubytov\u00e1n\u00ed, dal\u0161\u00ed navazuj\u00edc\u00ed slu\u017eby, zatraktivn\u011bn\u00ed m\u011bsta pro p\u0159\u00edpadn\u00e9 nov\u00e9 obyvatele. Je to jist\u011b zn\u00e1m\u00e9 t\u00e9ma, nevid\u00edm v\u0161ak, \u017ee by jej n\u011bkdo podporoval jako t\u00e9ma z\u00e1sadn\u00ed. P\u0159\u00edle\u017eitost je z\u00e1rove\u0148 rizikem &#8211; pokud m\u011bsto z\u00e1m\u011br neprosad\u00ed a&nbsp;v&nbsp;budoucnu by m\u011bla cyklotrasa v\u00e9st po&nbsp;prot\u011bj\u0161\u00edm b\u0159ehu, pak se Lib\u010dice ocitnou zcela mimo d\u011bn\u00ed.<\/li>\n<\/ul>\n<\/li>\n<\/ol>\n<ol start=\"3\">\n<li><strong>Radnice v&nbsp;prosinci p\u0159edstavila studii &#8220;<a href=\"https:\/\/libcickekrizovatky.cz\/content\/uploads\/2017\/02\/Studie_Mestsky_dum.pdf\"><span style=\"text-decoration: underline;\">M\u011bstsk\u00fd d\u016fm s&nbsp;n\u00e1m\u011bst\u00edm<\/span><\/a>.&#8221;<br \/>\nVid\u011bli jste ji? Jak se v\u00e1m l\u00edb\u00ed?<\/strong><\/p>\n<ul>\n<li>\u00davahy o&nbsp;zklidn\u011bn\u00ed dopravy a&nbsp;zobytn\u011bn\u00ed n\u00e1m\u011bst\u00ed jsou vedeny spr\u00e1vn\u00fdm sm\u011brem, bude t\u0159eba rozpracov\u00e1n\u00ed do konkr\u00e9tn\u011bj\u0161\u00edch \u0159e\u0161en\u00ed. Samotn\u00fd objekt &#8220;M\u011bstsk\u00e9ho domu&#8221; je sp\u00ed\u0161e konceptem, a\u010dkoliv p\u0159in\u00e1\u0161\u00ed do centra zaj\u00edmav\u00e9 aktivity, kter\u00e9 m\u00edstu chyb\u00ed, s\u00e1m o&nbsp;sob\u011b svoji hmotou n\u00e1m\u011bst\u00ed nevytv\u00e1\u0159\u00ed, sv\u00fdm \u0159e\u0161en\u00edm mne p\u0159\u00edli\u0161 neoslovuje. M\u011bstsk\u00fd d\u016fm by m\u011bl sv\u00fdm architektonick\u00fdm \u0159e\u0161en\u00edm vhodn\u011b zapadnout do organismu m\u011bsta, bude zde p\u0159eci jen slou\u017eit sv\u00e9mu \u00fa\u010delu mnoho desetilet\u00ed. Doporu\u010dil bych v&nbsp;dal\u0161\u00ed f\u00e1zi oslovit ve vyzvan\u00e9 sout\u011b\u017ei &#8211; dle referenc\u00ed &#8211; \u00fazkou skupinu vybran\u00fdch architekt\u016f &#8211; do\u010dkali bychom se jist\u011b p\u011bkn\u00e9ho v\u00fdsledku.<\/li>\n<\/ul>\n<\/li>\n<\/ol>\n<hr \/>\n<h5 style=\"text-align: right;\">Pokra\u010dov\u00e1n\u00ed ji\u017e z\u00edtra!<\/h5>\n<p><span style=\"color: #ffffff;\">.<\/span>  <\/p>\n","protected":false},"excerpt":{"rendered":"<p>V tomto d\u00edle ankety odpov\u00eddaj\u00ed: Petra Pele\u0161kov\u00e1, stavebn\u00ed in\u017een\u00fdrka, zastupitelka za LOS Petr \u010ces\u00e1k, IT, sportovec, aktivn\u00ed \u010dlen Sokola Lib\u010dice Petr \u0160ikola, architekt, v&nbsp;Lib\u010dic\u00edch \u017eije 2 roky<\/p>\n","protected":false},"author":10,"featured_media":0,"comment_status":"open","ping_status":"open","sticky":false,"template":"","format":"standard","meta":[],"categories":[1],"tags":[400,758,467,835,781],"_links":{"self":[{"href":"https:\/\/libcickekrizovatky.cz\/index.php?rest_route=\/wp\/v2\/posts\/14481"}],"collection":[{"href":"https:\/\/libcickekrizovatky.cz\/index.php?rest_route=\/wp\/v2\/posts"}],"about":[{"href":"https:\/\/libcickekrizovatky.cz\/index.php?rest_route=\/wp\/v2\/types\/post"}],"author":[{"embeddable":true,"href":"https:\/\/libcickekrizovatky.cz\/index.php?rest_route=\/wp\/v2\/users\/10"}],"replies":[{"embeddable":true,"href":"https:\/\/libcickekrizovatky.cz\/index.php?rest_route=%2Fwp%2Fv2%2Fcomments&post=14481"}],"version-history":[{"count":41,"href":"https:\/\/libcickekrizovatky.cz\/index.php?rest_route=\/wp\/v2\/posts\/14481\/revisions"}],"predecessor-version":[{"id":14650,"href":"https:\/\/libcickekrizovatky.cz\/index.php?rest_route=\/wp\/v2\/posts\/14481\/revisions\/14650"}],"wp:attachment":[{"href":"https:\/\/libcickekrizovatky.cz\/index.php?rest_route=%2Fwp%2Fv2%2Fmedia&parent=14481"}],"wp:term":[{"taxonomy":"category","embeddable":true,"href":"https:\/\/libcickekrizovatky.cz\/index.php?rest_route=%2Fwp%2Fv2%2Fcategories&post=14481"},{"taxonomy":"post_tag","embeddable":true,"href":"https:\/\/libcickekrizovatky.cz\/index.php?rest_route=%2Fwp%2Fv2%2Ftags&post=14481"}],"curies":[{"name":"wp","href":"https:\/\/api.w.org\/{rel}","templated":true}]}}