{"id":14496,"date":"2017-04-04T08:00:23","date_gmt":"2017-04-04T06:00:23","guid":{"rendered":"http:\/\/libcickekrizovatky.cz\/?p=14496"},"modified":"2017-04-04T10:17:48","modified_gmt":"2017-04-04T08:17:48","slug":"anketa-k-rozvoji-libcic-dil-2","status":"publish","type":"post","link":"https:\/\/libcickekrizovatky.cz\/?p=14496","title":{"rendered":"Anketa k&nbsp;rozvoji Lib\u010dic \u2013 d\u00edl 2."},"content":{"rendered":"<p><img loading=\"lazy\" style=\"float: right; margin: 10px;\" src=\"https:\/\/libcickekrizovatky.cz\/content\/uploads\/2017\/04\/anketa3.jpg\" alt=\"Anketa k rozvoji Lib\u010dic\" width=\"200\" height=\"113\" \/>V tomto d\u00edle ankety odpov\u00eddaj\u00ed:<\/p>\n<ul>\n<li>\n<h6><span style=\"text-decoration: underline;\"><a href=\"https:\/\/libcickekrizovatky.cz\/?p=14496#KP\">Karel Pr\u00e1\u0161il,<\/a><\/span> architekt \u017eij\u00edc\u00ed v&nbsp;Lib\u010dic\u00edch<\/h6>\n<\/li>\n<li>\n<h6><span style=\"text-decoration: underline;\"><a href=\"https:\/\/libcickekrizovatky.cz\/?p=14496#PN\">Petr Nov\u00fd,<\/a><\/span> archeolog z&nbsp;lib\u010dick\u00e9ho pracovi\u0161t\u011b St\u0159edo\u010desk\u00e9ho muzea Roztoky<\/h6>\n<\/li>\n<li>\n<h6><span style=\"text-decoration: underline;\"><a href=\"https:\/\/libcickekrizovatky.cz\/?p=14496#M\u0160\">Martin \u0160imon,<\/a><\/span> sociolog, analytik<\/h6>\n<\/li>\n<\/ul>\n<p><!--more--><\/p>\n<div class=\"alert alert-info\">\n<h5>Ot\u00e1zky, kter\u00e9 jsme polo\u017eili:<\/h5>\n<ol>\n<li>N\u00e1m\u011bst\u00ed b\u00fdv\u00e1 centrem obce, Lib\u010dice klasick\u00e9 n\u00e1m\u011bst\u00ed nemaj\u00ed. Pot\u0159ebujeme (pot\u0159ebuj\u00ed) jej? Kde by podle v\u00e1s m\u011blo b\u00fdt? Jak by mohlo vypadat a&nbsp;k&nbsp;\u010demu by m\u011blo slou\u017eit?<\/li>\n<li>Co Lib\u010dic\u00edm z&nbsp;va\u0161eho pohledu chyb\u00ed, do \u010deho by se m\u011blo investovat, co by se m\u011blo zm\u011bnit, zlep\u0161it, doplnit, roz\u0161\u00ed\u0159it?<\/li>\n<li>Radnice v&nbsp;prosinci p\u0159edstavila studii &#8220;<a href=\"https:\/\/libcickekrizovatky.cz\/content\/uploads\/2017\/02\/Studie_Mestsky_dum.pdf\"><span style=\"text-decoration: underline;\">M\u011bstsk\u00fd d\u016fm s&nbsp;n\u00e1m\u011bst\u00edm<\/span><\/a>.&#8221; Vid\u011bli jste ji? Jak se v\u00e1m l\u00edb\u00ed?<\/li>\n<\/ol>\n<\/div>\n<hr \/>\n<h3 id=\"KP\">Karel Pr\u00e1\u0161il, architekt \u017eij\u00edc\u00ed v&nbsp;Lib\u010dic\u00edch<\/h3>\n<h5 style=\"padding-left: 30px;\">P\u0159\u00edle\u017eitost pro rozvoj Lib\u010dic vid\u00edm v&nbsp;zapojen\u00ed are\u00e1lu \u0161roub\u00e1rny do struktury m\u011bsta<\/h5>\n<ol>\n<li><strong>N\u00e1m\u011bst\u00ed b\u00fdv\u00e1 centrem obce, Lib\u010dice klasick\u00e9 n\u00e1m\u011bst\u00ed nemaj\u00ed. Pot\u0159ebujeme (pot\u0159ebuj\u00ed) jej? Kde by podle v\u00e1s m\u011blo b\u00fdt? Jak by mohlo vypadat a&nbsp;k&nbsp;\u010demu by m\u011blo slou\u017eit?<\/strong>\n<ul>\n<li>Ot\u00e1zka n\u00e1m\u011bst\u00ed, p\u0159\u00edpadn\u011b jin\u00e9 formy ve\u0159ejn\u00e9ho prostoru v&nbsp;centru m\u011bsta je slo\u017eit\u00e1 a&nbsp;m\u011bla by b\u00fdt \u0159e\u0161ena urbanistickou stud\u00ed \u0161ir\u0161\u00edho centra. Vzhledem ke sv\u00e9 n\u00e1ro\u010dnosti by m\u011bla b\u00fdt tato studie sv\u011b\u0159ena renomovan\u00fdm architekt\u016fm.<\/li>\n<\/ul>\n<\/li>\n<\/ol>\n<ol start=\"2\">\n<li><strong>Co Lib\u010dic\u00edm z&nbsp;va\u0161eho pohledu chyb\u00ed, do \u010deho by se m\u011blo investovat, co by se m\u011blo zm\u011bnit, zlep\u0161it, doplnit, roz\u0161\u00ed\u0159it?<\/strong>\n<ul>\n<li>P\u0159\u00edle\u017eitost pro rozvoj Lib\u010dic vid\u00edm p\u0159edev\u0161\u00edm v&nbsp;zapojen\u00ed are\u00e1lu \u0161roub\u00e1rny do struktury m\u011bsta. Are\u00e1l le\u017e\u00ed ve strategick\u00e9 poloze mezi m\u011bstem a&nbsp;\u0159ekou a&nbsp;obsahuje cenn\u00e9 pam\u00e1tky industri\u00e1ln\u00ed architektury. Jeho zp\u0159\u00edstupn\u011bn\u00edm a&nbsp;dopln\u011bn\u00edm lze z\u00edskat v\u00fdznamnou rozvojovou plochu. Sou\u010dasn\u011b se m\u011bsto dostane do atraktivn\u011bj\u0161\u00edho kontaktu s&nbsp;\u0159ekou. Dal\u0161\u00ed potenci\u00e1l rozvoje Lib\u010dic m\u016f\u017ee le\u017eet v&nbsp;napojen\u00ed m\u011bsta na cyklistickou stezku Dr\u00e1\u017e\u010fany \u2013 Praha. Lze p\u0159edpokl\u00e1dat, \u017ee turistick\u00fd v\u00fdznam t\u00e9to trasy bude nad\u00e1le r\u016fst.<\/li>\n<\/ul>\n<\/li>\n<\/ol>\n<ol start=\"3\">\n<li><strong> Radnice v&nbsp;prosinci p\u0159edstavila studii &#8220;<a href=\"https:\/\/libcickekrizovatky.cz\/content\/uploads\/2017\/02\/Studie_Mestsky_dum.pdf\"><span style=\"text-decoration: underline;\">M\u011bstsk\u00fd d\u016fm s&nbsp;n\u00e1m\u011bst\u00edm<\/span><\/a>.&#8221;<br \/>\nVid\u011bli jste ji? Jak se v\u00e1m l\u00edb\u00ed?<\/strong><\/p>\n<ul>\n<li><span style=\"font-weight: 400;\">Studii jsem vid\u011bl, bohu\u017eel bez znalosti zad\u00e1n\u00ed. L\u00edb\u00ed se mi idea vytvo\u0159en\u00ed ve\u0159ejn\u00e9ho prostoru i&nbsp;za cenu demolice m\u011bn\u011b cenn\u00fdch staveb. Nicm\u00e9n\u011b si mysl\u00edm, \u017ee studie pr\u00e1v\u011b v&nbsp;tomto selh\u00e1v\u00e1. Nov\u00e9 n\u00e1m\u011bst\u00ed nevytv\u00e1\u0159\u00ed a&nbsp;st\u00e1vaj\u00edc\u00ed upravuje pouze esteticky. Za diskutabiln\u00ed tak\u00e9 pova\u017euji um\u00edst\u011bn\u00ed domu se s\u00e1lem v&nbsp;ohybu k\u0159i\u017eovatky bez pot\u0159ebn\u00e9 rozptylov\u00e9 plochy p\u0159ed domem.<\/span><\/li>\n<\/ul>\n<\/li>\n<\/ol>\n<hr \/>\n<h3 id=\"PN\">Petr Nov\u00fd, archeolog z&nbsp;lib\u010dick\u00e9ho pracovi\u0161t\u011b St\u0159edo\u010desk\u00e9ho muzea Roztoky<\/h3>\n<h5 style=\"padding-left: 30px;\">Je t\u0159eba rozb\u00edt silni\u010dn\u00ed smy\u010dku<\/h5>\n<ol>\n<li><strong>N\u00e1m\u011bst\u00ed b\u00fdv\u00e1 centrem obce, Lib\u010dice klasick\u00e9 n\u00e1m\u011bst\u00ed nemaj\u00ed. Pot\u0159ebujeme (pot\u0159ebuj\u00ed) jej? Kde by podle v\u00e1s m\u011blo b\u00fdt? Jak by mohlo vypadat a&nbsp;k&nbsp;\u010demu by m\u011blo slou\u017eit?<\/strong>\n<ul>\n<li>M\u011bsto nepro\u0161lo p\u0159i&nbsp;sv\u00e9m vzniku tradi\u010dn\u00edm procesem, kdy jeho centrum bylo uzp\u016fsobeno kon\u00e1n\u00ed trh\u016f a&nbsp;mo\u017enosti shroma\u017e\u010fov\u00e1n\u00ed obyvatel. Tento nedostatek se mohl vy\u0159e\u0161it p\u0159i&nbsp;slou\u010den\u00ed Lib\u010dic s&nbsp;Letkami. Nestalo se tak, centrum obsadila k\u0159i\u017eovatka, kter\u00e1, dle m\u00e9ho, je a&nbsp;bude k\u0159i\u017eovatkou. Na stran\u011b druh\u00e9 zde ji\u017e n\u00e1m\u011bst\u00ed (Svobody) existuje, vznikl\u00e9 dle &#8220;st\u0159edov\u011bk\u00fdch princip\u016f&#8221; roz\u0161\u00ed\u0159en\u00edm p\u0159\u00edstupov\u00e9 cesty do Lib\u010dic. Le\u017e\u00ed v&nbsp;ose m\u011bsta a&nbsp;na k\u0159i\u017eovatku navazuje.<\/li>\n<\/ul>\n<\/li>\n<\/ol>\n<ol start=\"2\">\n<li><strong>Co Lib\u010dic\u00edm z&nbsp;va\u0161eho pohledu chyb\u00ed, do \u010deho by se m\u011blo investovat, co by se m\u011blo zm\u011bnit, zlep\u0161it, doplnit, roz\u0161\u00ed\u0159it?<\/strong>\n<ul>\n<li>Lib\u010dice trp\u00ed Prahou a&nbsp;sousedn\u00edmi Kralupy, stejn\u011b tak i&nbsp;svou polohou na konci cesty, kter\u00e1 nikam nepokra\u010duje, ale vrac\u00ed se zp\u011bt. Cht\u011blo by to tuto pomyslnou silni\u010dn\u00ed smy\u010dku rozb\u00edt, nab\u00eddnout a&nbsp;zatraktivnit dal\u0161\u00ed sm\u011bry cestov\u00e1n\u00ed p\u0159i&nbsp;\u0159ece a&nbsp;p\u0159es \u0159eku tak, aby se m\u011bsto stalo k\u0159i\u017eovatkou a&nbsp;nebylo jen odbo\u010dkou ze silnice Praha &#8211; Kralupy. Velk\u00fdm probl\u00e9mem pro rozv\u00edjej\u00edc\u00ed m\u011bsto je p\u00edskovna. P\u0159eru\u0161ila p\u016fvodn\u00ed p\u0159\u00edstup do m\u011bsta a&nbsp;nevytv\u00e1\u0159\u00ed m\u011bstu dobrou kulisu. Na n\u00e1m\u011bst\u00ed by m\u011blo b\u00fdt mo\u017en\u00e9 zaparkovat a&nbsp;hlavn\u011b se dob\u0159e naj\u00edst a&nbsp;nap\u00edt. Ka\u017ed\u00e9 m\u011bsto m\u00e1 m\u00edt i&nbsp;kav\u00e1rnu\/cukr\u00e1rnu. Myslel bych tak\u00e9 na seniory, l\u00edb\u00ed se mi odpo\u010dinkov\u00e9 kouty s&nbsp;lavi\u010dkami a&nbsp;mo\u017enostmi venkovn\u00edch her a&nbsp;relaxace.<\/li>\n<\/ul>\n<\/li>\n<\/ol>\n<ol start=\"3\">\n<li><strong>Radnice v&nbsp;prosinci p\u0159edstavila studii &#8220;<a href=\"https:\/\/libcickekrizovatky.cz\/content\/uploads\/2017\/02\/Studie_Mestsky_dum.pdf\"><span style=\"text-decoration: underline;\">M\u011bstsk\u00fd d\u016fm s&nbsp;n\u00e1m\u011bst\u00edm<\/span><\/a>.&#8221;<br \/>\nVid\u011bli jste ji? Jak se v\u00e1m l\u00edb\u00ed?<\/strong><\/p>\n<ul>\n<li>Studie se mi velmi l\u00edb\u00ed, ale nedok\u00e1\u017eu se zbavit dojmu, \u017ee p\u016fjde o&nbsp;zaj\u00edmav\u00fd d\u016fm na k\u0159i\u017eovatce.<\/li>\n<\/ul>\n<\/li>\n<\/ol>\n<hr \/>\n<h3 id=\"M\u0160\">Martin \u0160imon, sociolog, p\u0159\u00edle\u017eitostn\u00fd analytik<\/h3>\n<h5 style=\"padding-left: 30px;\">M\u011bli bychom p\u0159em\u00fd\u0161let o&nbsp;tom, jak d\u011blat v\u011bci kvalitn\u011bji<\/h5>\n<ol>\n<li><strong>N\u00e1m\u011bst\u00ed b\u00fdv\u00e1 centrem obce, Lib\u010dice klasick\u00e9 n\u00e1m\u011bst\u00ed nemaj\u00ed. Pot\u0159ebujeme (pot\u0159ebuj\u00ed) jej? Kde by podle v\u00e1s m\u011blo b\u00fdt? Jak by mohlo vypadat a&nbsp;k&nbsp;\u010demu by m\u011blo slou\u017eit?<\/strong>\n<ul>\n<li>Lib\u010dice jsou de facto t\u0159i vesnice, tak\u017ee by m\u011bly m\u00edt t\u0159i n\u00e1vsi, na kter\u00e9 m\u00edstn\u00ed b\u011bhem p\u00e1r minut dojdou p\u011b\u0161ky. V&nbsp;Lib\u010dic\u00edch jako n\u00e1ves funguje troj\u00faheln\u00edk n\u00e1dra\u017e\u00ed &#8211; potraviny &#8211; \u0161kola, v&nbsp;Letk\u00e1ch dvojice n\u00e1ves &#8211; n\u00e1dra\u017e\u00ed, na Ch\u00fdnov\u011b je m\u00edsto n\u00e1vsi lavi\u010dka u&nbsp;hospody. Historicko-morfologicky a&nbsp;konfigurac\u00ed ter\u00e9nu maj\u00ed sou\u010dasn\u00e9 Lib\u010dice tvar podkovy, tak\u017ee popula\u010dn\u00ed t\u011b\u017ei\u0161t\u011b obce, kde obvykle b\u00fdv\u00e1 n\u00e1m\u011bst\u00ed, le\u017e\u00ed mimo zastav\u011bnou oblast. Je tedy nesmysl lp\u011bt na idee klasick\u00e9ho n\u00e1m\u011bst\u00ed, sp\u00ed\u0161e je pot\u0159eba se kriticky zamyslet nad sou\u010dasn\u00fdmi (a&nbsp;budouc\u00edmi) ve\u0159ejn\u00fdmi prostory v&nbsp;na\u0161ich t\u0159ech vesnic\u00edch a&nbsp;zkvalitnit je tak, aby plnily funkci n\u00e1vsi, to jest poskytovaly p\u0159\u00edle\u017eitosti k&nbsp;potk\u00e1v\u00e1n\u00ed. Nejv\u011bt\u0161\u00ed deficit vid\u00edm v&nbsp;tomto ohledu na Ch\u00fdnov\u011b, kde dostala p\u0159ed lidmi p\u0159ednost auta a&nbsp;kde je \u0161patn\u00e1 s\u00ed\u0165 komunikac\u00ed. Situace v&nbsp;Letk\u00e1ch je te\u010f nep\u0159ehledn\u00e1, m\u011bsto zde do zna\u010dn\u00e9 m\u00edry na tvorbu ve\u0159ejn\u00e9ho prostoru rezignovalo a&nbsp;nechalo ji v&nbsp;rukou developera. V&nbsp;Lib\u010dic\u00edch jako n\u00e1ves funguje n\u00e1dra\u017e\u00ed a&nbsp;fronta u&nbsp;obchod\u016f, prostor pro klidn\u00fd st\u0159ed m\u011bsta by se nab\u00edzel sm\u011brem do Libu\u0161iny ulice, ale tam jsou op\u011bt jen auta. V&nbsp;minulosti tam bylo hodn\u011b nemovitost\u00ed k&nbsp;prodeji, tj.&nbsp;byla \u0161ance propojit prostor s&nbsp;parkovi\u0161t\u011bm u&nbsp;n\u00e1dra\u017e\u00ed a&nbsp;z\u00edskat m\u00edsto pro n\u00e1m\u011bst\u00ed, ale chyb\u011bla k&nbsp;tomu koncepce a&nbsp;dlouhodob\u00e9 uva\u017eov\u00e1n\u00ed.<br \/>\nSp\u00ed\u0161 ne\u017e absence &#8220;n\u00e1m\u011bst\u00ed&#8221; mne tr\u00e1p\u00ed absence p\u011b\u0161\u00edch tras v&nbsp;prostoru okolo m\u011bsta na oby\u010dejn\u00e9 proch\u00e1zen\u00ed se. Silnice okolo m\u011bsta jsou \u00fazk\u00e9, \u0161ikm\u00e9, nep\u0159ehledn\u00e9, a&nbsp;pro auta, tj.&nbsp;nic vhodn\u00e9ho na proch\u00e1zen\u00ed. P\u0159itom by sta\u010dilo ud\u011blat kus od cesty stezku nebo zalo\u017eit alej se stromy. Chyt\u0159ej\u0161\u00ed obce okolo Prahy si d\u016fle\u017eitost ochrany ve\u0159ejn\u00fdch a&nbsp;odpo\u010dinkov\u00fdch ploch pro kvalitu \u017eivota obyvatel uv\u011bdomuj\u00ed, tj.&nbsp;maj\u00ed t\u0159eba zna\u010den\u00e9 proch\u00e1zkov\u00e9 trasy po&nbsp;okol\u00ed sv\u00e9 obce mimo silnice. Zeptejte se jich, jak se jim l\u00edb\u00ed. Ned\u011bln\u00ed &#8220;fronta&#8221; proch\u00e1zej\u00edc\u00edch se od n\u00e1plavky ke zdymadlu nazna\u010duje, \u017ee v&nbsp;Lib\u010dic\u00edch tyto trasy chyb\u00ed.<\/li>\n<\/ul>\n<\/li>\n<\/ol>\n<ol start=\"2\">\n<li><strong>Co Lib\u010dic\u00edm z&nbsp;va\u0161eho pohledu chyb\u00ed, do \u010deho by se m\u011blo investovat, co by se m\u011blo zm\u011bnit, zlep\u0161it, doplnit, roz\u0161\u00ed\u0159it?<\/strong>\n<ul>\n<li>Lib\u010dic\u00edm podle m\u00e9ho soudu nic extra z\u00e1sadn\u00edho nechyb\u00ed. Probl\u00e9m nen\u00ed v&nbsp;kvantit\u011b infrastruktury, ale v&nbsp;jej\u00ed kvalit\u011b. Nem\u011bli bychom si vym\u00fd\u0161let dal\u0161\u00ed nesmysly jako rozmazlen\u00fd fracek v&nbsp;hra\u010dk\u00e1rn\u011b, ale m\u011bli bychom p\u0159em\u00fd\u0161let o&nbsp;tom, jak d\u011blat v\u011bci kvalitn\u011bji. Postavit dal\u0161\u00ed \u0161unty um\u00ed ka\u017edy moula, ale zm\u011bnit sou\u010dasn\u00fd stav na kvalitn\u011bj\u0161\u00ed je to, co bychom m\u011bli cht\u00edt. Ano, m\u00e1me chodn\u00edky, ale v&nbsp;\u0159ad\u011b ulic jsou moc \u00fazk\u00e9 (Ch\u00fdnovsk\u00e1), n\u011bkde zase nesmysln\u011b \u0161ikm\u00e9 (Zahradn\u00ed), n\u011bkde na sebe v\u016fbec nenavazuj\u00ed (H\u0159bitovn\u00ed), atd. Ano, m\u00e1me v\u00e1no\u010dn\u00ed v\u00fdzdobu na lamp\u00e1ch, ale vypad\u00e1 jako z&nbsp;v\u00fdkupu vy\u0159azen\u00fdch ozdob stejn\u011b jako lampy samotn\u00e9. Ano, m\u00e1me n\u00e1dra\u017e\u00ed, ale peron je pln\u00fd vajgl\u016f a&nbsp;okoln\u00ed prostory pln\u00e9 pohozen\u00fdch odpadk\u016f. Ano, m\u00e1me n\u00e1plavku, ale st\u00e1le na n\u00ed nic nen\u00ed. Ano, m\u00e1me vyasfaltovan\u00e9 ulice, ale bez zelen\u00fdch pruh\u016f tr\u00e1vy na okraj\u00edch jsou jaksi hnusn\u00e9. Ano, m\u00e1me koupali\u0161t\u011b, ale bu\u010f zeje pr\u00e1zdnotou nebo kvete jako Br\u010d\u00e1ln\u00edk. Ano, prodali jsme pozemky pro \u0161pit\u00e1l, ale po\u0159\u00e1d tam roste jenom plevel. V&nbsp;Lib\u010dic\u00edch by se m\u011blo investovat do \u0159e\u0161en\u00ed dlouhodob\u00fdch infrastrukturn\u00edch probl\u00e9m\u016f, kter\u00e9 nejde \u0159e\u0161it ad hoc, respektive, kter\u00e9 vy\u017eaduj\u00ed v\u011bt\u0161\u00ed finan\u010dn\u00ed investici. Nap\u0159.&nbsp;nebezpe\u010dn\u00e9 \u00faseky v&nbsp;H\u0159bitovn\u00ed a&nbsp;Vltavsk\u00e9, j\u00e1ma na koupali\u0161ti, policie u&nbsp;\u0161kolky, okol\u00ed are\u00e1lu \u0161roub\u00e1rny, k\u0159i\u017eovatka Na zabit\u00e9m, m\u011bstsk\u00fd bytov\u00fd fond, kryt\u00e9 parkov\u00e1n\u00ed na Saha\u0159e, ch\u00e1traj\u00edc\u00ed objekty (obchod v&nbsp;Letk\u00e1ch), kotelna na Saha\u0159e, atd.<\/li>\n<\/ul>\n<\/li>\n<\/ol>\n<ol start=\"3\">\n<li><strong>Radnice v&nbsp;prosinci p\u0159edstavila studii &#8220;<a href=\"https:\/\/libcickekrizovatky.cz\/content\/uploads\/2017\/02\/Studie_Mestsky_dum.pdf\"><span style=\"text-decoration: underline;\">M\u011bstsk\u00fd d\u016fm s&nbsp;n\u00e1m\u011bst\u00edm<\/span><\/a>.&#8221;<br \/>\nVid\u011bli jste ji? Jak se v\u00e1m l\u00edb\u00ed?<\/strong><\/p>\n<ul>\n<li>Vizualizaci jsem vid\u011bl na webu, docela se mi graficky l\u00edbila. Ale pak jsem si vzpomn\u011bl, \u017ee jednu radnici u\u017e m\u00e1me na druh\u00e9 stran\u011b k\u0159i\u017eovatky. \u017de bychom pot\u0159ebovali dv\u011b radnice, jako to m\u00e1 Evropsk\u00e1 unie? Nebo dv\u011b mauzolea, jako to m\u00e1 Lenin? Taky jsem si potom uv\u011bdomil, \u017ee se m\u011b nikdo neptal, jestli chci platit za druhou radnici. Za stejn\u00e9 pen\u00edze by \u0161lo m\u00edt popelnice zadarmo asi 5 let, co\u017e by pravideln\u011b pot\u011b\u0161ilo rozpo\u010det ka\u017ed\u00e9 lib\u010dick\u00e9 dom\u00e1cnosti. Rad\u011bji bych dal pen\u00edze obyvatel\u016fm Lib\u010dic, ne\u017e sponzoroval bohat\u00e9 stavebn\u00ed firmy.<\/li>\n<\/ul>\n<\/li>\n<\/ol>\n<hr \/>\n<h5 style=\"text-align: right;\">Dal\u0161\u00ed pokra\u010dov\u00e1n\u00ed ji\u017e dnes ve\u010der!<\/h5>\n","protected":false},"excerpt":{"rendered":"<p>V tomto d\u00edle ankety odpov\u00eddaj\u00ed: Karel Pr\u00e1\u0161il, architekt \u017eij\u00edc\u00ed v&nbsp;Lib\u010dic\u00edch Petr Nov\u00fd, archeolog z&nbsp;lib\u010dick\u00e9ho pracovi\u0161t\u011b St\u0159edo\u010desk\u00e9ho muzea Roztoky Martin \u0160imon, sociolog, analytik<\/p>\n","protected":false},"author":10,"featured_media":0,"comment_status":"open","ping_status":"open","sticky":false,"template":"","format":"standard","meta":[],"categories":[4,1],"tags":[400,758,467,835,781],"_links":{"self":[{"href":"https:\/\/libcickekrizovatky.cz\/index.php?rest_route=\/wp\/v2\/posts\/14496"}],"collection":[{"href":"https:\/\/libcickekrizovatky.cz\/index.php?rest_route=\/wp\/v2\/posts"}],"about":[{"href":"https:\/\/libcickekrizovatky.cz\/index.php?rest_route=\/wp\/v2\/types\/post"}],"author":[{"embeddable":true,"href":"https:\/\/libcickekrizovatky.cz\/index.php?rest_route=\/wp\/v2\/users\/10"}],"replies":[{"embeddable":true,"href":"https:\/\/libcickekrizovatky.cz\/index.php?rest_route=%2Fwp%2Fv2%2Fcomments&post=14496"}],"version-history":[{"count":19,"href":"https:\/\/libcickekrizovatky.cz\/index.php?rest_route=\/wp\/v2\/posts\/14496\/revisions"}],"predecessor-version":[{"id":14648,"href":"https:\/\/libcickekrizovatky.cz\/index.php?rest_route=\/wp\/v2\/posts\/14496\/revisions\/14648"}],"wp:attachment":[{"href":"https:\/\/libcickekrizovatky.cz\/index.php?rest_route=%2Fwp%2Fv2%2Fmedia&parent=14496"}],"wp:term":[{"taxonomy":"category","embeddable":true,"href":"https:\/\/libcickekrizovatky.cz\/index.php?rest_route=%2Fwp%2Fv2%2Fcategories&post=14496"},{"taxonomy":"post_tag","embeddable":true,"href":"https:\/\/libcickekrizovatky.cz\/index.php?rest_route=%2Fwp%2Fv2%2Ftags&post=14496"}],"curies":[{"name":"wp","href":"https:\/\/api.w.org\/{rel}","templated":true}]}}