{"id":14500,"date":"2017-04-04T16:30:28","date_gmt":"2017-04-04T14:30:28","guid":{"rendered":"http:\/\/libcickekrizovatky.cz\/?p=14500"},"modified":"2017-04-04T13:51:40","modified_gmt":"2017-04-04T11:51:40","slug":"anketa-k-rozvoji-libcic-dil-3","status":"publish","type":"post","link":"https:\/\/libcickekrizovatky.cz\/?p=14500","title":{"rendered":"Anketa k&nbsp;rozvoji Lib\u010dic \u2013 d\u00edl 3."},"content":{"rendered":"<p><img loading=\"lazy\" style=\"float: left; margin: 10px;\" src=\"https:\/\/libcickekrizovatky.cz\/content\/uploads\/2017\/04\/anketa3-1.jpg\" alt=\"Anketa k rozvoji Lib\u010dic\" width=\"221\" height=\"131\" \/>V tomto d\u00edle ankety odpov\u00eddaj\u00ed:<\/p>\n<ul>\n<li>\n<h6><span style=\"text-decoration: underline;\"><a href=\"#LM\">Luk\u00e1\u0161 Michek,<\/a><\/span> samostatn\u00fd architekt a&nbsp;projektant, v&nbsp;Lib\u010dic\u00edch \u017eije od roku 2010<\/h6>\n<\/li>\n<li>\n<h6><span style=\"text-decoration: underline;\"><a href=\"#PS\">Petr Sch\u00f6nfeld,<\/a><\/span> novin\u00e1\u0159, lib\u010dick\u00fd rod\u00e1k a&nbsp;starousedl\u00edk, pam\u011btn\u00edk m\u00edstn\u00edch pom\u011br\u016f<\/h6>\n<\/li>\n<li>\n<h6><span style=\"text-decoration: underline;\"><a href=\"#RT\">Radim Tobolka,<\/a><\/span> vzd\u011bl\u00e1n\u00edm etnolog a&nbsp;l\u00e9ka\u0159, povol\u00e1n\u00edm st\u00e1tn\u00ed \u00fa\u0159edn\u00edk. V&nbsp;Lib\u010dic\u00edch bydl\u00ed s&nbsp;rodinou od roku 2009.<\/h6>\n<\/li>\n<\/ul>\n<p><!--more--><\/p>\n<div class=\"alert alert-info\">\n<h5>Ot\u00e1zky, kter\u00e9 jsme polo\u017eili:<\/h5>\n<ol>\n<li>N\u00e1m\u011bst\u00ed b\u00fdv\u00e1 centrem obce, Lib\u010dice klasick\u00e9 n\u00e1m\u011bst\u00ed nemaj\u00ed. Pot\u0159ebujeme (pot\u0159ebuj\u00ed) jej? Kde by podle v\u00e1s m\u011blo b\u00fdt? Jak by mohlo vypadat a&nbsp;k&nbsp;\u010demu by m\u011blo slou\u017eit?<\/li>\n<li>Co Lib\u010dic\u00edm z&nbsp;va\u0161eho pohledu chyb\u00ed, do \u010deho by se m\u011blo investovat, co by se m\u011blo zm\u011bnit, zlep\u0161it, doplnit, roz\u0161\u00ed\u0159it?<\/li>\n<li>Radnice v&nbsp;prosinci p\u0159edstavila studii &#8220;<a href=\"https:\/\/libcickekrizovatky.cz\/content\/uploads\/2017\/02\/Studie_Mestsky_dum.pdf\"><span style=\"text-decoration: underline;\">M\u011bstsk\u00fd d\u016fm s&nbsp;n\u00e1m\u011bst\u00edm<\/span><\/a>.&#8221; Vid\u011bli jste ji? Jak se v\u00e1m l\u00edb\u00ed?<\/li>\n<\/ol>\n<\/div>\n<hr \/>\n<h3 id=\"LM\">Luk\u00e1\u0161 Michek, samostatn\u00fd architekt a&nbsp;projektant, v&nbsp;Lib\u010dic\u00edch \u017eije od roku 2010<\/h3>\n<h5 style=\"padding-left: 30px;\">Lib\u010dic\u00edm chyb\u00ed zejm\u00e9na koncepce, jasn\u00e9 stanoven\u00ed priorit<\/h5>\n<ol>\n<li><span style=\"font-weight: 400;\"><span style=\"font-weight: 400;\"> <strong>N\u00e1m\u011bst\u00ed b\u00fdv\u00e1 centrem obce, Lib\u010dice klasick\u00e9 n\u00e1m\u011bst\u00ed nemaj\u00ed. Pot\u0159ebujeme (pot\u0159ebuj\u00ed) jej? Kde by podle v\u00e1s m\u011blo b\u00fdt? Jak by mohlo vypadat a&nbsp;k&nbsp;\u010demu by m\u011blo slou\u017eit?<\/strong><\/span><\/span>\n<ul>\n<li><span style=\"font-weight: 400;\"><span style=\"font-weight: 400;\">Klasick\u00e9 n\u00e1m\u011bst\u00ed nebo n\u00e1ves je m\u00edsto, kter\u00e9 m\u00e1 slou\u017eit k&nbsp;setk\u00e1v\u00e1n\u00ed, po\u0159\u00e1d\u00e1n\u00ed kulturn\u00edch akc\u00ed, trh\u016f a&nbsp;b\u00fdt jak\u00fdmsi st\u0159edobodem (jak svou pozic\u00ed, tak i&nbsp;v\u00fdznamem) urbanistick\u00e9ho celku. Okolo n\u00e1m\u011bst\u00ed se v\u017edy soust\u0159ed\u00ed v\u00fdznamn\u00e9 m\u011bstsk\u00e9 funkce, vl\u00e1dne zde \u010dil\u00fd ruch, je zde prostor k&nbsp;relaxaci a&nbsp;vesm\u011bs se jedn\u00e1 o&nbsp;srdce ve\u0159ejn\u00e9ho \u017eivota. V&nbsp;Lib\u010dic\u00edch se pro toto m\u00edsto logicky nab\u00edz\u00ed prostor p\u0159ed radnic\u00ed. Ten je ale v&nbsp;sou\u010dasnosti sp\u00ed\u0161e dopravn\u00ed k\u0159i\u017eovatkou, ne\u017e-li dob\u0159e funguj\u00edc\u00edm ve\u0159ejn\u00fdm prostorem.<br \/>\n<\/span><\/span>Mysl\u00edm, \u017ee ka\u017ed\u00e9 m\u011bsto by m\u011blo m\u00edt sv\u016fj centr\u00e1ln\u00ed ve\u0159ejn\u00fd prostor, tedy i&nbsp;Lib\u010dice. Definovat, jak by m\u011blo m\u00edsto vypadat, jakou by m\u011blo m\u00edt n\u00e1pl\u0148 a&nbsp;sch\u00e9ma fungov\u00e1n\u00ed, je nutn\u00e9 koordinovat s&nbsp;konkr\u00e9tn\u00edmi pot\u0159ebami m\u011bsta. Ty by m\u011bly b\u00fdt op\u0159eny o&nbsp;hlub\u0161\u00ed anal\u00fdzu m\u00edsta.<br \/>\nPl\u00e1nov\u00e1n\u00ed mus\u00ed b\u00fdt \u0159e\u0161eno v&nbsp;kontextu cel\u00e9ho m\u011bsta, koncep\u010dn\u011b a&nbsp;systematicky. M\u011blo by se jednat o&nbsp;\u017eivouc\u00ed prostor, lemovan\u00fd domy, kter\u00e9 budou sv\u00fdmi funkcemi nab\u00edzet rozli\u010dn\u00e9 pob\u00eddky k&nbsp;n\u00e1v\u0161t\u011bv\u011b m\u00edsta a&nbsp;podporovat tak \u017eivot zde v&nbsp;pr\u016fb\u011bhu cel\u00e9ho dne. \u017divouc\u00ed parter m\u00edsta zajist\u00ed jedin\u011b vyv\u00e1\u017een\u00e1 kombinace slu\u017eeb, kulturn\u00edho vy\u017eit\u00ed, prostoru pro relaxaci a&nbsp;voln\u00fd pohyb chodc\u016f a&nbsp;dopravn\u00ed dostupnosti, v&nbsp;neposledn\u00ed \u0159ad\u011b pak kvalitn\u00ed zaj\u00edmav\u00e1 architektura a&nbsp;detaily. Nezbytn\u00fdm p\u0159edpokladem je zklidn\u011bn\u00ed dopravy a&nbsp;z\u00e1rove\u0148 je nutn\u00e9, aby v&nbsp;prostoru n\u00e1m\u011bst\u00ed nebyla automobilov\u00e1 doprava preferov\u00e1na p\u0159ed ostatn\u00edmi zp\u016fsoby pohybu &#8211; jako je tomu dnes.<\/li>\n<\/ul>\n<\/li>\n<\/ol>\n<ol start=\"2\">\n<li><span style=\"font-weight: 400;\"><span style=\"font-weight: 400;\"> <strong>Co Lib\u010dic\u00edm z&nbsp;va\u0161eho pohledu chyb\u00ed, do \u010deho by se m\u011blo investovat, co by se m\u011blo zm\u011bnit, zlep\u0161it, doplnit, roz\u0161\u00ed\u0159it?<\/strong><\/span><\/span>\n<ul>\n<li><span style=\"font-weight: 400;\"><span style=\"font-weight: 400;\">Lib\u010dic\u00edm chyb\u00ed zejm\u00e9na koncepce, jasn\u00e9 stanoven\u00ed priorit a&nbsp;stabiln\u00edho generelu pro rozhodov\u00e1n\u00ed v&nbsp;pl\u00e1novan\u00ed rozvoje m\u011bsta. A&nbsp;to jak z&nbsp;pohledu celom\u011bstsk\u00e9ho, region\u00e1ln\u00edho, tak i&nbsp;z&nbsp;hlediska d\u00edl\u010d\u00edch investi\u010dn\u00edch z\u00e1m\u011br\u016f, kter\u00e9 sv\u00fdm charakterem nevytv\u00e1\u0159\u00ed kvalitn\u00ed prost\u0159ed\u00ed pro m\u011bstsk\u00fd \u017eivot, ale sp\u00ed\u0161e rozm\u011bl\u0148uj\u00ed strukturu m\u011bsta. N\u011bkdy dokonce vytv\u00e1\u0159\u00ed svou nekoncep\u010dnost\u00ed bari\u00e9ry ve st\u00e1vaj\u00edc\u00ed urbanistick\u00e9 struktu\u0159e m\u011bsta.<br \/>\n<\/span><\/span>Z m\u00e9ho pohledu chyb\u00ed m\u011bstu n\u011bkdo, kdo bude db\u00e1t souvislost\u00ed, sna\u017eit se usm\u011brnit v\u00fdvoj m\u011bsta pozitivn\u00edm sm\u011brem. Jak\u00fdsi oponent investor\u016f, kritik, nez\u00e1visl\u00fd konzultant, znal\u00fd m\u00edstn\u00edch pom\u011br\u016f, s&nbsp;jasn\u00fdm, ale z\u00e1rove\u0148 rozumn\u00fdm n\u00e1zorem na v\u011bc. Tuto funkci v&nbsp;mnoh\u00fdch m\u011bstech zast\u00e1v\u00e1 m\u011bstsk\u00fd architekt, kter\u00fd se vyjad\u0159uje k&nbsp;\u0159e\u0161en\u00fdm z\u00e1m\u011br\u016fm a&nbsp;sna\u017e\u00ed se udr\u017eet jistou koncepci v\u00fdvoje a&nbsp;kvalitu prost\u0159ed\u00ed.<\/li>\n<\/ul>\n<\/li>\n<\/ol>\n<ol start=\"3\">\n<li><span style=\"font-weight: 400;\"><span style=\"font-weight: 400;\"> <strong>Radnice v&nbsp;prosinci p\u0159edstavila studii &#8220;<a href=\"https:\/\/libcickekrizovatky.cz\/content\/uploads\/2017\/02\/Studie_Mestsky_dum.pdf\"><span style=\"text-decoration: underline;\">M\u011bstsk\u00fd d\u016fm s&nbsp;n\u00e1m\u011bst\u00edm<\/span><\/a>.&#8221;<br \/>\nVid\u011bli jste ji? Jak se v\u00e1m l\u00edb\u00ed?<\/strong><\/span><\/span><\/p>\n<ul>\n<li><span style=\"font-weight: 400;\"><span style=\"font-weight: 400;\">Na prezentaci z\u00e1m\u011bru &#8220;Revitalizace N\u00e1m\u011bst\u00ed Svobody&#8221; jsem byl osobn\u011b p\u0159\u00edtomen. T\u00fdm architekt\u016f precizn\u011b a&nbsp;mysl\u00edm i&nbsp;p\u0159esn\u011b zanalyzoval fungov\u00e1n\u00ed Lib\u010dic, na\u0161el pozitiva i&nbsp;problematick\u00e1 m\u00edsta v&nbsp;celom\u011bstsk\u00e9m kontextu. Nazna\u010den\u00e1 \u0159e\u0161en\u00ed problematick\u00fdch bod\u016f ale byla sp\u00ed\u0161e form\u00e1ln\u00ed a&nbsp;patrn\u011b ani nebyla sou\u010d\u00e1st\u00ed zadan\u00e9 studie. <\/span><\/span>Mysl\u00edm, \u017ee celkov\u011b je my\u0161lenka transformace prostoru p\u0159ed m\u011bstsk\u00fdm \u00fa\u0159adem (pojmenov\u00e1n\u00ed n\u00e1m\u011bst\u00ed, kter\u00e9 by tomuto prostoru p\u0159\u00edslu\u0161elo, zat\u00edm opravdu pou\u017e\u00edt nemohu) v&nbsp;po\u0159\u00e1dku a&nbsp;je pot\u0159eba se t\u00edm zaob\u00edrat.<br \/>\nNazna\u010den\u00e9 dopravn\u00ed \u0159e\u0161en\u00ed &#8211; zklidn\u011bn\u00ed dopravy, z\u00fa\u017een\u00ed komunikac\u00ed na \u00fakor ploch pro p\u011b\u0161\u00ed u&nbsp;m\u011bstsk\u00e9ho \u00fa\u0159adu &#8211; bylo tak\u00e9 mysl\u00edm pro \u00favodn\u00ed diskusi, \u010deho je skute\u010dn\u011b pot\u0159eba dos\u00e1hnout, dobr\u00e9. Z&nbsp;architektonick\u00e9ho hlediska ale n\u00e1vrh nep\u0159in\u00e1\u0161el \u017e\u00e1dn\u00e9 v\u00fdrazn\u00e9 \u0159e\u0161en\u00ed. Jednalo se sp\u00ed\u0161e o&nbsp;koncept p\u0159e\u0159e\u0161en\u00ed dopravy, nikoliv architektonick\u00e9 pojedn\u00e1n\u00ed prostoru. Z&nbsp;prezentace jsem m\u011bl celkov\u011b dojem, \u017ee se \u0159e\u0161\u00ed v\u00edce n\u00e1vrh objektu nov\u00e9ho m\u011bstsk\u00e9ho domu, kter\u00fd intuitivn\u011b architekti navrhli, ani\u017e by m\u011bli konkr\u00e9tn\u00ed zad\u00e1n\u00ed vych\u00e1zej\u00edc\u00ed z&nbsp;konkr\u00e9tn\u00edch pot\u0159eb m\u011bsta.<br \/>\nJak sami uvedli, m\u011bli volnou ruku a&nbsp;prezentovali sv\u016fj n\u00e1zor na v\u011bc, kter\u00fdm se strefili do p\u0159edstav veden\u00ed m\u011bsta. Samotn\u00fd prostor n\u00e1m\u011bst\u00ed byl sp\u00ed\u0161e okrajov\u00fdm t\u00e9matem, p\u0159esto\u017ee by si zaslou\u017eil jist\u011b vy\u0161\u0161\u00ed prioritu ne\u017e-li objekt, u&nbsp;kter\u00e9ho se vlastn\u011b ani nev\u00ed, zda je v&nbsp;tuto chv\u00edli pot\u0159eba. To bylo vid\u011bt jak p\u0159i&nbsp;prezentaci z\u00e1m\u011bru, tak i&nbsp;b\u011bhem n\u00e1sledn\u00e9 diskuse, kter\u00e1 se v\u00edcem\u00e9n\u011b to\u010dila pouze kolem m\u011bstsk\u00e9ho domu. Nutno dodat, \u017ee n\u00e1m\u011bst\u00ed by bylo t\u0159eba \u0159e\u0161it i&nbsp;v&nbsp;kontextu navazuj\u00edc\u00edch m\u011bstsk\u00fdch prostor\u016f.<\/li>\n<\/ul>\n<\/li>\n<\/ol>\n<hr \/>\n<h3 id=\"PS\">Petr Sch\u00f6nfeld, novin\u00e1\u0159, lib\u010dick\u00fd starousedl\u00edk, pam\u011btn\u00edk m\u00edstn\u00edch pom\u011br\u016f<\/h3>\n<h5 style=\"padding-left: 30px;\">Lib\u010dice nejsou ni\u010d\u00edm zaj\u00edmav\u011b. Pomohla by t\u0159eba Marina nebo Muzeum medu<\/h5>\n<ol>\n<li><span style=\"font-weight: 400;\"><span style=\"font-weight: 400;\"><span style=\"font-weight: 400;\"><strong>N\u00e1m\u011bst\u00ed b\u00fdv\u00e1 centrem obce, Lib\u010dice klasick\u00e9 n\u00e1m\u011bst\u00ed nemaj\u00ed. Pot\u0159ebujeme (pot\u0159ebuj\u00ed) jej? Kde by podle v\u00e1s m\u011blo b\u00fdt? Jak by mohlo vypadat a&nbsp;k&nbsp;\u010demu by m\u011blo slou\u017eit?<\/strong><\/span><\/span><\/span>\n<ul>\n<li><span style=\"font-weight: 400;\"><span style=\"font-weight: 400;\"><span style=\"font-weight: 400;\">Vzhledem k&nbsp;historick\u00e9mu vzniku obce slo\u017een\u00edm ze t\u0159\u00ed \u010d\u00e1st\u00ed, jako\u017e i&nbsp;k&nbsp;vzd\u00e1lenostem, kter\u00e9 v&nbsp;Lib\u010dic\u00edch panuj\u00ed, se mi zd\u00e1 my\u0161lenka jednoho centr\u00e1ln\u00edho n\u00e1m\u011bst\u00ed myln\u00e1. Lib\u010dice jsou de facto jedna dlouh\u00e1 zat\u00e1\u010dka, jedna hlavn\u00ed ulice do jist\u00e9 m\u00edry kop\u00edruj\u00edc\u00ed morfologii.<br \/>\n\u0158e\u0161il bych sp\u00ed\u0161e dopravn\u00ed probl\u00e9my. V&nbsp;jejich r\u00e1mci bych uva\u017eoval maxim\u00e1ln\u011b o&nbsp;z\u0159\u00edzen\u00ed p\u011b\u0161\u00ed z\u00f3ny, nebo n\u011bkolika p\u011b\u0161\u00edch z\u00f3n na sebe n\u011bjak navazuj\u00edc\u00edch, kter\u00e9 by byly k&nbsp;jednotliv\u00fdm \u010d\u00e1stem obce bl\u00ed\u017ee. Na nich by mohl prob\u00edhat &#8220;\u017eivot&#8221; sp\u00ed\u0161e ne\u017e na n\u00e1m\u011bst\u00ed v&nbsp;centru, na kter\u00e9 z&nbsp;Ch\u00fdnova a&nbsp;zejm\u00e9na z&nbsp;Letek bude v\u017edy daleko. Fakticky i&nbsp;v&nbsp;p\u0159enesen\u00e9m smyslu slova. Dovedu si p\u0159edstavit kombinaci obchod\u016f, ob\u010derstven\u00ed, ale i&nbsp;nap\u0159\u00edklad h\u0159i\u0161\u0165 pro d\u011bti atd. P\u0159ipom\u00edn\u00e1m, \u017ee Lib\u010dice jsou m\u011bstem politick\u00fdm rozhodnut\u00edm, historick\u00fdm omylem. Ve v\u0161ech sm\u011brech, v\u010detn\u011b pocitu mnoha obyvatel, z\u016fst\u00e1vaj\u00ed sp\u00ed\u0161e vesnic\u00ed, vesnicemi&#8230;<\/span><\/span><\/span><\/li>\n<\/ul>\n<\/li>\n<li><strong>Co Lib\u010dic\u00edm z&nbsp;va\u0161eho pohledu chyb\u00ed, do \u010deho by se m\u011blo investovat, co by se m\u011blo zm\u011bnit, zlep\u0161it, doplnit, roz\u0161\u00ed\u0159it?<\/strong>\n<ul>\n<li>Nechci uv\u00e1d\u011bt notorick\u00e9 n\u00e1pady (hala, kino, kav\u00e1rna, s\u00e1l), o&nbsp;jejich\u017e \u017eivotaschopnosti nejsem p\u0159esv\u011bd\u010den, zejm\u00e9na proto, \u017ee nejsem p\u0159esv\u011bd\u010den o&nbsp;tom, \u017ee obyvatelstvo v\u011bt\u0161inov\u011b n\u011bco takov\u00e9ho v\u016fbec chce. Co mi chyb\u00ed, je cokoliv atraktivn\u00edho. Lib\u010dice nejsou ni\u010d\u00edm zaj\u00edmav\u00e9.<br \/>\nT\u00edm jedin\u00fdm je \u0159eka, o&nbsp;n\u00ed\u017e jsme se nijak nezaslou\u017eili. Zbudov\u00e1n\u00ed mariny, p\u0159\u00edstavi\u0161t\u011b rekrea\u010dn\u00edch lod\u00ed v&nbsp;prostoru p\u0159\u00edvozu a&nbsp;n\u00e1plavky, bych uv\u00edtal. Na tento prostor by mohlo nav\u00e1zat nap\u0159\u00edklad Muzeum medu. To se nab\u00edz\u00ed. V\u010detn\u011b praktick\u00fdch uk\u00e1zek chovu atd. spojen\u00ed s&nbsp;V\u00fdzkumn\u00fdm \u00fastavem v\u010dela\u0159sk\u00fdm na Dole, spolupr\u00e1ce se Z\u0160, v\u010dela\u0159sk\u00fd krou\u017eek atd. Krom\u011b muze\u00e1ln\u00ed a&nbsp;edukativn\u00ed slo\u017eky by tu mohla b\u00fdt i&nbsp;\u010dinnost obchodn\u00ed, prodej medu, v\u010dela\u0159sk\u00fdch produkt\u016f, knih, pom\u016fcek, bar s&nbsp;medovinou atd.<\/li>\n<\/ul>\n<\/li>\n<li><strong>Radnice v&nbsp;prosinci p\u0159edstavila studii &#8220;<a href=\"https:\/\/libcickekrizovatky.cz\/content\/uploads\/2017\/02\/Studie_Mestsky_dum.pdf\"><span style=\"text-decoration: underline;\">M\u011bstsk\u00fd d\u016fm s&nbsp;n\u00e1m\u011bst\u00edm<\/span><\/a>.&#8221;<br \/>\nVid\u011bli jste ji? Jak se v\u00e1m l\u00edb\u00ed?<\/strong><\/p>\n<ul>\n<li>Z v\u00fd\u0161e uveden\u00e9ho je patrn\u00e9, \u017ee se mi my\u0161lenka centr\u00e1ln\u00edho domu z\u00e1bavy na n\u00e1m\u011bst\u00ed nezd\u00e1. Samotn\u00fd projekt do obce nezapad\u00e1. Vytvo\u0159ila by se dal\u0161\u00ed stavba, kter\u00e1 svou dimenz\u00ed v\u00e1lcuje tradi\u010dn\u00ed venkovsk\u00fd rozm\u011br Lib\u010dic podobn\u011b jako \u00a0koupali\u0161t\u011b, Ludv\u00edk, Z\u0160, kultur\u00e1k nebo falick\u00fd kom\u00edn. To v\u0161e jsou stavby, kter\u00e9 jsou na na\u0161\u00ed obec nadm\u011brn\u00e9. \u00a0Lib\u010dice pot\u0159ebuj\u00ed \u00a0podle mne strukturovan\u011bj\u0161\u00ed s\u00eddeln\u00ed organizaci v&nbsp;detailech a&nbsp;zejm\u00e9na \u0159e\u0161en\u00ed dopravn\u00ed situace.<\/li>\n<\/ul>\n<\/li>\n<\/ol>\n<hr \/>\n<h3 id=\"RT\">Radim Tobolka, Vzd\u011bl\u00e1n\u00edm etnolog a&nbsp;l\u00e9ka\u0159, povol\u00e1n\u00edm st\u00e1tn\u00ed \u00fa\u0159edn\u00edk. V&nbsp;Lib\u010dic\u00edch bydl\u00ed s&nbsp;rodinou od roku 2009<\/h3>\n<h5 style=\"padding-left: 30px;\">Posunout do nov\u00e9ho tis\u00edcilet\u00ed by pot\u0159ebovala hlavn\u011b \u0161kola<\/h5>\n<ol>\n<li><span style=\"font-weight: 400;\"><span style=\"font-weight: 400;\"><span style=\"font-weight: 400;\"><strong>N\u00e1m\u011bst\u00ed b\u00fdv\u00e1 centrem obce, Lib\u010dice klasick\u00e9 n\u00e1m\u011bst\u00ed nemaj\u00ed. Pot\u0159ebujeme (pot\u0159ebuj\u00ed) jej? Kde by podle v\u00e1s m\u011blo b\u00fdt? Jak by mohlo vypadat a&nbsp;k&nbsp;\u010demu by m\u011blo slou\u017eit?<\/strong><\/span><\/span><\/span>\n<ul>\n<li><span style=\"font-weight: 400;\"><span style=\"font-weight: 400;\"><span style=\"font-weight: 400;\">Co je du\u0161e Lib\u010dic? Pro ka\u017ed\u00e9ho n\u011bco jin\u00e9ho, jinak ch\u00e1pou tuto du\u0161i staro- a&nbsp;novousedl\u00edci, ale pro v\u011bt\u0161inu je touto du\u0161\u00ed bezesporu \u0159eka a&nbsp;sk\u00e1ly na prot\u011bj\u0161\u00ed stran\u011b. Jestli n\u011bco Lib\u010dice pot\u0159ebuj\u00ed, pak po\u0159\u00e1dn\u00e9 n\u00e1m\u011bst\u00ed. Bez n\u00e1m\u011bst\u00ed je na\u0161e m\u011bste\u010dko jako t\u011blo bez srdce. S&nbsp;p\u011bkn\u00fdm n\u00e1m\u011bst\u00edm by z\u00edskalo sebev\u011bdom\u00ed a&nbsp;hrdost. <\/span><\/span><\/span>Um\u00edst\u011bn\u00ed n\u00e1m\u011bst\u00ed je jasn\u00e9, okol\u00ed k\u0159i\u017eovatky p\u0159ed radnic\u00ed.<br \/>\nAle jak\u00e9 n\u00e1m\u011bst\u00ed Lib\u010dice pot\u0159ebuj\u00ed? Ji\u017e n\u011bkolik let m\u00e1m v&nbsp;t\u00e9to v\u011bci jasno a&nbsp;jsem p\u0159esv\u011bd\u010den\u00fd, \u017ee Lib\u010dice mohou m\u00edt jedno z&nbsp;nejhez\u010d\u00edch n\u00e1m\u011bst\u00ed ve st\u0159edn\u00edch \u010cech\u00e1ch. Jeho j\u00e1drem by m\u011bl b\u00fdt prostor mezi radnic\u00ed, evangelick\u00fdm kostelem, farn\u00ed zahradou a&nbsp;ulic\u00ed Libu\u0161ina. Pro\u010d? Z&nbsp;nen\u00e1padn\u00e9ho d\u016fvodu, \u017ee domky v&nbsp;ulici Libu\u0161ina jsou n\u00edzk\u00e9 a&nbsp;m\u00edrn\u00fd sklon svahu umo\u017e\u0148uje pohled sm\u011brem k&nbsp;\u0159ece a&nbsp;na sk\u00e1ly na druh\u00e9m b\u0159ehu. Nav\u00edc je to pom\u011brn\u011b velk\u00fd prostor, kde se \u010dlov\u011bk m\u016f\u017ee nadechnout. Toto \u0159e\u0161en\u00ed v&nbsp;sob\u011b snoub\u00ed to nejd\u016fle\u017eit\u011bj\u0161\u00ed: du\u0161i m\u00edsta, jeho genius loci a&nbsp;architekturu. Postav\u00edte-li se na horn\u00ed okraj n\u00e1m\u011bst\u00ed, po&nbsp;prav\u00e9 ruce budete m\u00edt radnici, po&nbsp;lev\u00e9 kostel se zahradou, p\u0159ed sebou voln\u00fd ve\u0159ejn\u00fd prostor. Vzhledem k&nbsp;bl\u00edzkosti vody by se mi l\u00edbila uprost\u0159ed ka\u0161na. P\u0159es n\u00edzk\u00e9 domky na doln\u00edm konci spat\u0159\u00edte prot\u011bj\u0161\u00ed skalnatou stranu \u00fadol\u00ed. V&nbsp;kolika m\u011bstech takhle kr\u00e1sn\u00e9 centrum najdete?<br \/>\nMohu m\u00edt nespr\u00e1vn\u00e9 informace, ale pokud pan Ha\u0161ek je opravdu svoln\u00fd prodat d\u016fm, kde m\u00e1 prodejnu s&nbsp;dom\u00e1c\u00edmi pot\u0159ebami, pak tohle par\u00e1dn\u00ed \u0159e\u0161en\u00ed m\u00e1me na dosah ruky! Do katastru jsem se ned\u00edval, ale krom\u011b domu pana Ha\u0161ka je snad v&nbsp;prostoru pouze jedna dal\u0161\u00ed v\u011bt\u0161\u00ed nemovitost, kter\u00e1 nen\u00ed ve vlastnictv\u00ed m\u011bsta: b\u00fdval\u00e1 cukr\u00e1rna. Ano, t\u0159i velk\u00e9 budovy by se musely zbourat v\u010detn\u011b samoobsluhy, ale zisk by byl ohromn\u00fd: n\u00e1m\u011bst\u00ed jako z&nbsp;\u010d\u00edtanky, jeho\u017e kone\u010dn\u00e1 podoba by se b\u011bhem let postupn\u011b dotvo\u0159ila. Pokud v\u00edm, tak rada m\u011bsta pl\u00e1nuje koupit \u2013 \u0159\u00e1dov\u011b za sedm mili\u00f3n\u016f? &#8211; dv\u011b nemovitosti p\u0159es ulici od samoobsluhy, kde by r\u00e1da postavila multifunk\u010dn\u00ed m\u011bstsk\u00fd d\u016fm a&nbsp;v&nbsp;jeho okol\u00ed vytvo\u0159ila jak\u00e9si minin\u00e1m\u011bst\u00ed. J\u00e1 bych se sp\u00ed\u0161e zeptal n\u00e1jemc\u016f samoobsluhy (\u010di&nbsp;jin\u00e9ho investora), zda by si tyto nemovitosti necht\u011bli koupit sami a&nbsp;postavit si tam po\u0159\u00e1dnou samoobsluhu, tj.&nbsp;na horn\u00edm okraji budouc\u00edho po\u0159\u00e1dn\u00e9ho n\u00e1m\u011bst\u00ed. Pen\u00edze bych investoval do koup\u011b domu pana Ha\u0161ka a&nbsp;b\u00fdval\u00e9 cukr\u00e1rny. Vypsal bych architektonickou sout\u011b\u017e a&nbsp;cel\u00fd prostor bych postupn\u011b zvelebil, nebyl by sp\u011bch, sp\u011bch je te\u010f, aby p\u0159\u00edle\u017eitost neutekla.<\/li>\n<\/ul>\n<\/li>\n<\/ol>\n<ol start=\"2\">\n<li><span style=\"font-weight: 400;\"> <strong>Co Lib\u010dic\u00edm z&nbsp;va\u0161eho pohledu chyb\u00ed, do \u010deho by se m\u011blo investovat, co by se m\u011blo zm\u011bnit, zlep\u0161it, doplnit, roz\u0161\u00ed\u0159it?<\/strong><\/span>\n<ul>\n<li><span style=\"font-weight: 400;\">Lib\u010dice jsou podle m\u011b u\u017e te\u010f v\u00fdborn\u00e9 a&nbsp;nab\u00edzej\u00ed spoustu mo\u017enost\u00ed pro budouc\u00ed rozvoj. Posunout do nov\u00e9ho tis\u00edcilet\u00ed by pot\u0159ebovala hlavn\u011b \u0161kola, s&nbsp;t\u00edmto n\u00e1zorem se ji\u017e \u0159adu let neskr\u00fdv\u00e1m. Nen\u00ed pot\u0159eba se o&nbsp;tom rozepisovat, sta\u010d\u00ed sledovat str\u00e1nky povolan\u011bj\u0161\u00edch, nap\u0159.<\/span>\n<ul>\n<li><span style=\"text-decoration: underline;\"><a href=\"http:\/\/www.eduin.cz\/\"><span style=\"font-weight: 400;\">http:\/\/www.eduin.cz\/<\/span><\/a><\/span><\/li>\n<li><span style=\"text-decoration: underline;\"><a href=\"https:\/\/www.scio.cz\/perpetuum\/\"><span style=\"font-weight: 400;\">https:\/\/www.scio.cz\/perpetuum\/<\/span><\/a><\/span><\/li>\n<li><span style=\"text-decoration: underline;\"><a href=\"http:\/\/www.skutecnezdravaskola.cz\/\"><span style=\"font-weight: 400;\">http:\/\/www.skutecnezdravaskola.cz\/<\/span><\/a><\/span><\/li>\n<\/ul>\n<\/li>\n<\/ul>\n<\/li>\n<\/ol>\n<ol start=\"3\">\n<li><span style=\"font-weight: 400;\"> <strong>Radnice v&nbsp;prosinci p\u0159edstavila studii &#8220;<a href=\"https:\/\/libcickekrizovatky.cz\/content\/uploads\/2017\/02\/Studie_Mestsky_dum.pdf\"><span style=\"text-decoration: underline;\">M\u011bstsk\u00fd d\u016fm s&nbsp;n\u00e1m\u011bst\u00edm<\/span><\/a>.&#8221;<br \/>\nVid\u011bli jste ji? Jak se v\u00e1m l\u00edb\u00ed?<\/strong><\/span><\/p>\n<ul>\n<li><span style=\"font-weight: 400;\">D\u00edval jsem se p\u0159ed chv\u00edl\u00ed do z\u00e1lo\u017eky <\/span><span style=\"font-weight: 400;\"><span style=\"text-decoration: underline;\"><a href=\"http:\/\/www.libcice.cz\/mesto\/projektove-zamery.html\">www.libcice.cz\/mesto\/projektove-zamery<\/a><\/span>,\u00a0<\/span>ale doty\u010dn\u00fd projekt jsem tam nena\u0161el. Po&nbsp;zad\u00e1n\u00ed do Google mi vysko\u010dily Lib\u010dick\u00e9 noviny, kde je o&nbsp;projektu zm\u00ednka v&nbsp;textu. Pak u\u017e mi vysko\u010dily jen Lib\u010dick\u00e9 k\u0159i\u017eovatky, kde je projekt zve\u0159ejn\u011bn\u00fd, \u010dili projekt jsem si v&nbsp;rychlosti prohl\u00e9dl.<br \/>\nNa m\u011bstsk\u00e9m dom\u011b nevid\u00edm nic \u0161patn\u00e9ho, ale tento projekt n\u00e1m ned\u00e1 n\u00e1m\u011bst\u00ed, kter\u00e9 si Lib\u010dice zaslou\u017e\u00ed. Chyb\u00ed mu toti\u017e to nejd\u016fle\u017eit\u011bj\u0161\u00ed: nespojuje du\u0161i m\u011bsta s&nbsp;architektonick\u00fdm \u0159e\u0161en\u00edm. Je to jen dal\u0161\u00ed \u2013 i&nbsp;kdy\u017e fajnov\u011bj\u0161\u00ed \u2013 budova v&nbsp;m\u011bste\u010dku bez &#8220;urbanistick\u00e9ho&#8221; srdce.<br \/>\nUva\u017eoval bych \u0161\u00ed\u0159eji a&nbsp;dlouhodob\u011bji, ur\u010dit\u011b bych se nesna\u017eil v\u011bc prosadit s&nbsp;v\u011bt\u0161inou pouh\u00e9ho jednoho hlasu v&nbsp;zastupitelstvu. Sna\u017eil bych se nal\u00e9zt \u0161ir\u0161\u00ed shodu. Na horn\u00edm konci \u00a0solidn\u00edho n\u00e1m\u011bst\u00ed, kter\u00e9 jsem popsal v\u00fd\u0161e, by se ten m\u011bstsk\u00fd d\u016fm mo\u017en\u00e1 vyj\u00edmal hezky. Ale takhle bez pot\u0159ebn\u00e9 velkorysosti mi p\u0159ipad\u00e1 jako m\u00e1lo legrace za hodn\u011b pen\u011bz. Jestli je opravdu k&nbsp;prodeji d\u016fm pan Ha\u0161ka s&nbsp;dom\u00e1c\u00edmi pot\u0159ebami, \u0161el bych po&nbsp;n\u011bm. Budeme-li m\u00edt v&nbsp;centru po\u0159\u00e1dn\u00fd prostor, na m\u011bstsk\u00fd d\u016fm se tam v\u017edycky m\u00edsto najde.<\/li>\n<\/ul>\n<\/li>\n<\/ol>\n","protected":false},"excerpt":{"rendered":"<p>V tomto d\u00edle ankety odpov\u00eddaj\u00ed: Luk\u00e1\u0161 Michek, samostatn\u00fd architekt a&nbsp;projektant, v&nbsp;Lib\u010dic\u00edch \u017eije od roku 2010 Petr Sch\u00f6nfeld, novin\u00e1\u0159, lib\u010dick\u00fd rod\u00e1k a&nbsp;starousedl\u00edk, pam\u011btn\u00edk m\u00edstn\u00edch pom\u011br\u016f Radim Tobolka, vzd\u011bl\u00e1n\u00edm etnolog a&nbsp;l\u00e9ka\u0159, povol\u00e1n\u00edm st\u00e1tn\u00ed \u00fa\u0159edn\u00edk. V&nbsp;Lib\u010dic\u00edch bydl\u00ed s&nbsp;rodinou od roku 2009.<\/p>\n","protected":false},"author":10,"featured_media":0,"comment_status":"open","ping_status":"open","sticky":false,"template":"","format":"standard","meta":[],"categories":[4,1],"tags":[400,779,467,835,781],"_links":{"self":[{"href":"https:\/\/libcickekrizovatky.cz\/index.php?rest_route=\/wp\/v2\/posts\/14500"}],"collection":[{"href":"https:\/\/libcickekrizovatky.cz\/index.php?rest_route=\/wp\/v2\/posts"}],"about":[{"href":"https:\/\/libcickekrizovatky.cz\/index.php?rest_route=\/wp\/v2\/types\/post"}],"author":[{"embeddable":true,"href":"https:\/\/libcickekrizovatky.cz\/index.php?rest_route=\/wp\/v2\/users\/10"}],"replies":[{"embeddable":true,"href":"https:\/\/libcickekrizovatky.cz\/index.php?rest_route=%2Fwp%2Fv2%2Fcomments&post=14500"}],"version-history":[{"count":26,"href":"https:\/\/libcickekrizovatky.cz\/index.php?rest_route=\/wp\/v2\/posts\/14500\/revisions"}],"predecessor-version":[{"id":14624,"href":"https:\/\/libcickekrizovatky.cz\/index.php?rest_route=\/wp\/v2\/posts\/14500\/revisions\/14624"}],"wp:attachment":[{"href":"https:\/\/libcickekrizovatky.cz\/index.php?rest_route=%2Fwp%2Fv2%2Fmedia&parent=14500"}],"wp:term":[{"taxonomy":"category","embeddable":true,"href":"https:\/\/libcickekrizovatky.cz\/index.php?rest_route=%2Fwp%2Fv2%2Fcategories&post=14500"},{"taxonomy":"post_tag","embeddable":true,"href":"https:\/\/libcickekrizovatky.cz\/index.php?rest_route=%2Fwp%2Fv2%2Ftags&post=14500"}],"curies":[{"name":"wp","href":"https:\/\/api.w.org\/{rel}","templated":true}]}}