{"id":14511,"date":"2017-04-05T07:00:20","date_gmt":"2017-04-05T05:00:20","guid":{"rendered":"http:\/\/libcickekrizovatky.cz\/?p=14511"},"modified":"2017-04-05T07:57:08","modified_gmt":"2017-04-05T05:57:08","slug":"anketa-k-rozvoji-libcic-dil-4","status":"publish","type":"post","link":"https:\/\/libcickekrizovatky.cz\/?p=14511","title":{"rendered":"Anketa k&nbsp;rozvoji Lib\u010dic \u2013 d\u00edl 4."},"content":{"rendered":"<p><img loading=\"lazy\" style=\"float: right; margin: 10px;\" src=\"https:\/\/libcickekrizovatky.cz\/content\/uploads\/2017\/04\/anketa1.jpg\" alt=\"Anketa k rozvoji Lib\u010dic\" width=\"200\" height=\"113\" \/>\u00a0\u00a0 V&nbsp;toto d\u00edle ankety odpov\u00eddaj\u00ed:<\/p>\n<ul>\n<li>\n<h6><span style=\"text-decoration: underline;\"><a href=\"#KS\">Krist\u00fdna Sedl\u00e1\u010dkov\u00e1<\/a><\/span>, architektka \u017eij\u00edc\u00ed v&nbsp;Lib\u010dic\u00edch<\/h6>\n<\/li>\n<li>\n<h6><span style=\"text-decoration: underline;\"><a href=\"#PT\">Pavel To\u010d\u00edk<\/a><\/span>, projektant pozemn\u00edch staveb, v&nbsp;Lib\u010dic\u00edch \u017eije 11 let<\/h6>\n<\/li>\n<li>\n<h6><span style=\"text-decoration: underline;\"><a href=\"AHN\">Andrea Hoffman Ne\u010dasov\u00e1<\/a><\/span>, galeristka, majitelka galerie arto.to v&nbsp;Uheln\u00e9m ml\u00fdn\u011b<\/h6>\n<\/li>\n<\/ul>\n<p><!--more--><\/p>\n<div class=\"alert alert-info\">\n<h5>Ot\u00e1zky, kter\u00e9 jsme polo\u017eili:<\/h5>\n<ol>\n<li>N\u00e1m\u011bst\u00ed b\u00fdv\u00e1 centrem obce, Lib\u010dice klasick\u00e9 n\u00e1m\u011bst\u00ed nemaj\u00ed. Pot\u0159ebujeme (pot\u0159ebuj\u00ed) jej? Kde by podle v\u00e1s m\u011blo b\u00fdt? Jak by mohlo vypadat a&nbsp;k&nbsp;\u010demu by m\u011blo slou\u017eit?<\/li>\n<li>Co Lib\u010dic\u00edm z&nbsp;va\u0161eho pohledu chyb\u00ed, do \u010deho by se m\u011blo investovat, co by se m\u011blo zm\u011bnit, zlep\u0161it, doplnit, roz\u0161\u00ed\u0159it?<\/li>\n<li>Radnice v&nbsp;prosinci p\u0159edstavila studii &#8220;<a href=\"https:\/\/libcickekrizovatky.cz\/content\/uploads\/2017\/02\/Studie_Mestsky_dum.pdf\"><span style=\"text-decoration: underline;\">M\u011bstsk\u00fd d\u016fm s&nbsp;n\u00e1m\u011bst\u00edm<\/span><\/a>.&#8221; Vid\u011bli jste ji? Jak se v\u00e1m l\u00edb\u00ed?<\/li>\n<\/ol>\n<\/div>\n<hr \/>\n<h3 id=\"KS\">Krist\u00fdna Sedl\u00e1\u010dkov\u00e1, architektka \u017eij\u00edc\u00ed v&nbsp;Lib\u010dic\u00edch<\/h3>\n<h5 style=\"padding-left: 30px;\">Lib\u010dic\u00edm jednozna\u010dn\u011b chyb\u00ed sportovn\u00ed hala<\/h5>\n<ol>\n<li><strong>N\u00e1m\u011bst\u00ed b\u00fdv\u00e1 centrem obce, Lib\u010dice klasick\u00e9 n\u00e1m\u011bst\u00ed nemaj\u00ed. Pot\u0159ebujeme (pot\u0159ebuj\u00ed) jej? Kde by podle v\u00e1s m\u011blo b\u00fdt? Jak by mohlo vypadat a&nbsp;k&nbsp;\u010demu by m\u011blo slou\u017eit?<\/strong>\n<ul>\n<li>Sou\u010dasn\u00e9 hlavn\u00ed lib\u010dick\u00e9 &#8220;n\u00e1m\u011bst\u00ed&#8221; \u00a0bohu\u017eel tvo\u0159\u00ed dopravn\u00ed k\u0159i\u017eovatka, tou proch\u00e1z\u00ed hlavn\u00ed dopravn\u00ed tepny obce. P\u0159ed\u011blat tuto k\u0159i\u017eovatku na n\u00e1m\u011bst\u00ed v&nbsp;klasick\u00e9m smyslu slova nen\u00ed dle m\u00e9ho n\u00e1zoru moc vhodn\u00e9. Mysl\u00edm si v\u0161ak, \u017ee dne\u0161n\u00ed N\u00e1m\u011bst\u00ed Svobody je nedocen\u011bn\u00fdm m\u00edstem. Mohlo by se upravit a&nbsp;vytvo\u0159it z&nbsp;n\u011bj tak spole\u010densk\u00e9 centrum Lib\u010dic. Prostranstv\u00ed by mohlo slou\u017eit k&nbsp;setk\u00e1v\u00e1n\u00ed lid\u00ed a&nbsp;kon\u00e1n\u00ed r\u016fzn\u00fdch m\u011bstsk\u00fdch aktivit, jako nap\u0159\u00edklad m\u011bstsk\u00e9 trhy, atd. \u00daprava tohoto prostoru by nemusela b\u00fdt \u00a0ani nijak finan\u010dn\u011b \u00a0a technicky n\u00e1ro\u010dn\u00e1. V\u00fdhodu vid\u00edm v&nbsp;tom, \u017ee se nach\u00e1z\u00ed v&nbsp;t\u011bsn\u00e9 bl\u00edzkosti sou\u010dasn\u00e9ho centra obce.<\/li>\n<\/ul>\n<\/li>\n<\/ol>\n<ol start=\"2\">\n<li><strong>Co Lib\u010dic\u00edm z&nbsp;va\u0161eho pohledu chyb\u00ed, do \u010deho by se m\u011blo investovat, co by se m\u011blo zm\u011bnit, zlep\u0161it, doplnit, roz\u0161\u00ed\u0159it?<\/strong>\n<ul>\n<li>Lib\u010dic\u00edm jednozna\u010dn\u011b chyb\u00ed stavba pro sportovn\u00ed vy\u017eit\u00ed &#8211; sportovn\u00ed hala. Kter\u00e1 by m\u011bla b\u00fdt dostupn\u00e1 p\u0159edev\u0161\u00edm pro \u017e\u00e1ky z\u00e1kladn\u00ed \u0161koly. Tak\u00e9 dru\u017estvo h\u00e1zenk\u00e1\u0159\u016f by m\u011blo m\u00edt kone\u010dn\u011b svou halu pro dom\u00e1c\u00ed z\u00e1pasy a&nbsp;tr\u00e9ninky. D\u00e1le by se mohla l\u00e9pe vyu\u017e\u00edt n\u00e1plavka. Vzhledem k&nbsp;riziku z\u00e1plav nen\u00ed v\u00fdhodn\u00e9 sem um\u00edstit \u017e\u00e1dnou budovu, av\u0161ak sta\u010dilo by upraven\u00ed ter\u00e9nu a&nbsp;nap\u0159\u00edklad sportovn\u00ed stroje a&nbsp;brusla\u0159sk\u00e1 dr\u00e1ha. Dal\u0161\u00edm potenci\u00e1lem m\u011bsta je are\u00e1l b\u00fdval\u00e9 \u0161roub\u00e1rny.<\/li>\n<\/ul>\n<\/li>\n<\/ol>\n<ol start=\"3\">\n<li><strong>Radnice v&nbsp;prosinci p\u0159edstavila studii &#8220;<a href=\"https:\/\/libcickekrizovatky.cz\/content\/uploads\/2017\/02\/Studie_Mestsky_dum.pdf\"><span style=\"text-decoration: underline;\">M\u011bstsk\u00fd d\u016fm s&nbsp;n\u00e1m\u011bst\u00edm<\/span><\/a>.&#8221;<br \/>\nVid\u011bli jste ji? Jak se v\u00e1m l\u00edb\u00ed?<\/strong><\/p>\n<ul>\n<li>Studii jsem shl\u00e9dla, av\u0161ak detailn\u011bji jsem ji nestudovala. My\u0161lenka kulturn\u00edho komunitn\u00edho centra jako takov\u00e9ho mi p\u0159ijde zaj\u00edmav\u00e1, ale hod\u00ed se sp\u00ed\u0161e pro v\u011bt\u0161\u00ed obce ne\u017e jsou Lib\u010dice. \u0158e\u0161en\u00ed navrhovan\u00e9 ve studii je dle m\u00e9ho n\u00e1zoru drah\u00e9 a&nbsp;t\u011b\u017eko provediteln\u00e9. Nep\u0159ijde mi vhodn\u00e9 bourat st\u00e1vaj\u00edc\u00ed domy. Nemysl\u00edm si, \u017ee by zrovna takov\u00e9to nov\u00e9 centrum Lib\u010dice pot\u0159ebovaly. Logi\u010dt\u011bj\u0161\u00ed mi p\u0159ijde pro tento \u00fa\u010del vyu\u017e\u00edt, p\u0159\u00edpadn\u011b rekonstruovat st\u00e1vaj\u00edc\u00ed kulturn\u00ed za\u0159\u00edzen\u00ed m\u011bsta. Na n\u00e1vrhu se mi v\u0161ak l\u00edb\u00ed omezen\u00ed vjezdu vozidel do Libu\u0161iny ulice kolem m\u011bstsk\u00e9ho \u00fa\u0159adu a&nbsp;nahrazen\u00ed p\u011b\u0161\u00ed z\u00f3nou.<\/li>\n<\/ul>\n<\/li>\n<\/ol>\n<hr \/>\n<h3 id=\"PT\">Pavel To\u010d\u00edk, projektant pozemn\u00edch staveb, v&nbsp;Lib\u010dic\u00edch \u017eije 11 let<\/h3>\n<h5 style=\"padding-left: 30px;\">Bylo by vhodn\u00e9 l\u00e9pe vyu\u017e\u00edt are\u00e1l Sokola a&nbsp;park od Ch\u00fdnovsk\u00e9 ulice ke koupali\u0161ti<\/h5>\n<ol>\n<li><strong>N\u00e1m\u011bst\u00ed b\u00fdv\u00e1 centrem obce, Lib\u010dice klasick\u00e9 n\u00e1m\u011bst\u00ed nemaj\u00ed. Pot\u0159ebujeme (pot\u0159ebuj\u00ed) jej? Kde by podle v\u00e1s m\u011blo b\u00fdt? Jak by mohlo vypadat a&nbsp;k&nbsp;\u010demu by m\u011blo slou\u017eit?<\/strong>\n<ul>\n<li>N\u00e1m\u011bst\u00ed ve m\u011bst\u011b je dobr\u00e1 v\u011bc, pokud je ov\u0161em urbanisticky vhodn\u011b zakomponov\u00e1no do z\u00e1stavby, co\u017e ve m\u011bstech obvykle \u0159e\u0161ily p\u0159edchoz\u00ed generace. V&nbsp;Lib\u010dic\u00edch to z\u0159ejm\u011b nebyla priorita, postup v\u00fdstavby vznik tradi\u010dn\u00edho n\u00e1m\u011bst\u00ed neumo\u017enil a&nbsp;tak je to t\u0159eba dle m\u00e9ho n\u00e1zoru vn\u00edmat.<\/li>\n<\/ul>\n<\/li>\n<\/ol>\n<ol start=\"2\">\n<li><strong>Co Lib\u010dic\u00edm z&nbsp;va\u0161eho pohledu chyb\u00ed, do \u010deho by se m\u011blo investovat, co by se m\u011blo zm\u011bnit, zlep\u0161it, doplnit, roz\u0161\u00ed\u0159it?<\/strong>\n<ul>\n<li>Chyb\u00ed kvalitn\u00ed sportovi\u0161t\u011b, prostory pro d\u011bti a&nbsp;rodiny s&nbsp;d\u011btmi, v\u00edce h\u0159i\u0161\u0165 v&nbsp;klidov\u00e9 z\u00f3n\u011b, ide\u00e1ln\u011b v&nbsp;parku atd. Are\u00e1l Sokola a&nbsp;park od Ch\u00fdnovsk\u00e9 ulice ke koupali\u0161ti by bylo vhodn\u00e9 l\u00e9pe vyu\u017e\u00edt. Parkov\u00e9 prostory by mohly navazovat na \u00fapravu k\u0159i\u017eovatky, co\u017e by mohlo \u010d\u00e1ste\u010dn\u011b nahradit tolik cht\u011bn\u00e9 n\u00e1m\u011bst\u00ed. Mysl\u00edm, \u017ee je \u0161koda budovy &#8220;Ludv\u00edk&#8221;, zm\u011bna na policejn\u00ed stanici mi p\u0159ijde nevhodn\u00e1. Tato poloha a&nbsp;prostor je dost atraktivn\u00ed pro jin\u00e9 vyu\u017eit\u00ed, samoz\u0159ejm\u011b s&nbsp;ohledem na soused\u00edc\u00ed h\u0159bitov. Nezn\u00e1m ale souvislosti, t\u0159eba tento krok byl nezbytn\u00fd&#8230;<\/li>\n<\/ul>\n<\/li>\n<\/ol>\n<ol start=\"3\">\n<li><strong>Radnice v&nbsp;prosinci p\u0159edstavila studii &#8220;<a href=\"https:\/\/libcickekrizovatky.cz\/content\/uploads\/2017\/02\/Studie_Mestsky_dum.pdf\"><span style=\"text-decoration: underline;\">M\u011bstsk\u00fd d\u016fm s&nbsp;n\u00e1m\u011bst\u00edm<\/span><\/a>.&#8221;<br \/>\nVid\u011bli jste ji? Jak se v\u00e1m l\u00edb\u00ed?<\/strong><\/p>\n<ul>\n<li>D\u00edval jsem se zb\u011b\u017en\u011b na studii n\u00e1m\u011bst\u00ed a&nbsp;m\u011bstsk\u00e9ho domu a&nbsp;nep\u0159ijde mi, \u017ee se realizac\u00ed vytvo\u0159\u00ed n\u00e1m\u011bst\u00ed v&nbsp;prav\u00e9m slova smyslu. To by m\u011blo b\u00fdt zejm\u00e9na prostorn\u00e9, co\u017e odstran\u011bn\u00edm jedn\u00e9 \u010di&nbsp;dvou budov a&nbsp;v\u00fdstavbou nov\u00e9 v&nbsp;tomto p\u0159\u00edpad\u011b \u0159e\u0161eno nen\u00ed. Studie je zpracov\u00e1na profesion\u00e1ln\u011b, podle m\u011b ale unik\u00e1 podstata &#8211; prostor, vzdu\u0161nost, zele\u0148 atd. Toto zde prost\u011b ud\u011blat nejde. Naopak se mi ve studii l\u00edb\u00ed minimalizace asfaltov\u00fdch ploch na k\u0159i\u017eovatce. Osobn\u011b ale nejsem p\u0159\u00edznivcem vkl\u00e1d\u00e1n\u00ed modern\u00edch budov do star\u00e9 klasick\u00e9 z\u00e1stavby, by\u0165 modern\u00ed budovy m\u00e1m r\u00e1d. Stavba ve studii je opravdu dob\u0159e vymy\u0161len\u00e1, jen do tohoto m\u00edsta moc nepasuje.<br \/>\nShrnuto na z\u00e1v\u011br &#8211; energii a&nbsp;prost\u0159edky bych asi sm\u011b\u0159oval na opravy st\u00e1vaj\u00edc\u00edch budov a&nbsp;d\u00e1le rad\u011bji n\u011bkam jinam.<\/li>\n<\/ul>\n<\/li>\n<\/ol>\n<hr \/>\n<h3>Andrea Hoffman Ne\u010dasov\u00e1, galeristka, majitelka galerie <a href=\"http:\/\/arto.to\/\">arto.to<\/a> v&nbsp;Uheln\u00e9m ml\u00fdn\u011b<\/h3>\n<h5 style=\"padding-left: 30px;\">Prostor \u0161roub\u00e1rny by se mohl st\u00e1t funk\u010dn\u00edm z\u00e1zem\u00edm obce<\/h5>\n<ol>\n<li><strong>N\u00e1m\u011bst\u00ed b\u00fdv\u00e1 centrem obce, Lib\u010dice klasick\u00e9 n\u00e1m\u011bst\u00ed nemaj\u00ed. Pot\u0159ebujeme (pot\u0159ebuj\u00ed) jej? Kde by podle v\u00e1s m\u011blo b\u00fdt? Jak by mohlo vypadat a&nbsp;k&nbsp;\u010demu by m\u011blo slou\u017eit?<\/strong>\n<ul>\n<li>N\u00e1m\u011bst\u00ed? Nev\u00edm, kde by p\u0159esn\u011b m\u011blo b\u00fdt, Lib\u010dice nezn\u00e1m a\u017e tak dob\u0159e, ale ur\u010dit\u011b tu chyb\u00ed p\u0159\u00edjemn\u00fd ve\u0159ejn\u00fd prostor pro setk\u00e1v\u00e1n\u00ed a&nbsp;spo\u010dinut\u00ed. Na\u0161e spole\u010dnost se jej sna\u017e\u00ed vybudovat v&nbsp;prostor\u00e1ch b\u00fdval\u00e9 \u0161roub\u00e1rny kolem uheln\u00e9ho ml\u00fdna a&nbsp;kotelny. Zde p\u0159\u00edjemn\u00e9 n\u00e1m\u011bst\u00ed\u010dko vznik\u00e1, ale ide\u00e1ln\u00ed by bylo m\u00edt je\u0161t\u011b dal\u0161\u00ed uvnit\u0159 obce. Nev\u00edm, jestli by se dal st\u0159ed obce p\u0159esunout sem? Ka\u017edop\u00e1dn\u011b by to byla bomba.<br \/>\nN\u00e1m\u011bst\u00ed nakonec nemus\u00ed b\u00fdt jedno, m\u016f\u017ee b\u00fdt v\u00edcero m\u00edst, n\u00e1m\u011bst\u00ed\u010dek s&nbsp;vybavenost\u00ed pro posezen\u00ed, se zelen\u00ed, tr\u00e1vn\u00edky, kv\u011btin\u00e1\u010di s&nbsp;bylinkami, zeleninou, plochou pro skate, kole\u010dkov\u00e9 brusle, kav\u00e1rnou, pek\u00e1rnou, sympatick\u00fdm \u0159ezn\u00edkem, jin\u00fdm kr\u00e1mkem nebo slu\u017ebami. Prost\u011b p\u0159\u00edjemn\u00e9 m\u00edsto, kde se lid\u00e9 budou m\u00edt chu\u0165 p\u0159irozen\u011b setk\u00e1vat. Nemus\u00ed to b\u00fdt nic velk\u00e9ho, nemus\u00ed to b\u00fdt nutn\u011b vedle kostela a&nbsp;radnice. Mus\u00ed to b\u00fdt TO M\u00cdSTO &#8211; \u00a0m\u00edsto asi v\u00edc ne\u017e n\u00e1m\u011bst\u00ed. Mohou to b\u00fdt TA M\u00cdSTA. Impuls by asi m\u011bla d\u00e1t obec nebo n\u011bjak\u00e1 ob\u010dansk\u00e1 lok\u00e1ln\u00ed iniciativa.<br \/>\nTam, kde by m\u011blo b\u00fdt centrum, jsou dnes Lib\u010dice roz\u0159\u00edznut\u00e9 hlavn\u00ed cestou a&nbsp;pak trat\u00ed. Ve \u0161roub\u00e1rn\u011b se formuje nov\u00fd prostor a\u017e za kolejemi. Ten se nyn\u00ed se zd\u00e1 asi hodn\u011b stranou a&nbsp;\u0161patn\u011b dostupn\u00fd, ale v\u011b\u0159\u00edme, \u017ee se to m\u016f\u017ee zm\u011bnit. Jeho p\u0159ednost\u00ed je industri\u00e1ln\u00ed cihlov\u00e1 architektura, kter\u00e1 m\u00e1 v&nbsp;sou\u010dasnosti frekventovan\u00fd a&nbsp;obl\u00edben\u00fd &#8220;slow&#8221; charakter. Jedine\u010dn\u00fd je i&nbsp;p\u0159\u00edstup k&nbsp;\u0159ece, od kter\u00e9 je m\u011bsto zat\u00edm od\u0159\u00edznut\u00e9.<br \/>\nDob\u0159e sestaven\u00fd t\u00fdm odborn\u00edk\u016f by jist\u011b dok\u00e1zal vymyslet, jak by se are\u00e1l \u0161roub\u00e1rny dal zakomponovat do funk\u010dn\u00edho z\u00e1zem\u00ed obce. V&nbsp;porovn\u00e1n\u00ed s&nbsp;mnoha m\u011bsty v&nbsp;Evrop\u011b, kter\u00e1 jsme nav\u0161t\u00edvili, m\u00e1m pocit, \u017ee v&nbsp;\u010cech\u00e1ch se v\u0161e pod\u0159izuje aut\u016fm. Jen\u017ee hlavn\u00ed silnice nemus\u00ed \u0159ezat obec tak, aby tam nebyl prostor pro lidi. M\u016f\u017ee b\u00fdt koncipov\u00e1na jako bezbari\u00e9rov\u00e1, na n\u00ed\u017e nejsou vyv\u00fd\u0161en\u00e9 chodn\u00edky a&nbsp;m\u016f\u017ee se naj\u00edt se zp\u016fsob, jak auta upozadit.<\/li>\n<\/ul>\n<\/li>\n<\/ol>\n<ol start=\"2\">\n<li><strong>Co Lib\u010dic\u00edm z&nbsp;va\u0161eho pohledu chyb\u00ed, do \u010deho by se m\u011blo investovat, co by se m\u011blo zm\u011bnit, zlep\u0161it, doplnit, roz\u0161\u00ed\u0159it?<\/strong>\n<ul>\n<li>Asi se tu v&nbsp;Lib\u010dic\u00edch kr\u00e1sn\u011b \u017eije. Je tu klid, je tu kr\u00e1sn\u00e1 krajina, je tu \u0159eka, co\u017e je luxus. Atraktivn\u00ed je i&nbsp;p\u0159\u00edvoz. Ale jinak z&nbsp;m\u00e9ho pohledu na sv\u011bt chyb\u00ed \u00a0ve vybavenosti obce \u00fapln\u011b v\u0161echno. Nen\u00ed tu kav\u00e1rna, nen\u00ed tu peka\u0159, nen\u00ed tu \u0159ezn\u00edk nen\u00ed tu norm\u00e1ln\u00ed restaurace. Knihovna nen\u00ed na \u00fapln\u011b p\u0159\u00edjemn\u00e9m m\u00edst\u011b\u2026 Nehled\u00e1m absolutn\u011b \u017e\u00e1dn\u00fd luxus, bav\u00ed m\u011b NORM\u00c1LN\u00cd p\u0159\u00edjemn\u00e1 m\u00edsta, kter\u00e1 vytv\u00e1\u0159ej\u00ed norm\u00e1ln\u00ed p\u0159\u00edjemn\u00ed lid\u00e9.<br \/>\nKVALITA = je to norm\u00e1ln\u00ed, p\u0159irozen\u00e9.<\/li>\n<\/ul>\n<\/li>\n<\/ol>\n<ol start=\"3\">\n<li><strong>Radnice v&nbsp;prosinci p\u0159edstavila studii &#8220;<a href=\"https:\/\/libcickekrizovatky.cz\/content\/uploads\/2017\/02\/Studie_Mestsky_dum.pdf\"><span style=\"text-decoration: underline;\">M\u011bstsk\u00fd d\u016fm s&nbsp;n\u00e1m\u011bst\u00edm<\/span><\/a>.&#8221;<br \/>\nVid\u011bli jste ji? Jak se v\u00e1m l\u00edb\u00ed?<\/strong><\/p>\n<ul>\n<li>V\u016fbec netu\u0161\u00edm, promi\u0148te.<\/li>\n<\/ul>\n<\/li>\n<\/ol>\n<hr \/>\n","protected":false},"excerpt":{"rendered":"<p>\u00a0\u00a0 V&nbsp;toto d\u00edle ankety odpov\u00eddaj\u00ed: Krist\u00fdna Sedl\u00e1\u010dkov\u00e1, architektka \u017eij\u00edc\u00ed v&nbsp;Lib\u010dic\u00edch Pavel To\u010d\u00edk, projektant pozemn\u00edch staveb, v&nbsp;Lib\u010dic\u00edch \u017eije 11 let Andrea Hoffman Ne\u010dasov\u00e1, galeristka, majitelka galerie arto.to v&nbsp;Uheln\u00e9m ml\u00fdn\u011b<\/p>\n","protected":false},"author":10,"featured_media":0,"comment_status":"open","ping_status":"open","sticky":false,"template":"","format":"standard","meta":[],"categories":[4,1],"tags":[400,779,467,835,781],"_links":{"self":[{"href":"https:\/\/libcickekrizovatky.cz\/index.php?rest_route=\/wp\/v2\/posts\/14511"}],"collection":[{"href":"https:\/\/libcickekrizovatky.cz\/index.php?rest_route=\/wp\/v2\/posts"}],"about":[{"href":"https:\/\/libcickekrizovatky.cz\/index.php?rest_route=\/wp\/v2\/types\/post"}],"author":[{"embeddable":true,"href":"https:\/\/libcickekrizovatky.cz\/index.php?rest_route=\/wp\/v2\/users\/10"}],"replies":[{"embeddable":true,"href":"https:\/\/libcickekrizovatky.cz\/index.php?rest_route=%2Fwp%2Fv2%2Fcomments&post=14511"}],"version-history":[{"count":27,"href":"https:\/\/libcickekrizovatky.cz\/index.php?rest_route=\/wp\/v2\/posts\/14511\/revisions"}],"predecessor-version":[{"id":14678,"href":"https:\/\/libcickekrizovatky.cz\/index.php?rest_route=\/wp\/v2\/posts\/14511\/revisions\/14678"}],"wp:attachment":[{"href":"https:\/\/libcickekrizovatky.cz\/index.php?rest_route=%2Fwp%2Fv2%2Fmedia&parent=14511"}],"wp:term":[{"taxonomy":"category","embeddable":true,"href":"https:\/\/libcickekrizovatky.cz\/index.php?rest_route=%2Fwp%2Fv2%2Fcategories&post=14511"},{"taxonomy":"post_tag","embeddable":true,"href":"https:\/\/libcickekrizovatky.cz\/index.php?rest_route=%2Fwp%2Fv2%2Ftags&post=14511"}],"curies":[{"name":"wp","href":"https:\/\/api.w.org\/{rel}","templated":true}]}}