{"id":14636,"date":"2017-04-05T11:00:09","date_gmt":"2017-04-05T09:00:09","guid":{"rendered":"http:\/\/libcickekrizovatky.cz\/?p=14636"},"modified":"2017-04-05T13:45:05","modified_gmt":"2017-04-05T11:45:05","slug":"anketa-k-rozvoji-libcic-dil-5","status":"publish","type":"post","link":"https:\/\/libcickekrizovatky.cz\/?p=14636","title":{"rendered":"Anketa k&nbsp;rozvoji Lib\u010dic &#8211; d\u00edl 5."},"content":{"rendered":"<p><img loading=\"lazy\" style=\"float: right; margin: 10px;\" src=\"https:\/\/libcickekrizovatky.cz\/content\/uploads\/2017\/04\/anketa3.jpg\" alt=\"Anketa k rozvoji Lib\u010dic\" width=\"201\" height=\"113\" \/>V tomto d\u00edle ankety odpov\u00eddaj\u00ed:<\/p>\n<ul>\n<li>\n<h6><span style=\"text-decoration: underline;\"><a href=\"#LZ\">Lenka Zv\u011bd\u011bl\u00edkov\u00e1,<\/a><\/span> architektka, v&nbsp;Lib\u010dic\u00edch \u017eije od roku 2014<\/h6>\n<\/li>\n<li>\n<h6><span style=\"text-decoration: underline;\"><a href=\"#KF\">Krist\u00fdna Flenderov\u00e1<\/a><\/span>, v\u00fdtvarnice, realitn\u00ed makl\u00e9\u0159ka<\/h6>\n<\/li>\n<\/ul>\n<p><!--more--><br \/>\n<span style=\"color: #ffffff;\">.<\/span><\/p>\n<div class=\"alert alert-info\">\n<h5>Ot\u00e1zky, kter\u00e9 jsme polo\u017eili:<\/h5>\n<ol>\n<li>N\u00e1m\u011bst\u00ed b\u00fdv\u00e1 centrem obce, Lib\u010dice klasick\u00e9 n\u00e1m\u011bst\u00ed nemaj\u00ed. Pot\u0159ebujeme (pot\u0159ebuj\u00ed) jej? Kde by podle v\u00e1s m\u011blo b\u00fdt? Jak by mohlo vypadat a&nbsp;k&nbsp;\u010demu by m\u011blo slou\u017eit?<\/li>\n<li>Co Lib\u010dic\u00edm z&nbsp;va\u0161eho pohledu chyb\u00ed, do \u010deho by se m\u011blo investovat, co by se m\u011blo zm\u011bnit, zlep\u0161it, doplnit, roz\u0161\u00ed\u0159it?<\/li>\n<li>Radnice v&nbsp;prosinci p\u0159edstavila studii &#8220;<a href=\"https:\/\/libcickekrizovatky.cz\/content\/uploads\/2017\/02\/Studie_Mestsky_dum.pdf\"><span style=\"text-decoration: underline;\">M\u011bstsk\u00fd d\u016fm s&nbsp;n\u00e1m\u011bst\u00edm<\/span><\/a>.&#8221; Vid\u011bli jste ji? Jak se v\u00e1m l\u00edb\u00ed?<\/li>\n<\/ol>\n<\/div>\n<hr \/>\n<h3 id=\"LZ\">Lenka Zv\u011bd\u011bl\u00edkov\u00e1, architektka, v&nbsp;Lib\u010dic\u00edch \u017eije od roku 2014<\/h3>\n<h5 style=\"padding-left: 30px;\">Jednozna\u010dn\u011b chyb\u00ed propojen\u00ed m\u011bsta s&nbsp;Vltavou<\/h5>\n<ol>\n<li><strong>N\u00e1m\u011bst\u00ed b\u00fdv\u00e1 centrem obce, Lib\u010dice klasick\u00e9 n\u00e1m\u011bst\u00ed nemaj\u00ed. Pot\u0159ebujeme (pot\u0159ebuj\u00ed) jej? Kde by podle v\u00e1s m\u011blo b\u00fdt? Jak by mohlo vypadat a&nbsp;k&nbsp;\u010demu by m\u011blo slou\u017eit?<\/strong>\n<ul>\n<li>Urbanismus Lib\u010dic nad Vltavou je definov\u00e1n \u0159ekou, pod\u00e9l kter\u00e9 je m\u011bsto rozlo\u017eeno, \u010dlenitou morfologi\u00ed ter\u00e9nu a&nbsp;historick\u00fdm v\u00fdvojem m\u011bsta. Historick\u00e9 centrum p\u016fvodn\u00ed vesnice Lib\u010dice bylo v&nbsp;m\u00edst\u011b kostela sv.&nbsp;Bartolom\u011bje. S&nbsp;p\u0159\u00edchodem \u017eeleznice a&nbsp;rozvojem pr\u016fmyslu se z\u00e1stavba za\u010dala roz\u0161i\u0159ovat pod\u00e9l \u0159eky, a\u017e do\u0161lo ke spojen\u00ed se sousedn\u00edmi vesnicemi Letky a&nbsp;Ch\u00fdnov. Centrum Lib\u010dic nad Vltavou se tak p\u0159irozen\u011b roz\u0161\u00ed\u0159ilo sm\u011brem od kostela sv.&nbsp;Bartolom\u011bje do ulice 5.&nbsp;kv\u011btna a&nbsp;d\u00e1le nav\u00e1zalo na Leteckou ulici.<br \/>\nV&nbsp;t\u00e9to lokalit\u011b se nach\u00e1z\u00ed hlavn\u00ed ob\u010dansk\u00e1 vybavenost m\u011bsta. Je zde situov\u00e1na\u00a0z\u00e1kladn\u00ed \u0161kola, kostel sv.&nbsp;Bartolom\u011bje, evangelick\u00fd kostel, m\u011bstsk\u00fd \u00fa\u0159ad, po\u0161ta, obchody, l\u00e9ka\u0159, hospoda, kade\u0159nictv\u00ed a&nbsp;jin\u00e9. Klasick\u00e9 n\u00e1m\u011bst\u00ed tak bylo nahrazeno hlavn\u00ed t\u0159\u00eddou, kter\u00e1 slou\u017eila jako m\u00edsto setk\u00e1v\u00e1n\u00ed, tvo\u0159ila hlavn\u00ed tepnu m\u011bsta a&nbsp;byl zde \u010dil\u00fd spole\u010densk\u00fd \u017eivot. Historick\u00e9 fotografie z&nbsp;t\u011bchto m\u00edst to n\u00e1zorn\u011b ukazuj\u00ed. V&nbsp;sou\u010dasn\u00e9 dob\u011b je centrum Lib\u010dic nad Vltavou pr\u016fjezdn\u00e9 pro kamiony do are\u00e1lu \u0161roub\u00e1ren a&nbsp;je zde lok\u00e1ln\u00ed dopravn\u00ed propojen\u00ed sm\u011brem na Kralupy nad Vltavou a&nbsp;do Letek.<br \/>\nTuto dopravn\u00ed situaci nelze jednodu\u0161e vy\u0159e\u0161it, proto\u017ee kamiony se do are\u00e1lu \u0161roub\u00e1ren jinou cestou nedostanou. A&nbsp;tak se nab\u00edz\u00ed \u0159e\u0161en\u00ed, kter\u00e9 podpo\u0159\u00ed a&nbsp;dopln\u00ed st\u00e1vaj\u00edc\u00ed hlavn\u00ed osu m\u011bsta. Je pot\u0159eba doplnit a&nbsp;zkvalitnit tento prostor od kostela sv.&nbsp;Bartolom\u011bje, ulici 5.&nbsp;kv\u011btna, n\u00e1m\u011bst\u00ed Svobody u&nbsp;m\u011bstsk\u00e9ho \u00fa\u0159adu a&nbsp;d\u00e1le a\u017e ke k\u0159i\u017eovatce ulic Leteck\u00e1 a&nbsp;D\u011blnick\u00e1. Mnoho objekt\u016f, kde d\u0159\u00edve b\u00fdval nap\u0159.&nbsp;\u0159ezn\u00edk, cukr\u00e1rna, kv\u011btiny a&nbsp;jin\u00e9, dnes zeje pr\u00e1zdnotou. Pro\u010d tato m\u00edsta neo\u017eivit a&nbsp;nedat jim novou funkci a&nbsp;n\u00e1pl\u0148? Nap\u0159.&nbsp;kav\u00e1rna, knihovna, mate\u0159sk\u00e9 centrum nebo klubovna by zde m\u011bsto vhodn\u011b o\u017eivily. K\u0159i\u017eovatka u&nbsp;m\u011bstsk\u00e9ho \u00fa\u0159adu je t\u011b\u017ei\u0161t\u011bm cel\u00e9 t\u00e9to lokality a&nbsp;m\u00e1 sv\u016fj potenci\u00e1l.<br \/>\nAby v\u0161ak tento prostor dostal charakter n\u00e1m\u011bst\u00ed, je pot\u0159eba k\u0159i\u017eovatku upozadit a&nbsp;zkvalitnit parter tohoto m\u00edsta, zm\u011bnit povrchovou \u00fapravu v&nbsp;m\u00edst\u011b p\u0159ed M\u011bstsk\u00fdm\u00a0\u00fa\u0159adem v&nbsp;n\u00e1vaznosti k&nbsp;obchodu (nap\u0159.&nbsp;dla\u017eba) a&nbsp;doc\u00edlit tak v&nbsp;tomto m\u00edst\u011b zklidn\u011bn\u00ed dopravy, zv\u011bt\u0161it prostor pro p\u011b\u0161\u00ed, doplnit mobili\u00e1\u0159 a&nbsp;zele\u0148. Velmi d\u016fle\u017eit\u00e9 jsou v\u0161ak tak\u00e9 fas\u00e1dy dom\u016f na n\u00e1m\u011bst\u00ed a&nbsp;celkov\u00fd objem hmot. N\u00e1m\u011bst\u00ed je rozt\u0159\u00ed\u0161t\u011bn\u00e9 a&nbsp;nesourod\u00e9. P\u0159\u00edzemn\u00ed objekty na n\u00e1m\u011bst\u00ed by mohly b\u00fdt nahrazeny domy, kter\u00e9 by l\u00e9pe korespondovaly s&nbsp;hmotou soused\u00edc\u00edch objekt\u016f. Konkr\u00e9tn\u011b se jedn\u00e1 o&nbsp;d\u016fm \u010dp.&nbsp;81 a&nbsp;p\u0159\u00edzemn\u00ed objekt um\u00edst\u011bn\u00fd p\u0159\u00edmo vedle m\u011bstsk\u00e9ho \u00fa\u0159adu. Stavby, kter\u00e9 by m\u011bly obdobn\u00e9 m\u011b\u0159\u00edtko (p\u0159\u00edzem\u00ed, patro a&nbsp;podkrov\u00ed), by tak dob\u0159e doplnily st\u00e1vaj\u00edc\u00ed blok dom\u016f. P\u0159\u00edzem\u00ed by bylo vhodn\u00e9 vyu\u017e\u00edt k&nbsp;roz\u0161\u00ed\u0159en\u00ed ob\u010dansk\u00e9 vybavenosti (nap\u0159.&nbsp;knihovna nebo restaurace), kter\u00e1 by o\u017eivila m\u011bstsk\u00fd parter, v&nbsp;pat\u0159e a&nbsp;v&nbsp;podkrov\u00ed by mohl b\u00fdt nap\u0159.&nbsp;l\u00e9ka\u0159, kancel\u00e1\u0159e, p\u0159\u00edpadn\u011b byt.<\/li>\n<\/ul>\n<\/li>\n<\/ol>\n<ol start=\"2\">\n<li><strong>Co Lib\u010dic\u00edm z&nbsp;va\u0161eho pohledu chyb\u00ed, do \u010deho by se m\u011blo investovat, co by se m\u011blo zm\u011bnit, zlep\u0161it, doplnit, roz\u0161\u00ed\u0159it?<\/strong>\n<ul>\n<li>Lib\u010dice nad Vltavou le\u017e\u00ed v&nbsp;n\u00e1dhern\u00e9 p\u0159\u00edrodn\u00ed scen\u00e9rii s&nbsp;kr\u00e1sn\u00fdmi skaln\u00edmi st\u011bnami v&nbsp;\u00fadol\u00ed \u0159eky Vltavy, jsou obklopeny N\u00e1rodn\u00ed p\u0159\u00edrodn\u00ed rezervac\u00ed V\u011btru\u0161ick\u00e1 rokle a&nbsp;P\u0159\u00edrodn\u00edm parkem Doln\u00ed Povltav\u00ed. Co jednozna\u010dn\u011b chyb\u00ed je propojen\u00ed m\u011bsta s&nbsp;Vltavou. Pod\u00e9l \u0159eky je rozm\u00edst\u011bn are\u00e1l tov\u00e1rny a&nbsp;m\u011bsto a&nbsp;lid\u00e9 jsou tak od Vltavy zcela od\u0159\u00edznut\u00ed. K&nbsp;\u0159ece je mo\u017en\u00e9 se dostat pouze na \u00fapln\u00e9m za\u010d\u00e1tku Letek a&nbsp;na konci Lib\u010dic sm\u011brem na Dolany. A&nbsp;to je velk\u00e1 \u0161koda. Chyb\u00ed zde p\u011b\u0161\u00ed a&nbsp;cyklistick\u00e9 propojen\u00ed pod\u00e9l vody z&nbsp;n\u00e1plavky do Letek, kter\u00e9 by d\u00e1le m\u011blo pokra\u010dovat a\u017e do \u0158e\u017ee. N\u00e1plavka by mohla b\u00fdt dopln\u011bna o&nbsp;d\u011btsk\u00e9 h\u0159i\u0161t\u011b, mobili\u00e1\u0159 pro rekreaci u&nbsp;vody, vod\u00e1ck\u00fd odd\u00edl (kajaky, k\u00e1noe \u010di&nbsp;veslice by jist\u011b na\u0161ly sv\u00e9 nad\u0161ence), st\u00e1nek s&nbsp;ob\u010derstven\u00edm a&nbsp;jin\u00e9. Pohyb a&nbsp;relaxace p\u0159\u00edmo u&nbsp;\u0159eky zde velmi chyb\u00ed.<br \/>\nZa kvalitn\u00ed p\u011b\u0161\u00ed zp\u0159\u00edstupn\u011bn\u00ed by ur\u010dit\u011b st\u00e1l Kamen\u00ed\u010dek a&nbsp;tak\u00e9 z\u0159\u00edcenina hradu Lib\u011bhrad, kter\u00e1 by mohla b\u00fdt dopln\u011bna o&nbsp;nau\u010dnou stezku, t\u00fdkaj\u00edc\u00ed se historie m\u00edsta a&nbsp;jin\u00fdch dal\u0161\u00edch zaj\u00edmavost\u00ed z&nbsp;okol\u00ed. Z&nbsp;ob\u010dansk\u00e9 vybavenosti chyb\u00ed v&nbsp;Lib\u010dic\u00edch nad Vltavou n\u011bjak\u00e1 p\u0159\u00edjemn\u00e1 neku\u0159\u00e1ck\u00e1 restaurace \/ kav\u00e1rna a&nbsp;v&nbsp;Letk\u00e1ch mal\u00fd obch\u016fdek s&nbsp;potravinami.<br \/>\nRevitalizaci a&nbsp;vhodn\u00e9 dotvo\u0159en\u00ed \u010dek\u00e1 n\u00e1m\u011bst\u00ed Svobody u&nbsp;M\u011bstsk\u00e9ho \u00fa\u0159adu. Kostel sv.&nbsp;Bartolom\u011bje pot\u0159ebuje vytvo\u0159it plnohodnotn\u00fd p\u0159edprostor. Pozornost by si d\u00e1le zaslou\u017eila plov\u00e1rna (\u010disti\u010dka vody a&nbsp;\u0159e\u0161en\u00ed uzav\u0159en\u00e9ho baz\u00e9nu), kulturn\u00ed d\u016fm i&nbsp;Sokolovna. Letky by pot\u0159ebovaly doplnit parter o&nbsp;chodn\u00edky (v&nbsp;m\u00edst\u011b k\u0159i\u017eovatky Tursk\u00e1, Leteck\u00e1, Leteck\u00e9 n\u00e1m\u011bst\u00ed a&nbsp;Pod zast\u00e1vkou zcela chyb\u00ed). Leteck\u00e9 n\u00e1m\u011bst\u00ed o\u010dek\u00e1v\u00e1 svou celkovou transformaci a&nbsp;Leteck\u00e1 ulice by mohla b\u00fdt dopln\u011bna o&nbsp;bezpe\u010dn\u00e1 plnohodnotn\u00e1 m\u00edsta pro parkov\u00e1n\u00ed automobil\u016f tak, \u017ee by se silnice roz\u0161\u00ed\u0159ila na m\u00edsto tr\u00e1vn\u00edku, kter\u00fd se nach\u00e1z\u00ed\u00a0pod\u00e9l plotu tov\u00e1rn\u00edho are\u00e1lu (od k\u0159i\u017eovatky ulic Leteck\u00e1 a&nbsp;Kolonie a\u017e ke k\u0159i\u017eovatce ulic Leteck\u00e1 a&nbsp;Objekt cihelen). O&nbsp;revitalizaci je pot\u0159eba p\u0159em\u00fd\u0161let i&nbsp;p\u0159\u00edmo v&nbsp;are\u00e1lu \u0161roub\u00e1ren a&nbsp;cihelen.<\/li>\n<\/ul>\n<\/li>\n<\/ol>\n<ol start=\"3\">\n<li><strong>Radnice v&nbsp;prosinci p\u0159edstavila studii &#8220;<a href=\"https:\/\/libcickekrizovatky.cz\/content\/uploads\/2017\/02\/Studie_Mestsky_dum.pdf\"><span style=\"text-decoration: underline;\">M\u011bstsk\u00fd d\u016fm s&nbsp;n\u00e1m\u011bst\u00edm<\/span><\/a>.&#8221;<br \/>\nVid\u011bli jste ji? Jak se v\u00e1m l\u00edb\u00ed?<\/strong><\/p>\n<ul>\n<li>Ano, vid\u011bla jsem studii na M\u011bstsk\u00fd d\u016fm s&nbsp;n\u00e1m\u011bst\u00edm.<br \/>\nDomn\u00edv\u00e1m se, \u017ee pokud chceme o\u017eivit st\u0159ed m\u011bsta, bylo by mnohem zaj\u00edmav\u011bj\u0161\u00ed vyu\u017e\u00edt prostory, kter\u00e9 jsou p\u0159\u00edmo ve st\u0159edu d\u011bn\u00ed, ale p\u0159itom ch\u00e1traj\u00ed a&nbsp;zej\u00ed pr\u00e1zdnotou. Klubovnu, kav\u00e1rnu i&nbsp;knihovnu by bylo mo\u017en\u00e9 um\u00edstit nap\u0159\u00edklad do nevyu\u017eit\u00fdch komer\u010dn\u00edch prostor v&nbsp;ulic\u00edch 5.&nbsp;kv\u011btna a&nbsp;Leteck\u00e1. Tak by se o\u017eivilo centrum m\u011bsta mnohem v\u00edce, ne\u017e kdy\u017e se situuje ve\u0161ker\u00e1 n\u00e1pl\u0148 do jednoho domu u&nbsp;k\u0159i\u017eovatky. V\u00edce\u00fa\u010delov\u00fd s\u00e1l by bylo vhodn\u00e9 zrekonstruovat nap\u0159.&nbsp;v&nbsp;kulturn\u00edm dom\u011b nebo v&nbsp;Sokolovn\u011b. Ale pokud je ve studii d\u016fm s&nbsp;takov\u00fdm programem, jak je vy\u0159e\u0161eno nap\u0159\u00edklad parkov\u00e1n\u00ed? Roz\u0161\u00ed\u0159en\u00ed p\u011b\u0161\u00edch ploch v&nbsp;k\u0159i\u017eovatce je pot\u0159eba d\u016fkladn\u011b prov\u011b\u0159it z&nbsp;hlediska pr\u016fjezdnosti kamion\u016f do are\u00e1lu \u0161roub\u00e1ren (ulice Ch\u00fdnovsk\u00e1 a&nbsp;Leteck\u00e1).<br \/>\nZklidn\u011bn\u00ed komunikace p\u0159ed M\u011bstsk\u00fdm \u00fa\u0159adem sm\u011brem do ulice U&nbsp;Star\u00e9 \u0161koly a&nbsp;p\u0159ed obchod je my\u0161lenka, na kter\u00e9 se d\u00e1 stav\u011bt. Dopln\u011bn\u00ed zelen\u011b je jist\u011b p\u0159\u00ednosn\u00e9. Zv\u00e1\u017eila bych v\u0161ak konkr\u00e9tn\u00ed druh zelen\u011b, proto\u017ee um\u00edstit stromy do k\u0159i\u017eovatky nen\u00ed vhodn\u00e9 kv\u016fli pot\u0159ebn\u00e9 viditelnosti aut a&nbsp;chodc\u016f a&nbsp;kv\u016fli p\u0159ehlednosti a&nbsp;\u010ditelnosti k\u0159i\u017eovatky. Sp\u00ed\u0161e bych volila n\u00edzkou zele\u0148 \u2013 n\u00edzk\u00e9 ke\u0159e, kv\u011btiny, okrasn\u00e9 traviny atd. V&nbsp;bl\u00edzk\u00e9m okol\u00ed je ze v\u0161ech stran vid\u011bt na zelen\u00e9 kopce a&nbsp;svahy, proto se domn\u00edv\u00e1m, \u017ee &#8220;optick\u00e9 pronik\u00e1n\u00ed zelen\u011b do n\u00e1m\u011bst\u00ed&#8221; skrze zele\u0148 na st\u0159e\u0161e je v&nbsp;tomto m\u00edst\u011b zbyte\u010dn\u00e1 investice. Co se t\u00fd\u010de objemu M\u011bstsk\u00e9ho domu, p\u0159ikl\u00e1n\u011bla bych se k&nbsp;architektonicky jin\u00e9mu tvaroslov\u00ed stavby, kter\u00e9 by v\u00edce korespondovalo s&nbsp;okoln\u00edmi domy a&nbsp;jejich m\u011b\u0159\u00edtkem. Tak\u00e9 se domn\u00edv\u00e1m, \u017ee nen\u00ed nutn\u00e9 bourat objekt \u010dp.&nbsp;77. P\u0159\u00edzemn\u00ed objekt \u010dp.&nbsp;81 by bylo vhodn\u00e9 v\u00fdhledov\u011b nahradit domem, kter\u00fd by svou hmotou sjednotil n\u00e1m\u011bst\u00ed, ale je pot\u0159eba naj\u00edt mu takovou n\u00e1pl\u0148, kter\u00e1 by zde m\u011bla sv\u00e9 uplatn\u011bn\u00ed.<\/li>\n<\/ul>\n<\/li>\n<\/ol>\n<hr \/>\n<h3 id=\"KF\">Krist\u00fdna Flenderov\u00e1, v\u00fdtvarnice, realitn\u00ed makl\u00e9\u0159ka, do Lib\u010dic se vr\u00e1tila po&nbsp;n\u011bkolikalet\u00e9 pauze<\/h3>\n<h5 style=\"padding-left: 30px;\">Chyb\u00ed tu t\u0159eba parkovi\u0161t\u011b u&nbsp;\u0161kolky<\/h5>\n<ol>\n<li><strong>N\u00e1m\u011bst\u00ed b\u00fdv\u00e1 centrem obce, Lib\u010dice klasick\u00e9 n\u00e1m\u011bst\u00ed nemaj\u00ed. Pot\u0159ebujeme (pot\u0159ebuj\u00ed) jej? Kde by podle v\u00e1s m\u011blo b\u00fdt? Jak by mohlo vypadat a&nbsp;k&nbsp;\u010demu by m\u011blo slou\u017eit?<\/strong>\n<ul>\n<li>Mysl\u00edm, \u017ee n\u00e1m\u011bst\u00ed by m\u011blo slou\u017eit jako m\u00edsto, kde se mohou potk\u00e1vat zdej\u0161\u00ed ob\u010dan\u00e9, mezi sebou, se zastupiteli, s&nbsp;kulturou. Je to podle m\u00e9ho ur\u010dit\u00e1 vizitka, kter\u00e1 vypov\u00edd\u00e1 o&nbsp;ur\u010dit\u00e9 otev\u0159enosti. U&nbsp;n\u00e1s n\u00e1m\u011bst\u00ed nen\u00ed. Mohlo by b\u00fdt. Nap\u0159\u00edklad p\u0159ed sokolovnou, i\u00a0s t\u00edm zelen\u00fdm pruhem. Mohlo by b\u00fdt moc p\u011bkn\u00e9.<\/li>\n<\/ul>\n<\/li>\n<\/ol>\n<ol start=\"2\">\n<li><strong>Co Lib\u010dic\u00edm z&nbsp;va\u0161eho pohledu chyb\u00ed, do \u010deho by se m\u011blo investovat, co by se m\u011blo zm\u011bnit, zlep\u0161it, doplnit, roz\u0161\u00ed\u0159it?<\/strong>\n<ul>\n<li>Nedovedu na tuhle ot\u00e1zku odpov\u011bd\u011bt. Mo\u017enosti je hodn\u011b, ale nezvl\u00e1dnu b\u00fdt dost objektivn\u00ed. Ur\u010dit\u011b chyb\u00ed t\u0159eba parkovi\u0161t\u011b pro \u0161kolkov\u00e9 rodi\u010de.<\/li>\n<\/ul>\n<\/li>\n<\/ol>\n<ol start=\"3\">\n<li><strong>Radnice v&nbsp;prosinci p\u0159edstavila studii &#8220;<a href=\"https:\/\/libcickekrizovatky.cz\/content\/uploads\/2017\/02\/Studie_Mestsky_dum.pdf\"><span style=\"text-decoration: underline;\">M\u011bstsk\u00fd d\u016fm s&nbsp;n\u00e1m\u011bst\u00edm<\/span><\/a>.&#8221;<br \/>\nVid\u011bli jste ji? Jak se v\u00e1m l\u00edb\u00ed?<\/strong><\/p>\n<ul>\n<li>Ano, vid\u011bla. Nel\u00edb\u00ed. &#8211; resp. nel\u00edb\u00ed se mi tam, kam ho n\u00e1vrh zasazuje.<\/li>\n<\/ul>\n<\/li>\n<\/ol>\n<hr \/>\n","protected":false},"excerpt":{"rendered":"<p>V tomto d\u00edle ankety odpov\u00eddaj\u00ed: Lenka Zv\u011bd\u011bl\u00edkov\u00e1, architektka, v&nbsp;Lib\u010dic\u00edch \u017eije od roku 2014 Krist\u00fdna Flenderov\u00e1, v\u00fdtvarnice, realitn\u00ed makl\u00e9\u0159ka<\/p>\n","protected":false},"author":10,"featured_media":0,"comment_status":"open","ping_status":"open","sticky":false,"template":"","format":"standard","meta":[],"categories":[4,1],"tags":[400,779,467,835,781],"_links":{"self":[{"href":"https:\/\/libcickekrizovatky.cz\/index.php?rest_route=\/wp\/v2\/posts\/14636"}],"collection":[{"href":"https:\/\/libcickekrizovatky.cz\/index.php?rest_route=\/wp\/v2\/posts"}],"about":[{"href":"https:\/\/libcickekrizovatky.cz\/index.php?rest_route=\/wp\/v2\/types\/post"}],"author":[{"embeddable":true,"href":"https:\/\/libcickekrizovatky.cz\/index.php?rest_route=\/wp\/v2\/users\/10"}],"replies":[{"embeddable":true,"href":"https:\/\/libcickekrizovatky.cz\/index.php?rest_route=%2Fwp%2Fv2%2Fcomments&post=14636"}],"version-history":[{"count":24,"href":"https:\/\/libcickekrizovatky.cz\/index.php?rest_route=\/wp\/v2\/posts\/14636\/revisions"}],"predecessor-version":[{"id":14692,"href":"https:\/\/libcickekrizovatky.cz\/index.php?rest_route=\/wp\/v2\/posts\/14636\/revisions\/14692"}],"wp:attachment":[{"href":"https:\/\/libcickekrizovatky.cz\/index.php?rest_route=%2Fwp%2Fv2%2Fmedia&parent=14636"}],"wp:term":[{"taxonomy":"category","embeddable":true,"href":"https:\/\/libcickekrizovatky.cz\/index.php?rest_route=%2Fwp%2Fv2%2Fcategories&post=14636"},{"taxonomy":"post_tag","embeddable":true,"href":"https:\/\/libcickekrizovatky.cz\/index.php?rest_route=%2Fwp%2Fv2%2Ftags&post=14636"}],"curies":[{"name":"wp","href":"https:\/\/api.w.org\/{rel}","templated":true}]}}