{"id":14708,"date":"2017-04-10T12:19:07","date_gmt":"2017-04-10T10:19:07","guid":{"rendered":"http:\/\/libcickekrizovatky.cz\/?p=14708"},"modified":"2017-04-17T22:18:01","modified_gmt":"2017-04-17T20:18:01","slug":"13-kvetna-se-v-libcicich-kona-dalsi-sborovy-festival","status":"publish","type":"post","link":"https:\/\/libcickekrizovatky.cz\/?p=14708","title":{"rendered":"13.&nbsp;kv\u011btna se v&nbsp;Lib\u010dic\u00edch kon\u00e1 dal\u0161\u00ed sborov\u00fd festival"},"content":{"rendered":"<p><img loading=\"lazy\" style=\"float: right;margin: 10px\" src=\"https:\/\/libcickekrizovatky.cz\/content\/uploads\/2015\/05\/festival-2015-28-300x199.jpg\" alt=\"\" width=\"250\" height=\"165\" \/><\/p>\n<p>Festival sborov\u00e9ho zp\u011bvu prob\u00edh\u00e1 v&nbsp;lib\u010dick\u00e9m evangelick\u00e9m kostele u\u017e dev\u00e1t\u00fd rok, ale teprve letos dojde na ryze &#8220;duchovn\u00ed&#8221; t\u00e9ma. B\u011bhem odpoledne 13.&nbsp;kv\u011btna n\u00e1v\u0161t\u011bvn\u00edk\u016fm p\u0159edstav\u00edme hudebn\u00ed formu, kter\u00e1 je s&nbsp;kostely neodmysliteln\u011b spjat\u00e1 \u2013 tedy m\u0161i. Mysl\u00edm, \u017ee kdo si vzpomene t\u0159eba lib\u010dick\u00e9 proveden\u00ed <em>Missy Criolly<\/em> Ariela Ram\u00edreze (v&nbsp;pod\u00e1n\u00ed Mikrochoru tu zazn\u011bla v&nbsp;roce 2011), d\u00e1 mi za pravdu, \u017ee to m\u016f\u017ee b\u00fdt i&nbsp;docela &#8220;vodvaz.&#8221;<!--more--><\/p>\n<p>O <span style=\"text-decoration: underline\"><a href=\"https:\/\/libcickekrizovatky.cz\/?ai1ec_event=sborovy-festival-otevrena-zahrada-2017-9-rocnik&amp;instance_id=2155\">programu cel\u00e9ho festivalu<\/a><\/span> v\u00e1s zde budu podrobn\u011bji informovat v&nbsp;kr\u00e1tk\u00fdch festivalov\u00fdch ok\u00e9nk\u00e1ch. Ale ze v\u0161eho nejd\u0159\u00edv chci upozornit na leto\u0161n\u00ed p\u011bveckou d\u00edlnu, kter\u00e1 bude v\u00fdjime\u010dn\u011b &#8220;v\u00fdkonov\u011b&#8221; zam\u011b\u0159ena a&nbsp;jej\u00ed\u017e v\u00fdsledek usly\u0161\u00edte p\u0159i\u00a0zah\u00e1jen\u00ed festivalu ve 13:30. Kdo by se cht\u011bl d\u00edlny z\u00fa\u010dastnit\u00a0aktivn\u011b, a\u0165 se hl\u00e1s\u00ed na mail: <span style=\"text-decoration: underline\"><a href=\"&#x6d;a&#x69;&#x6c;t&#x6f;&#58;f&#x65;&#115;t&#x69;v&#x61;&#x6c;.&#x6c;&#105;b&#x63;&#105;c&#x65;&#64;&#x63;&#x65;n&#x74;&#x72;u&#x6d;&#46;c&#x7a;\">f&#x65;&#x73;t&#x69;&#x76;a&#x6c;&#x2e;l&#105;&#x62;c&#105;&#x63;e&#64;&#x63;e&#110;&#x74;ru&#x6d;&#x2e;c&#x7a;<\/a><\/span>. Dostane noty, kter\u00e9 je p\u0159ed vlastn\u00ed d\u00edlnou nutno nastudovat &#8211; tedy \u010d\u00edm d\u0159\u00edv, se p\u0159ihl\u00e1s\u00edte, t\u00edm l\u00edp!<\/p>\n<p>Ti, kte\u0159\u00ed na v\u00fdsledek dopoledn\u00edho sna\u017een\u00ed zp\u011bv\u00e1k\u016f a&nbsp;muzikant\u016f p\u0159ijdou jenom v&nbsp;roli n\u00e1v\u0161t\u011bvn\u00edk\u016f, usly\u0161\u00ed me\u0161n\u00ed ordin\u00e1rium Martina Matysky \u0159\u00edzen\u00e9 samotn\u00fdm autorem. Tato skladba se uv\u00e1d\u00ed v&nbsp;leckter\u00e9m\u00a0kostele, ale m\u00e1lokdy tak, jak byla napsan\u00e1, co\u017e je ostatn\u011b\u00a0\u010dast\u00fd osud liturgick\u00e9 hudby. Naposledy bylo ordin\u00e1rium v&nbsp;pln\u00e9m zn\u011bn\u00ed provedeno p\u0159i&nbsp;n\u00e1v\u0161t\u011bv\u011b Jana Pavla II. v&nbsp;Hradci Kr\u00e1lov\u00e9 v\u00a0roce\u00a01997. Autor sv\u00e9 d\u00edlko \u0159ad\u00ed do artrockov\u00e9 \u0161katulky a&nbsp;mnoh\u00e9 o&nbsp;n\u00ed napov\u00ed\u00a0n\u00e1strojov\u00e9 obsazen\u00ed\u00a0doprovodu: komorn\u00ed orchestr (smy\u010dce, fl\u00e9tna, hoboj, klarinet \/ saxofon, trubka a&nbsp;trombon) +\u00a0kapela (2x kl\u00e1vesy, kytara, baskytara, bic\u00ed). Jako hr\u00e1\u010de usly\u0161\u00edte u\u010ditele z&nbsp;lib\u010dick\u00e9 z\u00e1kladn\u00ed um\u011bleck\u00e9 \u0161koly a&nbsp;dal\u0161\u00ed profesion\u00e1ln\u00ed\u00a0muzikanty. Doporu\u010duji n\u00e1v\u0161t\u011bvu tak\u00e9 t\u011bm, kte\u0159\u00ed by se cht\u011bli dozv\u011bd\u011bt, co \u017ee se to p\u0159i&nbsp;m\u0161i vlastn\u011b zp\u00edv\u00e1 za slova, ale bohu\u017eel jako na potvoru neum\u00ed latinsky&#8230; tohle ordin\u00e1rium bude toti\u017e jako jedin\u00e9 \u010desky!<\/p>\n<div class=\"alert alert-info\"><img loading=\"lazy\" class=\"\" style=\"float: left;margin: 10px\" src=\"https:\/\/libcickekrizovatky.cz\/content\/uploads\/2017\/04\/martin_matyska-1.jpg\" alt=\"\" width=\"195\" height=\"195\" \/>Martin Matyska poch\u00e1z\u00ed z&nbsp;Trutnova. P\u016fsobil jako regenschori v&nbsp;Arcid\u011bkansk\u00e9m kostele v&nbsp;Trutnov\u011b, zalo\u017eil Trutnovsk\u00fd varhann\u00ed festival a&nbsp;Trutnovsk\u00fd advent. Skladatelsky p\u016fsobil v&nbsp;artrockov\u00e9 kapele Osta\u0161. Jako varhan\u00edk\u00a0dvakr\u00e1t z\u00edskal diplom na mezin\u00e1rodn\u00edm festivalu varhann\u00ed hudby v&nbsp;Roki\u0161kis v&nbsp;Litv\u011b a&nbsp;koncertuje v&nbsp;\u010cech\u00e1ch i&nbsp;v&nbsp;zahrani\u010d\u00ed. Nato\u010dil CD Krkono\u0161sk\u00e9 varhany, Osta\u0161 a&nbsp;s&nbsp;d\u011btmi v&nbsp;ZU\u0160 Trutnov t\u0159i CD se st\u0159edov\u011bkou hudbou. V\u011bnuje se mj.&nbsp;gotick\u00e9 hudb\u011b a&nbsp;h\u0159e na r\u016fzn\u00e9 dobov\u00e9 n\u00e1stroje. Pedagogicky p\u016fsobil v&nbsp;ZU\u0160 Trutnov, ZU\u0160 Bonifantes v&nbsp;Pardubic\u00edch a&nbsp;nyn\u00ed u\u010d\u00ed v&nbsp;ZU\u0160 Kutn\u00e1 Hora.<\/div>\n","protected":false},"excerpt":{"rendered":"<p>Festival sborov\u00e9ho zp\u011bvu prob\u00edh\u00e1 v&nbsp;lib\u010dick\u00e9m evangelick\u00e9m kostele u\u017e dev\u00e1t\u00fd rok, ale teprve letos dojde na ryze &#8220;duchovn\u00ed&#8221; t\u00e9ma. B\u011bhem odpoledne 13.&nbsp;kv\u011btna n\u00e1v\u0161t\u011bvn\u00edk\u016fm p\u0159edstav\u00edme hudebn\u00ed formu, kter\u00e1 je s&nbsp;kostely neodmysliteln\u011b spjat\u00e1 \u2013 tedy m\u0161i. Mysl\u00edm, \u017ee kdo si vzpomene t\u0159eba lib\u010dick\u00e9 proveden\u00ed Missy Criolly Ariela Ram\u00edreze (v&nbsp;pod\u00e1n\u00ed Mikrochoru tu zazn\u011bla v&nbsp;roce 2011), d\u00e1 mi za pravdu, [&hellip;]<\/p>\n","protected":false},"author":13,"featured_media":0,"comment_status":"open","ping_status":"open","sticky":false,"template":"","format":"standard","meta":[],"categories":[192,1],"tags":[837,788,509,170,793],"_links":{"self":[{"href":"https:\/\/libcickekrizovatky.cz\/index.php?rest_route=\/wp\/v2\/posts\/14708"}],"collection":[{"href":"https:\/\/libcickekrizovatky.cz\/index.php?rest_route=\/wp\/v2\/posts"}],"about":[{"href":"https:\/\/libcickekrizovatky.cz\/index.php?rest_route=\/wp\/v2\/types\/post"}],"author":[{"embeddable":true,"href":"https:\/\/libcickekrizovatky.cz\/index.php?rest_route=\/wp\/v2\/users\/13"}],"replies":[{"embeddable":true,"href":"https:\/\/libcickekrizovatky.cz\/index.php?rest_route=%2Fwp%2Fv2%2Fcomments&post=14708"}],"version-history":[{"count":27,"href":"https:\/\/libcickekrizovatky.cz\/index.php?rest_route=\/wp\/v2\/posts\/14708\/revisions"}],"predecessor-version":[{"id":14790,"href":"https:\/\/libcickekrizovatky.cz\/index.php?rest_route=\/wp\/v2\/posts\/14708\/revisions\/14790"}],"wp:attachment":[{"href":"https:\/\/libcickekrizovatky.cz\/index.php?rest_route=%2Fwp%2Fv2%2Fmedia&parent=14708"}],"wp:term":[{"taxonomy":"category","embeddable":true,"href":"https:\/\/libcickekrizovatky.cz\/index.php?rest_route=%2Fwp%2Fv2%2Fcategories&post=14708"},{"taxonomy":"post_tag","embeddable":true,"href":"https:\/\/libcickekrizovatky.cz\/index.php?rest_route=%2Fwp%2Fv2%2Ftags&post=14708"}],"curies":[{"name":"wp","href":"https:\/\/api.w.org\/{rel}","templated":true}]}}