{"id":14823,"date":"2017-04-20T00:18:02","date_gmt":"2017-04-19T22:18:02","guid":{"rendered":"http:\/\/libcickekrizovatky.cz\/?p=14823"},"modified":"2017-04-21T12:42:22","modified_gmt":"2017-04-21T10:42:22","slug":"pozvanka-na-verejnou-besedu","status":"publish","type":"post","link":"https:\/\/libcickekrizovatky.cz\/?p=14823","title":{"rendered":"Pozv\u00e1nka na ve\u0159ejnou besedu"},"content":{"rendered":"<p><img loading=\"lazy\" style=\"float: right; margin: 10px;\" src=\"https:\/\/libcickekrizovatky.cz\/content\/uploads\/2017\/04\/plovarna-namesti.jpg\" alt=\"plov\u00e1rna: n\u00e1m\u011bst\u00ed\" width=\"240\" height=\"160\" \/>Pokud je\u0161t\u011b nem\u00e1te program na dne\u0161n\u00ed podve\u010der, p\u0159ij\u010fte na Lib\u010dickou plov\u00e1rnu. Budou zde p\u0159edstaveny t\u0159i z\u00e1m\u011bry, kter\u00e9 na\u0161e radnice moment\u00e1ln\u011b pl\u00e1nuje:<\/p>\n<ul>\n<li><strong>M\u011bstsk\u00fd d\u016fm na N\u00e1m\u011bst\u00ed Svobody<\/strong><br \/>\n(<span style=\"text-decoration: underline;\"><a href=\"https:\/\/libcickekrizovatky.cz\/content\/uploads\/2017\/02\/Studie_Mestsky_dum.pdf\">studii naleznete zde<\/a><\/span>)<\/li>\n<li><strong>Revitalizace parku na N\u00e1m\u011bst\u00ed Svobody<\/strong><\/li>\n<li><strong>Koncertn\u00ed s\u00ed\u0148 na zahrad\u011b ZU\u0160<\/strong><\/li>\n<\/ul>\n<p>P\u0159ij\u010fte se sezn\u00e1mit se z\u00e1sadn\u00edmi z\u00e1m\u011bry, kter\u00e9 mohou ovlivnit nejen tv\u00e1\u0159 ale i&nbsp;fungov\u00e1n\u00ed na\u0161eho m\u011bsta a&nbsp;sd\u011blte sv\u016fj pohled. <strong>\u010ctvrtek, 20.&nbsp;dubna v&nbsp;18,00 na Lib\u010dick\u00e9 plov\u00e1rn\u011b.<\/strong>  <\/p>\n","protected":false},"excerpt":{"rendered":"<p>Pokud je\u0161t\u011b nem\u00e1te program na dne\u0161n\u00ed podve\u010der, p\u0159ij\u010fte na Lib\u010dickou plov\u00e1rnu. Budou zde p\u0159edstaveny t\u0159i z\u00e1m\u011bry, kter\u00e9 na\u0161e radnice moment\u00e1ln\u011b pl\u00e1nuje: M\u011bstsk\u00fd d\u016fm na N\u00e1m\u011bst\u00ed Svobody (studii naleznete zde) Revitalizace parku na N\u00e1m\u011bst\u00ed Svobody Koncertn\u00ed s\u00ed\u0148 na zahrad\u011b ZU\u0160 P\u0159ij\u010fte se sezn\u00e1mit se z\u00e1sadn\u00edmi z\u00e1m\u011bry, kter\u00e9 mohou ovlivnit nejen tv\u00e1\u0159 ale i&nbsp;fungov\u00e1n\u00ed na\u0161eho m\u011bsta a&nbsp;sd\u011blte [&hellip;]<\/p>\n","protected":false},"author":4,"featured_media":0,"comment_status":"open","ping_status":"open","sticky":false,"template":"","format":"standard","meta":[],"categories":[4],"tags":[838,781],"_links":{"self":[{"href":"https:\/\/libcickekrizovatky.cz\/index.php?rest_route=\/wp\/v2\/posts\/14823"}],"collection":[{"href":"https:\/\/libcickekrizovatky.cz\/index.php?rest_route=\/wp\/v2\/posts"}],"about":[{"href":"https:\/\/libcickekrizovatky.cz\/index.php?rest_route=\/wp\/v2\/types\/post"}],"author":[{"embeddable":true,"href":"https:\/\/libcickekrizovatky.cz\/index.php?rest_route=\/wp\/v2\/users\/4"}],"replies":[{"embeddable":true,"href":"https:\/\/libcickekrizovatky.cz\/index.php?rest_route=%2Fwp%2Fv2%2Fcomments&post=14823"}],"version-history":[{"count":16,"href":"https:\/\/libcickekrizovatky.cz\/index.php?rest_route=\/wp\/v2\/posts\/14823\/revisions"}],"predecessor-version":[{"id":14851,"href":"https:\/\/libcickekrizovatky.cz\/index.php?rest_route=\/wp\/v2\/posts\/14823\/revisions\/14851"}],"wp:attachment":[{"href":"https:\/\/libcickekrizovatky.cz\/index.php?rest_route=%2Fwp%2Fv2%2Fmedia&parent=14823"}],"wp:term":[{"taxonomy":"category","embeddable":true,"href":"https:\/\/libcickekrizovatky.cz\/index.php?rest_route=%2Fwp%2Fv2%2Fcategories&post=14823"},{"taxonomy":"post_tag","embeddable":true,"href":"https:\/\/libcickekrizovatky.cz\/index.php?rest_route=%2Fwp%2Fv2%2Ftags&post=14823"}],"curies":[{"name":"wp","href":"https:\/\/api.w.org\/{rel}","templated":true}]}}