{"id":14875,"date":"2017-04-21T12:41:50","date_gmt":"2017-04-21T10:41:50","guid":{"rendered":"http:\/\/libcickekrizovatky.cz\/?p=14875"},"modified":"2017-04-21T14:26:30","modified_gmt":"2017-04-21T12:26:30","slug":"program-sboroveho-festivalu-2017-druha-ochutnavka","status":"publish","type":"post","link":"https:\/\/libcickekrizovatky.cz\/?p=14875","title":{"rendered":"Program sborov\u00e9ho festivalu 2017 &#8211; druh\u00e1 ochutn\u00e1vka"},"content":{"rendered":"<div style=\"float: right; margin: 10px;\"><img loading=\"lazy\" class=\"alignnone wp-image-14945\" src=\"https:\/\/libcickekrizovatky.cz\/content\/uploads\/2017\/04\/oz2017.jpg\" alt=\"Otev\u0159en\u00e1 zahrada 2017\" width=\"200\" height=\"133\" srcset=\"https:\/\/libcickekrizovatky.cz\/content\/uploads\/2017\/04\/oz2017.jpg 450w, https:\/\/libcickekrizovatky.cz\/content\/uploads\/2017\/04\/oz2017-300x200.jpg 300w\" sizes=\"(max-width: 200px) 100vw, 200px\" \/><\/div>\n<p>V minul\u00e9 <a href=\"https:\/\/libcickekrizovatky.cz\/?p=14708\"><u>pozv\u00e1nce<\/u><\/a> na festival sborov\u00e9ho zp\u011bvu jsem se v\u011bnovala dopoledn\u00ed d\u00edln\u011b, jej\u00ed\u017e v\u00fdsledek usly\u0161\u00edte na zah\u00e1jen\u00ed cel\u00e9 hudebn\u00ed akce.<\/p>\n<p>V m\u00e9m dne\u0161n\u00edm p\u0159\u00edsp\u011bvku bych v\u00e1m r\u00e1da kr\u00e1tce p\u0159ibl\u00ed\u017eila program prvn\u00ed poloviny festivalu.<!--more--><\/p>\n<h3>Na festival v\u017edy zveme alespo\u0148 jeden mlad\u00fd sbor<\/h3>\n<div style=\"float: left; margin: 10px;\">\n<div id=\"attachment_14933\" style=\"width: 230px\" class=\"wp-caption alignnone\"><img aria-describedby=\"caption-attachment-14933\" loading=\"lazy\" class=\"wp-image-14933\" src=\"https:\/\/libcickekrizovatky.cz\/content\/uploads\/2017\/04\/mladi.jpeg\" width=\"220\" height=\"147\" srcset=\"https:\/\/libcickekrizovatky.cz\/content\/uploads\/2017\/04\/mladi.jpeg 640w, https:\/\/libcickekrizovatky.cz\/content\/uploads\/2017\/04\/mladi-300x200.jpeg 300w\" sizes=\"(max-width: 220px) 100vw, 220px\" \/><p id=\"caption-attachment-14933\" class=\"wp-caption-text\"><em>D\u011btsk\u00fd p\u011bveck\u00fd sbor Ml\u00e1d\u00ed<\/em><\/p><\/div>\n<\/div>\n<p><strong>D\u011btsk\u00fd p\u011bveck\u00fd sbor Ml\u00e1d\u00ed<\/strong> k&nbsp;n\u00e1m p\u0159ijede z&nbsp;Jablonce nad Jizerou a&nbsp;velk\u00e1 \u010d\u00e1st jejich vystoupen\u00ed bude i&nbsp;pro m\u011b p\u0159ekvapen\u00edm.<\/p>\n<p>Po 10-25 let\u00fdch sle\u010dn\u00e1ch jsem nevy\u017eadovala, aby cel\u00e9 jejich vystoupen\u00ed bylo v\u00e1z\u00e1no t\u00e9matem 9.\u00a0ro\u010dn\u00edku festivalu.<\/p>\n<div style=\"float: right; margin: 10px;\">\n<div id=\"attachment_14915\" style=\"width: 210px\" class=\"wp-caption alignright\"><img aria-describedby=\"caption-attachment-14915\" loading=\"lazy\" class=\"wp-image-14915\" src=\"https:\/\/libcickekrizovatky.cz\/content\/uploads\/2017\/04\/Leo-Debiles.jpg\" alt=\"L\u00e9o Delibes\" width=\"200\" height=\"275\" srcset=\"https:\/\/libcickekrizovatky.cz\/content\/uploads\/2017\/04\/Leo-Debiles.jpg 366w, https:\/\/libcickekrizovatky.cz\/content\/uploads\/2017\/04\/Leo-Debiles-218x300.jpg 218w\" sizes=\"(max-width: 200px) 100vw, 200px\" \/><p id=\"caption-attachment-14915\" class=\"wp-caption-text\"><em>L\u00e9o Delibes<\/em><\/p><\/div>\n<\/div>\n<p>A tak v\u00edm jen tolik, \u017ee k&nbsp;t\u00e9matu m\u0161e si sbor p\u0159ipravil dv\u011b \u010d\u00e1sti z&nbsp;Messe Breve, kterou slo\u017eil francouzsk\u00fd skladatel L\u00e9o Delibes. Byl to sou\u010dasn\u00edk Offenbach\u016fv, psal operety, opery i&nbsp;balety a&nbsp;jeho hudba m\u011bla vliv nap\u0159.&nbsp;i&nbsp;na P.&nbsp;I. \u010cajkovsk\u00e9ho. Jeho Messe Breve zp\u00edvaj\u00ed sbory po&nbsp;cel\u00e9m sv\u011bt\u011b. Z\u00e1jemc\u016fm nab\u00edz\u00edm odkazy na r\u016fzn\u00e1 proveden\u00ed:<\/p>\n<ul>\n<li><span style=\"text-decoration: underline;\"><a href=\"https:\/\/www.youtube.com\/watch?v=R_5NBUVYKVU\">The St Mary Choir and Orchestra<\/a><\/span><br \/>\n(St Mary Catholic Church, Littleton, Colorado),<\/li>\n<li><span style=\"text-decoration: underline;\"><a href=\"https:\/\/www.youtube.com\/watch?v=htYHYTGI8Q4\">\u010d\u00e1st Gloria v&nbsp;proveden\u00ed chlapeck\u00e9ho sboru<\/a><\/span><br \/>\nz&nbsp;rusk\u00e9 Dubny<\/li>\n<li>\u010d\u00e1st <a href=\"https:\/\/www.youtube.com\/watch?v=TCWp_oafl-Y\"><span style=\"text-decoration: underline;\">O Salutaris Hostia a&nbsp;Agnus Dei<\/span><br \/>\n<\/a>od jin\u00e9ho sboru mlad\u00fdch (Piccolo Choeur, Castelnaudary)<\/li>\n<\/ul>\n<h3>Do programu se zapoj\u00ed dom\u00e1c\u00ed i&nbsp;host\u00e9<\/h3>\n<h5><a href=\"http:\/\/www.scandula.cz\"><strong><span style=\"text-decoration: underline;\">Scandula<\/span> <\/strong><\/a><\/h5>\n<div style=\"float: right; margin: 10px;\">\n<div id=\"attachment_14922\" style=\"width: 210px\" class=\"wp-caption alignright\"><img aria-describedby=\"caption-attachment-14922\" loading=\"lazy\" class=\"wp-image-14922\" src=\"https:\/\/libcickekrizovatky.cz\/content\/uploads\/2017\/04\/teml-jiri.jpeg\" width=\"200\" height=\"267\" srcset=\"https:\/\/libcickekrizovatky.cz\/content\/uploads\/2017\/04\/teml-jiri.jpeg 500w, https:\/\/libcickekrizovatky.cz\/content\/uploads\/2017\/04\/teml-jiri-225x300.jpeg 225w\" sizes=\"(max-width: 200px) 100vw, 200px\" \/><p id=\"caption-attachment-14922\" class=\"wp-caption-text\"><em>Ji\u0159\u00ed Teml<\/em><\/p><\/div>\n<\/div>\n<p>na festival p\u0159isp\u011bje\u00a0m\u0161\u00ed sou\u010dasn\u00e9ho a&nbsp;obl\u00edben\u00e9ho skladatele\u00a0<u><a href=\"https:\/\/cs.wikipedia.org\/wiki\/Ji%C5%99%C3%AD_Teml\">Ji\u0159\u00edho Temla<\/a>,<\/u>\u00a0rod\u00e1ka ze \u0160umavy, <span style=\"text-decoration: underline;\"><a href=\"http:\/\/www.musica.cz\/cz\/composers\/show?itemId=158\">autora mnoha des\u00edtek instrument\u00e1ln\u00edch i&nbsp;vok\u00e1ln\u00edch d\u011bl<\/a><\/span>.<\/p>\n<p>&#8220;Missa Piccola&#8221; je skladbou pro sm\u00ed\u0161en\u00fd sbor a&nbsp;s\u00f3lov\u00e9 housle. Vznikla v&nbsp;roce 2004 a&nbsp;Scandula ji ji\u017e \u00fasp\u011b\u0161n\u011b provedla na sv\u00e9m velikono\u010dn\u00edm koncertu. M\u016f\u017eete se t\u011b\u0161it na folkl\u00f3rem inspirovan\u00e9 sv\u011b\u017e\u00ed d\u00edlko, kter\u00e9 na housle doprovod\u00ed Viktor Nusl.<\/p>\n<h5><a href=\"http:\/\/www.lumenpacov.cz\/domains\/lumenpacov.cz\/\"><span style=\"text-decoration: underline;\"><strong>Lumen Pacov<\/strong><\/span><\/a><\/h5>\n<p>je sbor, kter\u00fd k&nbsp;n\u00e1m z&nbsp;Vyso\u010diny zav\u00edt\u00e1 u\u017e podruh\u00e9. Naposled zp\u00edvali pacov\u0161t\u00ed na na\u0161em festivalu v&nbsp;roce 2015 (kdo by si cht\u011bl jejich vystoupen\u00ed o\u017eivit, m\u016f\u017ee se pod\u00edvat <span style=\"text-decoration: underline;\"><a href=\"https:\/\/www.youtube.com\/watch?v=9r9XpBQjiy0\">zde<\/a><\/span>).<\/p>\n<p>Pro leto\u0161n\u00ed ro\u010dn\u00edk si p\u0159ipravili \u010deskou premi\u00e9ru skladby mlad\u00e9ho sou\u010dasn\u00e9ho \u0161v\u00e9dsk\u00e9ho skladatele<\/p>\n<div style=\"float: left; margin: 10px;\">\n<div id=\"attachment_14929\" style=\"width: 230px\" class=\"wp-caption alignleft\"><img aria-describedby=\"caption-attachment-14929\" loading=\"lazy\" class=\"wp-image-14929\" src=\"https:\/\/libcickekrizovatky.cz\/content\/uploads\/2017\/04\/anton-leaderson.jpeg\" width=\"220\" height=\"220\" srcset=\"https:\/\/libcickekrizovatky.cz\/content\/uploads\/2017\/04\/anton-leaderson.jpeg 800w, https:\/\/libcickekrizovatky.cz\/content\/uploads\/2017\/04\/anton-leaderson-250x250.jpeg 250w, https:\/\/libcickekrizovatky.cz\/content\/uploads\/2017\/04\/anton-leaderson-300x300.jpeg 300w, https:\/\/libcickekrizovatky.cz\/content\/uploads\/2017\/04\/anton-leaderson-768x768.jpeg 768w\" sizes=\"(max-width: 220px) 100vw, 220px\" \/><p id=\"caption-attachment-14929\" class=\"wp-caption-text\"><em>Anton Leanderson \u2013 Andr\u00e9as<\/em><\/p><\/div>\n<\/div>\n<p><span style=\"text-decoration: underline;\"><a href=\"https:\/\/antonleanderson.com\/\">Antona Leanderson \u2013 Andr\u00e9ase<\/a><\/span>\u00a0(<sub>*<\/sub> 1985) &#8220;Missa Brevis a&nbsp;capella.&#8221; Prvn\u00ed \u010d\u00e1st t\u00e9to skladby z&nbsp;roku 2013 za \u0159\u00edzen\u00ed samotn\u00e9ho autora si m\u016f\u017eete poslechnout <span style=\"text-decoration: underline;\"><a href=\"https:\/\/www.youtube.com\/watch?v=JsKl6H_G8FQ\">zde<\/a><\/span>.\u00a0Proto\u017ee je to skladba relativn\u011b kr\u00e1tk\u00e1, dopln\u00ed sv\u00e9 vystoupen\u00ed n\u011bkolika dal\u0161\u00edmi sou\u010dasn\u00fdmi duchovn\u00edmi p\u00edsn\u011bmi.<\/p>\n<h5><a href=\"http:\/\/www.regnis.cz\/home.html\"><span style=\"text-decoration: underline;\"><strong>Regnis<\/strong><\/span><\/a><\/h5>\n<p>je komorn\u00ed soubor z&nbsp;Liberce, p\u0159ednese dal\u0161\u00ed skladbu sou\u010dasn\u00e9ho autora. &#8220;Missa Sanctae Crucis&#8221; je d\u00edlem <span style=\"text-decoration: underline;\"><a href=\"http:\/\/www.musicaflorea.cz\/index.php?goto=5aSQsmbd&amp;sekce=5aSQsmbd&amp;lng=cz\">Marka \u0160tryncla <\/a><\/span>(<sub>*<\/sub> 1974)<em>, <\/em>dirigenta, sbormistra, violoncellisty a&nbsp;skladatele a&nbsp;tak\u00e9 um\u011bleck\u00e9ho vedouc\u00edho souboru Musica Florea.<\/p>\n<p><a href=\"https:\/\/www.youtube.com\/watch?v=a_BGI07io9c\">Poslechn\u011bte si<\/a>, jak tato skladba zn\u011bla v&nbsp;roce 2013 na spole\u010dn\u00e9m koncert\u011b uskupen\u00ed Regnis a&nbsp;Musica Florea.<\/p>\n<div style=\"float: left; margin: 10px;\">\n<div id=\"attachment_14924\" style=\"width: 230px\" class=\"wp-caption alignleft\"><img aria-describedby=\"caption-attachment-14924\" loading=\"lazy\" class=\"wp-image-14924\" src=\"https:\/\/libcickekrizovatky.cz\/content\/uploads\/2017\/04\/zdenek-bednar.jpeg\" alt=\"Zden\u011bk Bedn\u00e1\u0159\" width=\"220\" height=\"326\" srcset=\"https:\/\/libcickekrizovatky.cz\/content\/uploads\/2017\/04\/zdenek-bednar.jpeg 553w, https:\/\/libcickekrizovatky.cz\/content\/uploads\/2017\/04\/zdenek-bednar-202x300.jpeg 202w\" sizes=\"(max-width: 220px) 100vw, 220px\" \/><p id=\"caption-attachment-14924\" class=\"wp-caption-text\"><em>Zden\u011bk Bedn\u00e1\u0159<\/em><\/p><\/div>\n<\/div>\n<h3>K hudb\u011b i&nbsp;trochu teorie, ale ur\u010dit\u011b ne such\u00e9<\/h3>\n<p>Po prvn\u00edm polo\u010dasu bude \u010das prost\u0159\u00eddat zp\u011bv na chv\u00edli mluven\u00fdm slovem. Pro ty, kter\u00e9 zaj\u00edm\u00e1, jak\u00e9 m\u00e1 hudebn\u00ed forma m\u0161e \u010d\u00e1sti, a&nbsp;pro\u010d se n\u011bkter\u00e9 zp\u00edvaj\u00ed v\u017edy a&nbsp;jin\u00e9 jen n\u011bkdy, chyst\u00e1 poutav\u00e9 pov\u00edd\u00e1n\u00ed o&nbsp;<em>m\u0161i jako hudebn\u00ed form\u011b<\/em> Zden\u011bk Bedn\u00e1\u0159, profesor d\u011bjin hudby na Konzervato\u0159i Jaroslava Je\u017eka v&nbsp;Praze. Pan Bedn\u00e1\u0159 n\u00e1\u0161 festival nav\u0161t\u00edvil u\u017e n\u011bkolikr\u00e1t, na jeho prvn\u00edm ro\u010dn\u00edku zazn\u011bla jeho p\u0159edn\u00e1\u0161ka o&nbsp;sborov\u00e9m zp\u011bvu, kter\u00e1 rozhodn\u011b nebyla suchop\u00e1rn\u00e1&#8230;<\/p>\n<p>Tolik tedy k&nbsp;prvn\u00ed \u010d\u00e1sti programu. Brzy na shledanou v&nbsp;dal\u0161\u00edm pokra\u010dov\u00e1n\u00ed festivalov\u00e9ho zpravodajstv\u00ed!<\/p>\n<p>&nbsp;<\/p>\n<ul>\n<li style=\"text-align: right;\"><em>\u010ct\u011bte tak\u00e9 <span style=\"text-decoration: underline;\"><a href=\"https:\/\/libcickekrizovatky.cz\/?p=14708\">prvn\u00ed d\u00edl seri\u00e1lu<\/a><\/span> o&nbsp;festivalu Otev\u0159en\u00e1 zahrada 2017.<\/em><\/li>\n<\/ul>\n","protected":false},"excerpt":{"rendered":"<p>V minul\u00e9 pozv\u00e1nce na festival sborov\u00e9ho zp\u011bvu jsem se v\u011bnovala dopoledn\u00ed d\u00edln\u011b, jej\u00ed\u017e v\u00fdsledek usly\u0161\u00edte na zah\u00e1jen\u00ed cel\u00e9 hudebn\u00ed akce. V&nbsp;m\u00e9m dne\u0161n\u00edm p\u0159\u00edsp\u011bvku bych v\u00e1m r\u00e1da kr\u00e1tce p\u0159ibl\u00ed\u017eila program prvn\u00ed poloviny festivalu.<\/p>\n","protected":false},"author":13,"featured_media":0,"comment_status":"open","ping_status":"open","sticky":false,"template":"","format":"standard","meta":[],"categories":[1],"tags":[841,788,509,340,793],"_links":{"self":[{"href":"https:\/\/libcickekrizovatky.cz\/index.php?rest_route=\/wp\/v2\/posts\/14875"}],"collection":[{"href":"https:\/\/libcickekrizovatky.cz\/index.php?rest_route=\/wp\/v2\/posts"}],"about":[{"href":"https:\/\/libcickekrizovatky.cz\/index.php?rest_route=\/wp\/v2\/types\/post"}],"author":[{"embeddable":true,"href":"https:\/\/libcickekrizovatky.cz\/index.php?rest_route=\/wp\/v2\/users\/13"}],"replies":[{"embeddable":true,"href":"https:\/\/libcickekrizovatky.cz\/index.php?rest_route=%2Fwp%2Fv2%2Fcomments&post=14875"}],"version-history":[{"count":62,"href":"https:\/\/libcickekrizovatky.cz\/index.php?rest_route=\/wp\/v2\/posts\/14875\/revisions"}],"predecessor-version":[{"id":14949,"href":"https:\/\/libcickekrizovatky.cz\/index.php?rest_route=\/wp\/v2\/posts\/14875\/revisions\/14949"}],"wp:attachment":[{"href":"https:\/\/libcickekrizovatky.cz\/index.php?rest_route=%2Fwp%2Fv2%2Fmedia&parent=14875"}],"wp:term":[{"taxonomy":"category","embeddable":true,"href":"https:\/\/libcickekrizovatky.cz\/index.php?rest_route=%2Fwp%2Fv2%2Fcategories&post=14875"},{"taxonomy":"post_tag","embeddable":true,"href":"https:\/\/libcickekrizovatky.cz\/index.php?rest_route=%2Fwp%2Fv2%2Ftags&post=14875"}],"curies":[{"name":"wp","href":"https:\/\/api.w.org\/{rel}","templated":true}]}}