{"id":15062,"date":"2017-05-09T12:10:00","date_gmt":"2017-05-09T10:10:00","guid":{"rendered":"http:\/\/libcickekrizovatky.cz\/?p=15062"},"modified":"2017-05-10T21:38:10","modified_gmt":"2017-05-10T19:38:10","slug":"program-sboroveho-festivalu-otevrena-zahrada-do-tretice","status":"publish","type":"post","link":"https:\/\/libcickekrizovatky.cz\/?p=15062","title":{"rendered":"Otev\u0159en\u00e1 zahrada \u2013 letos to bude velk\u00e9!"},"content":{"rendered":"<div style=\"float: right;margin: 10px\"><img loading=\"lazy\" class=\"alignnone wp-image-14945\" src=\"https:\/\/libcickekrizovatky.cz\/content\/uploads\/2017\/04\/oz2017-300x200.jpg\" alt=\"Otev\u0159en\u00e1 zahrada 2017\" width=\"203\" height=\"135\" srcset=\"https:\/\/libcickekrizovatky.cz\/content\/uploads\/2017\/04\/oz2017-300x200.jpg 300w, https:\/\/libcickekrizovatky.cz\/content\/uploads\/2017\/04\/oz2017.jpg 450w\" sizes=\"(max-width: 203px) 100vw, 203px\" \/><\/div>\n<p>Hlavn\u00edm t\u00e9matem festivalu Otev\u0159en\u00e1 zahrada je sice p\u0159edev\u0161\u00edm sborov\u00fd zp\u011bv, ale od sv\u00e9ho po\u010d\u00e1tku se sna\u017e\u00edme v&nbsp;programu propojit i&nbsp;dal\u0161\u00ed \u017e\u00e1nry um\u011bn\u00ed: vok\u00e1ln\u00ed i&nbsp;instrument\u00e1ln\u00ed hudbu, loni nap\u0159\u00edklad tak\u00e9 tanec a&nbsp;ka\u017edoro\u010dn\u011b v\u00fdtvarn\u00e9 um\u011bn\u00ed i&nbsp;divadlo.\u00a0Sna\u017e\u00edme se zapojit d\u011bti i&nbsp;dosp\u011bl\u00e9 v&nbsp;roli \u00fa\u010dinkuj\u00edc\u00edch i&nbsp;n\u00e1v\u0161t\u011bvn\u00edk\u016f. Nejinak tomu bude letos.\u00a0<!--more--><\/p>\n<p>V <span style=\"text-decoration: underline\"><a href=\"https:\/\/libcickekrizovatky.cz\/?p=14875\">minul\u00e9 pozv\u00e1nce<\/a><\/span> jsme skon\u010dili 16.&nbsp;hodinou. Co se bude d\u00edt d\u00e1l?<\/p>\n<h3>Z\u00e1bava\u00a0pro mal\u00e9 v\u00fdtvarn\u00edky a&nbsp;divadeln\u00edky a&nbsp;tak\u00e9 n\u011bco k&nbsp;sn\u011bdku<\/h3>\n<p>Nejd\u0159\u00edv mus\u00edm prozradit, co je na festivalu v&nbsp;tento \u010das nachyst\u00e1no pro d\u011bti. Absolvent DAMU Josef Pek\u00e1rek a&nbsp;jeho pomocn\u00edci podle moment\u00e1ln\u00ed situace, n\u00e1lady d\u011bt\u00ed a&nbsp;dal\u0161\u00edch prom\u011bnn\u00fdch provedou d\u011bti z\u00e1\u017eitkovou formou p\u0159\u00edb\u011bhem:<\/p>\n<ul>\n<li>bu\u010f o&nbsp;kn\u011b\u017en\u011b Libu\u0161i,<\/li>\n<li>nebo o&nbsp;Janu Jakubu Rybovi,<\/li>\n<li>anebo tak\u00e9 \u00fapln\u011b jin\u00fdm p\u0159\u00edb\u011bhem.<\/li>\n<\/ul>\n<p>Co se bude b\u011bhem d\u00edlny p\u0159esn\u011b d\u00edt, to je p\u0159ekvapen\u00ed, ale jist\u00e9 je, \u017ee u&nbsp;toho d\u011bti budou aktivn\u00edmi spolutv\u016frci p\u0159edem neodhadnuteln\u00e9ho procesu.<\/p>\n<p>Na zahrad\u011b bude cel\u00e9 odpoledne prob\u00edhat <strong>v\u00fdtvarn\u00e1 d\u00edlna<\/strong>, kterou zejm\u00e9na pro d\u011bti chyst\u00e1 Kate\u0159ina Tetivov\u00e1 (<span style=\"text-decoration: underline\"><a href=\"http:\/\/www.ateliersahara.cz\/\">ateliersahara.cz<\/a><\/span>). V\u00edte, co je to vitr\u00e1\u017e? Pokud ne, tak na d\u00edln\u011b se to jist\u011b dozv\u00edte.<\/p>\n<p>Na festivalu nesm\u00ed chyb\u011bt ob\u010derstven\u00ed. Po&nbsp;lo\u0148sk\u00e9m \u00fasp\u011bchu op\u011bt dovezeme kol\u00e1\u010de a&nbsp;dal\u0161\u00ed pochutiny od <a href=\"http:\/\/ulasiku.cz\/obcerstveni\/jidelni-listek\/\">Las\u00edk\u016f<\/a>, dal\u0161\u00ed dobroty pro v\u00e1s p\u0159ichyst\u00e1 i&nbsp;Mirka Kou\u0161ov\u00e1 a&nbsp;spol.<\/p>\n<h3>Ingrediente: Gregori\u00e1nsk\u00fd chor\u00e1l prom\u00edtnut\u00fd do 21.&nbsp;stolet\u00ed<\/h3>\n<div style=\"float: left;margin: 10px\">\n<div id=\"attachment_15066\" style=\"width: 183px\" class=\"wp-caption alignleft\"><img aria-describedby=\"caption-attachment-15066\" loading=\"lazy\" class=\" wp-image-15066\" src=\"https:\/\/libcickekrizovatky.cz\/content\/uploads\/2017\/05\/jiri_hodina-225x300.jpg\" alt=\"\" width=\"173\" height=\"231\" srcset=\"https:\/\/libcickekrizovatky.cz\/content\/uploads\/2017\/05\/jiri_hodina-225x300.jpg 225w, https:\/\/libcickekrizovatky.cz\/content\/uploads\/2017\/05\/jiri_hodina-e1494324490979-188x250.jpg 188w, https:\/\/libcickekrizovatky.cz\/content\/uploads\/2017\/05\/jiri_hodina-768x1024.jpg 768w, https:\/\/libcickekrizovatky.cz\/content\/uploads\/2017\/05\/jiri_hodina.jpg 960w\" sizes=\"(max-width: 173px) 100vw, 173px\" \/><p id=\"caption-attachment-15066\" class=\"wp-caption-text\"><em>Ji\u0159\u00ed Hodina ve studiu<\/em><\/p><\/div>\n<\/div>\n<p>Zvl\u00e1\u0161tnost\u00ed odpoledn\u00edho programu bude uskupen\u00ed <strong>Ingrediente<\/strong>. Sami interpreti o&nbsp;sv\u00e9m projektu \u0159\u00edkaj\u00ed: &#8220;<em>Hudba tohoto projektu \u010derp\u00e1 z&nbsp;prastar\u00fdch tradic evropsk\u00e9 duchovn\u00ed hudby st\u0159edov\u011bku (gregori\u00e1nsk\u00fd chor\u00e1l, ran\u00fd v\u00edcehlas). Inspirace touto tradic\u00ed se zde snoub\u00ed s&nbsp;poslechovou zku\u0161enost\u00ed 21.&nbsp;stolet\u00ed, nad\u017e\u00e1nrovou hudebn\u00ed improvizac\u00ed a&nbsp;nov\u00fdmi mo\u017enostmi pr\u00e1ce s&nbsp;hudebn\u00edm zvukem. Improvizovan\u00e9 pas\u00e1\u017ee jsou dopln\u011bny komponovan\u00fdmi strukturami a&nbsp;citliv\u00fdm elektronick\u00fdm processingem, vytv\u00e1\u0159ej\u00edc\u00edm jemn\u00e9 ambientn\u00ed struktury.&#8221;<\/em><\/p>\n<p>Podle v\u0161eho n\u00e1s tedy \u010dek\u00e1 zaj\u00edmav\u00fd hudebn\u00ed experiment, to v\u0161e v&nbsp;obsazen\u00ed: <span style=\"text-decoration: underline\"><a href=\"http:\/\/www.hlasohled.cz\/cze\/lektori\/hodina-jiri-cr.html\">Ji\u0159\u00ed Hodina<\/a><\/span> \u2013 zp\u011bv, housle; <span style=\"text-decoration: underline\"><a href=\"http:\/\/www.vsinterpretation.org\/2016\/jirucha-jan\">Jan Jirucha<\/a><\/span> \u2013 trombon, eufonium a&nbsp;<span style=\"text-decoration: underline\"><a href=\"http:\/\/omnion.cz\/Bio_CZ.htm\">Tom\u00e1\u0161 Reindl<\/a><\/span> \u2013 realtime electronic processing, klarinet, tabla, hlas, did\u017eeridu.<\/p>\n<h3>\u010ce\u0161t\u00ed madrigalist\u00e9 p\u0159ijedou s&nbsp;Palestrinou<\/h3>\n<div style=\"float: right;margin: 10px\">\n<div id=\"attachment_15076\" style=\"width: 243px\" class=\"wp-caption alignleft\"><img aria-describedby=\"caption-attachment-15076\" loading=\"lazy\" class=\"size-medium wp-image-15076\" src=\"https:\/\/libcickekrizovatky.cz\/content\/uploads\/2017\/05\/Giovanni_Pierluigi_da_Palestrina-233x300.jpg\" alt=\"\" width=\"233\" height=\"300\" srcset=\"https:\/\/libcickekrizovatky.cz\/content\/uploads\/2017\/05\/Giovanni_Pierluigi_da_Palestrina-233x300.jpg 233w, https:\/\/libcickekrizovatky.cz\/content\/uploads\/2017\/05\/Giovanni_Pierluigi_da_Palestrina.jpg 462w\" sizes=\"(max-width: 233px) 100vw, 233px\" \/><p id=\"caption-attachment-15076\" class=\"wp-caption-text\"><em>Giovanni Pierluigi da Palestrina<\/em><\/p><\/div>\n<\/div>\n<p>Abychom vyv\u00e1\u017eili fakt, \u017ee v\u011bt\u0161ina skladeb na leto\u0161n\u00edm festivalu je od sou\u010dasn\u00fdch autor\u016f, za\u0159adili jsme do programu italsk\u00e9ho polyfonn\u00edho skladatele <span style=\"text-decoration: underline\"><a href=\"https:\/\/cs.wikipedia.org\/wiki\/Giovanni_Pierluigi_da_Palestrina\">Giovanni Pierluigi da Palestrinu<\/a><\/span>. Usly\u0161\u00edme skladbu <strong>Missa Brevis<\/strong>, jednu z&nbsp;neuv\u011b\u0159iteln\u00e9ho po\u010dtu 105 m\u0161\u00ed, kter\u00e9 tento skladatel zkomponoval. Zazp\u00edvaj\u00ed n\u00e1m j\u00ed <strong>\u010ce\u0161t\u00ed madrigalist\u00e9<\/strong> pod veden\u00edm Veroniky H\u00e1dkov\u00e9. Veroniku jste mohli vid\u011bt a&nbsp;sly\u0161et v&nbsp;roli hobojistky, pokud jste v&nbsp;prosinci zav\u00edtali na kr\u00e1sn\u00fd adventn\u00ed koncert do katolick\u00e9ho kostela. \u010c\u00e1st Gloria si m\u016f\u017eete poslechnout <span style=\"text-decoration: underline\"><a href=\"https:\/\/www.youtube.com\/watch?v=ol67l7H7etA\">zde<\/a><\/span>.<\/p>\n<h3>Grand Finale: Eternal Light \/ V\u011b\u010dn\u00e9 sv\u011btlo<\/h3>\n<p>S\u00a0ve\u010derem se p\u0159ibl\u00ed\u017e\u00ed z\u00e1v\u011br programu. Ten bude pat\u0159it v&nbsp;historii festivalu poprv\u00e9 pln\u011b profesion\u00e1ln\u00edmu vystoupen\u00ed. Nenechte si v\u00a0\u017e\u00e1dn\u00e9m p\u0159\u00edpad\u011b uj\u00edt vystoupen\u00ed <strong>K\u00fchnova sm\u00ed\u0161en\u00e9ho sboru se s\u00f3listy<\/strong>, kte\u0159\u00ed n\u00e1m p\u0159ednesou Requiem, tedy m\u0161i za zem\u0159el\u00e9. Trouf\u00e1m si tvrdit, \u017ee koncert v&nbsp;takov\u00e9m obsazen\u00ed\u00a0na\u0161e m\u011bsto minim\u00e1ln\u011b v&nbsp;posledn\u00edm p\u016fl stolet\u00ed\u00a0neza\u017eilo.<\/p>\n<p>Requiem &#8211; Eternal Light\u00a0 pro sbor, s\u00f3lov\u00fd sopr\u00e1n, klav\u00edr, varhany, s\u00f3lovou trubku, vibrafon a&nbsp;kontrabas, koncipovan\u00e9 jako jazzov\u00e9, neliturgick\u00e9 d\u00edlo na\u00a0anglick\u00fd text, zkomponoval v&nbsp;roce 2013 <strong>jazzov\u00fd klav\u00edrista a&nbsp;skladatel Karel R\u016f\u017ei\u010dka<\/strong> (1940\u00a0&#8211;\u00a02016) p\u0159\u00edmo pro K\u00fchn\u016fv sm\u00ed\u0161en\u00fd sbor. Podn\u011btem bylo des\u00e1t\u00e9 v\u00fdro\u010d\u00ed \u00famrt\u00ed legend\u00e1rn\u00edho sbormistra a&nbsp;zakladatele sboru Pavla K\u00fchna (1938\u00a0&#8211;\u00a02003), s&nbsp;n\u00edm\u017e Karla R\u016f\u017ei\u010dku pojilo dlouholet\u00e9 p\u0159\u00e1telstv\u00ed.<\/p>\n<div style=\"float: left;margin: 10px\">\n<div id=\"attachment_15069\" style=\"width: 235px\" class=\"wp-caption alignright\"><img aria-describedby=\"caption-attachment-15069\" loading=\"lazy\" class=\" wp-image-15069\" src=\"https:\/\/libcickekrizovatky.cz\/content\/uploads\/2017\/05\/karel-ruzicka-quartet-1-300x300.jpg\" alt=\"\" width=\"225\" height=\"225\" srcset=\"https:\/\/libcickekrizovatky.cz\/content\/uploads\/2017\/05\/karel-ruzicka-quartet-1-300x300.jpg 300w, https:\/\/libcickekrizovatky.cz\/content\/uploads\/2017\/05\/karel-ruzicka-quartet-1-250x250.jpg 250w, https:\/\/libcickekrizovatky.cz\/content\/uploads\/2017\/05\/karel-ruzicka-quartet-1.jpg 460w\" sizes=\"(max-width: 225px) 100vw, 225px\" \/><p id=\"caption-attachment-15069\" class=\"wp-caption-text\"><em>Karel R\u016f\u017ei\u010dka<\/em><\/p><\/div>\n<\/div>\n<p>Ostatn\u011b okolnosti vzniku d\u00edla nejl\u00e9pe vystihnou slova samotn\u00e9ho autora: \u201e\u2026<em>Nen\u00ed ka\u017ed\u00e9mu dop\u0159\u00e1no potkat se v&nbsp;\u017eivot\u011b s&nbsp;takovou osobnost\u00ed, jako byl Pavel K\u00fchn. J\u00e1 jsem to \u0161t\u011bst\u00ed m\u011bl a&nbsp;vzpom\u00ednky na na\u0161e setk\u00e1v\u00e1n\u00ed neblednou ani po&nbsp;deseti letech, kter\u00e9 ub\u011bhly od jeho odchodu. R\u00e1d jsem proto od dirigenta Marka Vorl\u00ed\u010dka p\u0159ijal pozv\u00e1n\u00ed k&nbsp;op\u011btn\u00e9 spolupr\u00e1ci se sborem, kter\u00fd nese d\u00e1l K\u00fchnovo jm\u00e9no. K&nbsp;uct\u011bn\u00ed jeho pam\u00e1tky jsem s&nbsp;pou\u017eit\u00edm anglick\u00fdch text\u016f slo\u017eil sedmid\u00edln\u00e9 Requiem, kter\u00e9 m\u00e1 podtitul Eternal Light &#8211; V\u011b\u010dn\u00e9 sv\u011btlo. S&nbsp;my\u0161lenkou na Pavla v\u011bnuji tuto kompozici sboru, v&nbsp;jeho\u017e \u010dele tento skv\u011bl\u00fd \u010dlov\u011bk a&nbsp;muzikant po&nbsp;dlouh\u00e1 l\u00e9ta st\u00e1l\u2026\u201c <\/em><\/p>\n<p>Podobn\u011b jako p\u0159ede\u0161l\u00e9 R\u016f\u017ei\u010dkovy kompozice tohoto druhu (Celebration Jazz Mass, Te Deum a\u00a0Magnificat) i&nbsp;Requiem origin\u00e1ln\u011b spojuje jazzovou hudbu s&nbsp;\u00a0monumentalitou sborov\u00e9ho zvuku. Sbor skladbu n\u011bkolikr\u00e1t s&nbsp;velk\u00fdm \u00fasp\u011bchem ve\u0159ejn\u011b provedl, a&nbsp;to za \u00fa\u010dasti autora jako klav\u00edristy. Poprv\u00e9 se tak stalo v&nbsp;prosinci 2013 na koncert\u011b v\u011bnovan\u00e9m uct\u011bn\u00ed pam\u00e1tky Pavla K\u00fchna.<\/p>\n<p>Proveden\u00edm Requiem Karla R\u016f\u017ei\u010dky v&nbsp;r\u00e1mci festivalu &#8220;Otev\u0159en\u00e1 zahrada&#8221;, prvn\u00edm ve\u0159ejn\u00fdm proveden\u00edm bez autorovy interpreta\u010dn\u00ed \u00fa\u010dasti, bychom spolu s&nbsp;K\u00fchnov\u00fdm sborem r\u00e1di uctili pam\u00e1tku tohoto skv\u011bl\u00e9ho hudebn\u00edka, kter\u00fd na konci z\u00e1\u0159\u00ed lo\u0148sk\u00e9ho roku ode\u0161el za V\u011b\u010dn\u00fdm sv\u011btlem.<\/p>\n<h3>D\u00edky v\u0161em sponzor\u016fm festivalu<\/h3>\n<p>Kdo u\u017e n\u011bkdy trochu nahl\u00e9dl do z\u00e1kulis\u00ed kulturn\u00edch akc\u00ed, tedy takov\u00fdch, kter\u00e9 nejsou zrovna &#8220;main stream&#8221;, mo\u017en\u00e1 tu\u0161\u00ed, \u017ee by to cel\u00e9 nebylo mo\u017en\u00e9 bez \u0161t\u011bdr\u00e9 podpory mnoha sponzor\u016f. 150 korun, kter\u00e9 n\u00e1v\u0161t\u011bvn\u00edci zaplat\u00ed na vstupn\u00e9m, pokr\u00fdv\u00e1 jen mali\u010dkou \u010d\u00e1st cel\u00e9 akce.<\/p>\n<p>Proto bychom r\u00e1di na z\u00e1v\u011br cht\u011bli pod\u011bkovat jm\u00e9nem po\u0159adatel\u016f i&nbsp;n\u00e1v\u0161t\u011bvn\u00edk\u016f v\u0161em, kte\u0159\u00ed finan\u010dn\u011b i&nbsp;pomocnou rukou p\u0159isp\u011bli a&nbsp;bez nich\u017e by to cel\u00e9 nebylo mo\u017en\u00e9. Jsou to p\u0159edev\u0161\u00edm:<\/p>\n<ul>\n<li><span style=\"text-decoration: underline\"><a href=\"https:\/\/www.mkcr.cz\/statni-fond-kultury-cr-42.html\">St\u00e1tn\u00ed fond kultury \u010cR<\/a><\/span><\/li>\n<li><span style=\"text-decoration: underline\"><a href=\"http:\/\/www.nfvtr.cz\/\">Nada\u010dn\u00ed fond V\u011bry T\u0159ebick\u00e9-\u0158ivn\u00e1\u010dov\u00e9<\/a><\/span><\/li>\n<li><a href=\"https:\/\/www.kr-stredocesky.cz\/web\/urad\/stredocesky-fond-hejtmana-a-zmirneni-nasledku-zivelnych-katastrof\">St\u0159edo\u010desk\u00fd kraj &#8211; Fond hejtmana<\/a><\/li>\n<li><span style=\"text-decoration: underline\"><a href=\"http:\/\/www.ujv.cz\">\u00daJV \u0158e\u017e, a. s.<\/a><\/span><\/li>\n<li><span style=\"text-decoration: underline\"><a href=\"http:\/\/www.libcice.cz\">M\u011bsto Lib\u010dice nad Vltavou<\/a><\/span><\/li>\n<li><span style=\"text-decoration: underline\"><a href=\"http:\/\/www.libcice.net\">Spolek Libcice.net<\/a><\/span><\/li>\n<li><span style=\"text-decoration: underline\"><a href=\"http:\/\/www.beedol.cz\">V\u00fdzkumn\u00fd \u00fastav v\u010dela\u0159sk\u00fd na Dole<\/a><\/span><\/li>\n<\/ul>\n<p>P\u0159\u00ed\u0161t\u00ed ro\u010dn\u00edk festivalu bude des\u00e1t\u00fd &#8211; jubilejn\u00ed. Program u\u017e se chyst\u00e1, z\u016fsta\u0148te n\u00e1m v\u011brn\u00ed!<\/p>\n<h3>\u010ct\u011bte tak\u00e9:<\/h3>\n<ul>\n<li class=\"article-title\">\n<h5><span style=\"text-decoration: underline\"><a href=\"https:\/\/libcickekrizovatky.cz\/?p=14708\">13.\u00a0kv\u011btna se v\u00a0Lib\u010dic\u00edch kon\u00e1 dal\u0161\u00ed sborov\u00fd festival<\/a><\/span><\/h5>\n<\/li>\n<li class=\"article-title\">\n<h5><span style=\"text-decoration: underline\"><a href=\"https:\/\/libcickekrizovatky.cz\/?p=14875\">Program sborov\u00e9ho festivalu 2017 \u2013 druh\u00e1 ochutn\u00e1vka<\/a><\/span><\/h5>\n<\/li>\n<\/ul>\n<p>&nbsp;<\/p>\n<p style=\"text-align: right\">Kate\u0159ina Judov\u00e1, Lucie Richterov\u00e1 a&nbsp;Scandula, z. s.<\/p>\n","protected":false},"excerpt":{"rendered":"<p>Hlavn\u00edm t\u00e9matem festivalu Otev\u0159en\u00e1 zahrada je sice p\u0159edev\u0161\u00edm sborov\u00fd zp\u011bv, ale od sv\u00e9ho po\u010d\u00e1tku se sna\u017e\u00edme v&nbsp;programu propojit i&nbsp;dal\u0161\u00ed \u017e\u00e1nry um\u011bn\u00ed: vok\u00e1ln\u00ed i&nbsp;instrument\u00e1ln\u00ed hudbu, loni nap\u0159\u00edklad tak\u00e9 tanec a&nbsp;ka\u017edoro\u010dn\u011b v\u00fdtvarn\u00e9 um\u011bn\u00ed i&nbsp;divadlo.\u00a0Sna\u017e\u00edme se zapojit d\u011bti i&nbsp;dosp\u011bl\u00e9 v&nbsp;roli \u00fa\u010dinkuj\u00edc\u00edch i&nbsp;n\u00e1v\u0161t\u011bvn\u00edk\u016f. Nejinak tomu bude letos.\u00a0<\/p>\n","protected":false},"author":13,"featured_media":0,"comment_status":"open","ping_status":"open","sticky":false,"template":"","format":"standard","meta":[],"categories":[192,1,118],"tags":[171,841,340,793,103],"_links":{"self":[{"href":"https:\/\/libcickekrizovatky.cz\/index.php?rest_route=\/wp\/v2\/posts\/15062"}],"collection":[{"href":"https:\/\/libcickekrizovatky.cz\/index.php?rest_route=\/wp\/v2\/posts"}],"about":[{"href":"https:\/\/libcickekrizovatky.cz\/index.php?rest_route=\/wp\/v2\/types\/post"}],"author":[{"embeddable":true,"href":"https:\/\/libcickekrizovatky.cz\/index.php?rest_route=\/wp\/v2\/users\/13"}],"replies":[{"embeddable":true,"href":"https:\/\/libcickekrizovatky.cz\/index.php?rest_route=%2Fwp%2Fv2%2Fcomments&post=15062"}],"version-history":[{"count":43,"href":"https:\/\/libcickekrizovatky.cz\/index.php?rest_route=\/wp\/v2\/posts\/15062\/revisions"}],"predecessor-version":[{"id":15117,"href":"https:\/\/libcickekrizovatky.cz\/index.php?rest_route=\/wp\/v2\/posts\/15062\/revisions\/15117"}],"wp:attachment":[{"href":"https:\/\/libcickekrizovatky.cz\/index.php?rest_route=%2Fwp%2Fv2%2Fmedia&parent=15062"}],"wp:term":[{"taxonomy":"category","embeddable":true,"href":"https:\/\/libcickekrizovatky.cz\/index.php?rest_route=%2Fwp%2Fv2%2Fcategories&post=15062"},{"taxonomy":"post_tag","embeddable":true,"href":"https:\/\/libcickekrizovatky.cz\/index.php?rest_route=%2Fwp%2Fv2%2Ftags&post=15062"}],"curies":[{"name":"wp","href":"https:\/\/api.w.org\/{rel}","templated":true}]}}