{"id":15118,"date":"2017-05-12T03:04:19","date_gmt":"2017-05-12T01:04:19","guid":{"rendered":"http:\/\/libcickekrizovatky.cz\/?p=15118"},"modified":"2017-05-12T03:06:13","modified_gmt":"2017-05-12T01:06:13","slug":"zelena-bavlnka-praha-vzdalena-vlakem","status":"publish","type":"post","link":"https:\/\/libcickekrizovatky.cz\/?p=15118","title":{"rendered":"Zelen\u00e1 bavlnka: Praha vzd\u00e1len\u00e1 (vlakem)"},"content":{"rendered":"<div style=\"float: left; margin: 10px;\"><img loading=\"lazy\" class=\"alignnone wp-image-15123\" src=\"https:\/\/libcickekrizovatky.cz\/content\/uploads\/2017\/05\/elephant.jpg\" alt=\"Elefant S4\" width=\"200\" height=\"144\" srcset=\"https:\/\/libcickekrizovatky.cz\/content\/uploads\/2017\/05\/elephant.jpg 1145w, https:\/\/libcickekrizovatky.cz\/content\/uploads\/2017\/05\/elephant-300x216.jpg 300w, https:\/\/libcickekrizovatky.cz\/content\/uploads\/2017\/05\/elephant-768x552.jpg 768w, https:\/\/libcickekrizovatky.cz\/content\/uploads\/2017\/05\/elephant-1024x736.jpg 1024w\" sizes=\"(max-width: 200px) 100vw, 200px\" \/><\/div>\n<p>Tak\u00e9 se r\u00e1di chlub\u00edte Pra\u017e\u00e1k\u016fm, zvl\u00e1\u0161\u0165 t\u011bm z&nbsp;okrajov\u00fdch s\u00eddli\u0161\u0165 jako je \u010cern\u00fd Most nebo Ji\u017en\u00ed M\u011bsto, jak rychle se z&nbsp;&#8220;l\u016fna p\u0159\u00edrody&#8221; dostanete hromadnou dopravou &#8220;do m\u00e1miv\u00e9 z\u00e1\u0159e sv\u011btel \u00fapln\u00e9ho centra velkom\u011bsta?&#8221; Hmm&#8230;<\/p>\n<p>N\u00e1sleduj\u00edc\u00ed 2 roky to bude o&nbsp;n\u011bco komplikovan\u011bj\u0161\u00ed &#8211; tra\u0165 do Prahy n\u00e1m zkr\u00e1t\u00ed miliardov\u00e1 rekonstrukce tak\u0159ka 170 let star\u00e9ho <a href=\"https:\/\/cs.wikipedia.org\/wiki\/Negrelliho_viadukt\" target=\"_blank\"><span style=\"text-decoration: underline;\">Negrelliho viaduktu<\/span><\/a> a&nbsp;elefanti p\u0159\u00edm\u011bstsk\u00e9 linky S4 se a\u017e na Masary\u010dku zkr\u00e1tka nedostanou. Od \u010dervence se na dlouh\u00e9 2 roky, a\u017e do z\u00e1\u0159\u00ed 2019, na\u0161e tra\u0165 &#8220;zkr\u00e1t\u00ed&#8221; a&nbsp;kone\u010dn\u00e1 se posune na zast\u00e1vku <span style=\"text-decoration: underline;\"><a href=\"https:\/\/mapy.cz\/zakladni?planovani-trasy&amp;x=14.4308290&amp;y=50.0934188&amp;z=14&amp;rc=9hDbmxYAjFe9fbiL&amp;rs=pubt&amp;rs=base&amp;ri=15212553&amp;ri=1834390&amp;mrp=%7B%22c%22%3A%22pubt%22%2C%22d%22%3Atrue%2C%22dt%22%3A%22%22%2C%22i%22%3A0%2C%22tt%22%3A4%7D&amp;mrp=%7B%22c%22%3A1%2C%22tt%22%3A1%7D&amp;rt=&amp;rt=\" target=\"_blank\">Praha &#8211; Bubny<\/a><\/span> (metro Vltavsk\u00e1). <!--more--><\/p>\n<p>Z uve\u0159ejn\u011bn\u00fdch informac\u00ed se n\u00e1m nepoda\u0159ilo s&nbsp;jistotou zjistit, zda &#8220;Bubny&#8221; p\u0159ibudou jako kone\u010dn\u00e1 po&nbsp;&#8220;Hole\u0161ovice, zast\u00e1vka&#8221;, nebo zda-li Bubny hole\u0161ovickou zast\u00e1vku nahrad\u00ed. Druh\u00e1 mo\u017enost je vzhledem k&nbsp;bl\u00edzkosti obou zast\u00e1vek z\u0159ejm\u011b pravd\u011bpodobn\u011bj\u0161\u00ed, a&nbsp;tak lze p\u0159edpokl\u00e1dat, \u017ee sv\u00e9 dopravn\u00ed stereotypy budou muset upravit i&nbsp;ti, kte\u0159\u00ed vystupuj\u00ed v&nbsp;Hole\u0161ovic\u00edch.<\/p>\n<div class=\"gallery gallery-columns-3 gallery-size-thumbnail rps-image-gallery-format-default rps-image-gallery-theme-default rps-image-gallery-columns-responsive rps-image-gallery rps-image-gallery-masonry rps-image-gallery-no-heading rps-image-gallery-caption rps-image-gallery-no-social \" style=\"text-align:left\" pageSize=\"0\" currentPage=\"0\" ><ul class=\"background-thumbnails\"><li class=\"gallery-item gallery-item-begin-row\"><div class=\"gallery-icon landscape\"><a rel=\"rps-image-group-15118\" href=\"https:\/\/libcickekrizovatky.cz\/content\/uploads\/2017\/05\/IMG_5844.jpg\" title=\"&amp;lt;div class=&amp;quot;fancybox-title-caption&amp;quot;&amp;gt;&amp;lt;p&amp;gt;S4: a\u017e do z\u00e1\u0159\u00ed 2019 na Masary\u010dce opravdu nenastoup\u00edte.&amp;lt;\/p&amp;gt;\n&amp;lt;\/div&amp;gt;\"><img src=\"https:\/\/libcickekrizovatky.cz\/content\/uploads\/2017\/05\/IMG_5844-250x250.jpg\" alt=\"S4: Nenastupovat\" title=\"S4: Nenastupovat\" class=\"attachment-thumbnail\" width=\"250\" height=\"250\" sizes=\"(max-width: 250px) 100vw, 250px\"><\/a><\/div><div class=\"wp-caption-text gallery-caption\" style=\"text-align:left\"><p>S4: a\u017e do z\u00e1\u0159\u00ed 2019 na Masary\u010dce opravdu nenastoup\u00edte.<\/p>\n<\/div><\/li><li class=\"gallery-item \"><div class=\"gallery-icon landscape\"><a rel=\"rps-image-group-15118\" href=\"https:\/\/libcickekrizovatky.cz\/content\/uploads\/2017\/05\/masarycka.png\" title=\"&amp;lt;div class=&amp;quot;fancybox-title-caption&amp;quot;&amp;gt;&amp;lt;p&amp;gt;Masary\u010dka: z Lib\u010dic rovnu do centra.&amp;lt;\/p&amp;gt;\n&amp;lt;\/div&amp;gt;\"><img src=\"https:\/\/libcickekrizovatky.cz\/content\/uploads\/2017\/05\/masarycka-250x250.png\" alt=\"Masarykovo n\u00e1dra\u017e\u00ed - kone\u010dn\u00e1\" title=\"Masarykovo n\u00e1dra\u017e\u00ed - kone\u010dn\u00e1\" class=\"attachment-thumbnail\" width=\"250\" height=\"250\" sizes=\"(max-width: 250px) 100vw, 250px\"><\/a><\/div><div class=\"wp-caption-text gallery-caption\" style=\"text-align:left\"><p>Masary\u010dka: z Lib\u010dic rovnu do centra.<\/p>\n<\/div><\/li><li class=\"gallery-item gallery-item-end-row\"><div class=\"gallery-icon landscape\"><a rel=\"rps-image-group-15118\" href=\"https:\/\/libcickekrizovatky.cz\/content\/uploads\/2017\/05\/bubny.png\" title=\"&amp;lt;div class=&amp;quot;fancybox-title-caption&amp;quot;&amp;gt;&amp;lt;p&amp;gt;Praha - Bubny: p\u0159\u00ed\u0161t\u00ed 2 roky kone\u010dn\u00e1.&amp;lt;\/p&amp;gt;\n&amp;lt;\/div&amp;gt;\"><img src=\"https:\/\/libcickekrizovatky.cz\/content\/uploads\/2017\/05\/bubny-250x250.png\" alt=\"Praha - Bubny - kone\u010dn\u00e1\" title=\"Praha - Bubny - kone\u010dn\u00e1\" class=\"attachment-thumbnail\" width=\"250\" height=\"250\" sizes=\"(max-width: 250px) 100vw, 250px\"><\/a><\/div><div class=\"wp-caption-text gallery-caption\" style=\"text-align:left\"><p>Praha - Bubny: p\u0159\u00ed\u0161t\u00ed 2 roky kone\u010dn\u00e1.<\/p>\n<\/div><\/li><li class=\"gallery-item gallery-item-begin-row\"><div class=\"gallery-icon landscape\"><a rel=\"rps-image-group-15118\" href=\"https:\/\/libcickekrizovatky.cz\/content\/uploads\/2017\/05\/Alois_Negrelli.jpeg\" title=\"&amp;lt;div class=&amp;quot;fancybox-title-caption&amp;quot;&amp;gt;&amp;lt;p&amp;gt;Alois Negrelli, ryt\u00ed\u0159 z Moldelbe&amp;lt;\/p&amp;gt;\n&amp;lt;\/div&amp;gt;\"><img src=\"https:\/\/libcickekrizovatky.cz\/content\/uploads\/2017\/05\/Alois_Negrelli-250x250.jpeg\" alt=\"Alois Negrelli (zdroj wiki)\" title=\"Alois Negrelli (zdroj wiki)\" class=\"attachment-thumbnail\" width=\"250\" height=\"250\" sizes=\"(max-width: 250px) 100vw, 250px\"><\/a><\/div><div class=\"wp-caption-text gallery-caption\" style=\"text-align:left\"><p>Alois Negrelli, ryt\u00ed\u0159 z Moldelbe<\/p>\n<\/div><\/li><li class=\"gallery-item \"><div class=\"gallery-icon landscape\"><a rel=\"rps-image-group-15118\" href=\"https:\/\/libcickekrizovatky.cz\/content\/uploads\/2017\/05\/automat-na-jizdenky-2.jpeg\" title=\"&amp;lt;div class=&amp;quot;fancybox-title-caption&amp;quot;&amp;gt;&amp;lt;p&amp;gt;L\u00edta\u010dka \u010di kombinovan\u00fd l\u00edstek za 46 K\u010d (a v\u00edc) - d\u016fvod\u016f p\u0159ibude.&amp;lt;\/p&amp;gt;\n&amp;lt;\/div&amp;gt;\"><img src=\"https:\/\/libcickekrizovatky.cz\/content\/uploads\/2017\/05\/automat-na-jizdenky-2-250x250.jpeg\" alt=\"L\u00edstek za 46 K\u010d\" title=\"L\u00edstek za 46 K\u010d\" class=\"attachment-thumbnail\" width=\"250\" height=\"250\" sizes=\"(max-width: 250px) 100vw, 250px\"><\/a><\/div><div class=\"wp-caption-text gallery-caption\" style=\"text-align:left\"><p>L\u00edta\u010dka \u010di kombinovan\u00fd l\u00edstek za 46 K\u010d (a v\u00edc) - d\u016fvod\u016f p\u0159ibude.<\/p>\n<\/div><\/li><li class=\"gallery-item gallery-item-end-row\"><div class=\"gallery-icon landscape\"><a rel=\"rps-image-group-15118\" href=\"https:\/\/libcickekrizovatky.cz\/content\/uploads\/2017\/05\/mrize312.jpeg\" title=\"&amp;lt;div class=&amp;quot;fancybox-title-caption&amp;quot;&amp;gt;&amp;lt;p&amp;gt;M\u0159\u00ed\u017eovan\u00fd vzor v\u00e9vod\u00ed lib\u010dick\u00e9mu n\u00e1dra\u017e\u00ed&amp;lt;\/p&amp;gt;\n&amp;lt;\/div&amp;gt;\"><img src=\"https:\/\/libcickekrizovatky.cz\/content\/uploads\/2017\/05\/mrize312-250x250.jpeg\" alt=\"M\u0159\u00ed\u017eovan\u00fd vzor v\u00e9vod\u00ed lib\u010dick\u00e9mu n\u00e1dra\u017e\u00ed\" title=\"M\u0159\u00ed\u017eovan\u00fd vzor v\u00e9vod\u00ed lib\u010dick\u00e9mu n\u00e1dra\u017e\u00ed\" class=\"attachment-thumbnail last\" width=\"250\" height=\"250\" sizes=\"(max-width: 250px) 100vw, 250px\"><\/a><\/div><div class=\"wp-caption-text gallery-caption\" style=\"text-align:left\"><p>M\u0159\u00ed\u017eovan\u00fd vzor v\u00e9vod\u00ed lib\u010dick\u00e9mu n\u00e1dra\u017e\u00ed<\/p>\n<\/div><\/li><\/ul><\/div>\n<h3>Pro\u010d to v\u0161echno?<\/h3>\n<p>D\u016fvod je ur\u010dit\u011b z\u0159ejm\u00fd &#8211; st\u00e1\u0159\u00ed trasy a&nbsp;nutnost opravy. Zmi\u0148uje se hlavn\u011b<\/p>\n<ul>\n<li>od povodn\u00ed poni\u010den\u00e1 \u010d\u00e1st v&nbsp;havarijn\u00edm stavu na \u0160tvanici<\/li>\n<li>a pot\u0159eba \u00fasek p\u0159ipravit pro <a href=\"http:\/\/www.praha-kladno.cz\/\" target=\"_blank\"><span style=\"text-decoration: underline;\">&#8220;rychlodr\u00e1hu&#8221; na Kladno a&nbsp;leti\u0161t\u011b.<\/span><\/a> Co\u017e tedy mimo jin\u00e9 znamen\u00e1, \u017ee a\u017e bude hotovo, i&nbsp;z&nbsp;Lib\u010dic budeme jezdit po&nbsp;trati rychlodr\u00e1hy, by\u0165 jen kr\u00e1tk\u00fd z\u00e1v\u011bre\u010dn\u00fd \u00fasek. Tento fakt zmi\u0148ujeme hlavn\u011b kv\u016fli vyv\u00e1\u017eenosti &#8211; aby sd\u011blen\u00ed bylo taky trochu pozitivn\u00ed a&nbsp;optimistick\u00e9.<\/li>\n<\/ul>\n<p>Pl\u00e1nujete-li tedy v&nbsp;nejbli\u017e\u0161\u00edch dnech cestu vlakem do centra Prahy, po\u0159\u00e1dn\u011b si ji u\u017eijte &#8211; poslechn\u011bte si lidov\u00e9 um\u011blce brnkaj\u00edc\u00ed na klav\u00edr, dejte si hotdog obl\u00edben\u00e9 p\u0159\u00edchut\u011b a&nbsp;\u010derstvou \u0161\u0165\u00e1vu nebo kafe do kel\u00edmku. A&nbsp;zam\u00e1\u010dkn\u011bte slzu.<\/p>\n<h3>V\u00edce si p\u0159e\u010dtete<\/h3>\n<ul>\n<li><a href=\"https:\/\/zpravy.aktualne.cz\/domaci\/zacala-oprava-negrelliho-viaduktu-vlaky-pres-nej-nepojedou-d\/r~37834b94356511e7b7fa0025900fea04\/\" target=\"_blank\"><span style=\"text-decoration: underline;\">na str\u00e1nk\u00e1ch aktu\u00e1ln\u011b.cz<\/span><\/a><\/li>\n<li><a href=\"http:\/\/www.blesk.cz\/clanek\/regiony-praha-praha-zpravy\/468323\/opravy-negrelliho-viaduktu-zacnou-v-lete-cestujici-se-nedostanou-na-masarycku.html\" target=\"_blank\"><span style=\"text-decoration: underline;\">na str\u00e1nk\u00e1ch blesk.cz<\/span><\/a><\/li>\n<li><span style=\"text-decoration: underline;\"><a href=\"http:\/\/ekonomika.idnes.cz\/negrelliho-viadukt-oprava-hochtief-d6p-\/eko-doprava.aspx?c=A170106_134331_eko-doprava_lve\" target=\"_blank\">na str\u00e1nk\u00e1ch idnes.cz<\/a><\/span><\/li>\n<li><a href=\"http:\/\/www.szdc.cz\/modernizace-drahy\/prehled-staveb\/program-cef\/negrelliho-viadukt_specifikace.html\" target=\"_blank\"><span style=\"text-decoration: underline;\">na str\u00e1nk\u00e1ch Spr\u00e1vy \u017eelezni\u010dn\u00ed dopravn\u00ed cesty<\/span> <\/a><\/li>\n<li><a href=\"http:\/\/www.szdc.cz\/pro-media\/tiskova-prohlaseni\/vyhodnoceni-zhotovitelu.html\" target=\"_blank\"><span style=\"text-decoration: underline;\">a je\u0161t\u011b jednou na str\u00e1nk\u00e1ch S\u017dDC<\/span><\/a><\/li>\n<li><a href=\"https:\/\/cs.wikipedia.org\/wiki\/Negrelliho_viadukt\" target=\"_blank\"><span style=\"text-decoration: underline;\">wiki &#8211; Negrelliho viadukt<\/span><\/a><\/li>\n<\/ul>\n<div class=\"alert alert-info\">\n<h3>Rekonstrukce Negrelliho viaduktu dle S\u017dDC<\/h3>\n<p>Stavba se nach\u00e1z\u00ed v&nbsp;hust\u00e9 m\u011bstsk\u00e9 z\u00e1stavb\u011b na \u00fazem\u00ed hlavn\u00edho m\u011bsta Prahy a&nbsp;proch\u00e1z\u00ed 4 m\u011bstsk\u00fdmi \u010d\u00e1stmi. Je d\u016fle\u017eitou spojnic\u00ed na tras\u00e1ch p\u0159\u00edm\u011bstsk\u00e9 dopravy. Stavba Negrelliho viadukt m\u00e1 charakter liniov\u00e9 \u017eelezni\u010dn\u00ed stavby, jej\u00ed za\u010d\u00e1tek v\u00a0km 410,467&nbsp;785 a&nbsp;kon\u010d\u00ed v\u00a0km 411,791&nbsp;888, celkov\u00e1 upravovan\u00e9 trasy v\u010detn\u011b spojovac\u00edho viaduktu Hrabovka \u2013 Karl\u00edn \u010din\u00ed 1,888.325 km.<\/p>\n<p>Stavba p\u0159ech\u00e1z\u00ed p\u0159es dv\u011b Vltavsk\u00e1 ramena a&nbsp;ostrov \u0160tvanice. Celou stavbu tvo\u0159\u00ed celkem 105 mostn\u00edch otvor\u016f (z&nbsp;toho celkem 99 zd\u011bn\u00fdch oblouk\u016f), rekonstrukce zahrnuje rekonstrukci patn\u00e1cti samostatn\u00fdch mostn\u00edch objekt\u016f. Rekonstrukce Negrelliho viaduktu p\u0159isp\u00edv\u00e1 k\u00a0\u0159e\u0161en\u00ed p\u0159ipravovan\u00e9ho napojen\u00ed leti\u0161t\u011b V\u00e1clava Havla na \u017eelezni\u010dn\u00ed uzel Praha.<\/p>\n<p>Projekt komplexn\u011b \u0159e\u0161\u00ed nevyhovuj\u00edc\u00ed stav mostn\u00ed konstrukce, \u017eelezni\u010dn\u00edho svr\u0161ku, zabezpe\u010dovac\u00edho, sd\u011blovac\u00edho a&nbsp;silnoproud\u00e9ho za\u0159\u00edzen\u00ed a&nbsp;trak\u010dn\u00edho veden\u00ed.<\/p>\n<p>Stavba zahrnuje zejm\u00e9na odstran\u011bn\u00ed vestaveb a&nbsp;p\u0159\u00edstaveb, kdy v\u0161echny zazd\u011bn\u00e9 otvory budou vybour\u00e1ny (krom\u011b trafostanice u&nbsp;K\u0159i\u017e\u00edkovy ulice), d\u00e1le um\u00edst\u011bn\u00ed nov\u00fdch modern\u00edch v\u00fdhybek v&nbsp;koleji\u0161ti, protihlukov\u00e1 opat\u0159en\u00ed aplikov\u00e1na na kolejnice a&nbsp;antivibra\u010dn\u00ed roho\u017ee pod \u0161t\u011brkov\u00fdm lo\u017eem. Prob\u011bhne rekonstrukce \u017eelezni\u010dn\u00edho spodku a&nbsp;bude polo\u017een nov\u00fd \u017eelezni\u010dn\u00ed svr\u0161ek.<\/p>\n<p>Zastaral\u00e1 mechanick\u00e1 za\u0159\u00edzen\u00ed nahrad\u00ed modern\u00ed elektronick\u00e1 zabezpe\u010dovac\u00ed a&nbsp;sd\u011blovac\u00ed za\u0159\u00edzen\u00ed, \u010d\u00edm\u017e se v\u00fdrazn\u011b omez\u00ed vliv lidsk\u00e9ho \u010dinitele a&nbsp;dojde ke zv\u00fd\u0161en\u00ed bezpe\u010dnosti provozu. Negrelliho viadutk z\u016fstane i&nbsp;po&nbsp;rekonstrukci dvoukolejn\u00fd a&nbsp;viadukt se op\u011bt stane dominantou t\u00e9to oblasti.<\/p>\n<p style=\"text-align: right;\"><em>(zdroj S\u017dDC)<\/em><\/p>\n<\/div>\n","protected":false},"excerpt":{"rendered":"<p>Tak\u00e9 se r\u00e1di chlub\u00edte Pra\u017e\u00e1k\u016fm, zvl\u00e1\u0161\u0165 t\u011bm z&nbsp;okrajov\u00fdch s\u00eddli\u0161\u0165 jako je \u010cern\u00fd Most nebo Ji\u017en\u00ed M\u011bsto, jak rychle se z&nbsp;&#8220;l\u016fna p\u0159\u00edrody&#8221; dostanete hromadnou dopravou &#8220;do m\u00e1miv\u00e9 z\u00e1\u0159e sv\u011btel \u00fapln\u00e9ho centra velkom\u011bsta?&#8221; Hmm&#8230; N\u00e1sleduj\u00edc\u00ed 2 roky to bude o&nbsp;n\u011bco komplikovan\u011bj\u0161\u00ed &#8211; tra\u0165 do Prahy n\u00e1m zkr\u00e1t\u00ed miliardov\u00e1 rekonstrukce tak\u0159ka 170 let star\u00e9ho Negrelliho viaduktu a&nbsp;elefanti p\u0159\u00edm\u011bstsk\u00e9 [&hellip;]<\/p>\n","protected":false},"author":18,"featured_media":0,"comment_status":"open","ping_status":"open","sticky":false,"template":"","format":"standard","meta":[],"categories":[384],"tags":[846,843,844,756,358,845],"_links":{"self":[{"href":"https:\/\/libcickekrizovatky.cz\/index.php?rest_route=\/wp\/v2\/posts\/15118"}],"collection":[{"href":"https:\/\/libcickekrizovatky.cz\/index.php?rest_route=\/wp\/v2\/posts"}],"about":[{"href":"https:\/\/libcickekrizovatky.cz\/index.php?rest_route=\/wp\/v2\/types\/post"}],"author":[{"embeddable":true,"href":"https:\/\/libcickekrizovatky.cz\/index.php?rest_route=\/wp\/v2\/users\/18"}],"replies":[{"embeddable":true,"href":"https:\/\/libcickekrizovatky.cz\/index.php?rest_route=%2Fwp%2Fv2%2Fcomments&post=15118"}],"version-history":[{"count":6,"href":"https:\/\/libcickekrizovatky.cz\/index.php?rest_route=\/wp\/v2\/posts\/15118\/revisions"}],"predecessor-version":[{"id":15131,"href":"https:\/\/libcickekrizovatky.cz\/index.php?rest_route=\/wp\/v2\/posts\/15118\/revisions\/15131"}],"wp:attachment":[{"href":"https:\/\/libcickekrizovatky.cz\/index.php?rest_route=%2Fwp%2Fv2%2Fmedia&parent=15118"}],"wp:term":[{"taxonomy":"category","embeddable":true,"href":"https:\/\/libcickekrizovatky.cz\/index.php?rest_route=%2Fwp%2Fv2%2Fcategories&post=15118"},{"taxonomy":"post_tag","embeddable":true,"href":"https:\/\/libcickekrizovatky.cz\/index.php?rest_route=%2Fwp%2Fv2%2Ftags&post=15118"}],"curies":[{"name":"wp","href":"https:\/\/api.w.org\/{rel}","templated":true}]}}