{"id":15264,"date":"2017-08-10T07:00:10","date_gmt":"2017-08-10T05:00:10","guid":{"rendered":"http:\/\/libcickekrizovatky.cz\/?p=15264"},"modified":"2017-08-10T00:18:01","modified_gmt":"2017-08-09T22:18:01","slug":"letni-kino-druhou-polovinu-nacne-karel-kryl","status":"publish","type":"post","link":"https:\/\/libcickekrizovatky.cz\/?p=15264","title":{"rendered":"Letn\u00ed kino: 2.&nbsp;polovinu na\u010dne Brat\u0159\u00ed\u010dek Karel (Kryl)"},"content":{"rendered":"<div style=\"float: left; margin: 10px;\"><a href=\"https:\/\/libcickekrizovatky.cz\/content\/uploads\/2017\/05\/kino-jen-stena.jpg\"><img loading=\"lazy\" class=\"alignnone wp-image-15261\" src=\"https:\/\/libcickekrizovatky.cz\/content\/uploads\/2017\/05\/kino-jen-stena.jpg\" alt=\"Letn\u00ed kino 2017 - program\" width=\"232\" height=\"140\" srcset=\"https:\/\/libcickekrizovatky.cz\/content\/uploads\/2017\/05\/kino-jen-stena.jpg 2070w, https:\/\/libcickekrizovatky.cz\/content\/uploads\/2017\/05\/kino-jen-stena-300x181.jpg 300w, https:\/\/libcickekrizovatky.cz\/content\/uploads\/2017\/05\/kino-jen-stena-768x464.jpg 768w, https:\/\/libcickekrizovatky.cz\/content\/uploads\/2017\/05\/kino-jen-stena-1024x619.jpg 1024w\" sizes=\"(max-width: 232px) 100vw, 232px\" \/><\/a><\/div>\n<p>Hudebn\u00ed filmy k&nbsp;lib\u010dick\u00e9mu letn\u00edmu kinu pat\u0159\u00ed. Ani letos nevynech\u00e1me. \u010ctvrt\u00fd film, kter\u00fd jsme pro v\u00e1s vybrali, m\u016f\u017eete shl\u00e9dnout ji\u017e tento p\u00e1tek. T\u011b\u0161\u00ed se na v\u00e1s &#8220;Brat\u0159\u00ed\u010dek Karel,&#8221; co\u017e je nep\u0159ekvapiv\u011b dokument o&nbsp;Karlu Krylovi, p\u0159ekvapiv\u011b z&nbsp;d\u00edlny sd\u00edln\u00fdch polsk\u00fdch autor\u016f. O&nbsp;to to m\u016f\u017ee b\u00fdt zaj\u00edmav\u011bj\u0161\u00ed.<\/p>\n<p>Co mysl\u00edte, padne leto\u0161n\u00ed rekord v&nbsp;n\u00e1v\u0161t\u011bvnosti? To v\u00e1m r\u00e1di prozrad\u00edme na konci prom\u00edt\u00e1n\u00ed. Tentokr\u00e1t za\u010d\u00edn\u00e1me ji\u017e v&nbsp;21,00. A&nbsp;proto\u017ee film trv\u00e1 hodinu a&nbsp;2o minut, m\u016f\u017eete se v\u00fdsledek dozv\u011bd\u011bt je\u0161t\u011b p\u0159ed 11.&nbsp;hodinou.<br \/>\n<!--more--><\/p>\n<h3>P\u0159edpov\u011b\u010f na p\u00e1te\u010dn\u00ed ve\u010der<\/h3>\n<p><a href=\"https:\/\/libcickekrizovatky.cz\/content\/uploads\/2017\/08\/pocasi-kino-110817.jpg\"><img class=\"alignnone size-full wp-image-15702\" src=\"https:\/\/libcickekrizovatky.cz\/content\/uploads\/2017\/08\/pocasi-kino-110817.jpg\" alt=\"Po\u010das\u00ed: letn\u00ed kino 11.8.2017\" width=\"100%\" srcset=\"https:\/\/libcickekrizovatky.cz\/content\/uploads\/2017\/08\/pocasi-kino-110817.jpg 1484w, https:\/\/libcickekrizovatky.cz\/content\/uploads\/2017\/08\/pocasi-kino-110817-300x122.jpg 300w, https:\/\/libcickekrizovatky.cz\/content\/uploads\/2017\/08\/pocasi-kino-110817-768x312.jpg 768w, https:\/\/libcickekrizovatky.cz\/content\/uploads\/2017\/08\/pocasi-kino-110817-1024x415.jpg 1024w\" sizes=\"(max-width: 1484px) 100vw, 1484px\" \/><\/a><\/p>\n<p>V p\u00e1tek nem\u00e1 b\u00fdt p\u0159es den \u017e\u00e1dn\u00e9 extra p\u011bkn\u00e9 po\u010das\u00ed. Podle v\u0161eho i&nbsp;sprchne. Ale <a href=\"https:\/\/yrno.cz\/pocasi\/Stredocesky\/Libcice-nad-Vltavou\/dlouhodoba-predpoved\/\" target=\"_blank\">v <\/a><span style=\"text-decoration: underline;\"><a href=\"https:\/\/yrno.cz\/pocasi\/Stredocesky\/Libcice-nad-Vltavou\/dlouhodoba-predpoved\/\" target=\"_blank\">\u010dase prom\u00edt\u00e1n\u00ed p\u0159edpov\u011b\u010f slibuje, \u017ee u\u017e bude po&nbsp;v\u0161em a&nbsp;p\u0159es ve\u0161kerou tmu bude polojasno.<\/a><\/span> A&nbsp;proto\u017ee nebude pr\u0161et, bude se prom\u00edtat!<\/p>\n<div class=\"alert alert-info\" style=\"padding-left: 30px;\"><strong>Sezen\u00ed:<\/strong> Na plov\u00e1rn\u011b nem\u00e1me oproti lo\u0148sk\u00e9 ZU\u0160ce tolik b\u00e1je\u010dn\u00fdch k\u0159es\u00edlek na sezen\u00ed. Doporu\u010dujeme vz\u00edt si svoji obl\u00edbenou ryb\u00e1\u0159skou nebo campingovou stoli\u010dku s&nbsp;sebou!<\/div>\n<h3>Upout\u00e1vka<\/h3>\n<p><em>Sc\u00e9n\u00e1\u0159 a&nbsp;re\u017eie<\/em>\u00a0<strong>Krystyna Krauze<\/strong><br \/>\n<em>Kamera<\/em>\u00a0<strong>Jacek Petrycki, Daniel \u0160perl<\/strong><br \/>\n<em>Hudba<\/em>\u00a0<strong>Karel Kryl<\/strong><br \/>\n<em>St\u0159ih<\/em>\u00a0<strong>Matou\u0161 Outrata<\/strong><br \/>\n<em>Zvuk<\/em>\u00a0<strong>Daniel N\u011bmec<\/strong><br \/>\n<em>Producent<\/em>\u00a0<strong>Barbara Lawska (Studio Filmowe Kronika),<\/strong>\u00a0<strong>Hana T\u0159e\u0161t\u00edkov\u00e1 (Produkce T\u0159e\u0161t\u00edkov\u00e1)<\/strong><br \/>\n<em>Koproducent<\/em>\u00a0<strong>\u010cesk\u00e1 televize<\/strong><br \/>\n<em>V\u00fdrobce<strong>\u00a0<\/strong><\/em><strong>Produkce<\/strong> <strong>T\u0159e\u0161t\u00edkov\u00e1<\/strong><br \/>\n<em>Zem\u011b<\/em>\u00a0<strong>\u010cesko\/ Polsko<br \/>\n<\/strong><em>Stop\u00e1\u017e<\/em><strong>\u00a079 min<br \/>\n<\/strong><em>P\u0159\u00edstupnost<\/em><strong> bez omezen\u00ed<\/strong><br \/>\n<em>Premi\u00e9ra<\/em>\u00a0 <strong>17.&nbsp;listopadu 2016<\/strong><\/p>\n<p style=\"padding-left: 30px;\">Pokud se chcete na film naladit, shl\u00e9dn\u011bte kr\u00e1tkou upout\u00e1vku.<\/p>\n<p style=\"padding-left: 30px;\"><iframe src=\"https:\/\/www.youtube.com\/embed\/uYADKa0kEE4\" width=\"600\" height=\"338\" frameborder=\"0\" allowfullscreen=\"allowfullscreen\"><\/iframe><\/p>\n<p>Film <em>Brat\u0159\u00ed\u010dek Karel<\/em> ukazuje\u00a0 tragick\u00e9 osudy legendy dvou \u010deskoslovensk\u00fdch revoluc\u00ed \u2013 1968 a&nbsp;1989. Dokument p\u0159ibli\u017euje spoustu nezn\u00e1m\u00fdch ud\u00e1lost\u00ed ze \u017eivota Karla Kryla a&nbsp;p\u0159edstav\u00ed zaj\u00edmav\u00e9 archivy, kter\u00e9 zat\u00edm nebyly \u0161ir\u0161\u00ed ve\u0159ejnosti zn\u00e1my. Texty jeho p\u00edsn\u00ed jsou dodnes aktu\u00e1ln\u00ed \u2013 byl vizion\u00e1\u0159, p\u0159edv\u00eddal budoucnost, ale z\u00e1rove\u0148 v\u00fdborn\u011b reflektoval sou\u010dasnost. V\u011b\u010dn\u00fd rebel\u2026<\/p>\n<p>Co bylo tak p\u0159ita\u017eliv\u00e9ho na \u201emal\u00e9m zp\u011bv\u00e1kovi s\u00a0velk\u00fdm hlasem\u201c, \u017ee v\u00edce ne\u017e dvacet let po&nbsp;jeho smrti lid\u00e9 st\u00e1le zp\u00edvaj\u00ed jeho p\u00edsni\u010dky a&nbsp;\u010dtou jeho poezii? Jak\u00e9 je m\u00edsto um\u011blce v\u00a0tragick\u00fdch d\u011bjin\u00e1ch vlasti? M\u016f\u017ee jednotlivec ovlivnit chod d\u011bjin? Jak\u00fd vliv na psychiku tv\u016frce maj\u00ed jeho traumatick\u00e9 z\u00e1\u017eitky z\u00a0d\u011btstv\u00ed? Byl Kryl ob\u011bt\u00ed d\u011bjin sv\u00e9ho n\u00e1roda? Milovaly ho davy, ale um\u00edral opu\u0161t\u011bn\u00fd a&nbsp;zatrpkl\u00fd \u2013 proto\u017ee nikdy ned\u011blal kompromisy. Tyto a&nbsp;dal\u0161\u00ed ot\u00e1zky se rozhodla polo\u017eit autorka filmu Krystyna Krauze.<\/p>\n<p>Celove\u010dern\u00ed dokument\u00e1rn\u00ed film o&nbsp;v\u00fdznamn\u00e9 postav\u011b \u010desk\u00e9ho barda na pozad\u00ed evropsk\u00fdch d\u011bjin 20.&nbsp;stolet\u00ed vznikl v\u00a0\u010desko-polsk\u00e9 koprodukci. Krom\u011b \u010desk\u00fdch zn\u00e1m\u00fdch a&nbsp;p\u0159\u00edbuzn\u00fdch (Jan Kryl, Miroslav Kova\u0159\u00edk, Jaroslav Hutka, Vladim\u00edr Merta, Ji\u0159\u00ed \u010cern\u00fd, Karel Jadrn\u00fd, Friedrich Taussig a&nbsp;dal\u0161\u00ed) vypr\u00e1v\u011bj\u00ed o&nbsp;sv\u00fdch setk\u00e1n\u00edch s\u00a0Krylem tak\u00e9 Pol\u00e1ci: Agnieszka Holland, Andrzej Zaj\u0105czkowski, Alfred Znamierowski, p\u00edsni\u010dk\u00e1\u0159ka Antonina Krzyszto\u0144 a&nbsp;zp\u011bv\u00e1ci Jacek Kleyff a&nbsp;Micha\u0142 Tarkowski.<\/p>\n<p>S podporou <span style=\"text-decoration: underline;\"><a title=\"web m\u011bsta Lib\u010dice\" href=\"http:\/\/www.libcice.cz\/mesto\/historie-a-soucasnost.html\" target=\"_blank\">m\u011bsta Lib\u010dice nad Vltavou<\/a><\/span> a&nbsp;spolku <a title=\"libcice.net\" href=\"http:\/\/libcice.net\/stranka\/co-je-libcicenet\" target=\"_blank\"><span style=\"text-decoration: underline;\">lib\u010dice.net<\/span><\/a> po\u0159\u00e1d\u00e1 lib\u010dick\u00fd ob\u010dansk\u00fd spolek LOS.<\/p>\n<p><a href=\"https:\/\/libcickekrizovatky.cz\/content\/uploads\/2017\/05\/program-lk-2017.jpg\"><img class=\"alignnone wp-image-15263 size-full\" src=\"https:\/\/libcickekrizovatky.cz\/content\/uploads\/2017\/05\/program-lk-2017.jpg\" alt=\"Letn\u00ed kino 2017 - program\" width=\"100%\" srcset=\"https:\/\/libcickekrizovatky.cz\/content\/uploads\/2017\/05\/program-lk-2017.jpg 1253w, https:\/\/libcickekrizovatky.cz\/content\/uploads\/2017\/05\/program-lk-2017-212x300.jpg 212w, https:\/\/libcickekrizovatky.cz\/content\/uploads\/2017\/05\/program-lk-2017-768x1086.jpg 768w, https:\/\/libcickekrizovatky.cz\/content\/uploads\/2017\/05\/program-lk-2017-724x1024.jpg 724w\" sizes=\"(max-width: 1253px) 100vw, 1253px\" \/><\/a>  <\/p>\n","protected":false},"excerpt":{"rendered":"<p>Hudebn\u00ed filmy k&nbsp;lib\u010dick\u00e9mu letn\u00edmu kinu pat\u0159\u00ed. Ani letos nevynech\u00e1me. \u010ctvrt\u00fd film, kter\u00fd jsme pro v\u00e1s vybrali, m\u016f\u017eete shl\u00e9dnout ji\u017e tento p\u00e1tek. T\u011b\u0161\u00ed se na v\u00e1s &#8220;Brat\u0159\u00ed\u010dek Karel,&#8221; co\u017e je nep\u0159ekvapiv\u011b dokument o&nbsp;Karlu Krylovi, p\u0159ekvapiv\u011b z&nbsp;d\u00edlny sd\u00edln\u00fdch polsk\u00fdch autor\u016f. O&nbsp;to to m\u016f\u017ee b\u00fdt zaj\u00edmav\u011bj\u0161\u00ed. Co mysl\u00edte, padne leto\u0161n\u00ed rekord v&nbsp;n\u00e1v\u0161t\u011bvnosti? To v\u00e1m r\u00e1di prozrad\u00edme na konci [&hellip;]<\/p>\n","protected":false},"author":3,"featured_media":0,"comment_status":"open","ping_status":"open","sticky":false,"template":"","format":"standard","meta":[],"categories":[192,118],"tags":[218,796,370,83],"_links":{"self":[{"href":"https:\/\/libcickekrizovatky.cz\/index.php?rest_route=\/wp\/v2\/posts\/15264"}],"collection":[{"href":"https:\/\/libcickekrizovatky.cz\/index.php?rest_route=\/wp\/v2\/posts"}],"about":[{"href":"https:\/\/libcickekrizovatky.cz\/index.php?rest_route=\/wp\/v2\/types\/post"}],"author":[{"embeddable":true,"href":"https:\/\/libcickekrizovatky.cz\/index.php?rest_route=\/wp\/v2\/users\/3"}],"replies":[{"embeddable":true,"href":"https:\/\/libcickekrizovatky.cz\/index.php?rest_route=%2Fwp%2Fv2%2Fcomments&post=15264"}],"version-history":[{"count":11,"href":"https:\/\/libcickekrizovatky.cz\/index.php?rest_route=\/wp\/v2\/posts\/15264\/revisions"}],"predecessor-version":[{"id":15703,"href":"https:\/\/libcickekrizovatky.cz\/index.php?rest_route=\/wp\/v2\/posts\/15264\/revisions\/15703"}],"wp:attachment":[{"href":"https:\/\/libcickekrizovatky.cz\/index.php?rest_route=%2Fwp%2Fv2%2Fmedia&parent=15264"}],"wp:term":[{"taxonomy":"category","embeddable":true,"href":"https:\/\/libcickekrizovatky.cz\/index.php?rest_route=%2Fwp%2Fv2%2Fcategories&post=15264"},{"taxonomy":"post_tag","embeddable":true,"href":"https:\/\/libcickekrizovatky.cz\/index.php?rest_route=%2Fwp%2Fv2%2Ftags&post=15264"}],"curies":[{"name":"wp","href":"https:\/\/api.w.org\/{rel}","templated":true}]}}