{"id":15334,"date":"2017-06-16T11:06:37","date_gmt":"2017-06-16T09:06:37","guid":{"rendered":"http:\/\/libcickekrizovatky.cz\/?p=15334"},"modified":"2017-06-16T11:22:41","modified_gmt":"2017-06-16T09:22:41","slug":"pripravujeme-soutez-na-podobu-centra-mesta","status":"publish","type":"post","link":"https:\/\/libcickekrizovatky.cz\/?p=15334","title":{"rendered":"P\u0159ipravujeme sout\u011b\u017e na podobu centra m\u011bsta"},"content":{"rendered":"<div style=\"float: left; margin: 10px;\"><img loading=\"lazy\" class=\"alignnone wp-image-15123\" src=\"https:\/\/libcickekrizovatky.cz\/content\/uploads\/2017\/04\/Lib\u010dice_nad_Vltavou_n\u00e1m\u011bst\u00ed_Svobody_z_Ch\u00fdnovsk\u00e9_1-300x225.jpg\" alt=\"\" width=\"300\" height=\"225\" \/><\/div>\n<p>Radnice ned\u00e1vno rozhodla o&nbsp;koupi dvou dom\u016f na n\u00e1m\u011bst\u00ed. M\u011bstsk\u00e1 rada p\u0159ekvapiv\u011b na\u0161la podporu nap\u0159\u00ed\u010d zastupitelstvem, dvan\u00e1ct zastupitel\u016f ze v\u0161ech p\u011bti volebn\u00edch subjekt\u016f tento z\u00e1m\u011br podpo\u0159ilo, jeden byl proti a&nbsp;dva se zdr\u017eeli hlasov\u00e1n\u00ed. Mezi zastupiteli za Lib\u010dick\u00fd ob\u010dansk\u00fd spolek LOS nepanoval na v\u011bc jednotn\u00fd n\u00e1zor. N\u011bkte\u0159\u00ed to pova\u017eovali za p\u0159\u00edle\u017eitost z\u00edskat domy na n\u00e1m\u011bst\u00ed do vlastnictv\u00ed m\u011bsta, jin\u00ed z\u00e1m\u011br hodnotili jako zbyte\u010dn\u00e9 mrh\u00e1n\u00ed finan\u010dn\u00edmi prost\u0159edky bez jasn\u00e9 p\u0159edstavy, jak s&nbsp;nemovitostmi nalo\u017eit.<!--more--><\/p>\n<p>R\u016fzn\u00ed se n\u00e1zory t\u011bch, kte\u0159\u00ed stoj\u00ed ve veden\u00ed m\u011bsta, pestr\u00e9 jsou ale tak\u00e9 pohledy odborn\u00edk\u016f. B\u011bhem dubna jsme zde na Lib\u010dick\u00fdch k\u0159i\u017eovatk\u00e1ch postupn\u011b zve\u0159ejnili\u00a0<a href=\"https:\/\/libcickekrizovatky.cz\/?p=14466\"><span style=\"text-decoration: underline;\">anketu<\/span><\/a>, v&nbsp;n\u00ed\u017e jsme se dot\u00e1zali m\u00edstn\u00edch architekt\u016f\u00a0a dal\u0161\u00edch osobnost\u00ed, kter\u00e9 spojuje vazba na Lib\u010dice, jak by m\u011bsto m\u011blo se sv\u00fdm &#8220;centrem&#8221; pracovat. N\u00e1m\u011bt\u016f se se\u0161la cel\u00e1 \u0159ada, ten nejvhodn\u011bj\u0161\u00ed se v&nbsp;n\u00ed mo\u017en\u00e1 ani neobjevil. Co v\u0161ak odpov\u011bdi spojovalo, bylo p\u0159esv\u011bd\u010den\u00ed, \u017ee ne\u017e za\u010dneme s&nbsp;jakoukoliv z\u00e1sadn\u00ed \u00fapravou centra Lib\u010dic, je nutn\u00e9 prov\u00e9st hlub\u0161\u00ed anal\u00fdzu a&nbsp;tento \u00fakol sv\u011b\u0159it zku\u0161en\u00fdm architekt\u016fm. Proto jsme sv\u00fdm koleg\u016fm v&nbsp;zastupitelstvu navrhli uspo\u0159\u00e1dat <strong>architektonickou sout\u011b\u017e<\/strong>, kter\u00e1 by n\u00e1m s&nbsp;hled\u00e1n\u00edm cesty, jak z&nbsp;form\u00e1ln\u00edho st\u0159edu m\u011bsta vytvo\u0159it funk\u010dn\u00ed ve\u0159ejn\u00fd prostor.<\/p>\n<div style=\"float: right; margin: 10px;\"><img loading=\"lazy\" class=\"alignleft wp-image-15390\" src=\"https:\/\/libcickekrizovatky.cz\/content\/uploads\/2017\/06\/navrh-revitalizace.png\" alt=\"N\u00e1vrh LOS, jak \u0159e\u0161it revitalizaci\" width=\"300\" height=\"418\" srcset=\"https:\/\/libcickekrizovatky.cz\/content\/uploads\/2017\/06\/navrh-revitalizace.png 1004w, https:\/\/libcickekrizovatky.cz\/content\/uploads\/2017\/06\/navrh-revitalizace-215x300.png 215w, https:\/\/libcickekrizovatky.cz\/content\/uploads\/2017\/06\/navrh-revitalizace-768x1071.png 768w, https:\/\/libcickekrizovatky.cz\/content\/uploads\/2017\/06\/navrh-revitalizace-734x1024.png 734w\" sizes=\"(max-width: 300px) 100vw, 300px\" \/><\/div>\n<p>Zastupitelstvo na sv\u00e9m dubnov\u00e9m jedn\u00e1n\u00ed na<span style=\"text-decoration: underline;\">\u00a0<a href=\"https:\/\/libcickekrizovatky.cz\/content\/uploads\/2017\/06\/2017-16_ZM_doplneni-k-bodum-programu.pdf\">n\u00e1vrh p\u0159edlo\u017een\u00fd z\u00e1stupci LOSu<\/a><\/span>\u00a0nakonec k\u00fdvlo a&nbsp;nyn\u00ed by radnice m\u011bla za\u010d\u00edt ve spolupr\u00e1ci s&nbsp;\u010ceskou komorou architekt\u016f p\u0159ipravovat ve\u0159ejnou architektonickou sout\u011b\u017e.<\/p>\n<div class=\"alert alert-info\">\n<h3>N\u00e1zory z&nbsp;ankety Lib\u010dick\u00fdch K\u0159i\u017eovatek<\/h3>\n<p><i>&#8220;Je nesmysl lp\u011bt na idee klasick\u00e9ho n\u00e1m\u011bst\u00ed, sp\u00ed\u0161e je pot\u0159eba se kriticky zamyslet nad sou\u010dasn\u00fdmi (a&nbsp;budouc\u00edmi) ve\u0159ejn\u00fdmi prostory v&nbsp;na\u0161ich t\u0159ech vesnic\u00edch a&nbsp;zkvalitnit je tak, aby plnily funkci n\u00e1vsi, to jest poskytovaly p\u0159\u00edle\u017eitosti k&nbsp;potk\u00e1v\u00e1n\u00ed.&#8221;\u00a0<\/i>Martin \u0160imon, sociolog, analytik<\/p>\n<p><i>&#8220;P\u0159imlouval bych se za preferenci a&nbsp;roz\u0161\u00ed\u0159en\u00ed p\u011b\u0161\u00edch ploch, dl\u00e1\u017ed\u011bn\u00e9 povrchy, zele\u0148, zklidn\u011bnou dopravu. Nemus\u00ed j\u00edt v\u017edy jen o&nbsp;n\u00e1m\u011bst\u00ed.&#8221;\u00a0<\/i>Petr \u0160ikola, architekt<\/p>\n<p><i>&#8220;Ot\u00e1zka n\u00e1m\u011bst\u00ed, p\u0159\u00edpadn\u011b jin\u00e9 formy ve\u0159ejn\u00e9ho prostoru v&nbsp;centru m\u011bsta je slo\u017eit\u00e1 a&nbsp;m\u011bla by b\u00fdt \u0159e\u0161ena urbanistickou stud\u00ed \u0161ir\u0161\u00edho centra.&#8221; <\/i>Karel Pr\u00e1\u0161il, architekt<\/p>\n<p><i>&#8220;Lib\u010dice mohou m\u00edt jedno z&nbsp;nejhez\u010d\u00edch n\u00e1m\u011bst\u00ed ve st\u0159edn\u00edch \u010cech\u00e1ch. Jeho j\u00e1drem by m\u011bl b\u00fdt prostor mezi radnic\u00ed, evangelick\u00fdm kostelem, farn\u00ed zahradou a&nbsp;ulic\u00ed Libu\u0161ina.&#8221; <\/i>Radim Tobolka, etnolog<\/p>\n<p><i>&#8220;Dne\u0161n\u00ed N\u00e1m\u011bst\u00ed Svobody (my\u0161leno park) je nedocen\u011bn\u00fdm m\u00edstem. Mohlo by se upravit a&nbsp;vytvo\u0159it z&nbsp;n\u011bj tak spole\u010densk\u00e9 centrum Lib\u010dic.&#8221; <\/i>Krist\u00fdna Sedl\u00e1\u010dkov\u00e1, architektka<\/p>\n<p><i>&#8220;Je pot\u0159eba doplnit a&nbsp;zkvalitnit st\u00e1vaj\u00edc\u00ed hlavn\u00ed osu m\u011bsta, tedy prostor od kostela sv.&nbsp;Bartolom\u011bje, ulici 5.&nbsp;kv\u011btna, n\u00e1m\u011bst\u00ed Svobody u&nbsp;m\u011bstsk\u00e9ho \u00fa\u0159adu a&nbsp;d\u00e1le a\u017e ke k\u0159i\u017eovatce ulic Leteck\u00e1 a&nbsp;D\u011blnick\u00e1. Mnoho objekt\u016f, kde d\u0159\u00edve b\u00fdval nap\u0159.&nbsp;\u0159ezn\u00edk, cukr\u00e1rna, kv\u011btiny a&nbsp;jin\u00e9, dnes zeje pr\u00e1zdnotou.&#8221;<\/i> Lenka Zv\u011bd\u011bl\u00edkov\u00e1, architektka<\/p>\n<p>Celou anketu si m\u016f\u017eete p\u0159e\u010d\u00edst<a href=\"https:\/\/libcickekrizovatky.cz\/?p=14466\"><span style=\"text-decoration: underline;\"> zde<\/span><\/a>.<\/p>\n<\/div>\n<h3>K \u010demu je\u00a0architektonick\u00e1 sout\u011b\u017e?<\/h3>\n<p>\u00da\u010delem architektonick\u00e9 sout\u011b\u017ee je naj\u00edt nejlep\u0161\u00ed, komplexn\u00ed, estetick\u00e9 a&nbsp;funk\u010dn\u00ed \u0159e\u0161en\u00ed zvolen\u00e9ho prostoru nebo konkr\u00e9tn\u00ed stavby, p\u0159i\u010dem\u017e cel\u00e1 sout\u011b\u017e se \u0159\u00edd\u00ed pravidly dle z\u00e1kona o&nbsp;zad\u00e1v\u00e1n\u00ed ve\u0159ejn\u00fdch zak\u00e1zek. Sout\u011b\u017e p\u0159in\u00e1\u0161\u00ed a\u017e des\u00edtky r\u016fzn\u00fdch n\u00e1vrh\u016f, kter\u00e9 jsou vypracov\u00e1ny na m\u00edru dle detailn\u00edho\u00a0zad\u00e1n\u00ed. Rozmanit\u00e9 p\u0159\u00edstupy p\u0159in\u00e1\u0161\u00ed mo\u017enost v\u00fdb\u011bru a&nbsp;v\u00fdsledkem je kvalitn\u00ed stavba. Architekti\u00a0p\u0159edkl\u00e1daj\u00ed konkr\u00e9tn\u00ed n\u00e1vrhy, kter\u00e9 n\u00e1sledn\u011b hodnot\u00ed kvalifikovan\u00e1 a&nbsp;nez\u00e1visl\u00e1 porota.<\/p>\n<p>Jedn\u00edm z&nbsp;hodnot\u00edc\u00edch faktor\u016f je i&nbsp;pom\u011br kvality a&nbsp;ceny. Dal\u0161\u00ed nespornou v\u00fdhodou je nez\u00e1visl\u00e1 hodnot\u00edc\u00ed komise, kter\u00e1 vyhla\u0161ovateli poskytuje\u00a0nejvy\u0161\u0161\u00ed mo\u017en\u00fd odborn\u00fd servis. Pozitivn\u00edm efektem pro ob\u010dany je povinnost pravideln\u011b o&nbsp;pr\u016fb\u011bhu sout\u011b\u017ee informovat. V\u0161echny sout\u011b\u017en\u00ed n\u00e1vrhy jsou sou\u010d\u00e1st\u00ed z\u00e1v\u011bre\u010dn\u00e9 v\u00fdstavy a&nbsp;internetov\u00e9 prezentace.<\/p>\n<div class=\"alert alert-info\">\n<h3>V\u00fdhody architektonick\u00e9 sout\u011b\u017ee<\/h3>\n<ul style=\"list-style-type: disc;\">\n<li>Vyhla\u0161ovatel z\u00edsk\u00e1v\u00e1 mno\u017estv\u00ed konkr\u00e9tn\u00edch n\u00e1vrh\u016f, ze kter\u00fdch m\u016f\u017ee vyb\u00edrat ten nejoptim\u00e1ln\u011bj\u0161\u00ed.<\/li>\n<li>Uspo\u0159\u00e1d\u00e1n\u00ed sout\u011b\u017ee vede vyhla\u0161ovatele k&nbsp;podstatn\u011b hlub\u0161\u00edmu zamy\u0161len\u00ed nad z\u00e1m\u011brem, ne\u017e kdy\u017e by od po\u010d\u00e1tku p\u0159enesl odpov\u011bdnost na konkr\u00e9tn\u00edho projektanta.<\/li>\n<li>V\u00fdb\u011br nejoptim\u00e1ln\u011bj\u0161\u00edho n\u00e1vrhu prov\u00e1d\u00ed spolu s&nbsp;vyhla\u0161ovatelem odborn\u00e1 porota, kter\u00e1 vyhla\u0161ovateli poskytuje nejvy\u0161\u0161\u00ed mo\u017en\u00fd odborn\u00fd servis.<\/li>\n<li>Uspo\u0159\u00e1d\u00e1n\u00ed sout\u011b\u017ee vylou\u010d\u00ed mo\u017en\u00e9 spekulace o&nbsp;zaujatosti.<\/li>\n<li>Sout\u011b\u017e nab\u00edz\u00ed rovnou p\u0159\u00edle\u017eitost v\u0161em \u00fa\u010dastn\u00edk\u016fm a&nbsp;p\u0159in\u00e1\u0161\u00ed tak mo\u017enost z\u00edsk\u00e1n\u00ed neot\u0159el\u00fdch a&nbsp;origin\u00e1ln\u00edch \u0159e\u0161en\u00ed.<\/li>\n<\/ul>\n<div style=\"float: right; margin: 10px;\"><img loading=\"lazy\" class=\"alignnone wp-image-15392\" src=\"https:\/\/libcickekrizovatky.cz\/content\/uploads\/2017\/06\/CKA.png\" alt=\"\u010cKA\" width=\"300\" height=\"39\" srcset=\"https:\/\/libcickekrizovatky.cz\/content\/uploads\/2017\/06\/CKA.png 840w, https:\/\/libcickekrizovatky.cz\/content\/uploads\/2017\/06\/CKA-300x39.png 300w, https:\/\/libcickekrizovatky.cz\/content\/uploads\/2017\/06\/CKA-768x100.png 768w\" sizes=\"(max-width: 300px) 100vw, 300px\" \/><\/div>\n<p>V\u00edce na <a href=\"https:\/\/www.cka.cz\/cs\/souteze\/co-je-architektonicka-soutez\"><span style=\"text-decoration: underline;\">webu \u010cesk\u00e9 komory architekt\u016f <\/span><\/a><\/p>\n<\/div>\n<h3>D\u016fle\u017eit\u00e9 je vybrat spr\u00e1vn\u011b typ sout\u011b\u017ee<\/h3>\n<p>Zah\u00e1jen\u00ed p\u0159\u00edprav sout\u011b\u017ee jsme schv\u00e1lili, dal\u0161\u00edm krokem, kter\u00fdm bychom nyn\u00ed r\u00e1di definovali r\u00e1mec a&nbsp;posunuli se v&nbsp;p\u0159\u00edprav\u011b d\u00e1l, je zvolen\u00ed typu sout\u011b\u017ee. To bychom m\u011bli prov\u00e9st na nejbli\u017e\u0161\u00edm jedn\u00e1n\u00ed zastupitelstva, tedy <a href=\"https:\/\/libcickekrizovatky.cz\/?ai1ec_event=17-verejne-zasedani-zastupitelstva&amp;instance_id=2027\"><span style=\"text-decoration: underline;\">p\u0159\u00ed\u0161t\u00ed st\u0159edu 21.&nbsp;\u010dervna<\/span><\/a>.<\/p>\n<p>Za nejvhodn\u011bj\u0161\u00ed pova\u017eujeme kombinaci urbanistick\u00e9ho p\u0159\u00edstupu s&nbsp;architektonick\u00fdm pohledem na detail, tedy sout\u011b\u017e\u00a0<i>urbanisticko-architektonickou<\/i>. Na st\u0159ed obce je nutn\u00e9 nahl\u00e9dnout s&nbsp;ur\u010dit\u00fdm odstupem a&nbsp;zahrnout nikoliv jen samotnou k\u0159i\u017eovatku p\u0159ed M\u011bstsk\u00fdm \u00fa\u0159adem, ale tak\u00e9 p\u0159ilehl\u00e9 prostory, ulici U&nbsp;Star\u00e9 \u0160koly a&nbsp;park na N\u00e1m\u011bst\u00ed Svobody a&nbsp;tak\u00e9 \u010d\u00e1st ulic 5.&nbsp;kv\u011btna, Leteck\u00e9 a&nbsp;Ch\u00fdnovsk\u00e9.<\/p>\n<p>V\u00fdsledkem kl\u00e1n\u00ed architekt\u016f by m\u011bl b\u00fdt soubor n\u00e1m\u011bt\u016f, ide\u00ed, jak je mo\u017en\u00e9 centr\u00e1ln\u00ed prostor m\u011bsta na z\u00e1klad\u011b n\u00e1mi definovan\u00fdch po\u017eadavk\u016f uchopit. Preferujeme tedy <i>sout\u011b\u017e ideovou<\/i>. Tento typ sout\u011b\u017ee slou\u017e\u00ed k&nbsp;vypracov\u00e1n\u00ed podm\u00ednek uspo\u0159\u00e1d\u00e1n\u00ed \u00fazem\u00ed, definov\u00e1n\u00ed jednotliv\u00fdch investi\u010dn\u00edch z\u00e1m\u011br\u016f i&nbsp;navazuj\u00edc\u00edm politick\u00fdm rozhodnut\u00edm.<\/p>\n<p>V tomto smyslu jsme p\u0159ipravili n\u00e1\u0161 <a href=\"https:\/\/libcickekrizovatky.cz\/content\/uploads\/2017\/06\/arch-sout\u011b\u017e.pdf\"><span style=\"text-decoration: underline;\">druh\u00fd n\u00e1vrh<\/span><\/a> k&nbsp;architektonick\u00e9 sout\u011b\u017ei a&nbsp;v\u011b\u0159\u00edme, \u017ee v&nbsp;zastupitelstvu op\u011bt\u00a0najde podporu.<\/p>\n<div class=\"alert alert-info\">\n<h3>N\u011bco nav\u00edc: Kde se tak\u00e9 sout\u011b\u017ee neb\u00e1li?<\/h3>\n<ul>\n<li>Obec \u017d\u00e1dovice, 760 obyvatel, <a href=\"https:\/\/www.cka.cz\/cs\/souteze\/vysledky\/revitalizace-jadra-obce-zadovice\"><span style=\"text-decoration: underline;\">Revitalizace centra obce<\/span><\/a>, listopad 2016<\/li>\n<li>\u010cerven\u00fd Kostelec, 8\u00a0200 obyvatel,\u00a0<a href=\"https:\/\/www.cka.cz\/cs\/souteze\/vysledky\/verejne-prostranstvi-mezi-skolami-v-cervenem-kostelci\"><span style=\"text-decoration: underline;\">Ve\u0159ejn\u00e9 prostranstv\u00ed mezi \u0161kolami<\/span><\/a>, listopad 2016<\/li>\n<li>B\u0159idli\u010dn\u00e1, 3\u00a0200 obyvatel, <a href=\"https:\/\/www.cka.cz\/cs\/souteze\/vysledky\/centrum-mesta-bridlicna\"><span style=\"text-decoration: underline;\">Centrum m\u011bsta<\/span><\/a>, \u00fanor 2017<\/li>\n<li>Lys\u00e1 nad Labem, 9\u00a0400 obyvatel,\u00a0<a href=\"https:\/\/www.cka.cz\/cs\/souteze\/vysledky\/revitalizace-husova-namesti-v-lyse-nad-labem\"><span style=\"text-decoration: underline;\">Revitalizace a&nbsp;p\u0159\u00edpadn\u00e1 dostavba Husova n\u00e1m\u011bst\u00ed,<\/span><\/a>\u00a0listopad 2016<\/li>\n<li>Hru\u0161ovany u&nbsp;Brny, 3\u00a0200 obyvatel, <span style=\"text-decoration: underline;\"><a href=\"https:\/\/www.cka.cz\/cs\/souteze\/vysledky\/sokec-2013-spolecensko-kulturni-centrum\">SOKEC &#8211; Spole\u010densko-kulturn\u00ed centrum<\/a><\/span>, \u0159\u00edjen 2016<\/li>\n<\/ul>\n<div style=\"float: left; margin: 10px;\"><img loading=\"lazy\" class=\"alignnone wp-image-15123\" src=\"https:\/\/libcickekrizovatky.cz\/content\/uploads\/2017\/06\/bridlicna.jpg\" alt=\"V\u00edt\u011bzn\u00fd n\u00e1vrh \u00fapravy centra B\u0159idli\u010dn\u00e9. Zdroj: https:\/\/www.cka.cz\/\" width=\"600\" height=\"420\" \/> V\u00edt\u011bzn\u00fd n\u00e1vrh \u00fapravy centra B\u0159idli\u010dn\u00e9 Zdroj: https:\/\/www.cka.cz\/<\/div>\n<p>&nbsp;<\/p>\n<\/div>\n","protected":false},"excerpt":{"rendered":"<p>Radnice ned\u00e1vno rozhodla o&nbsp;koupi dvou dom\u016f na n\u00e1m\u011bst\u00ed. M\u011bstsk\u00e1 rada p\u0159ekvapiv\u011b na\u0161la podporu nap\u0159\u00ed\u010d zastupitelstvem, dvan\u00e1ct zastupitel\u016f ze v\u0161ech p\u011bti volebn\u00edch subjekt\u016f tento z\u00e1m\u011br podpo\u0159ilo, jeden byl proti a&nbsp;dva se zdr\u017eeli hlasov\u00e1n\u00ed. Mezi zastupiteli za Lib\u010dick\u00fd ob\u010dansk\u00fd spolek LOS nepanoval na v\u011bc jednotn\u00fd n\u00e1zor. N\u011bkte\u0159\u00ed to pova\u017eovali za p\u0159\u00edle\u017eitost z\u00edskat domy na n\u00e1m\u011bst\u00ed do vlastnictv\u00ed [&hellip;]<\/p>\n","protected":false},"author":4,"featured_media":0,"comment_status":"open","ping_status":"open","sticky":false,"template":"","format":"standard","meta":[],"categories":[4],"tags":[851,781,121],"_links":{"self":[{"href":"https:\/\/libcickekrizovatky.cz\/index.php?rest_route=\/wp\/v2\/posts\/15334"}],"collection":[{"href":"https:\/\/libcickekrizovatky.cz\/index.php?rest_route=\/wp\/v2\/posts"}],"about":[{"href":"https:\/\/libcickekrizovatky.cz\/index.php?rest_route=\/wp\/v2\/types\/post"}],"author":[{"embeddable":true,"href":"https:\/\/libcickekrizovatky.cz\/index.php?rest_route=\/wp\/v2\/users\/4"}],"replies":[{"embeddable":true,"href":"https:\/\/libcickekrizovatky.cz\/index.php?rest_route=%2Fwp%2Fv2%2Fcomments&post=15334"}],"version-history":[{"count":52,"href":"https:\/\/libcickekrizovatky.cz\/index.php?rest_route=\/wp\/v2\/posts\/15334\/revisions"}],"predecessor-version":[{"id":15419,"href":"https:\/\/libcickekrizovatky.cz\/index.php?rest_route=\/wp\/v2\/posts\/15334\/revisions\/15419"}],"wp:attachment":[{"href":"https:\/\/libcickekrizovatky.cz\/index.php?rest_route=%2Fwp%2Fv2%2Fmedia&parent=15334"}],"wp:term":[{"taxonomy":"category","embeddable":true,"href":"https:\/\/libcickekrizovatky.cz\/index.php?rest_route=%2Fwp%2Fv2%2Fcategories&post=15334"},{"taxonomy":"post_tag","embeddable":true,"href":"https:\/\/libcickekrizovatky.cz\/index.php?rest_route=%2Fwp%2Fv2%2Ftags&post=15334"}],"curies":[{"name":"wp","href":"https:\/\/api.w.org\/{rel}","templated":true}]}}