{"id":15606,"date":"2017-07-26T22:00:16","date_gmt":"2017-07-26T20:00:16","guid":{"rendered":"http:\/\/libcickekrizovatky.cz\/?p=15606"},"modified":"2017-07-27T10:35:20","modified_gmt":"2017-07-27T08:35:20","slug":"karel-franta-libcicky-rodak","status":"publish","type":"post","link":"https:\/\/libcickekrizovatky.cz\/?p=15606","title":{"rendered":"Karel Franta, lib\u010dick\u00fd rod\u00e1k"},"content":{"rendered":"<div style=\"float: left; margin: 10px;\"><a href=\"https:\/\/libcickekrizovatky.cz\/content\/uploads\/2017\/07\/karel_franta_cert.jpg\"><img loading=\"lazy\" class=\"alignnone wp-image-15612\" src=\"https:\/\/libcickekrizovatky.cz\/content\/uploads\/2017\/07\/karel_franta_cert.jpg\" alt=\"STA\u0158\u00cd MIST\u0158I: Karel Franta\" width=\"140\" height=\"129\" srcset=\"https:\/\/libcickekrizovatky.cz\/content\/uploads\/2017\/07\/karel_franta_cert.jpg 700w, https:\/\/libcickekrizovatky.cz\/content\/uploads\/2017\/07\/karel_franta_cert-300x276.jpg 300w\" sizes=\"(max-width: 140px) 100vw, 140px\" \/><\/a><\/div>\n<p><sub>*<\/sub> 1.&nbsp;kv\u011btna 1928, Lib\u010dice nad Vltavou<br \/>\n+ 19.&nbsp;\u010dervence 2017, Praha<\/p>\n<p>Zase jednou se v&nbsp;celost\u00e1tn\u00edch m\u00e9di\u00edch zmi\u0148uj\u00ed Lib\u010dice nad Vltavou. Zpr\u00e1va je to ale smutn\u00e1. Dnes se v&nbsp;pra\u017esk\u00fdch Stra\u0161nic\u00edch lid\u00e9 rozlou\u010dili s&nbsp;lib\u010dick\u00fdm rod\u00e1kem, slavn\u00fdm grafikem Karlem Frantou, kter\u00fd zem\u0159el 19.&nbsp;\u010dervence v&nbsp;Praze ve sv\u00fdch 89 letech.<!--more--><\/p>\n<p>I Lib\u010dick\u00e9 k\u0159i\u017eovatky u\u017e o&nbsp;Karlovi Frantovi p\u0159i&nbsp;r\u016fzn\u00fdch p\u0159\u00edle\u017eitostech psaly, i&nbsp;kdy\u017e na\u0161e \u010dl\u00e1nky bohu\u017eel nikdy nep\u0159ekro\u010dily st\u00edn &#8220;\u010dten\u00e1\u0159ova v\u00fdb\u011bru&#8221;.<\/p>\n<ul>\n<li>Loni jsme upozornili na <a href=\"https:\/\/libcickekrizovatky.cz\/?p=9366\"><span style=\"text-decoration: underline;\">\u010dl\u00e1nek na idnes.cz<\/span> <\/a><\/li>\n<li>A tak\u00e9 jsme v&nbsp;roce 2014 <span style=\"text-decoration: underline;\"><a href=\"https:\/\/libcickekrizovatky.cz\/?p=2301\">p\u0159ipomenuli brn\u011bnskou v\u00fdstavu pana Franty<\/a><\/span><\/li>\n<\/ul>\n<p>Pokud jsou na\u0161e informace spr\u00e1vn\u00e9, Karel Franta str\u00e1vil sv\u00e9 d\u011btstv\u00ed v&nbsp;lib\u010dick\u00e9 Kolonii. Jeho tat\u00ednek pracoval ve \u0161roub\u00e1rn\u011b. Hr\u00e1l pr\u00fd na trumpetu a&nbsp;v&nbsp;ilustrac\u00edch se snad mohl tak trochu zrcadlit v&nbsp;\u010dertech zobrazen\u00fdch s&nbsp;t\u00edmto hudebn\u00edm n\u00e1strojem. Hudebn\u00ed tematiku m\u00e1 mnoho Frantov\u00fdch ilustrac\u00ed a&nbsp;s\u00e1m autor na mnoho hudebn\u00edch n\u00e1stroj\u016f hr\u00e1l.<\/p>\n<h3>Vzpom\u00ednky v&nbsp;celost\u00e1tn\u00edch m\u00e9di\u00edch<\/h3>\n<p>Informaci o&nbsp;\u00famrt\u00ed p\u0159inesla prakticky v\u0161echna \u010desk\u00e1 m\u00e9dia.<\/p>\n<ul>\n<li><span style=\"text-decoration: underline;\"><a href=\"https:\/\/www.irozhlas.cz\/kultura\/zemrel-karel-franta-mezinarodne-ocenovany-ilustrator-detskych-knih_1707200849_haf\" target=\"_blank\">irozhlas.cz<\/a><\/span><\/li>\n<li><span style=\"text-decoration: underline;\"><a href=\"http:\/\/kultura.zpravy.idnes.cz\/karel-franta-frantisek-novotny-zemrel-dh7-\/vytvarne-umeni.aspx?c=A170720_104040_vytvarne-umeni_kiz\" target=\"_blank\">idnes.cz<\/a><\/span><\/li>\n<li><a href=\"http:\/\/echo24.cz\/a\/wucMk\/zemrel-vytvarnik-karel-franta-proslavily-ho-ilustrace-detskych-knih\" target=\"_blank\"><span style=\"text-decoration: underline;\">echo24.cz<\/span><\/a><\/li>\n<li><a href=\"http:\/\/prazsky.denik.cz\/zpravy_region\/ve-veku-89-let-zemrel-vytvarnik-karel-franta-20170720.html\" target=\"_blank\"><span style=\"text-decoration: underline;\">denik.cz<\/span><\/a> a&nbsp;<a href=\"http:\/\/www.denik.cz\/ostatni_kultura\/pohreb-vytvarnika-karla-franty-bude-26-cervence-ve-strasnicich-20170723.html\" target=\"_blank\">je\u0161t\u011b jednou<\/a><\/li>\n<li><span style=\"text-decoration: underline;\"><a href=\"http:\/\/www.tyden.cz\/rubriky\/kultura\/umeni\/posledni-rozlouceni-s-karlem-frantou-probehne-19-cervence_439339.html\" target=\"_blank\">t\u00fdden.cz<\/a><\/span><\/li>\n<li><span style=\"text-decoration: underline;\"><a href=\"https:\/\/www.novinky.cz\/kultura\/444013-ve-veku-89-let-zemrel-vytvarnik-karel-franta.html\">novinky.cz<\/a><\/span><\/li>\n<li><span style=\"text-decoration: underline;\"><a href=\"http:\/\/www.blesk.cz\/clanek\/zpravy-live-kulturni-servis\/483806\/v-prazskych-strasnicich-se-dnes-kona-pohreb-vytvarnika-franty.html\" target=\"_blank\">blesk.cz<\/a><\/span><\/li>\n<\/ul>\n<div style=\"float: left; margin: 10px;\"><a href=\"https:\/\/libcickekrizovatky.cz\/content\/uploads\/2017\/07\/karel_franta_jpg.jpg\"><img loading=\"lazy\" class=\"alignleft wp-image-15609\" src=\"https:\/\/libcickekrizovatky.cz\/content\/uploads\/2017\/07\/karel_franta_jpg.jpg\" alt=\"Karel Franta: v\u00fdstava v Lomnici nad Popelkou\" width=\"200\" height=\"202\" srcset=\"https:\/\/libcickekrizovatky.cz\/content\/uploads\/2017\/07\/karel_franta_jpg.jpg 700w, https:\/\/libcickekrizovatky.cz\/content\/uploads\/2017\/07\/karel_franta_jpg-297x300.jpg 297w\" sizes=\"(max-width: 200px) 100vw, 200px\" \/><\/a><\/div>\n<h3>V\u00fdstava v&nbsp;Lomnici nad Popelkou<\/h3>\n<p>A pokud v\u00e1s n\u00e1hodou b\u011bhem pr\u00e1zdninov\u00e9 toulky zavanou do Jizersk\u00fdch hor nebo Krkono\u0161, m\u016f\u017eete si t\u0159eba cestou dom\u016f ud\u011blat malou zaj\u00ed\u017e\u010fku do Lonice nad Popelkou. Tak\u0159ka a\u017e do konce pr\u00e1zdnin (do 27.&nbsp;srpna) prob\u00edh\u00e1 ve zdej\u0161\u00edm muzeu v\u00fdstavu &#8220;<span style=\"text-decoration: underline;\"><a href=\"http:\/\/www.muzeumlomnice.cz\/2017\/07\/malir-a-ilustrator-karel-franta\/\" target=\"_blank\">MAL\u00cd\u0158 A&nbsp;ILUSTR\u00c1TOR KAREL FRANTA.<\/a><\/span>&#8221;<\/p>\n<p>A pokud se do Lomnice nad Popelkou nedostanete, m\u016f\u017eete si \u010derty Karla Franty prohl\u00e9dnout <a href=\"https:\/\/www.google.cz\/search?safe=off&amp;client=firefox-b&amp;biw=2047&amp;bih=1160&amp;tbm=isch&amp;sa=1&amp;q=%C4%8Dert+karel+franta&amp;oq=%C4%8Dert+karel+franta&amp;gs_l=psy-ab.3...2551.5585.0.5838.15.15.0.0.0.0.124.1036.12j2.14.0....0...1.1.64.psy-ab..1.4.337...0j0i30k1j0i67k1.xOMcmfkjUws#imgrc=_\" target=\"_blank\"><span style=\"text-decoration: underline;\">aspo\u0148 na internetu.<\/span><\/a><\/p>\n<h3>Co najdete v&nbsp;lib\u010dick\u00e9 knihovn\u011b<\/h3>\n<p>A nebo zajd\u011bte do <span style=\"text-decoration: underline;\"><a href=\"http:\/\/libcice.knihovny.net\/katalog\/l.dll?h%7E=&amp;DD=1&amp;H1=karel+franta&amp;V1=z&amp;P1=2&amp;H2=&amp;V2=z&amp;P2=3&amp;H3=&amp;V3=z&amp;P3=6&amp;H4=&amp;V4=z&amp;P4=49&amp;H5=&amp;V5=z&amp;P5=33\" target=\"_blank\">lib\u010dick\u00e9 m\u011bstsk\u00e9 knihovny,<\/a><\/span> \u010dekaj\u00ed tam na v\u00e1s n\u00e1sleduj\u00edc\u00ed kn\u00ed\u017eky:<\/p>\n<div class=\"gallery gallery-columns-3 gallery-size-medium rps-image-gallery-format-default rps-image-gallery-theme-default rps-image-gallery-columns-responsive rps-image-gallery rps-image-gallery-masonry rps-image-gallery-no-heading rps-image-gallery-caption rps-image-gallery-no-social \" style=\"text-align:left\" pageSize=\"0\" currentPage=\"0\" ><ul class=\"background-thumbnails\"><li class=\"gallery-item gallery-item-begin-row\"><div class=\"gallery-icon landscape\"><a rel=\"rps-image-group-15606\" href=\"https:\/\/libcickekrizovatky.cz\/content\/uploads\/2017\/07\/malyvinetou.jpg\" title=\"&amp;lt;div class=&amp;quot;fancybox-title-caption&amp;quot;&amp;gt;&amp;lt;p&amp;gt;Karel Franta, Mal\u00fd Vinnetou (2000)&amp;lt;\/p&amp;gt;\n&amp;lt;\/div&amp;gt;\"><img src=\"https:\/\/libcickekrizovatky.cz\/content\/uploads\/2017\/07\/malyvinetou-300x229.jpg\" alt=\"Karel Franta, Mal\u00fd Vinnetou (2000)\" title=\"Karel Franta, Mal\u00fd Vinnetou (2000)\" class=\"attachment-thumbnail\" width=\"300\" height=\"229\" srcset=\"https:\/\/libcickekrizovatky.cz\/content\/uploads\/2017\/07\/malyvinetou-300x229.jpg 300w, https:\/\/libcickekrizovatky.cz\/content\/uploads\/2017\/07\/malyvinetou-768x587.jpg 768w, https:\/\/libcickekrizovatky.cz\/content\/uploads\/2017\/07\/malyvinetou.jpg 850w\" sizes=\"(max-width: 300px) 100vw, 300px\"><\/a><\/div><div class=\"wp-caption-text gallery-caption\" style=\"text-align:left\"><p>Karel Franta, Mal\u00fd Vinnetou (2000)<\/p>\n<\/div><\/li><li class=\"gallery-item \"><div class=\"gallery-icon portrait\"><a rel=\"rps-image-group-15606\" href=\"https:\/\/libcickekrizovatky.cz\/content\/uploads\/2017\/07\/kdyby-cert-na-koze-jezdil.jpg\" title=\"&amp;lt;div class=&amp;quot;fancybox-title-caption&amp;quot;&amp;gt;&amp;lt;p&amp;gt;Karel Franta, Kdyby \u010dert na koze jezdil (2005)&amp;lt;\/p&amp;gt;\n&amp;lt;\/div&amp;gt;\"><img src=\"https:\/\/libcickekrizovatky.cz\/content\/uploads\/2017\/07\/kdyby-cert-na-koze-jezdil-223x300.jpg\" alt=\"Karel Franta, Kdyby \u010dert na koze jezdil (2005)\" title=\"Karel Franta, Kdyby \u010dert na koze jezdil (2005)\" class=\"attachment-thumbnail\" width=\"223\" height=\"300\" srcset=\"https:\/\/libcickekrizovatky.cz\/content\/uploads\/2017\/07\/kdyby-cert-na-koze-jezdil-223x300.jpg 223w, https:\/\/libcickekrizovatky.cz\/content\/uploads\/2017\/07\/kdyby-cert-na-koze-jezdil.jpg 333w\" sizes=\"(max-width: 223px) 100vw, 223px\"><\/a><\/div><div class=\"wp-caption-text gallery-caption\" style=\"text-align:left\"><p>Karel Franta, Kdyby \u010dert na koze jezdil (2005)<\/p>\n<\/div><\/li><li class=\"gallery-item gallery-item-end-row\"><div class=\"gallery-icon portrait\"><a rel=\"rps-image-group-15606\" href=\"https:\/\/libcickekrizovatky.cz\/content\/uploads\/2017\/07\/dovolenas.jpg\" title=\"&amp;lt;div class=&amp;quot;fancybox-title-caption&amp;quot;&amp;gt;&amp;lt;p&amp;gt;Karel Franta, Dovolen\u00e1 s Franti\u0161kem Nepilem ale tak\u00e9 o n\u011b\u010dem jin\u00e9m (2001)&amp;lt;\/p&amp;gt;\n&amp;lt;\/div&amp;gt;\"><img src=\"https:\/\/libcickekrizovatky.cz\/content\/uploads\/2017\/07\/dovolenas-192x300.jpg\" alt=\"Karel Franta, Dovolen\u00e1 s Franti\u0161kem Nepilem ale tak\u00e9 o n\u011b\u010dem jin\u00e9m (2001)\" title=\"Karel Franta, Dovolen\u00e1 s Franti\u0161kem Nepilem ale tak\u00e9 o n\u011b\u010dem jin\u00e9m (2001)\" class=\"attachment-thumbnail\" width=\"192\" height=\"300\" srcset=\"https:\/\/libcickekrizovatky.cz\/content\/uploads\/2017\/07\/dovolenas-192x300.jpg 192w, https:\/\/libcickekrizovatky.cz\/content\/uploads\/2017\/07\/dovolenas.jpg 321w\" sizes=\"(max-width: 192px) 100vw, 192px\"><\/a><\/div><div class=\"wp-caption-text gallery-caption\" style=\"text-align:left\"><p>Karel Franta, Dovolen\u00e1 s Franti\u0161kem Nepilem ale tak\u00e9 o n\u011b\u010dem jin\u00e9m (2001)<\/p>\n<\/div><\/li><li class=\"gallery-item gallery-item-begin-row\"><div class=\"gallery-icon portrait\"><a rel=\"rps-image-group-15606\" href=\"https:\/\/libcickekrizovatky.cz\/content\/uploads\/2017\/07\/kubatova.jpg\" title=\"&amp;lt;div class=&amp;quot;fancybox-title-caption&amp;quot;&amp;gt;&amp;lt;p&amp;gt;Karel Franta ilustroval nap\u0159. tak\u00e9 Poh\u00e1dky po\u0161tovsk\u00fdch pan\u00e1\u010dk\u016f&amp;lt;\/p&amp;gt;\n&amp;lt;\/div&amp;gt;\"><img src=\"https:\/\/libcickekrizovatky.cz\/content\/uploads\/2017\/07\/kubatova-225x300.jpg\" alt=\"Karel Franta: Poh\u00e1dky po\u0161tovsk\u00fdch pan\u00e1\u010dk\u016f\" title=\"Karel Franta: Poh\u00e1dky po\u0161tovsk\u00fdch pan\u00e1\u010dk\u016f\" class=\"attachment-thumbnail\" width=\"225\" height=\"300\" srcset=\"https:\/\/libcickekrizovatky.cz\/content\/uploads\/2017\/07\/kubatova-225x300.jpg 225w, https:\/\/libcickekrizovatky.cz\/content\/uploads\/2017\/07\/kubatova-768x1024.jpg 768w, https:\/\/libcickekrizovatky.cz\/content\/uploads\/2017\/07\/kubatova.jpg 1024w\" sizes=\"(max-width: 225px) 100vw, 225px\"><\/a><\/div><div class=\"wp-caption-text gallery-caption\" style=\"text-align:left\"><p>Karel Franta ilustroval nap\u0159. tak\u00e9 Poh\u00e1dky po\u0161tovsk\u00fdch pan\u00e1\u010dk\u016f<\/p>\n<\/div><\/li><li class=\"gallery-item \"><div class=\"gallery-icon portrait\"><a rel=\"rps-image-group-15606\" href=\"https:\/\/libcickekrizovatky.cz\/content\/uploads\/2017\/07\/kubatova2.jpg\" title=\"&amp;lt;div class=&amp;quot;fancybox-title-caption&amp;quot;&amp;gt;&amp;lt;p&amp;gt;Karel Franta ilustroval nap\u0159. tak\u00e9 Poh\u00e1dky po\u0161tovsk\u00fdch pan\u00e1\u010dk\u016f&amp;lt;\/p&amp;gt;\n&amp;lt;\/div&amp;gt;\"><img src=\"https:\/\/libcickekrizovatky.cz\/content\/uploads\/2017\/07\/kubatova2-225x300.jpg\" alt=\"Karel Franta: Poh\u00e1dky po\u0161tovsk\u00fdch pan\u00e1\u010dk\u016f\" title=\"Karel Franta: Poh\u00e1dky po\u0161tovsk\u00fdch pan\u00e1\u010dk\u016f\" class=\"attachment-thumbnail\" width=\"225\" height=\"300\" srcset=\"https:\/\/libcickekrizovatky.cz\/content\/uploads\/2017\/07\/kubatova2-225x300.jpg 225w, https:\/\/libcickekrizovatky.cz\/content\/uploads\/2017\/07\/kubatova2-768x1024.jpg 768w, https:\/\/libcickekrizovatky.cz\/content\/uploads\/2017\/07\/kubatova2.jpg 1024w\" sizes=\"(max-width: 225px) 100vw, 225px\"><\/a><\/div><div class=\"wp-caption-text gallery-caption\" style=\"text-align:left\"><p>Karel Franta ilustroval nap\u0159. tak\u00e9 Poh\u00e1dky po\u0161tovsk\u00fdch pan\u00e1\u010dk\u016f<\/p>\n<\/div><\/li><li class=\"gallery-item gallery-item-end-row\"><div class=\"gallery-icon portrait\"><a rel=\"rps-image-group-15606\" href=\"https:\/\/libcickekrizovatky.cz\/content\/uploads\/2017\/07\/kubatova5.jpg\" title=\"&amp;lt;div class=&amp;quot;fancybox-title-caption&amp;quot;&amp;gt;&amp;lt;p&amp;gt;Karel Franta ilustroval nap\u0159. tak\u00e9 Poh\u00e1dky po\u0161tovsk\u00fdch pan\u00e1\u010dk\u016f&amp;lt;\/p&amp;gt;\n&amp;lt;\/div&amp;gt;\"><img src=\"https:\/\/libcickekrizovatky.cz\/content\/uploads\/2017\/07\/kubatova5-225x300.jpg\" alt=\"Karel Franta: Poh\u00e1dky po\u0161tovsk\u00fdch pan\u00e1\u010dk\u016f\" title=\"Karel Franta: Poh\u00e1dky po\u0161tovsk\u00fdch pan\u00e1\u010dk\u016f\" class=\"attachment-thumbnail\" width=\"225\" height=\"300\" srcset=\"https:\/\/libcickekrizovatky.cz\/content\/uploads\/2017\/07\/kubatova5-225x300.jpg 225w, https:\/\/libcickekrizovatky.cz\/content\/uploads\/2017\/07\/kubatova5-768x1024.jpg 768w, https:\/\/libcickekrizovatky.cz\/content\/uploads\/2017\/07\/kubatova5.jpg 1024w\" sizes=\"(max-width: 225px) 100vw, 225px\"><\/a><\/div><div class=\"wp-caption-text gallery-caption\" style=\"text-align:left\"><p>Karel Franta ilustroval nap\u0159. tak\u00e9 Poh\u00e1dky po\u0161tovsk\u00fdch pan\u00e1\u010dk\u016f<\/p>\n<\/div><\/li><li class=\"gallery-item gallery-item-begin-row\"><div class=\"gallery-icon portrait\"><a rel=\"rps-image-group-15606\" href=\"https:\/\/libcickekrizovatky.cz\/content\/uploads\/2017\/07\/kubatova10.jpg\" title=\"&amp;lt;div class=&amp;quot;fancybox-title-caption&amp;quot;&amp;gt;&amp;lt;p&amp;gt;Karel Franta ilustroval nap\u0159. tak\u00e9 Poh\u00e1dky po\u0161tovsk\u00fdch pan\u00e1\u010dk\u016f&amp;lt;\/p&amp;gt;\n&amp;lt;\/div&amp;gt;\"><img src=\"https:\/\/libcickekrizovatky.cz\/content\/uploads\/2017\/07\/kubatova10-225x300.jpg\" alt=\"Karel Franta: Poh\u00e1dky po\u0161tovsk\u00fdch pan\u00e1\u010dk\u016f\" title=\"Karel Franta: Poh\u00e1dky po\u0161tovsk\u00fdch pan\u00e1\u010dk\u016f\" class=\"attachment-thumbnail\" width=\"225\" height=\"300\" srcset=\"https:\/\/libcickekrizovatky.cz\/content\/uploads\/2017\/07\/kubatova10-225x300.jpg 225w, https:\/\/libcickekrizovatky.cz\/content\/uploads\/2017\/07\/kubatova10-768x1024.jpg 768w, https:\/\/libcickekrizovatky.cz\/content\/uploads\/2017\/07\/kubatova10.jpg 1024w\" sizes=\"(max-width: 225px) 100vw, 225px\"><\/a><\/div><div class=\"wp-caption-text gallery-caption\" style=\"text-align:left\"><p>Karel Franta ilustroval nap\u0159. tak\u00e9 Poh\u00e1dky po\u0161tovsk\u00fdch pan\u00e1\u010dk\u016f<\/p>\n<\/div><\/li><li class=\"gallery-item \"><div class=\"gallery-icon portrait\"><a rel=\"rps-image-group-15606\" href=\"https:\/\/libcickekrizovatky.cz\/content\/uploads\/2017\/07\/certnakole2.jpg\" title=\"&amp;lt;div class=&amp;quot;fancybox-title-caption&amp;quot;&amp;gt;&amp;lt;p&amp;gt;uk\u00e1zka - Karel Franta, Kdyby \u010dert na koze jezdil (2005)&amp;lt;\/p&amp;gt;\n&amp;lt;\/div&amp;gt;\"><img src=\"https:\/\/libcickekrizovatky.cz\/content\/uploads\/2017\/07\/certnakole2-225x300.jpg\" alt=\"Karel Franta: Poh\u00e1dky po\u0161tovsk\u00fdch pan\u00e1\u010dk\u016f\" title=\"Karel Franta: Poh\u00e1dky po\u0161tovsk\u00fdch pan\u00e1\u010dk\u016f\" class=\"attachment-thumbnail\" width=\"225\" height=\"300\" srcset=\"https:\/\/libcickekrizovatky.cz\/content\/uploads\/2017\/07\/certnakole2-225x300.jpg 225w, https:\/\/libcickekrizovatky.cz\/content\/uploads\/2017\/07\/certnakole2-768x1024.jpg 768w, https:\/\/libcickekrizovatky.cz\/content\/uploads\/2017\/07\/certnakole2.jpg 1024w\" sizes=\"(max-width: 225px) 100vw, 225px\"><\/a><\/div><div class=\"wp-caption-text gallery-caption\" style=\"text-align:left\"><p>uk\u00e1zka - Karel Franta, Kdyby \u010dert na koze jezdil (2005)<\/p>\n<\/div><\/li><li class=\"gallery-item gallery-item-end-row\"><div class=\"gallery-icon portrait\"><a rel=\"rps-image-group-15606\" href=\"https:\/\/libcickekrizovatky.cz\/content\/uploads\/2017\/07\/certnakole.jpg\" title=\"&amp;lt;div class=&amp;quot;fancybox-title-caption&amp;quot;&amp;gt;&amp;lt;p&amp;gt;uk\u00e1zka - Karel Franta, Kdyby \u010dert na koze jezdil (2005)&amp;lt;\/p&amp;gt;\n&amp;lt;\/div&amp;gt;\"><img src=\"https:\/\/libcickekrizovatky.cz\/content\/uploads\/2017\/07\/certnakole-217x300.jpg\" alt=\"Karel Franta: Kdyby \u010dert na koze jezdil\" title=\"Karel Franta: Kdyby \u010dert na koze jezdil\" class=\"attachment-thumbnail last\" width=\"217\" height=\"300\" srcset=\"https:\/\/libcickekrizovatky.cz\/content\/uploads\/2017\/07\/certnakole-217x300.jpg 217w, https:\/\/libcickekrizovatky.cz\/content\/uploads\/2017\/07\/certnakole-768x1063.jpg 768w, https:\/\/libcickekrizovatky.cz\/content\/uploads\/2017\/07\/certnakole-740x1024.jpg 740w, https:\/\/libcickekrizovatky.cz\/content\/uploads\/2017\/07\/certnakole.jpg 1024w\" sizes=\"(max-width: 217px) 100vw, 217px\"><\/a><\/div><div class=\"wp-caption-text gallery-caption\" style=\"text-align:left\"><p>uk\u00e1zka - Karel Franta, Kdyby \u010dert na koze jezdil (2005)<\/p>\n<\/div><\/li><\/ul><\/div>\n","protected":false},"excerpt":{"rendered":"<p>* 1.&nbsp;kv\u011btna 1928, Lib\u010dice nad Vltavou + 19.&nbsp;\u010dervence 2017, Praha Zase jednou se v&nbsp;celost\u00e1tn\u00edch m\u00e9di\u00edch zmi\u0148uj\u00ed Lib\u010dice nad Vltavou. Zpr\u00e1va je to ale smutn\u00e1. Dnes se v&nbsp;pra\u017esk\u00fdch Stra\u0161nic\u00edch lid\u00e9 rozlou\u010dili s&nbsp;lib\u010dick\u00fdm rod\u00e1kem, slavn\u00fdm grafikem Karlem Frantou, kter\u00fd zem\u0159el 19.&nbsp;\u010dervence v&nbsp;Praze ve sv\u00fdch 89 letech.<\/p>\n","protected":false},"author":3,"featured_media":0,"comment_status":"open","ping_status":"open","sticky":false,"template":"","format":"standard","meta":[],"categories":[192],"tags":[196,193,458],"_links":{"self":[{"href":"https:\/\/libcickekrizovatky.cz\/index.php?rest_route=\/wp\/v2\/posts\/15606"}],"collection":[{"href":"https:\/\/libcickekrizovatky.cz\/index.php?rest_route=\/wp\/v2\/posts"}],"about":[{"href":"https:\/\/libcickekrizovatky.cz\/index.php?rest_route=\/wp\/v2\/types\/post"}],"author":[{"embeddable":true,"href":"https:\/\/libcickekrizovatky.cz\/index.php?rest_route=\/wp\/v2\/users\/3"}],"replies":[{"embeddable":true,"href":"https:\/\/libcickekrizovatky.cz\/index.php?rest_route=%2Fwp%2Fv2%2Fcomments&post=15606"}],"version-history":[{"count":12,"href":"https:\/\/libcickekrizovatky.cz\/index.php?rest_route=\/wp\/v2\/posts\/15606\/revisions"}],"predecessor-version":[{"id":15634,"href":"https:\/\/libcickekrizovatky.cz\/index.php?rest_route=\/wp\/v2\/posts\/15606\/revisions\/15634"}],"wp:attachment":[{"href":"https:\/\/libcickekrizovatky.cz\/index.php?rest_route=%2Fwp%2Fv2%2Fmedia&parent=15606"}],"wp:term":[{"taxonomy":"category","embeddable":true,"href":"https:\/\/libcickekrizovatky.cz\/index.php?rest_route=%2Fwp%2Fv2%2Fcategories&post=15606"},{"taxonomy":"post_tag","embeddable":true,"href":"https:\/\/libcickekrizovatky.cz\/index.php?rest_route=%2Fwp%2Fv2%2Ftags&post=15606"}],"curies":[{"name":"wp","href":"https:\/\/api.w.org\/{rel}","templated":true}]}}