{"id":15669,"date":"2017-08-09T23:07:38","date_gmt":"2017-08-09T21:07:38","guid":{"rendered":"http:\/\/libcickekrizovatky.cz\/?p=15669"},"modified":"2017-08-10T00:24:52","modified_gmt":"2017-08-09T22:24:52","slug":"zelena-bavlnka-k-vanocum-mejdanovy-vlak-a-co-uz-vime-o-456ce","status":"publish","type":"post","link":"https:\/\/libcickekrizovatky.cz\/?p=15669","title":{"rendered":"Zelen\u00e1 bavlnka: k&nbsp;v\u00e1noc\u016fm mejdanov\u00fd vlak, a&nbsp;co u\u017e v\u00edme o&nbsp;456ce"},"content":{"rendered":"<div style=\"float: left; margin: 10px;\"><img loading=\"lazy\" class=\"wp-image-13311 alignleft\" src=\"https:\/\/libcickekrizovatky.cz\/content\/uploads\/2016\/12\/autobus.jpg\" width=\"141\" height=\"100\" \/><\/div>\n<p>Tak to vypad\u00e1, \u017ee se n\u00e1m od prosince rozroste po\u010det \u017eelezni\u010dn\u00edch spoj\u016f o&nbsp;&#8220;mejdanov\u00fd&#8221; speci\u00e1l. A&nbsp;pokud to dopadne, dostaneme mo\u017enost u\u017e\u00edt si sv\u00e9 v\u00edkendov\u00e9 kalby, pa\u0159by a&nbsp;mejdany v&nbsp;Kralupech i&nbsp;Praze opravdu do sytosti.<\/p>\n<p>Dal\u0161\u00ed dobrou zpr\u00e1vou je, \u017ee se v\u0161echny dostupn\u00e9 zdroje st\u00e1le tv\u00e1\u0159\u00ed, \u017ee autobus \u010d.&nbsp;456 opravdu za\u010dne\u00a0jezdit v&nbsp;z\u00e1\u0159\u00ed. Dob\u0159e, &#8220;z\u00e1\u0159\u00ed&#8221; je v&nbsp;p\u0159edchoz\u00ed v\u011bt\u011b kv\u016fli r\u00fdmu, \u010dist\u011b fakticky by to m\u011blo b\u00fdt dokonce o&nbsp;p\u00e1r dn\u00ed d\u0159\u00edve.<!--more--><\/p>\n<h3>Autobus \u010d.&nbsp;456<\/h3>\n<p>S platnost\u00ed od 26.&nbsp;8. &#8217;17 (tedy spole\u010dn\u011b se zapojen\u00edm Kladenska do syst\u00e9mu Pra\u017esk\u00e9 integrovan\u00e9 dopravy PID)\u00a0v\u00e1s trasa nov\u00e9ho spoje za hodinu a&nbsp;jednu minutu dostane\u00a0z Lib\u010dic a\u017e do Slan\u00e9ho. A&nbsp;proto\u017ee prim\u00e1rn\u00edm \u00fa\u010delem linky je svoz lid\u00ed do pr\u00e1ce do Prahy (a&nbsp;odleh\u010den\u00ed st\u00e1vaj\u00edc\u00edch p\u0159\u00edm\u00fdch autobusov\u00fdch linek), zdob\u00ed v\u0161echny spoje &#8220;zk\u0159\u00ed\u017een\u00e1 klad\u00edvka.&#8221; Linka bude jezdit pouze v&nbsp;pracovn\u00ed dny. Tak\u017ee t\u0159eba na Svatov\u00e1clavsk\u00e9 slavnosti na Bude\u010d (Z\u00e1kolany)\u00a0budeme i&nbsp;nad\u00e1le muset vyrazit autem, vlakem nebo na kole.<\/p>\n<p><a href=\"https:\/\/libcickekrizovatky.cz\/content\/uploads\/2017\/08\/456b.jpg\"><img class=\"alignnone size-full wp-image-15671\" src=\"https:\/\/libcickekrizovatky.cz\/content\/uploads\/2017\/08\/456b.jpg\" alt=\"autobus \u010d. 456\" width=\"100%\" srcset=\"https:\/\/libcickekrizovatky.cz\/content\/uploads\/2017\/08\/456b.jpg 1772w, https:\/\/libcickekrizovatky.cz\/content\/uploads\/2017\/08\/456b-300x140.jpg 300w, https:\/\/libcickekrizovatky.cz\/content\/uploads\/2017\/08\/456b-768x359.jpg 768w, https:\/\/libcickekrizovatky.cz\/content\/uploads\/2017\/08\/456b-1024x479.jpg 1024w\" sizes=\"(max-width: 1772px) 100vw, 1772px\" \/><\/a> <a href=\"https:\/\/libcickekrizovatky.cz\/content\/uploads\/2017\/08\/456a.jpg\"><img class=\"alignnone size-full wp-image-15670\" src=\"https:\/\/libcickekrizovatky.cz\/content\/uploads\/2017\/08\/456a.jpg\" alt=\"autobus \u010d. 456\" width=\"100%\" srcset=\"https:\/\/libcickekrizovatky.cz\/content\/uploads\/2017\/08\/456a.jpg 1772w, https:\/\/libcickekrizovatky.cz\/content\/uploads\/2017\/08\/456a-300x140.jpg 300w, https:\/\/libcickekrizovatky.cz\/content\/uploads\/2017\/08\/456a-768x359.jpg 768w, https:\/\/libcickekrizovatky.cz\/content\/uploads\/2017\/08\/456a-1024x479.jpg 1024w\" sizes=\"(max-width: 1772px) 100vw, 1772px\" \/><\/a><\/p>\n<h3>N\u00e1vaznost do\/z P\u0159\u00edlep a&nbsp;na Bo\u0159islavku<\/h3>\n<p>T\u011b\u0161\u00edte se na nov\u00fd autobus, jak v\u00e1m usnadn\u00ed cestu t\u0159eba do Velk\u00fdch P\u0159\u00edlep? S&nbsp;pr\u00e1zdninov\u00fdm j\u00edzdn\u00edm \u0159\u00e1dek linky 316 by to nebylo nic moc. Zvl\u00e1\u0161\u0165 cestou z&nbsp;Lib\u010dic by v\u00e1m v&nbsp;Tursku p\u0159\u00edpoj prakticky pravideln\u011b uj\u00ed\u017ed\u011bl o&nbsp;minutu. A&nbsp;29 minut by byla \u010dekac\u00ed doba na dal\u0161\u00ed v\u016fz, co\u017e p\u0159i&nbsp;intervalu &#8220;316tky&#8221; 30 minut nepot\u011b\u0161\u00ed.<\/p>\n<p>Zp\u00e1te\u010dn\u00ed cesta do Lib\u010dic se d\u00e1, d\u00edky \u010detnosti spoj\u016f, napl\u00e1novat l\u00e9pe, zbyte\u010dn\u011b dlouh\u00e9mu \u010dek\u00e1n\u00ed v&nbsp;Tursku je mo\u017en\u00e9 se vyhnout.<\/p>\n<p>Popr\u00e1zdninov\u00fd j\u00edzdn\u00ed \u0159\u00e1d linky 316 jsem zat\u00edm nena\u0161el. Ale to nevad\u00ed, sta\u010dilo chv\u00edli si pohr\u00e1t s&nbsp;online vyhled\u00e1va\u010di spojen\u00ed (IDOS), a&nbsp;ten mi potvrdil, \u017ee probl\u00e9m p\u0159i&nbsp;cest\u011b sm\u011brem z&nbsp;Lib\u010dic zat\u00edm nezmiz\u00ed. Mezi 9.&nbsp;rann\u00ed a&nbsp;3.&nbsp;odpoledn\u00ed bude p\u0159estup v&nbsp;Tursku na P\u0159\u00edlepy znamenat v\u017edy 29 minut \u010dek\u00e1n\u00ed (p\u0159i&nbsp;intervalu 316tky 30 minut).<\/p>\n<p>Ale nev\u011b\u0161te hlavy, ve\u0159ejn\u00e9 zdroje \u0159\u00edkaj\u00ed, \u017ee se o&nbsp;probl\u00e9mu v\u00ed, a&nbsp;\u017ee je &#8220;n\u00e1vaznost&#8221; v&nbsp;jedn\u00e1n\u00ed. Tak uvid\u00edme,\u00a0ale nejsp\u00ed\u0161 a\u017e v&nbsp;n\u011bjak\u00e9m dal\u0161\u00edm j\u00edzdn\u00edm \u0159\u00e1du.<\/p>\n<div class=\"gallery gallery-columns-2 gallery-size-medium rps-image-gallery-format-default rps-image-gallery-theme-default rps-image-gallery-columns-no-responsive rps-image-gallery rps-image-gallery-masonry rps-image-gallery-no-heading rps-image-gallery-no-caption rps-image-gallery-no-social \" style=\"text-align:left\" pageSize=\"0\" currentPage=\"0\" ><ul class=\"background-thumbnails\"><li class=\"gallery-item gallery-item-begin-row\"><div class=\"gallery-icon landscape\"><a rel=\"rps-image-group-15669\" href=\"https:\/\/libcickekrizovatky.cz\/content\/uploads\/2017\/08\/navaznost1.jpg\" title=\"&amp;lt;div class=&amp;quot;fancybox-title-caption&amp;quot;&amp;gt;&amp;lt;p&amp;gt;IDOS: Lib\u010dice - P\u0159\u00edlepy, kdy\u017e skon\u010d\u00ed rann\u00ed \u0161pi\u010dka&amp;lt;\/p&amp;gt;\n&amp;lt;\/div&amp;gt;\"><img src=\"https:\/\/libcickekrizovatky.cz\/content\/uploads\/2017\/08\/navaznost1-300x155.jpg\" alt=\"IDOS: Lib\u010dice - P\u0159\u00edlepy\" title=\"IDOS: Lib\u010dice - P\u0159\u00edlepy\" class=\"attachment-thumbnail\" width=\"300\" height=\"155\" srcset=\"https:\/\/libcickekrizovatky.cz\/content\/uploads\/2017\/08\/navaznost1-300x155.jpg 300w, https:\/\/libcickekrizovatky.cz\/content\/uploads\/2017\/08\/navaznost1-768x396.jpg 768w, https:\/\/libcickekrizovatky.cz\/content\/uploads\/2017\/08\/navaznost1-1024x528.jpg 1024w, https:\/\/libcickekrizovatky.cz\/content\/uploads\/2017\/08\/navaznost1.jpg 1606w\" sizes=\"(max-width: 300px) 100vw, 300px\"><\/a><\/div><\/li><li class=\"gallery-item gallery-item-end-row\"><div class=\"gallery-icon landscape\"><a rel=\"rps-image-group-15669\" href=\"https:\/\/libcickekrizovatky.cz\/content\/uploads\/2017\/08\/navaznost2.jpg\" title=\"&amp;lt;div class=&amp;quot;fancybox-title-caption&amp;quot;&amp;gt;&amp;lt;p&amp;gt;IDOS: Lib\u010dice - P\u0159\u00edlepy - i odpoledne tref\u00edte \u0161patn\u00fd spoj&amp;lt;\/p&amp;gt;\n&amp;lt;\/div&amp;gt;\"><img src=\"https:\/\/libcickekrizovatky.cz\/content\/uploads\/2017\/08\/navaznost2-300x155.jpg\" alt=\"IDOS: Lib\u010dice - P\u0159\u00edlepy\" title=\"IDOS: Lib\u010dice - P\u0159\u00edlepy\" class=\"attachment-thumbnail last\" width=\"300\" height=\"155\" srcset=\"https:\/\/libcickekrizovatky.cz\/content\/uploads\/2017\/08\/navaznost2-300x155.jpg 300w, https:\/\/libcickekrizovatky.cz\/content\/uploads\/2017\/08\/navaznost2-768x397.jpg 768w, https:\/\/libcickekrizovatky.cz\/content\/uploads\/2017\/08\/navaznost2-1024x530.jpg 1024w, https:\/\/libcickekrizovatky.cz\/content\/uploads\/2017\/08\/navaznost2.jpg 1578w\" sizes=\"(max-width: 300px) 100vw, 300px\"><\/a><\/div><\/li><\/ul><\/div>\n<p>Pro fajn\u0161mekry: o&nbsp;&#8220;na\u0161\u00ed nov\u00e9&#8221; lince 456 si m\u016f\u017eete p\u0159e\u010d\u00edst v\u00edce <a href=\"http:\/\/www.tram-bus.cz\/stredni-cechy\/pripravovane-zmeny\/autobusem-do-libcic-az-od-zari\/\" target=\"_blank\"><span style=\"text-decoration: underline;\">zde (tram-bus.cz)<\/span><\/a> a&nbsp;<a href=\"http:\/\/www.doprava.nafoceno.cz\/456.html\" target=\"_blank\"><span style=\"text-decoration: underline;\">zde (historie).<\/span><\/a><\/p>\n<h3>V\u00edkendov\u00fd &#8220;mejdanov\u00fd&#8221; vlak<\/h3>\n<p>Dal\u0161\u00edho zkvalitn\u011bn\u00ed dopravn\u00ed obslu\u017enosti Lib\u010dic bychom se mohli do\u010dkat v&nbsp;prosinci. Lehce &#8220;p\u0159ed&#8221; v\u00e1no\u010dn\u00ed d\u00e1rek by mohla dopravit \u017eeleznice, a&nbsp;to v&nbsp;podob\u011b p\u0159idan\u00e9ho pozdn\u00edho spoje &#8220;S4 Superflamendr&#8221;.<\/p>\n<p>Ten by m\u011bl jezdit jen o&nbsp;v\u00edkendu, v\u017edy v&nbsp;noci z&nbsp;p\u00e1tku na sobotu a&nbsp;ze soboty na ned\u011bli. Chv\u00edli po&nbsp;p\u016fl druh\u00e9 by vyrazil z&nbsp;Kralupy do Prahy, na Hlavn\u00ed n\u00e1dra\u017e\u00ed. Tam by si 10 minut odpo\u010dinul, aby zp\u00e1te\u010dn\u00ed cestou chv\u00edli po&nbsp;t\u0159et\u00ed hodin\u011b dorazil zp\u011bt do Kralup.<\/p>\n<p>Oto\u010dka na Hlavn\u00edm n\u00e1dra\u017e\u00ed bude sou\u010d\u00e1st\u00ed rozs\u00e1hlej\u0161\u00ed akce &#8220;No\u010dn\u00ed rozjezd vlak\u016f.&#8221; To sam\u00e9, co na\u0161e S4ka, by m\u011bly ve stejnou chv\u00edli podniknout i&nbsp;dal\u0161\u00ed p\u0159\u00edm\u011bstsk\u00e9 linky <a href=\"https:\/\/pid.cz\/jizdni-rady-podle-linek\/zeleznice\/?tab=4\" target=\"_blank\"><span style=\"text-decoration: underline;\">S1, S22, S3, S5, S7, S8 a&nbsp;S9,<\/span><\/a> co\u017e dod\u00e1 v\u00edkendov\u00fdm ve\u010der\u016fm nov\u00e9, dosud netu\u0161en\u00e9 mo\u017enosti.<span style=\"color: #ff0000;\">\u00a0 <\/span>Najednou jsou v&nbsp;&#8220;mejdanov\u00e9m&#8221; dosahu Kol\u00edn, Milovice, Mlad\u00e1 Boleslav, Kladno, Beroun i&nbsp;Bene\u0161ov&#8230;<\/p>\n<p>V\u00edce si m\u016f\u017eete p\u0159e\u010d\u00edst <a href=\"http:\/\/praha.e15.cz\/praha\/novinky\/nocni-vlaky-vice-spoju-provoz-na-zeleznici-v-blizkosti-prahy-jeste-zhoustne-1335672\" target=\"_blank\"><span style=\"text-decoration: underline;\">zde (E15.cz).<\/span><\/a><\/p>\n<div class=\"gallery gallery-columns-2 gallery-size-medium rps-image-gallery-format-default rps-image-gallery-theme-default rps-image-gallery-columns-no-responsive rps-image-gallery rps-image-gallery-masonry rps-image-gallery-no-heading rps-image-gallery-no-caption rps-image-gallery-no-social \" style=\"text-align:left\" pageSize=\"0\" currentPage=\"0\" ><ul class=\"background-thumbnails\"><li class=\"gallery-item gallery-item-begin-row\"><div class=\"gallery-icon landscape\"><a rel=\"rps-image-group-15669\" href=\"https:\/\/libcickekrizovatky.cz\/content\/uploads\/2017\/08\/090b.jpg\" title=\"&amp;lt;div class=&amp;quot;fancybox-title-caption&amp;quot;&amp;gt;&amp;lt;p&amp;gt;S4 - v\u00edkendov\u00fd superflamendr&amp;lt;\/p&amp;gt;\n&amp;lt;\/div&amp;gt;\"><img src=\"https:\/\/libcickekrizovatky.cz\/content\/uploads\/2017\/08\/090b-300x218.jpg\" alt=\"S4 - superflamendr\" title=\"S4 - superflamendr\" class=\"attachment-thumbnail\" width=\"300\" height=\"218\" srcset=\"https:\/\/libcickekrizovatky.cz\/content\/uploads\/2017\/08\/090b-300x218.jpg 300w, https:\/\/libcickekrizovatky.cz\/content\/uploads\/2017\/08\/090b-768x558.jpg 768w, https:\/\/libcickekrizovatky.cz\/content\/uploads\/2017\/08\/090b-1024x744.jpg 1024w, https:\/\/libcickekrizovatky.cz\/content\/uploads\/2017\/08\/090b.jpg 1420w\" sizes=\"(max-width: 300px) 100vw, 300px\"><\/a><\/div><\/li><li class=\"gallery-item gallery-item-end-row\"><div class=\"gallery-icon landscape\"><a rel=\"rps-image-group-15669\" href=\"https:\/\/libcickekrizovatky.cz\/content\/uploads\/2017\/08\/090a.jpg\" title=\"&amp;lt;div class=&amp;quot;fancybox-title-caption&amp;quot;&amp;gt;&amp;lt;p&amp;gt;S4 - v\u00edkendov\u00fd superflamendr&amp;lt;\/p&amp;gt;\n&amp;lt;\/div&amp;gt;\"><img src=\"https:\/\/libcickekrizovatky.cz\/content\/uploads\/2017\/08\/090a-300x218.jpg\" alt=\"S4 - superflamendr\" title=\"S4 - superflamendr\" class=\"attachment-thumbnail last\" width=\"300\" height=\"218\" srcset=\"https:\/\/libcickekrizovatky.cz\/content\/uploads\/2017\/08\/090a-300x218.jpg 300w, https:\/\/libcickekrizovatky.cz\/content\/uploads\/2017\/08\/090a-768x558.jpg 768w, https:\/\/libcickekrizovatky.cz\/content\/uploads\/2017\/08\/090a-1024x744.jpg 1024w, https:\/\/libcickekrizovatky.cz\/content\/uploads\/2017\/08\/090a.jpg 1420w\" sizes=\"(max-width: 300px) 100vw, 300px\"><\/a><\/div><\/li><\/ul><\/div>\n<p>&nbsp;  <\/p>\n","protected":false},"excerpt":{"rendered":"<p>Tak to vypad\u00e1, \u017ee se n\u00e1m od prosince rozroste po\u010det \u017eelezni\u010dn\u00edch spoj\u016f o&nbsp;&#8220;mejdanov\u00fd&#8221; speci\u00e1l. A&nbsp;pokud to dopadne, dostaneme mo\u017enost u\u017e\u00edt si sv\u00e9 v\u00edkendov\u00e9 kalby, pa\u0159by a&nbsp;mejdany v&nbsp;Kralupech i&nbsp;Praze opravdu do sytosti. Dal\u0161\u00ed dobrou zpr\u00e1vou je, \u017ee se v\u0161echny dostupn\u00e9 zdroje st\u00e1le tv\u00e1\u0159\u00ed, \u017ee autobus \u010d.&nbsp;456 opravdu za\u010dne\u00a0jezdit v&nbsp;z\u00e1\u0159\u00ed. Dob\u0159e, &#8220;z\u00e1\u0159\u00ed&#8221; je v&nbsp;p\u0159edchoz\u00ed v\u011bt\u011b kv\u016fli r\u00fdmu, [&hellip;]<\/p>\n","protected":false},"author":18,"featured_media":0,"comment_status":"open","ping_status":"open","sticky":false,"template":"","format":"standard","meta":[],"categories":[384],"tags":[760,859,303,858,857,358],"_links":{"self":[{"href":"https:\/\/libcickekrizovatky.cz\/index.php?rest_route=\/wp\/v2\/posts\/15669"}],"collection":[{"href":"https:\/\/libcickekrizovatky.cz\/index.php?rest_route=\/wp\/v2\/posts"}],"about":[{"href":"https:\/\/libcickekrizovatky.cz\/index.php?rest_route=\/wp\/v2\/types\/post"}],"author":[{"embeddable":true,"href":"https:\/\/libcickekrizovatky.cz\/index.php?rest_route=\/wp\/v2\/users\/18"}],"replies":[{"embeddable":true,"href":"https:\/\/libcickekrizovatky.cz\/index.php?rest_route=%2Fwp%2Fv2%2Fcomments&post=15669"}],"version-history":[{"count":20,"href":"https:\/\/libcickekrizovatky.cz\/index.php?rest_route=\/wp\/v2\/posts\/15669\/revisions"}],"predecessor-version":[{"id":15704,"href":"https:\/\/libcickekrizovatky.cz\/index.php?rest_route=\/wp\/v2\/posts\/15669\/revisions\/15704"}],"wp:attachment":[{"href":"https:\/\/libcickekrizovatky.cz\/index.php?rest_route=%2Fwp%2Fv2%2Fmedia&parent=15669"}],"wp:term":[{"taxonomy":"category","embeddable":true,"href":"https:\/\/libcickekrizovatky.cz\/index.php?rest_route=%2Fwp%2Fv2%2Fcategories&post=15669"},{"taxonomy":"post_tag","embeddable":true,"href":"https:\/\/libcickekrizovatky.cz\/index.php?rest_route=%2Fwp%2Fv2%2Ftags&post=15669"}],"curies":[{"name":"wp","href":"https:\/\/api.w.org\/{rel}","templated":true}]}}