{"id":15808,"date":"2017-08-25T02:26:08","date_gmt":"2017-08-25T00:26:08","guid":{"rendered":"http:\/\/libcickekrizovatky.cz\/?p=15808"},"modified":"2017-08-28T23:19:28","modified_gmt":"2017-08-28T21:19:28","slug":"kouzlo-libcickeho-leta","status":"publish","type":"post","link":"https:\/\/libcickekrizovatky.cz\/?p=15808","title":{"rendered":"Kouzlo lib\u010dick\u00e9ho l\u00e9ta"},"content":{"rendered":"<h3>aneb m\u00edstn\u00ed lidov\u00e9 tance, tentokr\u00e1t kolem n\u00e1m\u011bst\u00ed<\/h3>\n<p>Kdekdo si v&nbsp;l\u00e9t\u011b st\u011b\u017euje na okurkovou sez\u00f3nu. Novin\u00e1\u0159i nemaj\u00ed o&nbsp;\u010dem ps\u00e1t, televize opr\u00e1\u0161\u00ed \u201epoklady\u201c sv\u00fdch arch\u00edv\u016f. K&nbsp;l\u00e9tu pat\u0159\u00ed nuda ve ve\u0159ejn\u00e9m prostoru. Nikoliv v\u0161ak v&nbsp;Lib\u010dic\u00edch. Nebo\u0165 m\u00edstn\u00ed pr\u00e1zdninov\u00fd ritu\u00e1l po&nbsp;l\u00e9ta na l\u00e9to vel\u00ed koalici stejn\u011b: dobu dovolen\u00fdch je t\u0159eba ji\u017e tradi\u010dn\u011b vyu\u017e\u00edt k&nbsp;poru\u0161en\u00ed vlastn\u00edch slib\u016f, prosazen\u00ed osobn\u00edch z\u00e1jm\u016f nebo nesyst\u00e9mov\u00fdch nepromy\u0161len\u00fdch n\u00e1pad\u016f. Aby si lid\u00e9 nev\u0161imli, dokud se to v\u0161echno neupe\u010de&#8230;<!--more--><\/p>\n<h3>P\u0159ipome\u0148me si<\/h3>\n<p><strong>Lo\u0148sk\u00e9 l\u00e9to<\/strong> bylo ve znamen\u00ed zm\u011bn \u00fazemn\u00edho pl\u00e1nu v&nbsp;lokalit\u011b, kde maj\u00ed sv\u00e9 developersk\u00e9 z\u00e1m\u011bry n\u011bkte\u0159\u00ed koali\u010dn\u00ed radn\u00ed a&nbsp;zastupitel\u00e9. Ano, loni v&nbsp;l\u00e9t\u011b se na p\u0159esunut\u00e9m zased\u00e1n\u00ed vesele hlasovalo s&nbsp;ozn\u00e1men\u00fdm st\u0159etem z\u00e1jm\u016f.<\/p>\n<p><strong>Rok p\u0159edt\u00edm<\/strong> se narychlo a&nbsp;v&nbsp;nouzi uprost\u0159ed pr\u00e1zdnin \u0159e\u0161il prodej pozemk\u016f tzv.&nbsp;\u201eSe\u0159adi\u0161t\u011b\u201c spole\u010dnosti RHG. Tehdy se s&nbsp;prodejem sp\u011bchalo, byli jsme v&nbsp;\u201e\u010dasov\u00e9 t\u00edsni\u201c a&nbsp;tv\u00e1\u0159\u00ed v&nbsp;tv\u00e1\u0159 \u010delili \u201ejedine\u010dn\u00e9 p\u0159\u00edle\u017eitosti\u201c&#8230; T\u00edse\u0148 nejsp\u00ed\u0161 pominula hned, jak koalice prodej odhlasovala. Dva roky od prodeje pozemek d\u00e1l ut\u011b\u0161en\u011b zar\u016fst\u00e1 plevelem a&nbsp;o&nbsp;dal\u0161\u00edch pl\u00e1nech nov\u00e9ho majitele nikdo nic nev\u00ed.<\/p>\n<p><strong>To sam\u00e9 l\u00e9to 2015<\/strong> byl zp\u00e1tky k&nbsp;ledu posl\u00e1n projekt na o\u017eiven\u00ed n\u00e1plavky, kter\u00fd jen chv\u00edli p\u0159edt\u00edm s&nbsp;velkou sl\u00e1vou jako svou prioritu p\u0159edstavoval starosta ve\u0159ejnosti. Vzpom\u00edn\u00e1te? Na plov\u00e1rn\u011b se \u201ediskutovalo\u201c o&nbsp;tvaru a&nbsp;barv\u011b z\u00e1bradl\u00ed&#8230;<\/p>\n<div class=\"alert alert-danger\">\n<h3>Nejvy\u0161\u0161\u00ed \u010das dost\u00e1t m\u00edstn\u00ed tradici<\/h3>\n<p>Net\u0159eba se b\u00e1t poru\u0161en\u00ed tradice, krize a&nbsp;jedine\u010dn\u00e1 p\u0159\u00edle\u017eitost dorazily i&nbsp;letos, stejn\u011b jist\u011b jako se koloto\u010de objev\u00ed na n\u00e1plavce. Druh\u00fd srpnov\u00fd t\u00fdden Rada m\u011bsta vyhl\u00e1sila na za\u010d\u00e1tek z\u00e1\u0159\u00ed \u201emimo\u0159\u00e1dn\u00e9 jedn\u00e1n\u00ed,\u201c jeho\u017e st\u011b\u017eejn\u00edm programem je zru\u0161en\u00ed d\u0159\u00edve p\u0159ijat\u00e9ho z\u00e1vazku vyhl\u00e1sit architektonickou sout\u011b\u017e a&nbsp;sout\u011b\u017e nahradit kroky vedouc\u00edmi k&nbsp;v\u00fdstavb\u011b komunitn\u00edho centra, a\u0165 u\u017e to nakonec bude cokoliv. \u00da\u010del se n\u011bjak domysl\u00ed, a\u017e to bude st\u00e1t.<\/p>\n<p>I letos, stejn\u011b jako loni k&nbsp;n\u00e1plavce, rok p\u0159edt\u00edm ke kulturn\u00edmu domu, m\u00e1me za sebou \u201eve\u0159ejnou besedu\u201c, kde koali\u010dn\u00ed veden\u00ed m\u011bsta p\u0159edstavilo pl\u00e1n p\u0159ebudovat k\u0159i\u017eovatku Svobody na opravdov\u00e9 centrum m\u011bsta. Ti, kdo byli, si ur\u010dit\u011b vzpomenou na n\u011bkoliker\u00e9 uji\u0161t\u011bn\u00ed z&nbsp;\u00fast pana starosty, \u017ee v\u0161e se odehraje formou architektonick\u00e9 sout\u011b\u017ee. \u017de budeme hledat nejlep\u0161\u00ed \u0159e\u0161en\u00ed, a&nbsp;\u017ee v\u0161e, co jsem do t\u00e9 doby vid\u011bli jsou jen ideov\u00e9 n\u00e1vrhy.<\/p>\n<p>Podobn\u00fdch uji\u0161t\u011bn\u00ed se opakovan\u011b dostalo i&nbsp;zastupitel\u016fm na \u0159\u00e1dn\u00e9m jedn\u00e1n\u00ed p\u0159ed hlasov\u00e1n\u00edm o&nbsp;odkupu nemovitost\u00ed \u010d\u00edslo 81 a&nbsp;77 na n\u00e1m\u011bst\u00ed Svobody: \u201eodkupujeme pro architektonickou sout\u011b\u017e, do vyhl\u00e1\u0161en\u00ed v\u00fdsledku se na domy nebude sahat.\u201c<\/p>\n<p>A\u017e dosud v\u0161e sm\u011b\u0159ovalo k&nbsp;spr\u00e1vn\u00e9mu c\u00edli \u2013 k&nbsp;hled\u00e1n\u00ed nejlep\u0161\u00edho \u0159e\u0161en\u00ed, k&nbsp;vyps\u00e1n\u00ed sout\u011b\u017ee, kter\u00e1 se na cel\u00fd probl\u00e9m pod\u00edv\u00e1 syst\u00e9mov\u011b. K&nbsp;utr\u00e1cen\u00ed m\u011bstsk\u00fdch pen\u011bz \u00fa\u010deln\u011b. Vyhl\u00e1\u0161en\u00edm \u201emimo\u0159\u00e1dn\u00e9ho jedn\u00e1n\u00ed zastupitelstva\u201c se koali\u010dn\u00ed rada chyst\u00e1 tohle v\u0161echno zahodit.<\/p>\n<\/div>\n<div class=\"alert alert-info\">\n<h6>Hlasov\u00e1n\u00ed o&nbsp;v\u00fdkupu dom\u016f (16.&nbsp;zased\u00e1n\u00ed, 19.&nbsp;dubna 2017)<br \/>\n&#8211; poslechn\u011bte si autentick\u00fd z\u00e1znam<\/h6>\n<p><iframe width=\"500\" height=\"281\" src=\"https:\/\/www.youtube.com\/embed\/Zuh85PGRbV8?start=1679&#038;feature=oembed\" frameborder=\"0\" allowfullscreen><\/iframe><\/p>\n<\/div>\n<h3>Na\u0161e \u010diny n\u00e1s definuj\u00ed<\/h3>\n<p>Pokud n\u011bkolikr\u00e1t ve\u0159ejn\u011b sl\u00edb\u00edte dodr\u017eet dohodnut\u00fd postup, pokud t\u011bchto slib\u016f vyu\u017eijete k&nbsp;z\u00edsk\u00e1n\u00ed podpory druh\u00e9 strany, pokud v&nbsp;moment\u011b, kdy z\u00edsk\u00e1te, co chcete, sv\u00e1 slova odvol\u00e1te, vyjad\u0159ujete t\u00edm m\u00edru ne\u00facty ke sv\u00fdm partner\u016fm, soupe\u0159\u016fm, zastupovan\u00fdm spoluob\u010dan\u016fm, ale p\u0159edev\u0161\u00edm sami k&nbsp;sob\u011b. Pokud takov\u00fdm zp\u016fsobem pop\u0159ete sv\u00e9 sliby, nemaj\u00ed va\u0161e slova \u017e\u00e1dnou hodnotu.<\/p>\n<p><strong>A tak nezb\u00fdv\u00e1, ne\u017e se na tomto m\u00edst\u011b pt\u00e1t, pro\u010d \u00favodn\u00edk Lib\u010dick\u00fdch novin p\u0159in\u00e1\u0161\u00ed slova o&nbsp;<span style=\"text-decoration: underline;\"><a href=\"https:\/\/libcickekrizovatky.cz\/content\/uploads\/2017\/08\/atmosfera.jpg\" target=\"_blank\">\u201ekonstruktivn\u00ed a&nbsp;nekonfliktn\u00ed atmosf\u00e9\u0159e jedn\u00e1n\u00ed zastupitelstva\u201c,<\/a><\/span> kdy\u017e hned dal\u0161\u00ed krok m\u00e1 zm\u00edn\u011bnou atmosf\u00e9ru ve jm\u00e9nu vlastn\u00edho pomn\u00ed\u010dku zadupat do zem\u011b.<\/strong><\/p>\n<h3>P\u0159ij\u010fte na zastupitelstvo<\/h3>\n<p>Spr\u00e1vn\u00e9 cesty b\u00fdvaj\u00ed del\u0161\u00ed a&nbsp;klikat\u011bj\u0161\u00ed. A&nbsp;ne v\u0161ichni si troufnou po&nbsp;nich vydat. Zkratka je p\u0159eci tak pohodln\u00e1, co na tom, \u017ee nevede k&nbsp;zvolen\u00e9mu c\u00edli a&nbsp;cestou jste minuli n\u011bkolik d\u016fle\u017eit\u00fdch zast\u00e1vek&#8230;<\/p>\n<p>P\u0159ij\u010fte se v&nbsp;pond\u011bl\u00ed 4.&nbsp;z\u00e1\u0159\u00ed pod\u00edvat na mimo\u0159\u00e1dn\u00e9 jedn\u00e1n\u00ed zastupitelstva m\u011bsta.<\/p>\n<p>Mn\u011b osobn\u011b je st\u00e1le zat\u011b\u017eko uv\u011b\u0159it, \u017ee se na jedn\u00e1n\u00ed najde opravdu dostatek lid\u00ed, kte\u0159\u00ed dohodu, konstruktivn\u00ed atmosf\u00e9ru a&nbsp;mo\u017enost pod\u00edlet se na n\u011b\u010dem velk\u00e9m vym\u011bn\u00ed za sv\u016fj klid a&nbsp;betonov\u00fd pomn\u00ed\u010dek. St\u00e1le chci v\u011b\u0159it, \u017ee v\u0161em zastupitel\u016fm jde o&nbsp;blaho obce, a&nbsp;\u017ee se tedy i&nbsp;po&nbsp;mimo\u0159\u00e1dn\u00e9m bude pokra\u010dovat podle p\u016fvodn\u00edho pl\u00e1nu. Jsem naivn\u00ed?<\/p>\n<div class=\"alert alert-info\">\n<h6>Formov\u00e1n\u00ed a&nbsp;probubl\u00e1v\u00e1n\u00ed n\u00e1zor\u016f (17.&nbsp;zased\u00e1n\u00ed, 21.&nbsp;\u010dervna 2017)<br \/>\n&#8211; tohle je bohu\u017eel dlouh\u00e9, ale pou\u010dn\u00e9<\/h6>\n<p><iframe width=\"500\" height=\"281\" src=\"https:\/\/www.youtube.com\/embed\/GpsOhwS9trg?start=240&#038;feature=oembed\" frameborder=\"0\" allowfullscreen><\/iframe><\/p>\n<\/div>\n","protected":false},"excerpt":{"rendered":"<p>aneb m\u00edstn\u00ed lidov\u00e9 tance, tentokr\u00e1t kolem n\u00e1m\u011bst\u00ed Kdekdo si v&nbsp;l\u00e9t\u011b st\u011b\u017euje na okurkovou sez\u00f3nu. Novin\u00e1\u0159i nemaj\u00ed o&nbsp;\u010dem ps\u00e1t, televize opr\u00e1\u0161\u00ed \u201epoklady\u201c sv\u00fdch arch\u00edv\u016f. K&nbsp;l\u00e9tu pat\u0159\u00ed nuda ve ve\u0159ejn\u00e9m prostoru. Nikoliv v\u0161ak v&nbsp;Lib\u010dic\u00edch. Nebo\u0165 m\u00edstn\u00ed pr\u00e1zdninov\u00fd ritu\u00e1l po&nbsp;l\u00e9ta na l\u00e9to vel\u00ed koalici stejn\u011b: dobu dovolen\u00fdch je t\u0159eba ji\u017e tradi\u010dn\u011b vyu\u017e\u00edt k&nbsp;poru\u0161en\u00ed vlastn\u00edch slib\u016f, prosazen\u00ed osobn\u00edch z\u00e1jm\u016f [&hellip;]<\/p>\n","protected":false},"author":18,"featured_media":0,"comment_status":"open","ping_status":"open","sticky":false,"template":"","format":"standard","meta":[],"categories":[4],"tags":[862,82,757,211,166],"_links":{"self":[{"href":"https:\/\/libcickekrizovatky.cz\/index.php?rest_route=\/wp\/v2\/posts\/15808"}],"collection":[{"href":"https:\/\/libcickekrizovatky.cz\/index.php?rest_route=\/wp\/v2\/posts"}],"about":[{"href":"https:\/\/libcickekrizovatky.cz\/index.php?rest_route=\/wp\/v2\/types\/post"}],"author":[{"embeddable":true,"href":"https:\/\/libcickekrizovatky.cz\/index.php?rest_route=\/wp\/v2\/users\/18"}],"replies":[{"embeddable":true,"href":"https:\/\/libcickekrizovatky.cz\/index.php?rest_route=%2Fwp%2Fv2%2Fcomments&post=15808"}],"version-history":[{"count":23,"href":"https:\/\/libcickekrizovatky.cz\/index.php?rest_route=\/wp\/v2\/posts\/15808\/revisions"}],"predecessor-version":[{"id":15850,"href":"https:\/\/libcickekrizovatky.cz\/index.php?rest_route=\/wp\/v2\/posts\/15808\/revisions\/15850"}],"wp:attachment":[{"href":"https:\/\/libcickekrizovatky.cz\/index.php?rest_route=%2Fwp%2Fv2%2Fmedia&parent=15808"}],"wp:term":[{"taxonomy":"category","embeddable":true,"href":"https:\/\/libcickekrizovatky.cz\/index.php?rest_route=%2Fwp%2Fv2%2Fcategories&post=15808"},{"taxonomy":"post_tag","embeddable":true,"href":"https:\/\/libcickekrizovatky.cz\/index.php?rest_route=%2Fwp%2Fv2%2Ftags&post=15808"}],"curies":[{"name":"wp","href":"https:\/\/api.w.org\/{rel}","templated":true}]}}