{"id":15868,"date":"2017-09-01T08:56:40","date_gmt":"2017-09-01T06:56:40","guid":{"rendered":"http:\/\/libcickekrizovatky.cz\/?p=15868"},"modified":"2017-09-01T10:20:56","modified_gmt":"2017-09-01T08:20:56","slug":"dockame-se-strategickeho-planu","status":"publish","type":"post","link":"https:\/\/libcickekrizovatky.cz\/?p=15868","title":{"rendered":"Do\u010dk\u00e1me se strategick\u00e9ho pl\u00e1nu?"},"content":{"rendered":"<div style=\"float: left; margin: 10px;\"><img loading=\"lazy\" class=\"alignnone wp-image-15935 size-medium\" src=\"https:\/\/libcickekrizovatky.cz\/content\/uploads\/2017\/09\/porada-300x120.jpg\" width=\"300\" height=\"120\" \/><\/div>\n<p>Koncertn\u00ed s\u00ed\u0148, komunitn\u00ed centrum, sportovn\u00ed halu? Nebo sp\u00ed\u0161 l\u00e1vku p\u0159es \u0159eku, parkovi\u0161t\u011b m\u00edsto b\u00fdval\u00e9 N\u00e1dra\u017eky \u010di&nbsp;zv\u011bt\u0161it \u0161kolu? To je pouze \u010d\u00e1ste\u010dn\u00fd v\u00fd\u010det n\u00e1pad\u016f, kter\u00e9 jste mohli v&nbsp;posledn\u00ed dob\u011b zaznamenat v&nbsp;Lib\u010dick\u00fdch novin\u00e1ch, v&nbsp;z\u00e1pisech ze zastupitelstva nebo jen pouli\u010dn\u00ed \u0161u\u0161kandou.<br \/>\nCo je ale opravdu pot\u0159eba? Co ho\u0159\u00ed nejv\u00edc? A&nbsp;kdy\u017e to v\u0161e postav\u00edme, zvl\u00e1dneme se o&nbsp;to tak\u00e9 starat a&nbsp;\u00fa\u010deln\u011b vyu\u017e\u00edvat? <!--more--><br \/>\nA&nbsp;nezapomn\u011bli jsme na n\u011bco z\u00e1sadn\u00edho, co na\u0161emu m\u011bstu chyb\u00ed a&nbsp;na co by nakonec nezbyly finance? M\u00edt z\u00e1sob\u00e1rnu n\u00e1pad\u016f je fajn. Realizovat je bez d\u016fkladn\u00e9ho promy\u0161len\u00ed souvislost\u00ed a&nbsp;d\u016fsledk\u016f, bez jasn\u00e9ho zd\u016fvodn\u011bn\u00ed a&nbsp;snahy nal\u00e9zt \u0161ir\u0161\u00ed podporu mezi ob\u010dany sv\u00e9ho m\u011bsta je ale nezodpov\u011bdnost.<\/p>\n<p>Veden\u00ed na\u0161eho m\u011bsta chyb\u00ed jasn\u00e1 vize. Sk\u00e1\u010de od jednoho t\u00e9matu k&nbsp;dal\u0161\u00edmu, n\u011bkter\u00e1 odkl\u00e1d\u00e1, dal\u0161\u00ed \u0159e\u0161\u00ed horkou jehlou. D\u016fsledky tohoto p\u0159\u00edstupu se u\u017e te\u010f tu a&nbsp;tam vyno\u0159uj\u00ed, co je v\u0161ak jist\u00e9, mohou m\u00edt nep\u0159\u00edjemn\u00e9 dohry b\u011bhem p\u0159\u00ed\u0161t\u00edch mnoha let. Je to pochopiteln\u00e9, Lib\u010dic\u00edm toti\u017e chyb\u00ed strategick\u00fd pl\u00e1n, tedy dokument, kter\u00fd by stanovil priority, na nich\u017e se dohodne co nej\u0161ir\u0161\u00ed spektrum zastupitel\u016f, z\u00e1stupc\u016f \u0161kol, sportovn\u00edch klub\u016f, spolk\u016f a&nbsp;v\u0161ech dal\u0161\u00edch ob\u010dan\u016f, kter\u00fdm rozvoj a&nbsp;budouc\u00ed vzhled na\u0161eho m\u011bsta nen\u00ed lhostejn\u00fd.<\/p>\n<h2>Strategick\u00fd pl\u00e1n? To u\u017e tu n\u011bkdy bylo\u2026<\/h2>\n<p>Ot\u00e1zka strategick\u00e9ho pl\u00e1nu na\u0161eho m\u011bsta nen\u00ed \u017e\u00e1dnou novinkou. Koleg\u016fm zastupitel\u016fm jsme tento d\u016fle\u017eit\u00fd koncep\u010dn\u00ed materi\u00e1l navrhli zpracovat u\u017e t\u00e9m\u011b\u0159 p\u0159ed t\u0159emi lety.<br \/>\nZ&nbsp;po\u010d\u00e1tku to vypadalo slibn\u011b. Shodli jsme se, \u017ee je nezbytn\u00e9 jej po\u0159\u00eddit, a&nbsp;po&nbsp;slibn\u00e9m za\u010d\u00e1tku, kdy jsme vyhradili z&nbsp;obecn\u00edho rozpo\u010dtu pro rok 2015 \u0161t\u011bdr\u00fdch 300 tis\u00edc korun, jsme m\u011bli mo\u017enost p\u0159ipom\u00ednkovat \u00favodn\u00ed \u010d\u00e1st dokumentu z&nbsp;pera RNDr. J. Huka. Pot\u00e9 jsme na n\u011bkolika setk\u00e1n\u00edch v&nbsp;r\u00e1mci tvorby tzv.&nbsp;SWOT anal\u00fdzy, kter\u00e1 je ned\u00edlnou sou\u010d\u00e1st\u00ed cel\u00e9ho procesu, diskutovali spole\u010dn\u011b s&nbsp;ob\u010dany o&nbsp;jednotliv\u00fdch t\u00e9matick\u00fdch okruz\u00edch, sna\u017eili si ujasnit, v&nbsp;jak\u00e9m stavu jsou, a&nbsp;p\u0159em\u00fd\u0161leli, jak danou oblast fungov\u00e1n\u00ed na\u0161\u00ed obce vylep\u0161it. V&nbsp;okam\u017eiku, kdy se objevily p\u0159ipom\u00ednky, kter\u00e9 byly radnic\u00ed neakceptovateln\u00e9, v\u0161ak tvorba tohoto d\u016fle\u017eit\u00e9ho koncep\u010dn\u00edho dokumentu ustala a&nbsp;v\u00edce ne\u017e rok se fakticky neposunula.<\/p>\n<h2>Dobr\u00e1 zpr\u00e1va &#8211; dostali jsme dotaci!<\/h2>\n<p>Pr\u00e1ce na dokumentu samotn\u00e9m se zastavily a&nbsp;veden\u00ed m\u011bsta nad\u00e1le fungovalo v&nbsp;m\u00f3du \u201e\u0159e\u0161me, co n\u00e1s moment\u00e1ln\u011b p\u00e1l\u00ed nejv\u00edc\u201c.<br \/>\nAle pozor! Ve druh\u00e9 polovin\u011b roku 2016, paraleln\u011b s&nbsp;t\u00edmto pro na\u0161i obec ji\u017e obvykl\u00fdm \u201ead hoc\u201c re\u017eimem, m\u011bstsk\u00e1 rada nechala zpracovat \u017e\u00e1dost o&nbsp;dotaci na \u201eStrategick\u00e9 dokumenty m\u011bsta\u201c. A&nbsp;byla \u00fasp\u011b\u0161n\u00e1! Na \u00fanorov\u00e9m zastupitelstvu n\u00e1m starosta tuto novinu slavnostn\u011b ozn\u00e1mil. M\u011bsto z\u00edskalo v\u00edce ne\u017e 2 mil. K\u010d, kter\u00e9 by m\u011blo pou\u017e\u00edt na zam\u011bstn\u00e1n\u00ed koordin\u00e1tora tvorby strategick\u00e9ho pl\u00e1nu, najmut\u00ed jeho zhotovitele a&nbsp;zad\u00e1n\u00ed urbanistick\u00e9 studie.<br \/>\nDotace na vytvo\u0159en\u00ed strategick\u00e9ho pl\u00e1nu m\u011bsta je velmi \u0161t\u011bdr\u00e1, m\u016f\u017eeme za\u010d\u00edt klidn\u011b od znovu a&nbsp;po\u0159\u00e1dn\u011b. Pen\u00edze n\u00e1s brzdit nebudou.<\/p>\n<h2>Kde se to zadrhlo tentokr\u00e1t?<\/h2>\n<p>M\u011bs\u00edce v\u0161ak rychle plynou, radnice op\u011bt p\u0159edkl\u00e1d\u00e1 moment\u00e1ln\u00ed n\u00e1pady a&nbsp;koncep\u010dn\u00ed opat\u0159en\u00ed navr\u017een\u00e1 opozic\u00ed v\u011bt\u0161inou odm\u00edt\u00e1. Kde je koordin\u00e1tor? Pro\u010d u\u017e d\u00e1vno nesed\u00edme nad pl\u00e1ny a&nbsp;nebav\u00edme se o&nbsp;p\u0159\u00edle\u017eitostech jak Lib\u010dice postupn\u011b a&nbsp;dlouhodob\u011b udr\u017eiteln\u011b p\u0159izp\u016fsobit sou\u010dasn\u00fdm a&nbsp;budouc\u00edm pot\u0159eb\u00e1m na\u0161ich ob\u010dan\u016f?<\/p>\n<p>Kon\u00e1n\u00ed m\u011bstsk\u00e9 rady v&nbsp;t\u00e9to ot\u00e1zce p\u016fsob\u00ed notn\u011b rozpolcen\u011b. Prvotn\u00ed statis\u00edcovou \u010d\u00e1stku na zpracov\u00e1n\u00ed dokumentu pova\u017euje za zh\u00fdral\u00e9 utr\u00e1cen\u00ed; p\u0159edkl\u00e1d\u00e1 mnohem skromn\u011bj\u0161\u00ed nab\u00eddku od zpracovatele, kter\u00e9ho si sama vybere; n\u00e1sledn\u011b s&nbsp;pompou ohl\u00e1s\u00ed o&nbsp;n\u011bkolik \u0159\u00e1d\u016f vy\u0161\u0161\u00ed dota\u010dn\u00ed \u00fasp\u011bch, le\u010d dotaci nevyu\u017e\u00edv\u00e1\u2026<br \/>\nFinancov\u00e1n\u00ed je v\u0161ak jen jednou str\u00e1nkou v\u011bci a&nbsp;s&nbsp;ohledem na pot\u0159ebnost dokumentu nepodstatnou; jen se na n\u011bm snadno dokl\u00e1d\u00e1 rozporupln\u00fd p\u0159\u00edstup m\u011bstsk\u00e9 rady.<\/p>\n<p>Doufejme, \u017ee radn\u00ed i&nbsp;dal\u0161\u00ed koali\u010dn\u00ed zastupitel\u00e9 kone\u010dn\u011b dohl\u00e9dnou d\u016fle\u017eitost strategick\u00e9ho pl\u00e1nu pro na\u0161e m\u011bsto a&nbsp;pr\u00e1ce na jeho tvorb\u011b se brzy naplno rozjedou. S&nbsp;ohledem na sou\u010dasn\u00e9 rozhodov\u00e1n\u00ed o&nbsp;budouc\u00ed tv\u00e1\u0159i centra m\u011bsta by to bylo za minutu dvan\u00e1ct.<\/p>\n<div class=\"well\">\n<p><strong>V pond\u011bl\u00ed 4.&nbsp;z\u00e1\u0159\u00ed od 18 hodin se kon\u00e1 mimo\u0159\u00e1dn\u00e9 jedn\u00e1n\u00ed zastupitelstva m\u011bsta s&nbsp;t\u00edmto programem:<\/strong><\/p>\n<ol>\n<li><strong>\u017d\u00e1dost o&nbsp;dotaci na komunitn\u00ed centrum n\u00e1m. Svobody<\/strong> <em>(Co bude n\u00e1pln\u00ed komunitn\u00edho centra, zat\u00edm nev\u00edme. Jist\u00e9 je, \u017ee projekt budovy, kter\u00e1 bude m\u00edt z\u00e1sadn\u00ed dopad na podobu i&nbsp;vyu\u017e\u00edv\u00e1n\u00ed lib\u010dick\u00e9ho n\u00e1m\u011bst\u00ed, bude zpracov\u00e1n pod nesmysln\u00fdm a&nbsp;nezodpov\u011bdn\u00fdm \u010dasov\u00fdm tlakem.)<\/em><\/li>\n<li><strong>Zru\u0161en\u00ed usnesen\u00ed ZM \u010d.&nbsp;2\/16-2017<\/strong> <em>(Ani\u017e bychom prov\u011b\u0159ili, co obn\u00e1\u0161\u00ed, u\u017e ji ru\u0161\u00edme &#8211; architektonickou sout\u011b\u017e na \u00fapravu lib\u010dick\u00e9ho n\u00e1m\u011bst\u00ed.)<\/em><\/li>\n<li><strong>Rozpo\u010dtov\u00e9 opat\u0159en\u00ed \u010d.&nbsp;4\/2017<\/strong> <em>(Je pot\u0159eba narychlo schv\u00e1lit 750 tis\u00edc K\u010d na projekt komunitn\u00edho centra.)<\/em><\/li>\n<li><strong>Smlouva o&nbsp;budouc\u00edm n\u00e1kupu pozemku <\/strong><em>(A&nbsp;na z\u00e1v\u011br posp\u011b\u0161me s&nbsp;n\u00e1kupem dal\u0161\u00edho pozemku. Pro\u010d? Zept\u00e1me se&#8230;)<\/em><\/li>\n<\/ol>\n<\/div>\n<p>Pokud v\u00e1s jedn\u00e1n\u00ed zastupitelstva zaj\u00edm\u00e1, p\u0159ij\u010fte v&nbsp;pond\u011bl\u00ed do ob\u0159adn\u00ed s\u00edn\u011b M\u011b\u00da. Z\u00e1znam bude pozd\u011bji k&nbsp;vid\u011bn\u00ed na na\u0161em webu.  <\/p>\n","protected":false},"excerpt":{"rendered":"<p>Koncertn\u00ed s\u00ed\u0148, komunitn\u00ed centrum, sportovn\u00ed halu? Nebo sp\u00ed\u0161 l\u00e1vku p\u0159es \u0159eku, parkovi\u0161t\u011b m\u00edsto b\u00fdval\u00e9 N\u00e1dra\u017eky \u010di&nbsp;zv\u011bt\u0161it \u0161kolu? To je pouze \u010d\u00e1ste\u010dn\u00fd v\u00fd\u010det n\u00e1pad\u016f, kter\u00e9 jste mohli v&nbsp;posledn\u00ed dob\u011b zaznamenat v&nbsp;Lib\u010dick\u00fdch novin\u00e1ch, v&nbsp;z\u00e1pisech ze zastupitelstva nebo jen pouli\u010dn\u00ed \u0161u\u0161kandou. Co je ale opravdu pot\u0159eba? Co ho\u0159\u00ed nejv\u00edc? A&nbsp;kdy\u017e to v\u0161e postav\u00edme, zvl\u00e1dneme se o&nbsp;to tak\u00e9 starat [&hellip;]<\/p>\n","protected":false},"author":4,"featured_media":0,"comment_status":"open","ping_status":"open","sticky":false,"template":"","format":"standard","meta":[],"categories":[1],"tags":[],"_links":{"self":[{"href":"https:\/\/libcickekrizovatky.cz\/index.php?rest_route=\/wp\/v2\/posts\/15868"}],"collection":[{"href":"https:\/\/libcickekrizovatky.cz\/index.php?rest_route=\/wp\/v2\/posts"}],"about":[{"href":"https:\/\/libcickekrizovatky.cz\/index.php?rest_route=\/wp\/v2\/types\/post"}],"author":[{"embeddable":true,"href":"https:\/\/libcickekrizovatky.cz\/index.php?rest_route=\/wp\/v2\/users\/4"}],"replies":[{"embeddable":true,"href":"https:\/\/libcickekrizovatky.cz\/index.php?rest_route=%2Fwp%2Fv2%2Fcomments&post=15868"}],"version-history":[{"count":36,"href":"https:\/\/libcickekrizovatky.cz\/index.php?rest_route=\/wp\/v2\/posts\/15868\/revisions"}],"predecessor-version":[{"id":17646,"href":"https:\/\/libcickekrizovatky.cz\/index.php?rest_route=\/wp\/v2\/posts\/15868\/revisions\/17646"}],"wp:attachment":[{"href":"https:\/\/libcickekrizovatky.cz\/index.php?rest_route=%2Fwp%2Fv2%2Fmedia&parent=15868"}],"wp:term":[{"taxonomy":"category","embeddable":true,"href":"https:\/\/libcickekrizovatky.cz\/index.php?rest_route=%2Fwp%2Fv2%2Fcategories&post=15868"},{"taxonomy":"post_tag","embeddable":true,"href":"https:\/\/libcickekrizovatky.cz\/index.php?rest_route=%2Fwp%2Fv2%2Ftags&post=15868"}],"curies":[{"name":"wp","href":"https:\/\/api.w.org\/{rel}","templated":true}]}}