{"id":15878,"date":"2017-09-01T12:01:34","date_gmt":"2017-09-01T10:01:34","guid":{"rendered":"http:\/\/libcickekrizovatky.cz\/?p=15878"},"modified":"2017-09-01T10:47:46","modified_gmt":"2017-09-01T08:47:46","slug":"o-co-pujde-v-pondeli-na-mimoradnem-jednani-zastupitelstva","status":"publish","type":"post","link":"https:\/\/libcickekrizovatky.cz\/?p=15878","title":{"rendered":"Rada m\u011bsta navrhuje zru\u0161it architektonickou sout\u011b\u017e je\u0161t\u011b d\u0159\u00edv, ne\u017e za\u010dala"},"content":{"rendered":"<div style=\"float: left; margin: 10px;\"><img loading=\"lazy\" class=\"alignnone wp-image-15880\" src=\"https:\/\/libcickekrizovatky.cz\/content\/uploads\/2017\/08\/winnerhouse.jpg\" alt=\"komunitn\u00ed centrum\" width=\"220\" height=\"110\" srcset=\"https:\/\/libcickekrizovatky.cz\/content\/uploads\/2017\/08\/winnerhouse.jpg 640w, https:\/\/libcickekrizovatky.cz\/content\/uploads\/2017\/08\/winnerhouse-300x150.jpg 300w\" sizes=\"(max-width: 220px) 100vw, 220px\" \/><\/div>\n<p>V pond\u011bl\u00ed 4.&nbsp;z\u00e1\u0159\u00ed cht\u011bj\u00ed koali\u010dn\u00ed radn\u00ed na mimo\u0159\u00e1dn\u00e9m jedn\u00e1n\u00ed zastupitelstva prosadit zru\u0161en\u00ed architektonick\u00e9 sout\u011b\u017ee na n\u00e1m\u011bst\u00ed Svobody. Chystaj\u00ed se tak odvolat sv\u00e9 dva m\u011bs\u00edce star\u00e9 sliby. To samo o&nbsp;sob\u011b nen\u00ed hezk\u00e9.<\/p>\n<p>Ale poj\u010fme se pod\u00edvat na such\u00e1 fakta a&nbsp;do \u010deho se vlastn\u011b koalice pou\u0161t\u00ed. V&nbsp;z\u00e1pisu 15\/2017 z&nbsp;jedn\u00e1n\u00ed rady m\u011bsta se v&nbsp;bod\u011b 2\/15 do\u010dtete, \u017ee m\u011bsto c\u00edl\u00ed na dota\u010dn\u00ed v\u00fdzvu \u010d.&nbsp;74 v&nbsp;r\u00e1mci Opera\u010dn\u00edho programu 06, Integrovan\u00fd region\u00e1ln\u00ed opera\u010dn\u00ed program. V\u00fdzvu si sami m\u016f\u017eete <a href=\"https:\/\/www.strukturalni-fondy.cz\/cs\/Microsites\/IROP\/Vyzvy\/Vyzva-c-74-Rozvoj-infrastruktury-polyfunkcnich-komunitnich-center\" target=\"_blank\"><span style=\"text-decoration: underline;\">prostudovat zde<\/span><\/a>.<!--more--><\/p>\n<h2>Shrnut\u00ed dostupn\u00fdch informac\u00ed o&nbsp;vypsan\u00e9m dota\u010dn\u00edm titulu<\/h2>\n<h3>Celkem se bude rozd\u011blovat 165 mil. K\u010d<\/h3>\n<ul>\n<li>Z fond\u016f EU je p\u0159ipraveno 140 mili\u00f3n\u016f, \u010cesko dosype dal\u0161\u00edch 24,7 mili\u00f3nu korun. Celkem se tedy mezi \u017eadatele bude <strong>rozd\u011blovat 164,7 mili\u00f3nu korun. <\/strong>Cht\u011bl bych m\u00edt tolik na \u00fa\u010dt\u011b, ale na danou v\u011bc je to sp\u00ed\u0161 m\u00e1lo pen\u011bz.<\/li>\n<li>Minim\u00e1ln\u00ed v\u00fd\u0161e zp\u016fsobil\u00fdch v\u00fddaj\u016f je 10 mili\u00f3n\u016f, maximum na \u00fasp\u011b\u0161n\u00fd projekt 20 mili\u00f3n\u016f.<br \/>\nCo na to matematika? <strong>Zjednodu\u0161en\u011b, p\u0159i&nbsp;90% dotaci si pen\u00edze rozd\u011bl\u00ed zhruba 10 \u017eadatel\u016f.<\/strong><\/li>\n<li>V tuhle chv\u00edli u\u017e je v&nbsp;r\u00e1mci v\u00fdzvy <a href=\"https:\/\/www.strukturalni-fondy.cz\/cs\/Microsites\/IROP\/Vyzvy\/Vyzva-c-74-Rozvoj-infrastruktury-polyfunkcnich-komunitnich-center\" target=\"_blank\"><span style=\"text-decoration: underline;\">podan\u00fdch 12 \u017e\u00e1dost\u00ed.<\/span><\/a> Velk\u00e1 v\u011bt\u0161ina dal\u0161\u00edch\u00a0bude pod\u00e1na t\u011bsn\u011b p\u0159ed term\u00ednem. Pod\u00edvejte se t\u0159eba na <a href=\"https:\/\/www.strukturalni-fondy.cz\/cs\/Microsites\/IROP\/Vyzvy\/Vyzva-c-57-Infrastruktura-pro-zajmove,-neformalni-a-celozivotni-vzdel\" target=\"_blank\"><span style=\"text-decoration: underline;\">v\u00fdzvu \u010d.&nbsp;57<\/span><\/a> &#8211; ta skon\u010dila v&nbsp;dubnu 2017 a&nbsp;po\u010det \u017e\u00e1dost\u00ed v\u00fdznamn\u011b p\u0159ekro\u010dil \u010d\u00edslo 100.<br \/>\nCo na to \u0159\u00edk\u00e1 logika? Projekt \u0161it\u00fd horkou jehlou od poloviny srpna bude sout\u011b\u017eit s&nbsp;des\u00edtkami dal\u0161\u00edch projekt\u016f&#8230; \u017ee by se nena\u0161lo deset\u00a0opravdu dob\u0159e p\u0159ipraven\u00fdch a&nbsp;u\u017eite\u010dn\u00fdch?<\/li>\n<\/ul>\n<h3>Hon\u00edme rozjet\u00fd vlak<\/h3>\n<ul>\n<li>Je\u0161t\u011b na minul\u00e9m \u0159\u00e1dn\u00e9m zastupitelstvu, t\u011bsn\u011b p\u0159ed za\u010d\u00e1tkem pr\u00e1zdnin, uji\u0161\u0165oval starosta v\u0161echny p\u0159\u00edtomn\u00e9, \u017ee \u017e\u00e1dn\u00e1 vhodn\u00e1 dotace k&nbsp;dispozici nen\u00ed&#8230;<\/li>\n<li>V r\u00e1mci v\u00fdzvy \u010d\u00edslo 74 jsou \u017e\u00e1dosti o&nbsp;podporu p\u0159ij\u00edm\u00e1ny <strong>od 19.&nbsp;kv\u011btna 2017 do 16.&nbsp;listopadu 2017.<\/strong> M\u011bsto v\u00fdzvu objevilo v&nbsp;polovin\u011b srpna &#8211; 3 m\u011bs\u00edce po&nbsp;za\u010d\u00e1tku, v&nbsp;polovin\u011b b\u011bhu lh\u016fty!<\/li>\n<li>V\u00fdzva byla nav\u00edc zve\u0159ejn\u011bna je\u0161t\u011b d\u0159\u00edv (28.&nbsp;dubna). A&nbsp;ti, kdo se o&nbsp;dan\u00fd dota\u010dn\u00ed titul seri\u00f3zn\u011b zaj\u00edmali, p\u0159ipravovali podklady je\u0161t\u011b mnohem d\u0159\u00edv.<\/li>\n<li>\u00a0A te\u010f si srovnejte r\u016fzn\u00e9 p\u0159\u00edstupy, pro p\u0159\u00edklad nemus\u00edme chodit daleko: Sokolov\u00e9 cht\u011bj\u00ed stav\u011bt halu a&nbsp;cht\u011bj\u00ed vyu\u017e\u00edt dotace. P\u0159ipravuj\u00ed si podklady, proto\u017ee maj\u00ed zpr\u00e1vy, \u017ee se chyst\u00e1 vyps\u00e1n\u00ed vhodn\u00e9ho dota\u010dn\u00edho titulu. P\u0159ipravuj\u00ed se dop\u0159edu a&nbsp;a\u017e bude titu vyps\u00e1n, v&nbsp;klidu dolad\u00ed detaily a&nbsp;p\u0159iprav\u00ed si tak \u0161anci usp\u011bt.\u00a0Nereaguj\u00ed jako masa\u0159ka, co narazila do okenn\u00ed tabulky.<\/li>\n<li>St\u00edh\u00e1me svou \u017e\u00e1dost p\u0159ipravit? Spr\u00e1vn\u00e1 ot\u00e1zka. Odpov\u00ed n\u00e1m z\u00e1pis z&nbsp;jedn\u00e1n\u00ed rady, bod 5\/15:<br \/>\n<strong>&#8220;Je t\u0159eba m\u00edt vyd\u00e1no platn\u00e9 \u00fazemn\u00ed rozhodnut\u00ed a&nbsp;podanou \u017e\u00e1dost o&nbsp;stavebn\u00ed povolen\u00ed v\u010detn\u011b projektu pro stavebn\u00ed povolen\u00ed.&#8221;<\/strong> P\u0159ed m\u011bs\u00edcem je\u0161t\u011b nikdo z&nbsp;radn\u00edch nev\u011bd\u011bl, co se s&nbsp;n\u00e1m\u011bst\u00edm stane. A&nbsp;za dal\u0161\u00ed dva m\u011bs\u00edce u\u017e budou m\u00edt vy\u0159\u00edzenu \u010d\u00e1st pot\u0159ebn\u00fdch \u00fakon\u016f k&nbsp;zah\u00e1jen\u00ed stavby? Odpov\u011b\u010f na ot\u00e1zku, jestli se to d\u00e1 stihnout, napadne ka\u017ed\u00e9ho, kdo v\u00ed n\u011bco o&nbsp;z\u00e1konn\u00fdch lh\u016ft\u00e1ch.<\/li>\n<\/ul>\n<h3>C\u00edlem v\u00fdzvy nen\u00ed budov\u00e1n\u00ed kulturn\u00edch center nebo prostor pro masovou z\u00e1bavu<\/h3>\n<ul>\n<li>Tohle je podstatn\u00e9. Proto\u017ee pokud n\u00e1hodou dotaci dostaneme, budeme muset postavit n\u011bco, co nepot\u0159ebujeme. Nebo \u0161vindlovat, co\u017e je v&nbsp;p\u0159\u00edpad\u011b dotac\u00ed trestn\u00fd \u010din. A&nbsp;nebo dotaci vr\u00e1tit&#8230;\u00a0Cituji zad\u00e1n\u00ed: <em>&#8220;V\u00a0r\u00e1mci polyfunk\u010dn\u00edho komunitn\u00edho centra mus\u00ed b\u00fdt poskytov\u00e1na minim\u00e1ln\u011b jedna soci\u00e1ln\u00ed slu\u017eba, volno\u010dasov\u00e9 aktivity, kulturn\u00ed\/multikulturn\u00ed aktivity nebo v\u00fdchovn\u011b vzd\u011bl\u00e1vac\u00ed slu\u017eby a&nbsp;environment\u00e1ln\u00ed slu\u017eby.&#8221;<\/em><\/li>\n<li>\n<div>C\u00edlov\u00e9 skupiny dle zad\u00e1n\u00ed? Soci\u00e1ln\u011b vylou\u010den\u00e9 osoby, osoby ohro\u017een\u00e9 soci\u00e1ln\u00edm vylou\u010den\u00edm, osoby se zdravotn\u00edm posti\u017een\u00edm.<\/div>\n<p>Soci\u00e1ln\u00ed slu\u017eby? OK, to se u\u017eije. Ale tady, na n\u00e1m\u011bst\u00ed, kde p\u0159ed vchodem nep\u016fjde zastavit autem?<br \/>\nA&nbsp;enviroment\u00e1ln\u00ed slu\u017eby? Tu\u0161\u00ed n\u011bkdo ze zastupitel\u016f k&nbsp;\u010demu se m\u011bsto vlastn\u011b zav\u00e1\u017ee a&nbsp;jakou to pro n\u011bj bude m\u00edt u\u017eite\u010dnost?<br \/>\nV&nbsp;popisu v\u00fdzvy t\u00fdkaj\u00edc\u00ed se \u00fa\u010delu vznikl\u00e9 budovy se pou\u017e\u00edvaj\u00ed v\u00fdrazy jako &#8220;soci\u00e1ln\u00ed inkluze&#8221;, &#8220;<span class=\"AkceZoznamText\">sni\u017eov\u00e1n\u00ed nerovnost\u00ed, pokud jde o&nbsp;zdravotn\u00ed stav&#8221;, &#8220;podpora soci\u00e1ln\u00edho za\u010dlen\u011bn\u00ed&#8221; &#8211; vid\u00edte tam n\u011bkde s\u00e1l na plesy?\u00a0<\/span>Proto\u017ee te\u010f je vhodn\u00e9 si p\u0159ipomenout, \u017ee m\u011bst\u0161t\u00ed radn\u00ed cht\u011bj\u00ed podle sv\u00fdch p\u0159edchoz\u00edch prohl\u00e1\u0161en\u00ed p\u0159edev\u0161\u00edm stav\u011bt s\u00e1l pro po\u0159\u00e1d\u00e1n\u00ed ples\u016f, p\u0159esunout knihovnu a&nbsp;dole otev\u0159\u00edt kav\u00e1rnu. K&nbsp;tomu klubovny pro spolky&#8230;\u00a0Jenom\u017ee to m\u00e1 h\u00e1\u010dek: <em>&#8220;C\u00edlem v\u00fdzvy nen\u00ed budov\u00e1n\u00ed kulturn\u00edch center nebo prostor pro masovou z\u00e1bavu.&#8221;<\/em> A&nbsp;to je podm\u00ednka v\u00fdzvy \u010d\u00edslo 74&#8230;<\/li>\n<li>Ergo, pakli\u017ee m\u011bsto v&nbsp;dota\u010dn\u00edm \u0159\u00edzen\u00ed usp\u011bje, vyzkou\u0161\u00edme si v&nbsp;praxi v\u00fdznam souslov\u00ed <span style=\"text-decoration: underline;\"><a href=\"https:\/\/cs.wikipedia.org\/wiki\/Danajsk%C3%BD_dar\" target=\"_blank\">&#8220;Danajsk\u00fd dar<\/a>.&#8221;<\/span> Bu\u010f budeme m\u00edt v&nbsp;po\u0159\u00e1dku dotace a&nbsp;bar\u00e1k, co nepot\u0159ebujeme, nebo budeme m\u00edt mo\u017en\u00e1 pot\u0159ebn\u00fd bar\u00e1k a&nbsp;<strong>probl\u00e9my s&nbsp;pln\u011bn\u00edm podm\u00ednek dotace.<\/strong><\/li>\n<\/ul>\n<h3>Co je na tom nejhor\u0161\u00ed? Hrozn\u011b se p\u0159eh\u00e1n\u00ed!<\/h3>\n<ul>\n<li>Hlavn\u00ed argument pro urychlenou v\u00fdstavbu je &#8220;pot\u0159eba s\u00e1lu na plesy&#8221; Jenom\u017ee takov\u00e1 pot\u0159eba tu nen\u00ed! I&nbsp;kdyby Kulturn\u00ed d\u016fm Lib\u010dice zav\u0159el t\u0159eba hned, b\u011bhem podzimu otev\u0159e zrekonstruovan\u00e1 Kotelna vedle Uheln\u00e9ho ml\u00fdna (projekt architekta Hoffmana) &#8211; velk\u00fd a&nbsp;podle v\u0161eho n\u00e1dhern\u00fd s\u00e1l s&nbsp;pot\u0159ebn\u00fdm z\u00e1zem\u00edm. Z\u00e1stupci m\u011bsta o&nbsp;n\u011bm v\u00ed. A&nbsp;m\u011bstsk\u00e1 \u0161u\u0161kanda jasn\u011b \u0159\u00edk\u00e1 &#8211; nab\u00eddku na po\u0159\u00e1d\u00e1n\u00ed ples\u016f v&nbsp;tomto prostoru m\u011bsto dostalo.<br \/>\n<strong>Tedy \u0161krtn\u011bte si, &#8220;pot\u0159eba s\u00e1lu na plesy&#8221; nen\u00ed.<br \/>\n<\/strong>Snad jen na okraj zmi\u0148me, \u017ee popularita ples\u016f s&nbsp;postupem \u010dasu kles\u00e1. A&nbsp;p\u0159ipome\u0148me si, \u017ee v&nbsp;Lib\u010dic\u00edch to do\u0161lo u\u017e tak daleko, \u017ee posledn\u00ed m\u011bstsk\u00fd ples prob\u011bhl bez vstupn\u00e9ho. Tak velk\u00e1 byla obava m\u011bstsk\u00fdch po\u0159adatel\u016f z&nbsp;ned\u016fstojn\u00e9 \u00fa\u010dasti. A&nbsp;kolik ples\u016f se ka\u017ed\u00fd rok od ledna do dubna v&nbsp;Lib\u010dic\u00edch kon\u00e1? Jestli dob\u0159e po\u010d\u00edt\u00e1m, tak 4 nebo 5.<\/li>\n<li>Pro\u010d se vykupovaly domy na k\u0159i\u017eovatce Svobody? Aby by cel\u00fd prostor k&nbsp;dispozici pro velkorys\u00e9 a&nbsp;nad\u010dasov\u00e9 \u0159e\u0161en\u00ed. Aby byl prostor pro r\u016fzn\u00e9 n\u00e1vrhy a&nbsp;\u0159e\u0161en\u00ed, pro diskusi, abychom Lib\u010dice zvelebili. Proto se navrhla architektonick\u00e1 sout\u011b\u017e.<br \/>\n<strong>Ale o&nbsp;co chcete sout\u011b\u017eit, pokud potenci\u00e1ln\u00ed prostor zapl\u00e1cnete &#8220;n\u011bjak\u00fdm\u00a0 bar\u00e1kem&#8221;?\u00a0<\/strong>O barvu truhl\u00edk\u016f? O&nbsp;vzor z\u00e1mkov\u00e9 dla\u017eby?<\/li>\n<li>P\u0159ipome\u0148me si projekty z&nbsp;posledn\u00ed doby, kter\u00e9 byly pojaty stejn\u011b, tedy ve sp\u011bchu, bez \u0159\u00e1dn\u00e9 p\u0159\u00edpravy, bez p\u0159edchoz\u00edho ujasn\u011bn\u00ed, co je t\u0159eba:\n<ul>\n<li>Rekonstrukce vyho\u0159el\u00e9 plov\u00e1rny (pietn\u011b zachov\u00e1vaj\u00edc\u00ed nevyhovuj\u00edc\u00ed uspo\u0159\u00e1d\u00e1n\u00ed a&nbsp;n\u00e1pl\u0148 a&nbsp;odrazuj\u00edc\u00ed od jak\u00e9koliv dal\u0161\u00ed investice)<\/li>\n<li>P\u0159istav\u011bn\u00fd pavilon \u0161kolky (nesmysln\u00e1 chodbi\u010dka blokuj\u00edc\u00ed vstup do t\u0159\u00edd, ta sam\u00e1 chodbi\u010dka tahaj\u00edc\u00ed d\u011bti kolem kuchyn\u011b, letn\u00ed horka k&nbsp;nevydr\u017een\u00ed &#8211; ale jen v&nbsp;nov\u00e9m pavilonu, okna do svahu, co hroz\u00ed \u00farazem&#8230;)<\/li>\n<\/ul>\n<\/li>\n<\/ul>\n<h3>Zase tu m\u00e1me &#8220;jedine\u010dnou p\u0159\u00edle\u017eitost&#8221; a&nbsp;&#8220;\u010dasovou nouzi&#8221;<\/h3>\n<p>Nikdo z&nbsp;radn\u00edch nen\u00ed tak hloup\u00fd, aby investoval tolik pen\u011bz (by\u0165 ciz\u00edch) do tak nejist\u00e9ho projektu jako je snaha z\u00edskat dotaci na budovu, pro kterou ve m\u011bst\u011b nebude vyu\u017eit\u00ed. Aby utratil pen\u00edze za projekt, kter\u00fd\u00a0 napln\u00ed zad\u00e1n\u00ed dota\u010dn\u00ed v\u00fdzvy, ale k&nbsp;ni\u010demu nebude.<\/p>\n<p>Pokud souhlas\u00edte s&nbsp;prvn\u00edm tvrzen\u00edm, pak cel\u00e1 \u0161ar\u00e1da s&nbsp;&#8220;dotac\u00ed z&nbsp;v\u00fdzvy 74&#8221; slou\u017e\u00ed k&nbsp;jedin\u00e9mu &#8211; k&nbsp;vytvo\u0159en\u00ed tlaku na zb\u00fdvaj\u00edc\u00ed zastupitele. Aby zvedli ruku a&nbsp;zru\u0161ili sout\u011b\u017e. Aby se za\u010dalo &#8220;budovat&#8221;. Aby t\u00edm dovolili panu Urb\u00e1nkovi postavit si to, co chce. Co\u017e on tedy evidentn\u011b v&nbsp;tuhle chv\u00edli ani nev\u00ed, ale a\u017e to bude st\u00e1t, tak se to n\u011bjak domysl\u00ed. Ale cel\u00e9 to bude \u00a0pravd\u011bpodobn\u011b bez dotace a&nbsp;&#8220;po&nbsp;sv\u00e9m&#8221;.<\/p>\n<p>Nen\u00ed to poprv\u00e9, kdy se v&nbsp;Lib\u010dic\u00edch bude mluvit o&nbsp;&#8220;jedine\u010dn\u00e9 p\u0159\u00edle\u017eitosti&#8221;, &#8220;\u010dasov\u00e9 nouzi&#8221;, kdy se tahle dv\u011b zakl\u00ednadla pou\u017eij\u00ed k&nbsp;prosazen\u00ed \u0161patn\u00e9ho \u0159e\u0161en\u00ed.<br \/>\nA&nbsp;motivace pro takov\u00e9 jedn\u00e1n\u00ed? Zaspekulujte si sami: Pomn\u00ed\u010dek? Slib kamar\u00e1d\u016fm? Protislu\u017eba? Mal\u00e1 dom\u016f? Pouh\u00e1 omezenost my\u0161lenkov\u00fdch obzor\u016f?<\/p>\n<h3>Hlavn\u011b p\u011bknou fas\u00e1du<\/h3>\n<p>Za v\u0161e hovo\u0159\u00ed \u00faryvek ze <a href=\"http:\/\/www.libcice.cz\/dokumenty\/1257-rm-c-15-2017.%2015-2017%20z%C3%A1pis%20web.pdf\">z\u00e1pisu z&nbsp;jedn\u00e1n\u00ed rady m\u011bsta 15\/2017, bod 3\/15<\/a>, kde se zd\u016fvod\u0148uje nepot\u0159ebnost architektonick\u00e9 sout\u011b\u017ee. Tohle jsou schopni pou\u017e\u00edt jako argument lid\u00e9, kte\u0159\u00ed maj\u00ed \u0159\u00eddit m\u011bsto:\u00a0<em>&#8220;Vn\u011bj\u0161\u00ed pl\u00e1\u0161\u0165 budovy je zpracov\u00e1n ve variant\u00e1ch, ze kter\u00fdch je mo\u017eno vybrat, p\u0159\u00edpadn\u011b upravovat.&#8221;\u00a0<\/em><\/p>\n<p>Co to \u0159\u00edk\u00e1? \u017de\u00a0nen\u00ed d\u016fle\u017eit\u00e9, jestli si postav\u00edme n\u011bco, co pot\u0159ebujeme, jak bude v\u00fdsledek sna\u017een\u00ed funk\u010dn\u00ed, jak pozvedne okol\u00ed. Nen\u00ed d\u016fle\u017eit\u00fd \u00fa\u010del a&nbsp;vyu\u017eitelnost budovy.<\/p>\n<p>D\u016fle\u017eit\u00e1 je mo\u017enost vybrat si fas\u00e1du!<\/p>\n<p>Amen.  <\/p>\n","protected":false},"excerpt":{"rendered":"<p>V pond\u011bl\u00ed 4.&nbsp;z\u00e1\u0159\u00ed cht\u011bj\u00ed koali\u010dn\u00ed radn\u00ed na mimo\u0159\u00e1dn\u00e9m jedn\u00e1n\u00ed zastupitelstva prosadit zru\u0161en\u00ed architektonick\u00e9 sout\u011b\u017ee na n\u00e1m\u011bst\u00ed Svobody. Chystaj\u00ed se tak odvolat sv\u00e9 dva m\u011bs\u00edce star\u00e9 sliby. To samo o&nbsp;sob\u011b nen\u00ed hezk\u00e9. Ale poj\u010fme se pod\u00edvat na such\u00e1 fakta a&nbsp;do \u010deho se vlastn\u011b koalice pou\u0161t\u00ed. V&nbsp;z\u00e1pisu 15\/2017 z&nbsp;jedn\u00e1n\u00ed rady m\u011bsta se v&nbsp;bod\u011b 2\/15 do\u010dtete, \u017ee m\u011bsto [&hellip;]<\/p>\n","protected":false},"author":18,"featured_media":0,"comment_status":"open","ping_status":"open","sticky":false,"template":"","format":"standard","meta":[],"categories":[4,111],"tags":[863,414,864],"_links":{"self":[{"href":"https:\/\/libcickekrizovatky.cz\/index.php?rest_route=\/wp\/v2\/posts\/15878"}],"collection":[{"href":"https:\/\/libcickekrizovatky.cz\/index.php?rest_route=\/wp\/v2\/posts"}],"about":[{"href":"https:\/\/libcickekrizovatky.cz\/index.php?rest_route=\/wp\/v2\/types\/post"}],"author":[{"embeddable":true,"href":"https:\/\/libcickekrizovatky.cz\/index.php?rest_route=\/wp\/v2\/users\/18"}],"replies":[{"embeddable":true,"href":"https:\/\/libcickekrizovatky.cz\/index.php?rest_route=%2Fwp%2Fv2%2Fcomments&post=15878"}],"version-history":[{"count":26,"href":"https:\/\/libcickekrizovatky.cz\/index.php?rest_route=\/wp\/v2\/posts\/15878\/revisions"}],"predecessor-version":[{"id":15941,"href":"https:\/\/libcickekrizovatky.cz\/index.php?rest_route=\/wp\/v2\/posts\/15878\/revisions\/15941"}],"wp:attachment":[{"href":"https:\/\/libcickekrizovatky.cz\/index.php?rest_route=%2Fwp%2Fv2%2Fmedia&parent=15878"}],"wp:term":[{"taxonomy":"category","embeddable":true,"href":"https:\/\/libcickekrizovatky.cz\/index.php?rest_route=%2Fwp%2Fv2%2Fcategories&post=15878"},{"taxonomy":"post_tag","embeddable":true,"href":"https:\/\/libcickekrizovatky.cz\/index.php?rest_route=%2Fwp%2Fv2%2Ftags&post=15878"}],"curies":[{"name":"wp","href":"https:\/\/api.w.org\/{rel}","templated":true}]}}