{"id":16050,"date":"2017-09-08T19:03:26","date_gmt":"2017-09-08T17:03:26","guid":{"rendered":"http:\/\/libcickekrizovatky.cz\/?p=16050"},"modified":"2017-09-12T12:50:01","modified_gmt":"2017-09-12T10:50:01","slug":"stripek-historie-jako-pozvanka-na-libcickou-haslerku","status":"publish","type":"post","link":"https:\/\/libcickekrizovatky.cz\/?p=16050","title":{"rendered":"St\u0159\u00edpek historie jako pozv\u00e1nka na Lib\u010dickou Ha\u0161lerku"},"content":{"rendered":"<div style=\"float: left; margin: 10px;\"><a href=\"https:\/\/libcickekrizovatky.cz\/content\/uploads\/2017\/09\/hash-title.png\"><img loading=\"lazy\" class=\"alignnone wp-image-16053\" src=\"https:\/\/libcickekrizovatky.cz\/content\/uploads\/2017\/09\/hash-title.png\" alt=\"obecn\u00ed noviny Dolany &amp; Debrno: 03\/1992\" width=\"221\" height=\"160\" srcset=\"https:\/\/libcickekrizovatky.cz\/content\/uploads\/2017\/09\/hash-title.png 700w, https:\/\/libcickekrizovatky.cz\/content\/uploads\/2017\/09\/hash-title-300x217.png 300w\" sizes=\"(max-width: 221px) 100vw, 221px\" \/><\/a><\/div>\n<p>Dne\u0161n\u00ed st\u0159\u00edpek historie spojen\u00e9 s&nbsp;rodinou Karla Ha\u0161lera jsme si vyp\u016f\u010dili z&nbsp;&#8220;Obecn\u00edho zpravodaje Dolany &amp; Debrno&#8221; \u010d\u00edslo 12 z&nbsp;b\u0159ezna roku 1992. Poj\u010fte si s&nbsp;n\u00e1mi p\u0159e\u010d\u00edst 25 let star\u00fd \u010dl\u00e1nek, kter\u00fd n\u00e1s p\u0159enese a\u017e na konec stolet\u00ed devaten\u00e1ct\u00e9ho.<\/p>\n<p>P\u0159ijm\u011bte tento p\u0159\u00edsp\u011bvek jako pozv\u00e1nku na <a href=\"https:\/\/libcickekrizovatky.cz\/?ai1ec_event=4-libcicka-haslerka&amp;instance_id=2331\" target=\"_blank\"><span style=\"text-decoration: underline;\">4.&nbsp;ro\u010dn\u00edk Lib\u010dick\u00e9 Ha\u0161lerky,<\/span><\/a> festivalu staropra\u017esk\u00fdch kapel k&nbsp;poct\u011b Karla Ha\u0161lera, kter\u00fd se v&nbsp;ned\u011bli, 17.&nbsp;z\u00e1\u0159\u00ed odehraje v&nbsp;are\u00e1lu lib\u010dick\u00e9 Sokolovny.<!--more--><\/p>\n<h3>Drama l\u00e1sky a&nbsp;vzdoru<\/h3>\n<h6>Zde\u0148ka K\u0159t\u011bnov\u00e1, Obecn\u00ed zpravodaj Dolany &amp; Debrno, \u010d\u00edslo 12, b\u0159ezen 1992, strana 3\/10<\/h6>\n<p style=\"padding-left: 30px;\">P\u0159\u00edb\u011bh, kter\u00fd v\u00e1m budu vypr\u00e1v\u011bt, je star\u00fd bezm\u00e1la sto let (<em>pozn\u00e1mka: p\u0159idejte dal\u0161\u00edch 25 let<\/em>). Jeho akt\u00e9\u0159i u\u017e d\u00e1vno ode\u0161li a&nbsp;j\u00e1 jsem z\u0159ejm\u011b u\u017e jedin\u00fd \u010dlov\u011bk, kter\u00fd v\u00ed, jak se to tenkr\u00e1t vlastn\u011b v\u0161echno seb\u011bhlo.<\/p>\n<p style=\"padding-left: 30px;\">V druh\u00e9 polovin\u011b devades\u00e1t\u00fdch let minul\u00e9ho stolet\u00ed (<em>pozn\u00e1mka: tedy 19.&nbsp;stolet\u00ed<\/em>) \u017eily v&nbsp;Praze dv\u011b d\u00edvky, Zde\u0148ka a&nbsp;Berta. Sezn\u00e1mily se v&nbsp;tehdej\u0161\u00ed Pr\u016fmyslov\u00e9 \u0161kole \u201eNa rejdi\u0161ti\u201d na n\u00e1b\u0159e\u017e\u00ed Vltavy, kde \u0159editelovala v\u0161emi v\u00e1\u017een\u00e1 a&nbsp;milovan\u00e1 pan\u00ed Renata Tyr\u0161ov\u00e1. Ve \u0161kole se d\u00edvky u\u010dily p\u0159ev\u00e1\u017en\u011b ru\u010dn\u00edm prac\u00edm, kter\u00fdm pak tak\u00e9 pozd\u011bji vyu\u010dovaly ve \u0161kol\u00e1ch jako industri\u00e1ln\u00ed u\u010ditelky. Zde\u0148ka s&nbsp;Bertou se brzy sbl\u00ed\u017eily a&nbsp;staly se z&nbsp;nich nerozlu\u010dn\u00e9 p\u0159\u00edtelkyn\u011b. Nad vy\u0161\u00edv\u00e1n\u00edm si \u0161eptem sv\u011b\u0159ovaly sv\u00e9 sny a&nbsp;pl\u00e1ny a&nbsp;st\u00fdkaly se spolu i&nbsp;mimo \u0161kolu. \u010casto doprov\u00e1zela Zde\u0148ka Bertu do pal\u00e1ce hrabat Saracciniov\u00fdch v&nbsp;Jind\u0159i\u0161sk\u00e9 ulici, kde byl Bertin otec spr\u00e1vcem. Rodina Frimlov\u00fdch &#8211; tak se toti\u017e Zde\u0148ka jmenovala &#8211; nepat\u0159ila k&nbsp;nejz\u00e1mo\u017en\u011bj\u0161\u00edm a&nbsp;tak bylo jist\u011b v\u00edtanou pomoc\u00ed pro jejich rodinn\u00fd rozpo\u010det, kdy\u017e Zde\u0148ka mohla dom\u016f p\u0159in\u00e9st p\u011bt kilo prvot\u0159\u00eddn\u00edho va\u0159en\u00e9ho hov\u011bz\u00edho masa. Z&nbsp;takov\u00e9ho mno\u017estv\u00ed se toti\u017e denn\u011b pro hrab\u011bc\u00ed p\u00e1r va\u0159ily dva \u0161\u00e1lky buj\u00f3nu. Maso z&nbsp;buj\u00f3nu u\u017e na st\u016fl panstva ne\u0161lo a&nbsp;popravd\u011b \u0159e\u010deno o&nbsp;n\u011b nest\u00e1l u\u017e ani person\u00e1l &#8211; v\u017edy\u0165 to tak chodilo den za dnem, rok za rokem. Jindy zase d\u00e1vala Berta Zde\u0148ce pln\u00e9 ta\u0161ky d\u0159eva na topen\u00ed.<\/p>\n<div class=\"gallery gallery-columns-2 gallery-size-medium rps-image-gallery-format-default rps-image-gallery-theme-default rps-image-gallery-columns-no-responsive rps-image-gallery rps-image-gallery-masonry rps-image-gallery-no-heading rps-image-gallery-caption rps-image-gallery-no-social \" style=\"text-align:left\" pageSize=\"0\" currentPage=\"0\" ><ul class=\"background-thumbnails\"><li class=\"gallery-item gallery-item-begin-row\"><div class=\"gallery-icon portrait\"><a rel=\"rps-image-group-16050\" href=\"https:\/\/libcickekrizovatky.cz\/content\/uploads\/2017\/09\/Hash_2031.jpg\" title=\"&amp;lt;div class=&amp;quot;fancybox-title-caption&amp;quot;&amp;gt;&amp;lt;p&amp;gt;tituln\u00ed strana obecn\u00edch novin &amp;quot;Dolany &amp;amp; Debrno&amp;quot; \u010d\u00edslo 12 z 03\/1992&amp;lt;\/p&amp;gt;\n&amp;lt;\/div&amp;gt;\"><img src=\"https:\/\/libcickekrizovatky.cz\/content\/uploads\/2017\/09\/Hash_2031-205x300.jpg\" alt=\"obecn\u00ed noviny Dolany & Debrno: 03\/1992\" title=\"obecn\u00ed noviny Dolany & Debrno: 03\/1992\" class=\"attachment-thumbnail\" width=\"205\" height=\"300\" srcset=\"https:\/\/libcickekrizovatky.cz\/content\/uploads\/2017\/09\/Hash_2031-205x300.jpg 205w, https:\/\/libcickekrizovatky.cz\/content\/uploads\/2017\/09\/Hash_2031-768x1127.jpg 768w, https:\/\/libcickekrizovatky.cz\/content\/uploads\/2017\/09\/Hash_2031-698x1024.jpg 698w, https:\/\/libcickekrizovatky.cz\/content\/uploads\/2017\/09\/Hash_2031.jpg 1208w\" sizes=\"(max-width: 205px) 100vw, 205px\"><\/a><\/div><div class=\"wp-caption-text gallery-caption\" style=\"text-align:left\"><p>tituln\u00ed strana obecn\u00edch novin \"Dolany & Debrno\" \u010d\u00edslo 12 z 03\/1992<\/p>\n<\/div><\/li><li class=\"gallery-item gallery-item-end-row\"><div class=\"gallery-icon portrait\"><a rel=\"rps-image-group-16050\" href=\"https:\/\/libcickekrizovatky.cz\/content\/uploads\/2017\/09\/Hash_2032.jpg\" title=\"&amp;lt;div class=&amp;quot;fancybox-title-caption&amp;quot;&amp;gt;&amp;lt;p&amp;gt;p\u0159\u00edsp\u011bvek Zde\u0148ky K\u0159t\u011bnov\u00e9: &amp;quot;Drama l\u00e1sky a vzdoru&amp;quot;&amp;lt;\/p&amp;gt;\n&amp;lt;\/div&amp;gt;\"><img src=\"https:\/\/libcickekrizovatky.cz\/content\/uploads\/2017\/09\/Hash_2032-205x300.jpg\" alt=\"obecn\u00ed noviny Dolany & Debrno: 03\/1992\" title=\"obecn\u00ed noviny Dolany & Debrno: 03\/1992\" class=\"attachment-thumbnail last\" width=\"205\" height=\"300\" srcset=\"https:\/\/libcickekrizovatky.cz\/content\/uploads\/2017\/09\/Hash_2032-205x300.jpg 205w, https:\/\/libcickekrizovatky.cz\/content\/uploads\/2017\/09\/Hash_2032-768x1127.jpg 768w, https:\/\/libcickekrizovatky.cz\/content\/uploads\/2017\/09\/Hash_2032-698x1024.jpg 698w, https:\/\/libcickekrizovatky.cz\/content\/uploads\/2017\/09\/Hash_2032.jpg 1208w\" sizes=\"(max-width: 205px) 100vw, 205px\"><\/a><\/div><div class=\"wp-caption-text gallery-caption\" style=\"text-align:left\"><p>p\u0159\u00edsp\u011bvek Zde\u0148ky K\u0159t\u011bnov\u00e9: \"Drama l\u00e1sky a vzdoru\"<\/p>\n<\/div><\/li><\/ul><\/div>\n<p style=\"padding-left: 30px;\">Bylo v\u0161ak mo\u017eno v\u00eddat d\u00edvky tak\u00e9 cestou do kostela sv.&nbsp;Jakuba, kde zp\u00edvaly na k\u016fru a&nbsp;kde hr\u00e1val na varhany Zden\u010din bratr Rudolf, tehdy mlad\u00ed\u010dek, beznad\u011bjn\u011b zamilovan\u00fd do modrook\u00e9 a&nbsp;\u010dernovlas\u00e9 Berty. Byl o&nbsp;dva roky mlad\u0161\u00ed ne\u017e ona, j\u00ed u\u017e t\u00e1hlo na dvac\u00edtku a&nbsp;byla tak\u00e9 zamilovan\u00e1, samoz\u0159ejm\u011b do jin\u00e9ho. Tak\u00e9 Zde\u0148ka Frimlov\u00e1 m\u011bla l\u00e1sku. Byl j\u00ed c. a&nbsp;k. d\u016fstojn\u00edk Karel Sedm\u00edk. Ob\u011b dvojice \u010dasto chod\u00edvaly na spole\u010dn\u00e9 proch\u00e1zky nebo i&nbsp;do n\u011bkter\u00e9 ze staropra\u017esk\u00fdch hosp\u016fdek, nap\u0159.&nbsp;k&nbsp;Zelen\u00e9 \u017e\u00e1b\u011b. Jednoho dne sd\u011blila Berta Zde\u0148ce, \u017ee se jej\u00ed mil\u00fd vyj\u00e1d\u0159il, neboli \u017ee po\u017e\u00e1dal o&nbsp;jej\u00ed ruku a&nbsp;\u017ee se bude vd\u00e1vat. Zde\u0148ka Bert\u011b pop\u0159\u00e1la, ale vzdychla si p\u0159i&nbsp;tom, nebo\u0165 jej\u00ed zn\u00e1most s&nbsp;panem Sedm\u00edkem trvala u\u017e del\u0161\u00ed \u010das, on v\u0161ak jako by nev\u011bd\u011bl, co od n\u011bho Zde\u0148ka o\u010dek\u00e1v\u00e1. Kdy\u017e tak o&nbsp;tom p\u0159em\u00fd\u0161lela, napadlo ji po\u017e\u00e1dat Bertu o&nbsp;p\u0159\u00e1telskou slu\u017ebu: \u017ee jako nebude moci na sch\u016fzku se Sedm\u00edkem p\u0159ij\u00edt, m\u00edsto n\u00ed p\u0159ijde Berta, omluv\u00ed ji a&nbsp;hlavn\u011b se pokus\u00ed vyzv\u011bd\u011bt, jak to s&nbsp;n\u00ed mil\u00fd Karel mysl\u00ed. Berta t\u00edm nad\u0161en\u00e1 nebyla, tu\u0161ila, \u017ee j\u00ed nep\u0159inese dobrou zpr\u00e1vu, ale neod\u0159ekla. Jej\u00ed tu\u0161en\u00ed se splnilo. Pan Sedm\u00edk prohl\u00e1sil, \u017ee si vydr\u017euje n\u011bjakou baletku. Zdence, kter\u00e1 \u010dekala o&nbsp;dv\u011b ulice d\u00e1le, \u0159ekla Berta jen to, co se j\u00ed zd\u00e1lo \u00fanosn\u00fdm, \u017ee toti\u017e m\u00e1 Sedm\u00edk Zdenku r\u00e1d, ale o\u017eenit \u017ee se nikdy nem\u00edn\u00ed. I&nbsp;tak z&nbsp;toho byla Zde\u0148ka smutn\u00e1 a&nbsp;to je\u0161t\u011b netu\u0161ila, \u017ee Sedm\u00edk u\u017e ani nepom\u00fd\u0161l\u00ed zn\u00e1most s&nbsp;n\u00ed prodlu\u017eovat. Z&nbsp;rozchodu s&nbsp;n\u00edm byla velmi ne\u0161\u0165astn\u00e1, ale \u010dasem se v&nbsp;n\u00ed probudil jak\u00fdsi vzdor a&nbsp;\u0159ekla Bert\u011b: \u201ePamatuj si Berto, \u017ee si najdu takov\u00e9ho mu\u017ee, aby o&nbsp;mn\u011b po\u0159\u00e1d sly\u0161el a&nbsp;mus\u00ed se jmenovat tak\u00e9 Karel.\u201d A&nbsp;skute\u010dn\u011b si Zde\u0148ka Frimlov\u00e1 na\u0161la a&nbsp;vzala za mu\u017ee &#8211; Karla Ha\u0161lera\u2026<\/p>\n<p style=\"padding-left: 30px;\">\u201ePod tou vy\u0161ehradskou skalou voda ne\u010dek\u00e1, do roka j\u00ed hodn\u011b uplyne\u2026\u201d \u017divot rozd\u011blil cesty obou p\u0159\u00edtelky\u0148, \u010dasem se setk\u00e1valy u\u017e jen n\u00e1hodn\u011b. Jednou se setkaly, kdy\u017e byl Karel Ha\u0161ler na vrcholu sv\u00e9 p\u00edsni\u010dk\u00e1\u0159sk\u00e9 sl\u00e1vy a&nbsp;tehdy Zde\u0148ka Bert\u011b sv\u011b\u0159ila, \u017ee za mnoh\u00e9 ze sv\u00e9 popularity vd\u011b\u010d\u00ed Ha\u0161ler j\u00ed. Berta tomu v\u011b\u0159ila, v\u011bd\u011bla, \u017ee Zde\u0148ka je stejn\u011b jako jej\u00ed bratr Rudolf velice hudebn\u011b nadan\u00e1, kr\u00e1sn\u011b zp\u00edvala a&nbsp;v\u00fdborn\u011b hr\u00e1la na klav\u00edr, byla inteligentn\u00ed a&nbsp;bystr\u00e1. Jak l\u00e9ta \u0161la, Berta \u010dasto na svou p\u0159\u00edtelkyni vzpom\u00ednala. Co s&nbsp;n\u00ed asi je? Bertu zavedl osud na sedm let dokonce a\u017e do Ameriky, pak zp\u011bt do Prahy, pak l\u00e9ta \u017eivota v&nbsp;\u017dalov\u011b. A&nbsp;kdy\u017e se dov\u011bd\u011bla, \u017ee Zde\u0148ka \u017eije nedaleko Dolan, rozhodla se, \u017ee j\u00ed nap\u00ed\u0161e a&nbsp;\u017ee se na ni p\u0159ijede pod\u00edvat, v\u017edy\u0165 si toho maj\u00ed tolik co \u0159\u00edci. Nenapsala a&nbsp;n\u00e1v\u0161t\u011bvu po&nbsp;n\u011bkolik let odkl\u00e1dala. A&nbsp;kdy\u017e se tam p\u0159ece jednou vydala, vr\u00e1tila se smutn\u00e1. Pan\u00ed Zde\u0148ka Ha\u0161lerov\u00e1 byla ji\u017e rok po&nbsp;smrti.<\/p>\n<p style=\"padding-left: 30px; text-align: left;\">Asi byste se cht\u011bli zeptat, odkud to v\u0161echno v\u00edm. Berta, rozen\u00e1 Kordov\u00e1, provdan\u00e1 Chalupeck\u00e1, byla toti\u017e moje babi\u010dka.<\/p>\n<p style=\"padding-left: 30px; text-align: right;\">Zde\u0148ka K\u0159t\u011bnov\u00e1, roz. Chalupeck\u00e1<\/p>\n","protected":false},"excerpt":{"rendered":"<p>Dne\u0161n\u00ed st\u0159\u00edpek historie spojen\u00e9 s&nbsp;rodinou Karla Ha\u0161lera jsme si vyp\u016f\u010dili z&nbsp;&#8220;Obecn\u00edho zpravodaje Dolany &amp; Debrno&#8221; \u010d\u00edslo 12 z&nbsp;b\u0159ezna roku 1992. Poj\u010fte si s&nbsp;n\u00e1mi p\u0159e\u010d\u00edst 25 let star\u00fd \u010dl\u00e1nek, kter\u00fd n\u00e1s p\u0159enese a\u017e na konec stolet\u00ed devaten\u00e1ct\u00e9ho. P\u0159ijm\u011bte tento p\u0159\u00edsp\u011bvek jako pozv\u00e1nku na 4.&nbsp;ro\u010dn\u00edk Lib\u010dick\u00e9 Ha\u0161lerky, festivalu staropra\u017esk\u00fdch kapel k&nbsp;poct\u011b Karla Ha\u0161lera, kter\u00fd se v&nbsp;ned\u011bli, 17.&nbsp;z\u00e1\u0159\u00ed [&hellip;]<\/p>\n","protected":false},"author":3,"featured_media":0,"comment_status":"open","ping_status":"open","sticky":false,"template":"","format":"standard","meta":[],"categories":[119],"tags":[866,508,867,868,865],"_links":{"self":[{"href":"https:\/\/libcickekrizovatky.cz\/index.php?rest_route=\/wp\/v2\/posts\/16050"}],"collection":[{"href":"https:\/\/libcickekrizovatky.cz\/index.php?rest_route=\/wp\/v2\/posts"}],"about":[{"href":"https:\/\/libcickekrizovatky.cz\/index.php?rest_route=\/wp\/v2\/types\/post"}],"author":[{"embeddable":true,"href":"https:\/\/libcickekrizovatky.cz\/index.php?rest_route=\/wp\/v2\/users\/3"}],"replies":[{"embeddable":true,"href":"https:\/\/libcickekrizovatky.cz\/index.php?rest_route=%2Fwp%2Fv2%2Fcomments&post=16050"}],"version-history":[{"count":10,"href":"https:\/\/libcickekrizovatky.cz\/index.php?rest_route=\/wp\/v2\/posts\/16050\/revisions"}],"predecessor-version":[{"id":16087,"href":"https:\/\/libcickekrizovatky.cz\/index.php?rest_route=\/wp\/v2\/posts\/16050\/revisions\/16087"}],"wp:attachment":[{"href":"https:\/\/libcickekrizovatky.cz\/index.php?rest_route=%2Fwp%2Fv2%2Fmedia&parent=16050"}],"wp:term":[{"taxonomy":"category","embeddable":true,"href":"https:\/\/libcickekrizovatky.cz\/index.php?rest_route=%2Fwp%2Fv2%2Fcategories&post=16050"},{"taxonomy":"post_tag","embeddable":true,"href":"https:\/\/libcickekrizovatky.cz\/index.php?rest_route=%2Fwp%2Fv2%2Ftags&post=16050"}],"curies":[{"name":"wp","href":"https:\/\/api.w.org\/{rel}","templated":true}]}}