{"id":16277,"date":"2017-09-26T00:45:16","date_gmt":"2017-09-25T22:45:16","guid":{"rendered":"http:\/\/libcickekrizovatky.cz\/?p=16277"},"modified":"2017-09-29T00:01:40","modified_gmt":"2017-09-28T22:01:40","slug":"22-libcicky-divadelni-podzim-spustili-jsme-rezervace","status":"publish","type":"post","link":"https:\/\/libcickekrizovatky.cz\/?p=16277","title":{"rendered":"22. Lib\u010dick\u00fd Divadeln\u00ed Podzim &#8211; rezervace b\u011b\u017e\u00ed"},"content":{"rendered":"<div style=\"float: left; margin: 10px;\"><a href=\"https:\/\/divadlolod.cz\/\"><img loading=\"lazy\" class=\"alignleft wp-image-16278\" src=\"https:\/\/libcickekrizovatky.cz\/content\/uploads\/2017\/09\/LDP-znak-refresh-17.jpg\" alt=\"LDP 2017\" width=\"240\" height=\"130\" srcset=\"https:\/\/libcickekrizovatky.cz\/content\/uploads\/2017\/09\/LDP-znak-refresh-17.jpg 900w, https:\/\/libcickekrizovatky.cz\/content\/uploads\/2017\/09\/LDP-znak-refresh-17-300x162.jpg 300w, https:\/\/libcickekrizovatky.cz\/content\/uploads\/2017\/09\/LDP-znak-refresh-17-768x415.jpg 768w\" sizes=\"(max-width: 240px) 100vw, 240px\" \/><\/a><\/div>\n<p>Ani ne za m\u011bs\u00edc to vypukne. 22.&nbsp;ro\u010dn\u00edk (2.&nbsp;obnoven\u00fd, abychom byli f\u00e9r) <span style=\"text-decoration: underline;\"><a href=\"https:\/\/divadlolod.cz\/ldp\/\" target=\"_blank\">Lib\u010dick\u00e9ho Divadeln\u00edho Podzimu<\/a><\/span> &#8211; p\u0159ehl\u00eddky ochotnick\u00e9ho divadla v&nbsp;s\u00e1le ZU\u0160 Lib\u010dice.<\/p>\n<p>Pokud pat\u0159\u00edte k&nbsp;p\u0159\u00edznivc\u016fm m\u00edstn\u00ed kultury, pak v\u011bzte, \u017ee pr\u00e1v\u011b pro v\u00e1s lib\u010di\u010dt\u00ed ochotn\u00edci spustili rezervaci vstupenek na v\u0161ech 5 p\u0159edstaven\u00ed. 3 hosty a&nbsp;2 p\u0159edstaven\u00ed LO\u010ei. <!--more--><\/p>\n<div style=\"float: left; margin: 10px;\"><a href=\"https:\/\/libcickekrizovatky.cz\/content\/uploads\/2017\/06\/program-LDP-2017.jpg\"><img loading=\"lazy\" class=\"alignleft wp-image-16131\" src=\"https:\/\/libcickekrizovatky.cz\/content\/uploads\/2017\/06\/program-LDP-2017.jpg\" alt=\"LDP 2017: program\" width=\"240\" height=\"339\" srcset=\"https:\/\/libcickekrizovatky.cz\/content\/uploads\/2017\/06\/program-LDP-2017.jpg 1253w, https:\/\/libcickekrizovatky.cz\/content\/uploads\/2017\/06\/program-LDP-2017-212x300.jpg 212w, https:\/\/libcickekrizovatky.cz\/content\/uploads\/2017\/06\/program-LDP-2017-768x1086.jpg 768w, https:\/\/libcickekrizovatky.cz\/content\/uploads\/2017\/06\/program-LDP-2017-724x1024.jpg 724w\" sizes=\"(max-width: 240px) 100vw, 240px\" \/><\/a><\/div>\n<p>K tomu v\u0161emu p\u0159ipravila \u0159editelka festivalu Jana Tahalov\u00e1 ve spolupr\u00e1ci s&nbsp;C\u00e9cili\u00ed Da Costa jako leto\u0161n\u00ed dopl\u0148kov\u00fd program <a href=\"https:\/\/divadlolod.cz\/rezervace\/#kurz\" target=\"_blank\">&#8220;Kurz rozvoje divadeln\u00edch dovednost\u00ed&#8221;. <\/a>Ten sest\u00e1v\u00e1 ze t\u0159\u00ed lekc\u00ed a&nbsp;\u00fapln\u011b nejlep\u0161\u00ed je p\u0159ij\u00edt na v\u0161echny t\u0159i.<\/p>\n<h3>Rezervace na jednotiv\u00e1 p\u0159edstaven\u00ed<\/h3>\n<p>S\u00e1l ZU\u0160 m\u00e1 +- 70 m\u00edst. Z\u00e1le\u017e\u00ed na technick\u00e9m z\u00e1zem\u00ed jednotliv\u00fdch p\u0159edstaven\u00ed. Nen\u00ed to mnoho, a&nbsp;proto ochotn\u00edci rezervaci v\u0159ele doporu\u010duj\u00ed.<br \/>\n<a id=\"kurz\"><\/a><a href=\"https:\/\/divadlolod.cz\/rezervace\/\"><img loading=\"lazy\" class=\"aligncenter wp-image-16297\" src=\"https:\/\/libcickekrizovatky.cz\/content\/uploads\/2017\/09\/rezervace.jpg\" alt=\"LO\u010e: rezervace vstupenek\" width=\"360\" height=\"131\" srcset=\"https:\/\/libcickekrizovatky.cz\/content\/uploads\/2017\/09\/rezervace.jpg 1247w, https:\/\/libcickekrizovatky.cz\/content\/uploads\/2017\/09\/rezervace-300x109.jpg 300w, https:\/\/libcickekrizovatky.cz\/content\/uploads\/2017\/09\/rezervace-768x279.jpg 768w, https:\/\/libcickekrizovatky.cz\/content\/uploads\/2017\/09\/rezervace-1024x372.jpg 1024w\" sizes=\"(max-width: 360px) 100vw, 360px\" \/><\/a><\/p>\n<h3>Rezervace na KURZ<\/h3>\n<p>Ve\u0159ejn\u00fd kurz s\u00a0here\u010dkou, zp\u011bva\u010dkou a\u00a0choreografkou C\u00e9cile Da Costa. Sest\u00e1v\u00e1 ze 3 lekc\u00ed, vhodn\u00e9 je absolvovat v\u0161echny. Kurz sest\u00e1v\u00e1 ze t\u0159\u00ed lekc\u00ed, kter\u00e9 se budou konat 5.\u00a011., 11.\u00a011.&nbsp;a&nbsp;9.\u00a012., v\u017edy\u00a0 od 9.00 do 11.00.<\/p>\n<p>Jedna lekce stoj\u00ed 300 K\u010d, po\u010det m\u00edst v&nbsp;kurzu je omezen shora i&nbsp;zdola: v\u0161e se uskute\u010dn\u00ed sejde-li se na danou lekci 5-12 z\u00e1jemc\u016f.<br \/>\n<a href=\"https:\/\/divadlolod.cz\/rezervace\/#kurz\"><img loading=\"lazy\" class=\"aligncenter wp-image-16298\" src=\"https:\/\/libcickekrizovatky.cz\/content\/uploads\/2017\/09\/prihlaska.png\" alt=\"P\u0159ihl\u00e1\u0161ka do kurzu\" width=\"360\" height=\"131\" srcset=\"https:\/\/libcickekrizovatky.cz\/content\/uploads\/2017\/09\/prihlaska.png 1247w, https:\/\/libcickekrizovatky.cz\/content\/uploads\/2017\/09\/prihlaska-300x109.png 300w, https:\/\/libcickekrizovatky.cz\/content\/uploads\/2017\/09\/prihlaska-768x279.png 768w, https:\/\/libcickekrizovatky.cz\/content\/uploads\/2017\/09\/prihlaska-1024x372.png 1024w\" sizes=\"(max-width: 360px) 100vw, 360px\" \/><\/a>  <\/p>\n","protected":false},"excerpt":{"rendered":"<p>Ani ne za m\u011bs\u00edc to vypukne. 22.&nbsp;ro\u010dn\u00edk (2.&nbsp;obnoven\u00fd, abychom byli f\u00e9r) Lib\u010dick\u00e9ho Divadeln\u00edho Podzimu &#8211; p\u0159ehl\u00eddky ochotnick\u00e9ho divadla v&nbsp;s\u00e1le ZU\u0160 Lib\u010dice. Pokud pat\u0159\u00edte k&nbsp;p\u0159\u00edznivc\u016fm m\u00edstn\u00ed kultury, pak v\u011bzte, \u017ee pr\u00e1v\u011b pro v\u00e1s lib\u010di\u010dt\u00ed ochotn\u00edci spustili rezervaci vstupenek na v\u0161ech 5 p\u0159edstaven\u00ed. 3 hosty a&nbsp;2 p\u0159edstaven\u00ed LO\u010ei.<\/p>\n","protected":false},"author":18,"featured_media":0,"comment_status":"open","ping_status":"open","sticky":false,"template":"","format":"standard","meta":[],"categories":[192,118],"tags":[880,590,797,881,879,882,287],"_links":{"self":[{"href":"https:\/\/libcickekrizovatky.cz\/index.php?rest_route=\/wp\/v2\/posts\/16277"}],"collection":[{"href":"https:\/\/libcickekrizovatky.cz\/index.php?rest_route=\/wp\/v2\/posts"}],"about":[{"href":"https:\/\/libcickekrizovatky.cz\/index.php?rest_route=\/wp\/v2\/types\/post"}],"author":[{"embeddable":true,"href":"https:\/\/libcickekrizovatky.cz\/index.php?rest_route=\/wp\/v2\/users\/18"}],"replies":[{"embeddable":true,"href":"https:\/\/libcickekrizovatky.cz\/index.php?rest_route=%2Fwp%2Fv2%2Fcomments&post=16277"}],"version-history":[{"count":9,"href":"https:\/\/libcickekrizovatky.cz\/index.php?rest_route=\/wp\/v2\/posts\/16277\/revisions"}],"predecessor-version":[{"id":16299,"href":"https:\/\/libcickekrizovatky.cz\/index.php?rest_route=\/wp\/v2\/posts\/16277\/revisions\/16299"}],"wp:attachment":[{"href":"https:\/\/libcickekrizovatky.cz\/index.php?rest_route=%2Fwp%2Fv2%2Fmedia&parent=16277"}],"wp:term":[{"taxonomy":"category","embeddable":true,"href":"https:\/\/libcickekrizovatky.cz\/index.php?rest_route=%2Fwp%2Fv2%2Fcategories&post=16277"},{"taxonomy":"post_tag","embeddable":true,"href":"https:\/\/libcickekrizovatky.cz\/index.php?rest_route=%2Fwp%2Fv2%2Ftags&post=16277"}],"curies":[{"name":"wp","href":"https:\/\/api.w.org\/{rel}","templated":true}]}}