{"id":16344,"date":"2017-10-05T11:53:22","date_gmt":"2017-10-05T09:53:22","guid":{"rendered":"http:\/\/libcickekrizovatky.cz\/?p=16344"},"modified":"2017-10-06T10:40:24","modified_gmt":"2017-10-06T08:40:24","slug":"kotelna-se-otevira-verejnosti","status":"publish","type":"post","link":"https:\/\/libcickekrizovatky.cz\/?p=16344","title":{"rendered":"Kotelna se otev\u00edr\u00e1 ve\u0159ejnosti"},"content":{"rendered":"<div style=\"float: right; margin: 10px;\"><img loading=\"lazy\" class=\"alignleft wp-image-16350\" src=\"https:\/\/libcickekrizovatky.cz\/content\/uploads\/2017\/10\/01_Kotelna_Libcice_rekonstrukceBOYS-PLAY-NICE-1-300x225.jpg\" width=\"200\" height=\"150\" srcset=\"https:\/\/libcickekrizovatky.cz\/content\/uploads\/2017\/10\/01_Kotelna_Libcice_rekonstrukceBOYS-PLAY-NICE-1-300x225.jpg 300w, https:\/\/libcickekrizovatky.cz\/content\/uploads\/2017\/10\/01_Kotelna_Libcice_rekonstrukceBOYS-PLAY-NICE-1-768x576.jpg 768w, https:\/\/libcickekrizovatky.cz\/content\/uploads\/2017\/10\/01_Kotelna_Libcice_rekonstrukceBOYS-PLAY-NICE-1-1024x768.jpg 1024w, https:\/\/libcickekrizovatky.cz\/content\/uploads\/2017\/10\/01_Kotelna_Libcice_rekonstrukceBOYS-PLAY-NICE-1.jpg 1350w\" sizes=\"(max-width: 200px) 100vw, 200px\" \/><\/div>\n<p>Kdo z\u00a0Lib\u010dick\u00fdch nezn\u00e1 tajemnou chr\u00e1movou stavbu Kotelny v\u00a0syrov\u00e9m prost\u0159ed\u00ed opust\u011bn\u00e9ho pr\u016fmyslov\u00e9ho are\u00e1lu? Stavba Kotelny, konvertovan\u00e1 architektem Patrikem Hoffmanem do modern\u00edho kab\u00e1tu,\u00a0<span style=\"text-decoration: underline;\"><a href=\"https:\/\/libcickekrizovatky.cz\/?ai1ec_event=slavnostni-otevreni-zrekonstruovane-kotelny&amp;instance_id=2453\"><strong>se otev\u00edr\u00e1 ve\u0159ejnosti dne 26.&nbsp;\u0159\u00edjna, v\u00a017:00 hodin<\/strong><\/a><\/span>.<!--more--><\/p>\n<p>Je\u0161t\u011b na konci 20.&nbsp;stolet\u00ed tu hned vedle \u017eelezni\u010dn\u00ed trati Praha-Dr\u00e1\u017e\u010fany v\u00a0tis\u00edc\u00edch rukou cinkaly \u0161roubky a&nbsp;lib\u010dick\u00e9 \u0160roub\u00e1rny a&nbsp;dr\u00e1tovny pat\u0159ily k\u00a0v\u00fdznamn\u00fdm stroj\u00edrensk\u00fdm centr\u016fm na\u0161\u00ed zem\u011b. Vinou nezda\u0159il\u00e9 privatizace a&nbsp;n\u00e1sledn\u00e9ho konkurzn\u00edho \u0159\u00edzen\u00ed v\u0161e dotepalo a\u017e do t\u00e9m\u011b\u0159 \u00fapln\u00e9ho ticha. Ale nikdy nen\u00ed pozd\u011b \u2013 na po\u010d\u00e1tku\u00a0nov\u00e9ho tis\u00edcilet\u00ed\u00a0are\u00e1l lib\u010dick\u00fdch \u0161roub\u00e1ren vst\u00e1v\u00e1 z\u00a0popela!<\/p>\n<p>Zaslou\u017eil se o&nbsp;to zejm\u00e9na architekt Patrik Hoffman, kter\u00fd\u00a0souostrov\u00ed b\u00fdval\u00fdch industri\u00e1ln\u00edch staveb z\u00a0autentick\u00e9 cihlov\u00e9 v\u00fdstavby citlivou rekonstrukc\u00ed postupn\u011b vrac\u00ed zp\u00e1tky do \u017eivota. Konverze Uheln\u00e9ho ml\u00fdna byla v\u00a0roce 2013 ocen\u011bna hlavn\u00ed cenou Grand Prix architekt\u016f. Mezin\u00e1rodn\u00ed komise zhodnotila Hoffman\u016fv po\u010din jako d\u016fle\u017eit\u00fd impuls k\u00a0o\u017eiven\u00ed cel\u00e9 lokality.<\/p>\n<p>V Uheln\u00e9m ml\u00fdn\u011b, prvn\u00edm ze zp\u0159\u00edstupn\u011bn\u00fdch objekt\u016f stolet\u00e9 industri\u00e1ln\u00ed architektury, se dnes nach\u00e1z\u00ed galerie sou\u010dasn\u00e9ho um\u011bn\u00ed <a href=\"http:\/\/arto.to\/\"><span style=\"text-decoration: underline;\">arto.to<\/span><\/a> s\u00a0\u017eiv\u00fdm programem a&nbsp;showroom d\u00e1nsk\u00e9ho n\u00e1bytku <a href=\"https:\/\/www.gubi.com\/\"><span style=\"text-decoration: underline;\">GUBI<\/span><\/a>. Se stejnou architektonickou viz\u00ed, z\u00e1palem a&nbsp;pokorou nyn\u00ed Hoffman vyk\u0159esal \u017eivot i&nbsp;v\u00a0dal\u0161\u00edm objektu b\u00fdval\u00e9ho brownfieldu \u2013 chr\u00e1mov\u00e9 koteln\u011b s\u00a0kom\u00ednov\u00fdm vodojemem. Ta v\u00a0dob\u011b nejv\u011bt\u0161\u00ed sl\u00e1vy are\u00e1lu vyr\u00e1b\u011bla p\u00e1ru pro pohon \u0161roub\u00e1rensk\u00fdch technologi\u00ed, pot\u00e9 zela l\u00e9ta opu\u0161t\u011bn\u00e1 v\u00a0zapomn\u011bn\u00ed a&nbsp;dnes, po&nbsp;t\u0159ech letech intenzivn\u00edch prac\u00ed, je KOTELNA upravena na origin\u00e1ln\u00ed eventov\u00fd a&nbsp;v\u00fdstavn\u00ed prostor s\u00a0gastronomick\u00fdm z\u00e1zem\u00edm.<\/p>\n<p>Slavnostn\u00ed otev\u0159en\u00ed KOTELNY je p\u0159ipraveno na \u010dtvrtek 26.&nbsp;\u0159\u00edjna 2017. V\u00a017 hodin zde zahajuje v\u00fdstava francouzsk\u00e9ho um\u011blce <span style=\"text-decoration: underline;\"><a href=\"http:\/\/www.artmap.cz\/gwenael-morice-rozbal-obal\">Gw\u00e9na\u00ebla Morice<\/a><\/span>: ROZBAL OBAL, kter\u00e1 s&nbsp;velkou pr\u016fmyslovou halou s\u00a0p\u011btimetrov\u00fdmi okny a&nbsp;rozlohou 300&nbsp;m<sup>2<\/sup> souzn\u00ed prostorov\u011b i&nbsp;ideov\u011b \u2013 oba po\u010diny vych\u00e1zej\u00ed z\u00a0nitern\u00e9 \u017eivotn\u00ed pot\u0159eby trvale udr\u017eiteln\u00e9ho rozvoje a&nbsp;navracen\u00ed \u017eivota zd\u00e1nliv\u011b nepot\u0159ebn\u00fdm v\u011bcem, star\u00e9mu d\u011bdictv\u00ed.<\/p>\n<p>Partne\u0159i akce: <span style=\"text-decoration: underline;\"><a href=\"https:\/\/www.designblok.cz\/\">Designblok<\/a><\/span>, <span style=\"text-decoration: underline;\"><a href=\"https:\/\/www.bmw.cz\/cs\/index.html\">BMW Group \u010cesk\u00e1 republika<\/a><\/span>, <span style=\"text-decoration: underline;\"><a href=\"http:\/\/www.upm.cz\/\">Um\u011bleckopr\u016fmyslov\u00e9 museum v\u00a0Praze<\/a><\/span>, <span style=\"text-decoration: underline;\"><a href=\"http:\/\/www.ifp.cz\/\">Francouzsk\u00fd institut v\u00a0Praze<\/a><\/span>, <span style=\"text-decoration: underline;\"><a href=\"http:\/\/www.libcice.cz\/\">M\u011bsto Lib\u010dice nad Vltavou<\/a><\/span>,\u00a0<a href=\"http:\/\/www.atelierhoffman.eu\/\"><span style=\"text-decoration: underline;\">Atelier Hoffman<\/span><\/a>, galerie <span style=\"text-decoration: underline;\"><a href=\"http:\/\/arto.to\/\">arto.to<\/a><\/span>.<\/p>\n<p>Web: <span style=\"text-decoration: underline;\"><a href=\"http:\/\/www.uhelnymlyn.cz\">http:\/\/www.uhelnymlyn.cz<\/a><\/span><br \/>\nTelefon: + 420&nbsp;776&nbsp;110&nbsp;734<br \/>\nKOTELNA je otev\u0159ena po, st, p\u00e1 od 9 \u2013 16 hodin. Pro jin\u00e9 term\u00edny n\u00e1s pros\u00edm kontaktujte na uveden\u00fd telefon nebo e-mail.<\/p>\n<div class=\"gallery gallery-columns-2 gallery-size-medium rps-image-gallery-format-default rps-image-gallery-theme-default rps-image-gallery-columns-no-responsive rps-image-gallery rps-image-gallery-masonry rps-image-gallery-no-heading rps-image-gallery-no-caption rps-image-gallery-no-social \" style=\"text-align:left\" pageSize=\"0\" currentPage=\"0\" ><ul class=\"background-thumbnails\"><li class=\"gallery-item gallery-item-begin-row\"><div class=\"gallery-icon portrait\"><a rel=\"rps-image-group-16344\" href=\"https:\/\/libcickekrizovatky.cz\/content\/uploads\/2017\/10\/03_Kotelna_Libcice_rekonstrukceBOYS-PLAY-NICE-1.jpg\" title=\"&amp;lt;div class=&amp;quot;fancybox-title-caption&amp;quot;&amp;gt;&amp;lt;p&amp;gt;Kotelna, foto: Andrea Thiel Lhot\u00e1kov\u00e1&amp;lt;\/p&amp;gt;\n&amp;lt;\/div&amp;gt;\"><img src=\"https:\/\/libcickekrizovatky.cz\/content\/uploads\/2017\/10\/03_Kotelna_Libcice_rekonstrukceBOYS-PLAY-NICE-1-200x300.jpg\" alt=\"Kotelna, foto: Andrea Thiel Lhot\u00e1kov\u00e1\" title=\"Kotelna, foto: Andrea Thiel Lhot\u00e1kov\u00e1\" class=\"attachment-thumbnail\" width=\"200\" height=\"300\" srcset=\"https:\/\/libcickekrizovatky.cz\/content\/uploads\/2017\/10\/03_Kotelna_Libcice_rekonstrukceBOYS-PLAY-NICE-1-200x300.jpg 200w, https:\/\/libcickekrizovatky.cz\/content\/uploads\/2017\/10\/03_Kotelna_Libcice_rekonstrukceBOYS-PLAY-NICE-1-768x1152.jpg 768w, https:\/\/libcickekrizovatky.cz\/content\/uploads\/2017\/10\/03_Kotelna_Libcice_rekonstrukceBOYS-PLAY-NICE-1-683x1024.jpg 683w, https:\/\/libcickekrizovatky.cz\/content\/uploads\/2017\/10\/03_Kotelna_Libcice_rekonstrukceBOYS-PLAY-NICE-1.jpg 900w\" sizes=\"(max-width: 200px) 100vw, 200px\"><\/a><\/div><\/li><li class=\"gallery-item gallery-item-end-row\"><div class=\"gallery-icon landscape\"><a rel=\"rps-image-group-16344\" href=\"https:\/\/libcickekrizovatky.cz\/content\/uploads\/2017\/10\/01_Kotelna_Libcice_rekonstrukceBOYS-PLAY-NICE-1.jpg\" title=\"\"><img src=\"https:\/\/libcickekrizovatky.cz\/content\/uploads\/2017\/10\/01_Kotelna_Libcice_rekonstrukceBOYS-PLAY-NICE-1-300x225.jpg\" alt=\"01_Kotelna_Libcice_rekonstrukceBOYS PLAY NICE\" title=\"01_Kotelna_Libcice_rekonstrukceBOYS PLAY NICE\" class=\"attachment-thumbnail last\" width=\"300\" height=\"225\" srcset=\"https:\/\/libcickekrizovatky.cz\/content\/uploads\/2017\/10\/01_Kotelna_Libcice_rekonstrukceBOYS-PLAY-NICE-1-300x225.jpg 300w, https:\/\/libcickekrizovatky.cz\/content\/uploads\/2017\/10\/01_Kotelna_Libcice_rekonstrukceBOYS-PLAY-NICE-1-768x576.jpg 768w, https:\/\/libcickekrizovatky.cz\/content\/uploads\/2017\/10\/01_Kotelna_Libcice_rekonstrukceBOYS-PLAY-NICE-1-1024x768.jpg 1024w, https:\/\/libcickekrizovatky.cz\/content\/uploads\/2017\/10\/01_Kotelna_Libcice_rekonstrukceBOYS-PLAY-NICE-1.jpg 1350w\" sizes=\"(max-width: 300px) 100vw, 300px\"><\/a><\/div><\/li><\/ul><\/div>\n<div class=\"gallery gallery-columns-1 gallery-size-full rps-image-gallery-format-default rps-image-gallery-theme-default rps-image-gallery-columns-no-responsive rps-image-gallery rps-image-gallery-masonry rps-image-gallery-no-heading rps-image-gallery-no-caption rps-image-gallery-no-social \" style=\"text-align:left\" pageSize=\"0\" currentPage=\"0\" ><ul class=\"background-thumbnails\"><li class=\"gallery-item \"><div class=\"gallery-icon landscape\"><a rel=\"rps-image-group-16344\" href=\"https:\/\/libcickekrizovatky.cz\/content\/uploads\/2017\/10\/pozvanka.jpg\" title=\"\"><img src=\"https:\/\/libcickekrizovatky.cz\/content\/uploads\/2017\/10\/pozvanka.jpg\" alt=\"Kotelna pozvanka\" title=\"Kotelna pozvanka\" class=\"attachment-thumbnail last\" width=\"1067\" height=\"753\" srcset=\"https:\/\/libcickekrizovatky.cz\/content\/uploads\/2017\/10\/pozvanka.jpg 1067w, https:\/\/libcickekrizovatky.cz\/content\/uploads\/2017\/10\/pozvanka-300x212.jpg 300w, https:\/\/libcickekrizovatky.cz\/content\/uploads\/2017\/10\/pozvanka-768x542.jpg 768w, https:\/\/libcickekrizovatky.cz\/content\/uploads\/2017\/10\/pozvanka-1024x723.jpg 1024w\" sizes=\"(max-width: 1067px) 100vw, 1067px\"><\/a><\/div><\/li><\/ul><\/div>\n","protected":false},"excerpt":{"rendered":"<p>Kdo z\u00a0Lib\u010dick\u00fdch nezn\u00e1 tajemnou chr\u00e1movou stavbu Kotelny v\u00a0syrov\u00e9m prost\u0159ed\u00ed opust\u011bn\u00e9ho pr\u016fmyslov\u00e9ho are\u00e1lu? Stavba Kotelny, konvertovan\u00e1 architektem Patrikem Hoffmanem do modern\u00edho kab\u00e1tu,\u00a0se otev\u00edr\u00e1 ve\u0159ejnosti dne 26.&nbsp;\u0159\u00edjna, v\u00a017:00 hodin.<\/p>\n","protected":false},"author":42,"featured_media":0,"comment_status":"open","ping_status":"open","sticky":false,"template":"","format":"standard","meta":[],"categories":[192],"tags":[5,884,448,117,140],"_links":{"self":[{"href":"https:\/\/libcickekrizovatky.cz\/index.php?rest_route=\/wp\/v2\/posts\/16344"}],"collection":[{"href":"https:\/\/libcickekrizovatky.cz\/index.php?rest_route=\/wp\/v2\/posts"}],"about":[{"href":"https:\/\/libcickekrizovatky.cz\/index.php?rest_route=\/wp\/v2\/types\/post"}],"author":[{"embeddable":true,"href":"https:\/\/libcickekrizovatky.cz\/index.php?rest_route=\/wp\/v2\/users\/42"}],"replies":[{"embeddable":true,"href":"https:\/\/libcickekrizovatky.cz\/index.php?rest_route=%2Fwp%2Fv2%2Fcomments&post=16344"}],"version-history":[{"count":29,"href":"https:\/\/libcickekrizovatky.cz\/index.php?rest_route=\/wp\/v2\/posts\/16344\/revisions"}],"predecessor-version":[{"id":16425,"href":"https:\/\/libcickekrizovatky.cz\/index.php?rest_route=\/wp\/v2\/posts\/16344\/revisions\/16425"}],"wp:attachment":[{"href":"https:\/\/libcickekrizovatky.cz\/index.php?rest_route=%2Fwp%2Fv2%2Fmedia&parent=16344"}],"wp:term":[{"taxonomy":"category","embeddable":true,"href":"https:\/\/libcickekrizovatky.cz\/index.php?rest_route=%2Fwp%2Fv2%2Fcategories&post=16344"},{"taxonomy":"post_tag","embeddable":true,"href":"https:\/\/libcickekrizovatky.cz\/index.php?rest_route=%2Fwp%2Fv2%2Ftags&post=16344"}],"curies":[{"name":"wp","href":"https:\/\/api.w.org\/{rel}","templated":true}]}}