{"id":16486,"date":"2017-10-10T09:55:26","date_gmt":"2017-10-10T07:55:26","guid":{"rendered":"http:\/\/libcickekrizovatky.cz\/?p=16486"},"modified":"2017-10-10T20:48:27","modified_gmt":"2017-10-10T18:48:27","slug":"mimoradne-jednani-zastupitelstva-4-zari-zmatek-a-marnost","status":"publish","type":"post","link":"https:\/\/libcickekrizovatky.cz\/?p=16486","title":{"rendered":"Mimo\u0159\u00e1dn\u00e9 jedn\u00e1n\u00ed zastupitelstva 4.&nbsp;z\u00e1\u0159\u00ed: <br\/>Zmatek a&nbsp;marnost"},"content":{"rendered":"<div style=\"float: left; margin: 10px;\"><img loading=\"lazy\" class=\"alignleft wp-image-16534\" src=\"https:\/\/libcickekrizovatky.cz\/content\/uploads\/2017\/10\/zasazasedeni.jpg\" alt=\"Zased\u00e1n\u00ed 4. 9. 2017\" width=\"200\" height=\"101\" srcset=\"https:\/\/libcickekrizovatky.cz\/content\/uploads\/2017\/10\/zasazasedeni.jpg 600w, https:\/\/libcickekrizovatky.cz\/content\/uploads\/2017\/10\/zasazasedeni-300x152.jpg 300w\" sizes=\"(max-width: 200px) 100vw, 200px\" \/><\/div>\n<p>Lib\u010di\u010dt\u00ed radn\u00ed si usmysleli, \u017ee na n\u00e1m\u011bst\u00ed, l\u00e9pe \u0159e\u010deno na k\u0159i\u017eovatce naproti \u00fa\u0159adu, postav\u00ed novou obecn\u00ed budovu \u2013 komunitn\u00ed centrum nebo tak\u00e9 m\u011bstsk\u00fd d\u016fm. A&nbsp;rozhodli se, \u017ee\u00a0tomuto n\u00e1padu\u00a0p\u0159izp\u016fsob\u00ed v\u0161e a&nbsp;za ka\u017edou cenu. <b>Z<\/b><b>ru\u0161\u00ed sliby<\/b>, kter\u00e9 dali ve\u0159ejnosti (p\u0159i&nbsp;ve\u0159ejn\u00e9m p\u0159edstaven\u00ed sv\u00fdch pl\u00e1n\u016f na ja\u0159e lo\u0148sk\u00e9ho roku, <a href=\"https:\/\/libcickekrizovatky.cz\/content\/uploads\/2017\/10\/volebn\u00ed-program-TOP09.pdf\"><span style=\"text-decoration: underline;\">i ty z&nbsp;vlastn\u00edho p\u0159edvolebn\u00edho programu<\/span><\/a>), <b>ohnou z\u00e1vazn\u00e1 usnesen\u00ed zastupitelstva <\/b>\u010di rovnou zru\u0161\u00ed ta, kter\u00e1 se jim nehod\u00ed, p\u0159\u00edpravu urychl\u00ed t\u00edm, \u017ee <strong>eliminuj\u00ed \u00fa\u010dast ve\u0159ejnosti<\/strong>, tedy budouc\u00edch u\u017eivatel\u016f a&nbsp;<strong>anal\u00fdzu pot\u0159ebnosti a&nbsp;udr\u017eitelnosti <\/strong>n\u00e1sledn\u00e9ho provozu domu<strong> dopln\u00ed <\/strong>a\u017e<strong> ex post.<\/strong><\/p>\n<p>\u017de to p\u0159ece nen\u00ed mo\u017en\u00e9? Ale je. V\u00edtejte v&nbsp;Lib\u010dic\u00edch.<!--more--><\/p>\n<p><center><br \/>\n<iframe width=\"500\" height=\"281\" src=\"https:\/\/www.youtube.com\/embed\/zvvqSLFkr5U?feature=oembed\" frameborder=\"0\" allowfullscreen><\/iframe><br \/>\n<span style=\"color: #ffffff;\">_<\/span><\/center><\/p>\n<h3>O \u010dem jsme jednali<\/h3>\n<p>Za\u010d\u00e1tkem z\u00e1\u0159\u00ed prob\u011bhlo jedn\u00e1n\u00ed zastupitelstva, jeho\u017e hlavn\u00edm t\u00e9matem byla p\u0159em\u011bna n\u00e1m\u011bst\u00ed\u00a0s v\u00fdstavbou m\u011bstsk\u00e9ho domu nebo tak\u00e9 komunitn\u00edho centra.\u00a0Tento n\u00e1vrh je\u00a0ov\u0161em v&nbsp;rozporu se schv\u00e1len\u00fdm z\u00e1m\u011brem na vyhl\u00e1\u0161en\u00ed architektonick\u00e9 sout\u011b\u017ee na p\u0159em\u011bnu n\u00e1m\u011bst\u00ed, a&nbsp;tud\u00ed\u017e dal\u0161\u00edm bodem jedn\u00e1n\u00ed bylo, jak se ze sout\u011b\u017ee vyvl\u00e9knout. Pro ve\u0159ejnost, nevybavenou jak\u00fdmikoliv podklady, byla diskuze n\u00e1ro\u010dn\u00e1. Jedn\u00e1n\u00ed toti\u017e tvo\u0159ilo n\u011bkolik bod\u016f, kter\u00e9 spolu velmi \u00fazce souvisely a&nbsp;jednotliv\u00e1 t\u00e9mata prost\u011b nebylo mo\u017en\u00e9 od sebe odd\u011blit.<\/p>\n<div class=\"well\"><strong>Bod 1.&nbsp;\u017d\u00e1dost o&nbsp;dotaci na komunitn\u00ed centrum n\u00e1m. Svobody.<\/strong> Rada m\u011bsta (RM) \u0159\u00edk\u00e1:<i>\u201eChceme <strong><b>to<\/b><\/strong> postavit!\u201c<\/i> (z\u00e1jmeno <strong><b>\u201eto\u201c<\/b><\/strong> nahrazuje novou m\u011bstkou budovu s&nbsp;nejasnou n\u00e1pln\u00ed.)<br \/>\n<strong>Bod 2. Zru\u0161en\u00ed usnesen\u00ed ZM \u010d.&nbsp;2\/16-2017.<\/strong> RM: <i>\u201eNechceme, aby n\u00e1m do toho <\/i><strong><i><b>kdokoliv<\/b><\/i><\/strong><i> mluvil.\u201c<\/i> (<strong>\u201e<b>Kdokoliv<\/b>\u201c<\/strong> m\u00edn\u011bno odborn\u00e1 i&nbsp;laick\u00e1 ve\u0159ejnost, tedy budouc\u00ed u\u017eivatel\u00e9.) <i>\u201eProto architektonickou sout\u011b\u017e na p\u0159em\u011bnu n\u00e1m\u011bst\u00ed zru\u0161\u00edme!\u201c<\/i><br \/>\n<strong>Bod 3. Rozpo\u010dtov\u00e9 opat\u0159en\u00ed \u010d.&nbsp;4\/2017<\/strong>. RM: <i>\u201eNa projekt budovy pot\u0159ebujeme uvolnit pen\u00edze, nen\u00ed to m\u00e1lo.\u201c<\/i><br \/>\n<strong>Bod 4. Smlouva o&nbsp;budouc\u00edm n\u00e1kupu pozemku.<\/strong> RM: <i>\u201eZrovna se n\u00e1m naskytla v\u00fdhodn\u00e1 nab\u00eddka na pozemek. Tak tam ud\u011bl\u00e1me&#8230; t\u0159eba parkovi\u0161t\u011b.\u201c<\/i><\/div>\n<p>Zastupitel\u00e9 byli, jak u&nbsp;n\u00e1s bohu\u017eel b\u00fdv\u00e1 zvykem, rozd\u011bleni dle \u201estranick\u00e9 p\u0159\u00edslu\u0161nosti\u201c na t\u00e1bor <em>pro<\/em> a&nbsp;<em>proti<\/em>. A&nbsp;tak\u00e9 na t\u00e1bor na jedn\u00e1n\u00ed p\u0159ipraven\u00fdch a&nbsp;na t\u00e1bor slep\u011b n\u00e1sleduj\u00edc\u00edch \u201evelitele\u201c, a\u010dkoliv ten se ve vlastn\u00edch argumentech ztr\u00e1cel.\u00a0Opozice se zasazovala o\u00a0\u0159\u00e1dnou p\u0159\u00edpravu z\u00e1m\u011bru, se zapojen\u00edm jak odborn\u00edk\u016f, tak ve\u0159ejnosti, a&nbsp;naopak proti nepodlo\u017een\u00fdm a&nbsp;um\u011bl\u00fdm \u010dasov\u00fdm tlakem podm\u00edn\u011bn\u00fdm rozhodnut\u00edm.\u00a0Z\u00e1stupci ve\u0159ejnosti, kte\u0159\u00ed na zased\u00e1n\u00ed dorazili, byli v&nbsp;n\u00e1zorech v\u00edcem\u00e9n\u011b jednotn\u00ed: k&nbsp;p\u0159ekvapen\u00ed radni\u010dn\u00ed koalice a&nbsp;v&nbsp;souladu s&nbsp;n\u00e1hledem n\u00e1s, opozi\u010dn\u00edch zastupitel\u016f, t\u00e9\u017e obhajovali nutnost v\u011bci dop\u0159edu prom\u00fd\u0161let.<\/p>\n<p><center><br \/>\n<iframe width=\"500\" height=\"281\" src=\"https:\/\/www.youtube.com\/embed\/RWBjMYF_56A?feature=oembed\" frameborder=\"0\" allowfullscreen><\/iframe><br \/>\n<span style=\"color: #ffffff;\">_<\/span><\/center><\/p>\n<h3>My\u00a0TO postav\u00edme! Ale co?<\/h3>\n<p>V jednom z&nbsp;p\u0159edchoz\u00edch \u010dl\u00e1nk\u016f se Marek Coufal pokusil na z\u00e1klad\u011b materi\u00e1l\u016f, kter\u00e9 m\u011bstsk\u00e1 rada p\u0159ed jedn\u00e1n\u00edm poskytla, popsat, co vlastn\u011b radnice chyst\u00e1. Jeho rozbor si m\u016f\u017eete p\u0159e\u010d\u00edst <a href=\"https:\/\/libcickekrizovatky.cz\/?p=15878\"><span style=\"text-decoration: underline;\">zde<\/span><\/a>. \u0158ada otazn\u00edk\u016f v\u0161ak z\u016fstala, a&nbsp;proto\u017ee jsme cht\u011bli v\u011bd\u011bt, o&nbsp;\u010dem hlasujeme, tak jsme se ptali:<\/p>\n<ul>\n<li><strong><i>K \u010demu a&nbsp;komu bude d\u016fm slou\u017eit a&nbsp;jak budou tedy vypadat jeho vnit\u0159n\u00ed dispozice? Jak spln\u00edme specifick\u00e9 po\u017eadavky vypl\u00fdvaj\u00edc\u00ed z&nbsp;dota\u010dn\u00edho titulu, kdy\u017e p\u016fvodn\u011b p\u0159edstaven\u00e1 n\u00e1pl\u0148 domu je s&nbsp;nimi v&nbsp;rozporu?\u00a0<\/i><\/strong><\/li>\n<\/ul>\n<p>Rozumnou odpov\u011b\u010f jsme nedostali. Z\u00e1stupce zpracovatele \u017e\u00e1dosti mluv\u00ed o&nbsp;koze, radn\u00ed o&nbsp;voze. Jen\u017ee do odevzd\u00e1n\u00ed \u017e\u00e1dosti zb\u00fdv\u00e1 p\u00e1r dn\u00ed!<\/p>\n<p><center><br \/>\n<iframe width=\"500\" height=\"281\" src=\"https:\/\/www.youtube.com\/embed\/2NUAiXEU9pw?feature=oembed\" frameborder=\"0\" allowfullscreen><\/iframe><br \/>\n<span style=\"color: #ffffff;\">_<\/span><\/center><\/p>\n<ul>\n<li><strong><i>Pro\u010d maj\u00ed zastupitel\u00e9 rozhodnout bez podklad\u016f a&nbsp;pod \u010dasov\u00fdm tlakem?<\/i><\/strong><i> V\u00fdzva byla zve\u0159ejn\u011bna u\u017e v&nbsp;dubnu a, jak jsme se na jedn\u00e1n\u00ed od zpracovatele \u017e\u00e1dosti dozv\u011bd\u011bli, stejn\u00e1 dota\u010dn\u00ed p\u0159\u00edle\u017eitost bude s&nbsp;nejv\u011bt\u0161\u00ed pravd\u011bpodobnost\u00ed za rok znovu?<\/i><\/li>\n<\/ul>\n<p>No dobr\u00e1, toto nebyl dotaz, sp\u00ed\u0161e zvol\u00e1n\u00ed.<\/p>\n<ul>\n<li><i><strong>M\u011bsto m\u00e1 n\u011bkolik obecn\u00edch objekt\u016f (zmi\u0148me koupali\u0161t\u011b) a&nbsp;o&nbsp;dal\u0161\u00edch uva\u017euje &#8211; koncertn\u00ed s\u00ed\u0148 na zahrad\u011b ZU\u0160, t\u011blocvi\u010dna pro \u0161kolu, sportovn\u00ed hala<\/strong> (ano, v&nbsp;tomto p\u0159\u00edpad\u011b jde o&nbsp;z\u00e1m\u011br Sokola nicm\u00e9n\u011b s&nbsp;p\u0159isl\u00edbenou finan\u010dn\u00ed podporou m\u011bsta). Nab\u00eddku na vyu\u017eit\u00ed dal\u0161\u00edho, i&nbsp;kdy\u017e priv\u00e1tn\u00edho objektu, nov\u011b zrekonstruovan\u00e9 Kotelny v&nbsp;are\u00e1lu \u0161roub\u00e1rny, veden\u00ed m\u011bsta pr\u00e1v\u011b obdr\u017eelo. <strong>Jak tyto z\u00e1m\u011bry m\u011bstsk\u00e1 rada koordinuje?<\/strong><\/i><\/li>\n<\/ul>\n<p>V reakci na dotaz, jak se zkoordinuje stavba komunitn\u00edho domu se stavbou sportovn\u00ed haly v&nbsp;are\u00e1lu sokola, kterou m\u011bsto rovn\u011b\u017e p\u0159isl\u00edbilo podpo\u0159it, pan starosta navrhuje, \u017ee to ostatn\u00edm \u0159ekne &#8220;a\u017e potom&#8221; (kdo by si nevzpomn\u011bl na cimrmanovsk\u00e9: <em>Podep\u00ed\u0161eme to a\u017e po&nbsp;\u010daji!<\/em>), navrhuje debatu ukon\u010dit a&nbsp;p\u0159ej\u00edt k&nbsp;hlasov\u00e1n\u00ed. Po&nbsp;tazatelov\u011b nal\u00e9h\u00e1n\u00ed pan radn\u00ed Urb\u00e1nek dokonce p\u0159ich\u00e1z\u00ed s&nbsp;n\u00e1zorem, \u017ee z\u00edsk\u00e1n\u00edm dotace na komunitn\u00ed\u00a0d\u016fm se situace se stavbou sportovn\u00ed haly uleh\u010d\u00ed (sic!). A&nbsp;debata je ukon\u010dena\u00a0podstatn\u00fdm:\u00a0<i>\u201eUr\u010dit\u011b ano!\u201c.<\/i><\/p>\n<p><center><br \/>\n<iframe src=\"https:\/\/www.youtube.com\/embed\/lCQ6bAogm2g?rel=0\" width=\"560\" height=\"315\" frameborder=\"0\" allowfullscreen=\"allowfullscreen\"><\/iframe><\/center><br \/>\nP\u0159esto\u017ee jsme jednozna\u010dn\u011b pro posilov\u00e1n\u00ed finan\u010dn\u00edch zdroj\u016f m\u011bsta skrze dotace, tento z\u00e1m\u011br je bohu\u017eel zcela nep\u0159ipraven\u00fd. Nen\u00ed jasn\u00e9, komu m\u00e1 komunitn\u00ed centrum alias m\u011bstsk\u00fd d\u016fm slou\u017eit, kdo, jak a&nbsp;s&nbsp;jak\u00fdmi n\u00e1klady jej bude provozovat a&nbsp;nadto si nejsme jisti, \u017ee by m\u011blo vyr\u016fst zrovna uprost\u0159ed hlavn\u00ed lib\u010dick\u00e9 k\u0159i\u017eovatky. Jasn\u011b n\u00e1\u0161 postoj shrnula Petra Pele\u0161kov\u00e1.<\/p>\n<p><center><br \/>\n<iframe width=\"500\" height=\"281\" src=\"https:\/\/www.youtube.com\/embed\/7ypNWac7TBk?feature=oembed\" frameborder=\"0\" allowfullscreen><\/iframe><br \/>\n<span style=\"color: #ffffff;\">_<\/span><\/center><br \/>\nA&nbsp;jak to dopadlo? P\u0159es n\u00e1ro\u010dnou diskuzi a&nbsp;\u0159adu nezodpov\u011bzen\u00fdch ot\u00e1zek a&nbsp;z\u0159ejm\u00fdch rozpor\u016f koalice rozhodla, \u017ee \u017e\u00e1dost o&nbsp;dotaci na v\u00fdstavbu \u201ekomunitn\u00edho centra\u201c na n\u00e1m\u011bst\u00ed pod\u00e1na bude.<\/p>\n<h2>Krok sun krok vzad<\/h2>\n<p>V bod\u011b 1 jedn\u00e1n\u00ed zastupitelstva si koalice tedy odhlasovala vybudov\u00e1n\u00ed komunitn\u00edho centra uprost\u0159ed lib\u010dick\u00e9ho n\u00e1m\u011bst\u00ed. Vrhn\u011bme se tedy p\u0159izp\u016fsobit t\u00e9to vidin\u011b v\u0161e pot\u0159ebn\u00e9. Pan starosta se sice v&nbsp;\u00favodu sna\u017eil protivn\u00edka zm\u00e1st a&nbsp;vytrvale opakoval, \u017ee architektonickou sout\u011b\u017e na komplexn\u00ed p\u0159em\u011bnu n\u00e1m\u011bst\u00ed si opravdu p\u0159eje, le\u010d b\u011bhem jedn\u00e1n\u00ed postupn\u011b\u00a0odhaloval podstatu j\u00edm a&nbsp;ostatn\u00edmi radn\u00edmi p\u0159edlo\u017een\u00e9ho n\u00e1vrhu, kter\u00fd \u0159\u00edkal \u00fapln\u00fd opak.<\/p>\n<p><center><br \/>\n<iframe src=\"https:\/\/www.youtube.com\/embed\/EE5AXawM354?rel=0\" width=\"560\" height=\"315\" frameborder=\"0\" allowfullscreen=\"allowfullscreen\"><\/iframe><\/center><br \/>\nVra\u0165me se ale k&nbsp;j\u00e1dru probl\u00e9mu. M\u011bstsk\u00e1 rada opravdu navrhla zru\u0161it zah\u00e1jenou p\u0159\u00edpravu na vyhl\u00e1\u0161en\u00ed architektonick\u00e9 sout\u011b\u017ee. V&nbsp;pr\u016fb\u011bhu diskuze d\u00e1le vy\u0161lo najevo, \u017ee v&nbsp;z\u00e1sadn\u00ed kolizi je tak\u00e9 dal\u0161\u00ed ji\u017e d\u0159\u00edve schv\u00e1len\u00e9 usnesen\u00ed schvaluj\u00edc\u00ed n\u00e1kup on\u011bch dvou dom\u016f na n\u00e1m\u011bst\u00ed, na jejich\u017e m\u00edst\u011b m\u00e1 b\u00fdt komunitn\u00ed centrum postaveno. Souhlas s&nbsp;koup\u00ed dom\u016f byl toti\u017e podm\u00edn\u011bn v\u00fdsledkem architektonick\u00e9 sout\u011b\u017ee. Pro koupi dom\u016f pak hlasovali i&nbsp;n\u011bkte\u0159\u00ed opozi\u010dn\u00ed zastupitel\u00e9, a&nbsp;ti se nyn\u00ed pr\u00e1vem pova\u017euj\u00ed postupem\u00a0koalice oklam\u00e1ni\u00a0&#8211; stejn\u011b jako i&nbsp;jejich voli\u010di.<\/p>\n<p><center><br \/>\n<iframe src=\"https:\/\/www.youtube.com\/embed\/hK8tb-3KN6M?rel=0\" width=\"560\" height=\"315\" frameborder=\"0\" allowfullscreen=\"allowfullscreen\"><\/iframe><\/center><br \/>\nZastupitelka za Lib\u011bhrad pr\u00e1vni\u010dka pan\u00ed JUDr. Lu\u017eov\u00e1 se sna\u017eila naj\u00edt z&nbsp;t\u00e9to patov\u00e9 situace v\u00fdchodisko a&nbsp;navrhla tedy zru\u0161it tak\u00e9 \u010d\u00e1st usnesen\u00ed o&nbsp;koupi dom\u016f, kter\u00e9 tuto podm\u00ednku stanovuje.<\/p>\n<p><center><br \/>\n<iframe src=\"https:\/\/www.youtube.com\/embed\/KEYk0U2lX1c?rel=0\" width=\"560\" height=\"315\" frameborder=\"0\" allowfullscreen=\"allowfullscreen\"><\/iframe><\/center><br \/>\nAby to bylo \u00fapln\u011b \u010dist\u00e9, p\u0159ipomn\u011bli jsme radn\u00edm je\u0161t\u011b t\u0159et\u00ed pozapomenut\u00e9 a&nbsp;nespln\u011bn\u00e9 usnesen\u00ed, kter\u00fdm zastupitel\u00e9 radu m\u011bsta pov\u011b\u0159ili k&nbsp;prov\u011b\u0159en\u00ed mo\u017enosti vyhl\u00e1sit architektonickou sout\u011b\u017e. To jsme prosadili na za\u010d\u00e1tku l\u00e9ta 2016 a&nbsp;t\u00edm v\u0161echny \u201enep\u0159\u00edjemnosti\u201c pro radu m\u011bsta vlastn\u011b za\u010daly.<\/p>\n<p><center><br \/>\n<iframe src=\"https:\/\/www.youtube.com\/embed\/Bv6E9kY3i_s?rel=0\" width=\"560\" height=\"315\" frameborder=\"0\" allowfullscreen=\"allowfullscreen\"><\/iframe><\/center><br \/>\nOmlouv\u00e1m se za\u00a0zde zn\u011bj\u00edc\u00ed a&nbsp;pro n\u011bkoho snad nevhodn\u011b ironick\u00fd t\u00f3n, le\u010d zoufalstv\u00ed absurdn\u00edho jedn\u00e1n\u00ed trvalo ji\u017e t\u0159et\u00ed hodinu. To z\u00e1sadn\u00ed, co by nem\u011blo zapadnout, je n\u00e1\u0161 st\u00e1le opakovan\u00fd d\u016fraz na nutnou d\u016fkladnou p\u0159\u00edpravu s&nbsp;p\u0159isp\u011bn\u00edm odborn\u00e9 i&nbsp;laick\u00e9 ve\u0159ejnosti. Na\u0161e snaha snad nevy\u0161la napr\u00e1zdno a&nbsp;odpov\u00edd\u00e1 tomu i&nbsp;v\u00fdsledek hlasov\u00e1n\u00ed. N\u00e1vrh na zru\u0161en\u00ed architektonick\u00e9 sout\u011b\u017ee na revitalizaci n\u00e1m\u011bst\u00ed Svobody nakonec nepro\u0161el.<\/p>\n<h2>Co bude d\u00e1l? Nev\u00edme&#8230;<\/h2>\n<p>Jak\u00e9 kroky m\u011bst\u0161t\u00ed radn\u00ed nyn\u00ed podniknou, to si nejsme jisti. Pod\u00e1n\u00ed \u017e\u00e1dosti o&nbsp;dotaci na komunitn\u00ed centrum je schv\u00e1leno.\u00a0Z\u00e1rove\u0148 plat\u00ed, \u017ee se s&nbsp;m\u00edstem pl\u00e1novan\u00e9 stavby se nepohne, dokud nebudou zn\u00e1my v\u00fdsledky architektonick\u00e9 sout\u011b\u017ee, s&nbsp;jej\u00ed\u017e p\u0159\u00edpravou by se nem\u011blo ot\u00e1let.<\/p>\n<p>V \u00favodn\u00edku aktu\u00e1ln\u00edho \u010d\u00edsla Lib\u010dick\u00fdch novin starosta p\u00ed\u0161e, \u017ee\u00a0a\u010d se koalice sna\u017eila p\u0159ipravit v\u0161e pot\u0159ebn\u00e9, pro projekt komunitn\u00edho domu se\u00a0<em>&#8220;bohu\u017eel nepoda\u0159ilo naj\u00edt mezi zastupiteli pot\u0159ebnou shodu&#8221;<\/em>.\u00a0 Kdo \u010dte pozorn\u011b,\u00a0ur\u010dit\u011b ch\u00e1pe, \u017ee tak to nebylo. Koalice si pod\u00e1n\u00ed \u017e\u00e1dosti o&nbsp;dotaci schv\u00e1lila, jenom se nedok\u00e1zala vymotat ze s\u00edt\u011b sv\u00fdch p\u0159edchoz\u00edch z\u00e1vazk\u016f. Nebo se mo\u017en\u00e1 nepoda\u0159ilo dokon\u010dit p\u0159\u00edpravu \u017e\u00e1dosti, ostatn\u011b \u010dasu na to bylo opravdu m\u00e1lo. Bohu\u017eel zde op\u011bt vid\u00edme chybu v&nbsp;tom, \u017ee my\u0161lenka na stavbu nov\u00e9ho objektu, by\u0165 t\u0159eba pot\u0159ebn\u00e9ho, nevych\u00e1z\u00ed z&nbsp;\u017e\u00e1dn\u00e9 anal\u00fdzy pot\u0159eb, strategick\u00e9ho pl\u00e1nov\u00e1n\u00ed a&nbsp;diskuse s&nbsp;odborn\u00edky a&nbsp;ve\u0159ejnost\u00ed. P\u016fsob\u00ed jako okam\u017eit\u00fd n\u00e1pad typu &#8220;postavme si to, kdy\u017e na to m\u00e1me&#8221;.<\/p>\n<p>Jan Farsk\u00fd, l\u00eddr politick\u00e9ho hnut\u00ed Starostov\u00e9 a&nbsp;nez\u00e1visl\u00fd, \u0159ekl v&nbsp;ned\u00e1vn\u00e9m rozhovoru pro DVTV, \u017ee:<i>\u201eka\u017ed\u00fd starosta v\u00ed, \u017ee pokud chce, aby jeho obec dlouhodob\u011b prosperovala, tak mus\u00ed m\u00edt dlouhodobou vizi. A&nbsp;pokud ji nem\u00e1, je to ode zdi ke zdi. Jedno zastupitelstvo zru\u0161\u00ed to, co zavedlo p\u0159edchoz\u00ed, za obrovsk\u00fdch n\u00e1klad\u016f zav\u00e1d\u00ed n\u011bco dal\u0161\u00edho, aby to dal\u0161\u00ed, kter\u00e9 nastoup\u00ed, toto zase zru\u0161ilo.\u201c<\/i><\/p>\n<p>Starostu s&nbsp;dlouhodobou viz\u00ed Lib\u010dice bohu\u017eel nemaj\u00ed.<\/p>\n<p>Pozn\u00e1mka na z\u00e1v\u011br &#8211; cel\u00fd z\u00e1znam z&nbsp;jedn\u00e1n\u00ed zastupitelstva si m\u016f\u017eete poslechnout v&nbsp;jin\u00e9m \u010dl\u00e1nku zde na Lib\u010dick\u00fdch k\u0159i\u017eovatk\u00e1ch &#8211;\u00a0<span style=\"text-decoration: underline;\"><a href=\"https:\/\/libcickekrizovatky.cz\/?p=16438\" target=\"_blank\">https:\/\/libcickekrizovatky.cz\/?p=16438<\/a><\/span><\/p>\n<p style=\"text-align: right;\"><em><a href=\"https:\/\/libcickekrizovatky.cz\/?p=442\"><span style=\"text-decoration: underline;\">Tereza Nehasilov\u00e1<\/span><\/a>, zastupitelka za Lib\u010dick\u00fd ob\u010dansk\u00fd spolek LOS<\/em><\/p>\n","protected":false},"excerpt":{"rendered":"<p>Lib\u010di\u010dt\u00ed radn\u00ed si usmysleli, \u017ee na n\u00e1m\u011bst\u00ed, l\u00e9pe \u0159e\u010deno na k\u0159i\u017eovatce naproti \u00fa\u0159adu, postav\u00ed novou obecn\u00ed budovu \u2013 komunitn\u00ed centrum nebo tak\u00e9 m\u011bstsk\u00fd d\u016fm. A&nbsp;rozhodli se, \u017ee\u00a0tomuto n\u00e1padu\u00a0p\u0159izp\u016fsob\u00ed v\u0161e a&nbsp;za ka\u017edou cenu. Zru\u0161\u00ed sliby, kter\u00e9 dali ve\u0159ejnosti (p\u0159i&nbsp;ve\u0159ejn\u00e9m p\u0159edstaven\u00ed sv\u00fdch pl\u00e1n\u016f na ja\u0159e lo\u0148sk\u00e9ho roku, i&nbsp;ty z&nbsp;vlastn\u00edho p\u0159edvolebn\u00edho programu), ohnou z\u00e1vazn\u00e1 usnesen\u00ed zastupitelstva \u010di&nbsp;[&hellip;]<\/p>\n","protected":false},"author":4,"featured_media":0,"comment_status":"open","ping_status":"open","sticky":false,"template":"","format":"standard","meta":[],"categories":[4,111],"tags":[863,467,121],"_links":{"self":[{"href":"https:\/\/libcickekrizovatky.cz\/index.php?rest_route=\/wp\/v2\/posts\/16486"}],"collection":[{"href":"https:\/\/libcickekrizovatky.cz\/index.php?rest_route=\/wp\/v2\/posts"}],"about":[{"href":"https:\/\/libcickekrizovatky.cz\/index.php?rest_route=\/wp\/v2\/types\/post"}],"author":[{"embeddable":true,"href":"https:\/\/libcickekrizovatky.cz\/index.php?rest_route=\/wp\/v2\/users\/4"}],"replies":[{"embeddable":true,"href":"https:\/\/libcickekrizovatky.cz\/index.php?rest_route=%2Fwp%2Fv2%2Fcomments&post=16486"}],"version-history":[{"count":34,"href":"https:\/\/libcickekrizovatky.cz\/index.php?rest_route=\/wp\/v2\/posts\/16486\/revisions"}],"predecessor-version":[{"id":16527,"href":"https:\/\/libcickekrizovatky.cz\/index.php?rest_route=\/wp\/v2\/posts\/16486\/revisions\/16527"}],"wp:attachment":[{"href":"https:\/\/libcickekrizovatky.cz\/index.php?rest_route=%2Fwp%2Fv2%2Fmedia&parent=16486"}],"wp:term":[{"taxonomy":"category","embeddable":true,"href":"https:\/\/libcickekrizovatky.cz\/index.php?rest_route=%2Fwp%2Fv2%2Fcategories&post=16486"},{"taxonomy":"post_tag","embeddable":true,"href":"https:\/\/libcickekrizovatky.cz\/index.php?rest_route=%2Fwp%2Fv2%2Ftags&post=16486"}],"curies":[{"name":"wp","href":"https:\/\/api.w.org\/{rel}","templated":true}]}}