{"id":16503,"date":"2017-10-18T09:53:19","date_gmt":"2017-10-18T07:53:19","guid":{"rendered":"http:\/\/libcickekrizovatky.cz\/?p=16503"},"modified":"2017-10-18T10:00:34","modified_gmt":"2017-10-18T08:00:34","slug":"casopis-intro-kotelna-libcice-nad-vltavou","status":"publish","type":"post","link":"https:\/\/libcickekrizovatky.cz\/?p=16503","title":{"rendered":"\u010casopis INTRO: Kotelna Lib\u010dice nad Vltavou"},"content":{"rendered":"<p><center><br \/>\n<iframe src=\"https:\/\/player.vimeo.com\/video\/231074012\" width=\"600\" height=\"338\" frameborder=\"0\" allowfullscreen=\"allowfullscreen\"><\/iframe><\/center>&nbsp;<\/p>\n<p>Psal se rok 1872, kdy\u017e nedaleko hlavn\u00edho m\u011bsta, v\u00a0Lib\u010dic\u00edch nad Vltavou, vznikla \u0161roub\u00e1rna. Vyr\u00e1b\u011bla spojovac\u00ed sou\u010d\u00e1sti za tepla a&nbsp;za studena a&nbsp;s\u00a0p\u0159ib\u00fdvaj\u00edc\u00edmi lety zauj\u00edmala velmi v\u00fdznamn\u00e9 m\u00edsto v\u00a0regionu. Postupn\u011b pro\u0161la nejen obdob\u00edm sv\u011btov\u00fdch v\u00e1lek, ale rovn\u011b\u017e zest\u00e1tn\u011bn\u00edm, nepoda\u0159enou privatizac\u00ed, konkurzem i\u00a0tis\u00edciletou povodn\u00ed, kter\u00e1 are\u00e1l zas\u00e1hla v\u00a0roce 2002.<!--more--><\/p>\n<h3>Rekonstrukce kotelny<\/h3>\n<p>V obdob\u00ed nejv\u011bt\u0161\u00edho rozmachu, po&nbsp;roce 1948, zam\u011bstn\u00e1vala \u0161roub\u00e1rna p\u0159es 1&nbsp;000 pracovn\u00edk\u016f a&nbsp;vyv\u00e1\u017eela tis\u00edce tun sv\u00fdch v\u00fdrobk\u016f do cel\u00e9 Evropy. Po&nbsp;privatizaci se po\u010dty zam\u011bstnanc\u016f za\u010daly sni\u017eovat a&nbsp;po&nbsp;povodn\u00edch jich zbylo p\u0159ibli\u017en\u011b 100. V\u00a0letech 2008-2009 do\u0161lo k\u00a0v\u00fdrazn\u00e9mu poklesu v\u00fdroby a&nbsp;po\u010det zam\u011bstnanc\u016f byl sn\u00ed\u017een je\u0161t\u011b na polovinu.<\/p>\n<p>M\u00edsto o\u00a0rozloze 17 ha, kde d\u0159\u00edve po&nbsp;odhouk\u00e1n\u00ed konce sm\u011bny proudily z\u00e1stupy lid\u00ed, pustlo a&nbsp;tehdej\u0161\u00ed zastupitel\u00e9 m\u011bsta si s\u00a0n\u00edm nev\u011bd\u011bli rady. Kdy\u017e se objevil investor, oslovili architekta Patrika Hoffmana, zda by posoudil, jestli m\u00e1 takov\u00e1 investice smysl. Tomu se l\u00edbila nejen dobr\u00e1 dostupnost Prahy, ale i\u00a0um\u00edst\u011bn\u00ed u\u00a0Vltavy a&nbsp;vlakov\u00e9ho n\u00e1dra\u017e\u00ed. Nav\u00edc oproti v\u00fdstavb\u011b na zelen\u00e9 louce m\u011bl are\u00e1l velmi silnou historii, hotovou infrastrukturu a&nbsp;\u00fa\u017easn\u00fd p\u0159\u00edrodn\u00ed kontext. Byl sice zanedban\u00fd a&nbsp;opu\u0161t\u011bn\u00fd, ale sk\u00fdtal obrovsk\u00fd potenci\u00e1l.<\/p>\n<p>Bohu\u017eel se tenkr\u00e1t investor s\u00a0majitelem nedohodli, p\u0159i\u0161la ekonomick\u00e1 krize, a&nbsp;tak za\u010dal Patrik Hoffman drobnou iniciac\u00ed v\u00a0podob\u011b rekonstrukce Uheln\u00e9ho ml\u00fdnu s\u00e1m. Dnes v\u00a0are\u00e1lu rekonstruuje i\u00a0kotelnu a&nbsp;popelov\u00e9 silo, a&nbsp;proto\u017ee hlavn\u00edm materi\u00e1lem, kter\u00fd je zde historicky pou\u017eit, je cihla (t\u00e9ma t\u0159et\u00edho vyd\u00e1n\u00ed \u010dasopisu INTRO), vydal jsem se Lib\u010dic nad Vltavou osobn\u011b.<\/p>\n<h3>Are\u00e1l \u0160roub\u00e1rny Lib\u010dice<\/h3>\n<p>Moje prvn\u00ed kroky vedly do Uheln\u00e9ho ml\u00fdna, jen\u017e byl kdysi sou\u010d\u00e1st\u00ed kotelny, stoj\u00edc\u00ed jen o\u00a0kousek d\u00e1l. Do 50.&nbsp;let se tu mlelo uhl\u00ed na uheln\u00fd prach. Kdy\u017e budova p\u0159estala tuto funkci plnit, byla dopln\u011bna o\u00a0ocelovou konstrukci, nastavena o\u00a0podla\u017e\u00ed a&nbsp;stala se skladem kancel\u00e1\u0159sk\u00e9ho vybaven\u00ed. Dnes je s\u00a0minim\u00e1ln\u00edmi z\u00e1sahy revitalizov\u00e1na a&nbsp;nach\u00e1z\u00ed se zde ateli\u00e9r Patrika Hoffmana, showroom GUBI a&nbsp;galerie sou\u010dasn\u00e9ho um\u011bn\u00ed ARTO. To v\u0161e zast\u0159e\u0161uje spole\u010dnost UM &#8211; Uheln\u00fd Ml\u00fdn. Rekonstrukc\u00ed Uheln\u00e9ho ml\u00fdna cht\u011bl architekt d\u00e1t impuls k\u00a0o\u017eiven\u00ed are\u00e1lu. Kdy\u017e ji v\u0161ak provedl, velmi brzy mu do\u0161lo, \u017ee pokud v\u0161e z\u016fstane jen u\u00a0ml\u00fdna, je to \u0161patn\u011b. Uv\u011bdomil si, jak d\u016fle\u017eit\u00e9 je m\u00edt pod kontrolou nejen samotnou stavbu, ale i\u00a0bezprost\u0159edn\u00ed okol\u00ed. M\u00edt jistotu, \u017ee sem nep\u0159ijde n\u011bkdo, kdo tu to cel\u00e9 zkaz\u00ed.<\/p>\n<h3>Vstupujeme do kotelny<\/h3>\n<p>&#8220;Kotelna m\u00e1 svoji historii a&nbsp;skl\u00e1d\u00e1 se ze dvou v\u00fdvojov\u00fdch f\u00e1z\u00ed &#8211; ze dvou budov. Ta prvn\u00ed, star\u0161\u00ed je z\u00a0roku 1880 a&nbsp;ta nov\u011bj\u0161\u00ed je odrazem rozvoje \u0161roub\u00e1rny a&nbsp;dr\u00e1tovny. V\u00a0roce 1921 byl na kom\u00edn p\u0159istav\u011bn vodojem a&nbsp;v\u00a0roce 1928 zjistili, \u017ee jim st\u00e1vaj\u00edc\u00ed kotelna nesta\u010d\u00ed, a&nbsp;tak k\u00a0n\u00ed p\u0159istav\u011bli novou, v\u011bt\u0161\u00ed a&nbsp;se dv\u011bma kotli,&#8221;\u00a0popisuje architekt.<\/p>\n<p>V\u017edy, kdy\u017e sem p\u0159i\u0161el, bylo mu dob\u0159e. A&nbsp;i\u00a0kdy\u017e dovnit\u0159 pr\u0161elo, v\u011bd\u011bl, \u017ee by byla ohromn\u00e1 \u0161koda nechat stavbu zni\u010dit. Podlaha byla zarostl\u00e1 plevelem a&nbsp;v\u00e1lely se tu p\u0159epravky se \u0161rouby. Na fas\u00e1d\u011b je je\u0161t\u011b dnes vid\u011bt, \u017ee tu bylo klasick\u00e9 pr\u016f\u010del\u00ed a&nbsp;\u017ee sem v\u011bt\u0161\u00ed kotelnu p\u0159istav\u011bli. O\u00a0kousek d\u00e1l jsou otvory v\u00a0podlaze, kter\u00fdmi lze spat\u0159it kou\u0159ovody vedouc\u00edch zpod budovy a\u017e do kom\u00edna. S\u00a0kou\u0159ovody architekti z\u00e1m\u011brn\u011b pracuj\u00ed a&nbsp;hodlaj\u00ed je zakr\u00fdt pouze sklem, aby byly vid\u011bt.<\/p>\n<div class=\"gallery gallery-columns-2 gallery-size-medium rps-image-gallery-format-default rps-image-gallery-theme-default rps-image-gallery-columns-no-responsive rps-image-gallery rps-image-gallery-masonry rps-image-gallery-no-heading rps-image-gallery-no-caption rps-image-gallery-no-social \" style=\"text-align:left\" pageSize=\"0\" currentPage=\"0\" ><ul class=\"background-thumbnails\"><li class=\"gallery-item gallery-item-begin-row\"><div class=\"gallery-icon landscape\"><a rel=\"rps-image-group-16503\" href=\"https:\/\/libcickekrizovatky.cz\/content\/uploads\/2017\/10\/01_Kotelna_Libcice_rekonstrukceBOYS-PLAY-NICE.jpg\" title=\"&amp;lt;div class=&amp;quot;fancybox-title-caption&amp;quot;&amp;gt;&amp;lt;p&amp;gt;Kotelna, foto: Andrea Thiel Lhot\u00e1kov\u00e1&amp;lt;\/p&amp;gt;\n&amp;lt;\/div&amp;gt;\"><img src=\"https:\/\/libcickekrizovatky.cz\/content\/uploads\/2017\/10\/01_Kotelna_Libcice_rekonstrukceBOYS-PLAY-NICE-300x225.jpg\" alt=\"Kotelna, foto: Andrea Thiel Lhot\u00e1kov\u00e1\" title=\"Kotelna, foto: Andrea Thiel Lhot\u00e1kov\u00e1\" class=\"attachment-thumbnail\" width=\"300\" height=\"225\" srcset=\"https:\/\/libcickekrizovatky.cz\/content\/uploads\/2017\/10\/01_Kotelna_Libcice_rekonstrukceBOYS-PLAY-NICE-300x225.jpg 300w, https:\/\/libcickekrizovatky.cz\/content\/uploads\/2017\/10\/01_Kotelna_Libcice_rekonstrukceBOYS-PLAY-NICE-768x576.jpg 768w, https:\/\/libcickekrizovatky.cz\/content\/uploads\/2017\/10\/01_Kotelna_Libcice_rekonstrukceBOYS-PLAY-NICE-1024x768.jpg 1024w, https:\/\/libcickekrizovatky.cz\/content\/uploads\/2017\/10\/01_Kotelna_Libcice_rekonstrukceBOYS-PLAY-NICE.jpg 1800w\" sizes=\"(max-width: 300px) 100vw, 300px\"><\/a><\/div><\/li><li class=\"gallery-item gallery-item-end-row\"><div class=\"gallery-icon landscape\"><a rel=\"rps-image-group-16503\" href=\"https:\/\/libcickekrizovatky.cz\/content\/uploads\/2017\/10\/22538667_1459258014157253_3876909465651362648_o.jpg\" title=\"&amp;lt;div class=&amp;quot;fancybox-title-caption&amp;quot;&amp;gt;&amp;lt;p&amp;gt;Kotelna, foto: Andrea Thiel Lhot\u00e1kov\u00e1&amp;lt;\/p&amp;gt;\n&amp;lt;\/div&amp;gt;\"><img src=\"https:\/\/libcickekrizovatky.cz\/content\/uploads\/2017\/10\/22538667_1459258014157253_3876909465651362648_o-300x200.jpg\" alt=\"Kotelna, foto: Andrea Thiel Lhot\u00e1kov\u00e1\" title=\"Kotelna, foto: Andrea Thiel Lhot\u00e1kov\u00e1\" class=\"attachment-thumbnail\" width=\"300\" height=\"200\" srcset=\"https:\/\/libcickekrizovatky.cz\/content\/uploads\/2017\/10\/22538667_1459258014157253_3876909465651362648_o-300x200.jpg 300w, https:\/\/libcickekrizovatky.cz\/content\/uploads\/2017\/10\/22538667_1459258014157253_3876909465651362648_o-768x512.jpg 768w, https:\/\/libcickekrizovatky.cz\/content\/uploads\/2017\/10\/22538667_1459258014157253_3876909465651362648_o-1024x683.jpg 1024w, https:\/\/libcickekrizovatky.cz\/content\/uploads\/2017\/10\/22538667_1459258014157253_3876909465651362648_o.jpg 1600w\" sizes=\"(max-width: 300px) 100vw, 300px\"><\/a><\/div><\/li><li class=\"gallery-item gallery-item-begin-row\"><div class=\"gallery-icon portrait\"><a rel=\"rps-image-group-16503\" href=\"https:\/\/libcickekrizovatky.cz\/content\/uploads\/2017\/10\/22540042_1459258197490568_6915910575610358546_n.jpg\" title=\"&amp;lt;div class=&amp;quot;fancybox-title-caption&amp;quot;&amp;gt;&amp;lt;p&amp;gt;Kotelna, foto: Andrea Thiel Lhot\u00e1kov\u00e1&amp;lt;\/p&amp;gt;\n&amp;lt;\/div&amp;gt;\"><img src=\"https:\/\/libcickekrizovatky.cz\/content\/uploads\/2017\/10\/22540042_1459258197490568_6915910575610358546_n-200x300.jpg\" alt=\"Kotelna, foto: Andrea Thiel Lhot\u00e1kov\u00e1\" title=\"Kotelna, foto: Andrea Thiel Lhot\u00e1kov\u00e1\" class=\"attachment-thumbnail\" width=\"200\" height=\"300\" srcset=\"https:\/\/libcickekrizovatky.cz\/content\/uploads\/2017\/10\/22540042_1459258197490568_6915910575610358546_n-200x300.jpg 200w, https:\/\/libcickekrizovatky.cz\/content\/uploads\/2017\/10\/22540042_1459258197490568_6915910575610358546_n.jpg 641w\" sizes=\"(max-width: 200px) 100vw, 200px\"><\/a><\/div><\/li><li class=\"gallery-item gallery-item-end-row\"><div class=\"gallery-icon portrait\"><a rel=\"rps-image-group-16503\" href=\"https:\/\/libcickekrizovatky.cz\/content\/uploads\/2017\/10\/03_Kotelna_Libcice_rekonstrukceBOYS-PLAY-NICE-1.jpg\" title=\"&amp;lt;div class=&amp;quot;fancybox-title-caption&amp;quot;&amp;gt;&amp;lt;p&amp;gt;Kotelna, foto: Andrea Thiel Lhot\u00e1kov\u00e1&amp;lt;\/p&amp;gt;\n&amp;lt;\/div&amp;gt;\"><img src=\"https:\/\/libcickekrizovatky.cz\/content\/uploads\/2017\/10\/03_Kotelna_Libcice_rekonstrukceBOYS-PLAY-NICE-1-200x300.jpg\" alt=\"Kotelna, foto: Andrea Thiel Lhot\u00e1kov\u00e1\" title=\"Kotelna, foto: Andrea Thiel Lhot\u00e1kov\u00e1\" class=\"attachment-thumbnail last\" width=\"200\" height=\"300\" srcset=\"https:\/\/libcickekrizovatky.cz\/content\/uploads\/2017\/10\/03_Kotelna_Libcice_rekonstrukceBOYS-PLAY-NICE-1-200x300.jpg 200w, https:\/\/libcickekrizovatky.cz\/content\/uploads\/2017\/10\/03_Kotelna_Libcice_rekonstrukceBOYS-PLAY-NICE-1-768x1152.jpg 768w, https:\/\/libcickekrizovatky.cz\/content\/uploads\/2017\/10\/03_Kotelna_Libcice_rekonstrukceBOYS-PLAY-NICE-1-683x1024.jpg 683w, https:\/\/libcickekrizovatky.cz\/content\/uploads\/2017\/10\/03_Kotelna_Libcice_rekonstrukceBOYS-PLAY-NICE-1.jpg 900w\" sizes=\"(max-width: 200px) 100vw, 200px\"><\/a><\/div><\/li><\/ul><\/div>\n<p>&#8220;A&nbsp;v\u00edte co? J\u00e1 v\u00e1s vezmu do kom\u00edna,&#8221;\u00a0rozhodl se architekt a&nbsp;nasm\u011broval na\u0161e kroky zp\u011bt do star\u00e9 budovy, ze kter\u00e9 vede schodi\u0161t\u011b do suter\u00e9nu. Kdy\u017e s\u00a0revitalizac\u00ed za\u010d\u00ednali, o\u00a0tomhle sklep\u011b vlastn\u011b ani nev\u011bd\u011bli. Nem\u011bli po\u0159\u00e1dnou dokumentaci, jen jej\u00ed fragmenty, a&nbsp;cel\u00e9 patro bylo zasyp\u00e1no.\u00a0&#8220;Postupn\u011b jsme ten bordel za\u010dali ru\u010dn\u011b vyn\u00e1\u0161et a&nbsp;zji\u0161\u0165ovat, jak obrovsk\u00fd prostor tady je. V\u00a0jednu chv\u00edli n\u00e1s p\u0159esv\u011bd\u010doval dokonce i\u00a0stavitel, abychom to nechali zasypan\u00e9, proto\u017ee to bude stra\u0161n\u011b drah\u00fd,&#8221;\u00a0vzpom\u00edn\u00e1 Patrik Hoffman. Kr\u00e1tce potom ale na\u0161t\u011bst\u00ed objevili p\u016fvodn\u00ed zazd\u011bn\u00fd otvor v\u00a0zadn\u00ed \u010d\u00e1sti suter\u00e9nu, kam mohli instalovat dopravn\u00edk. Venku tak za\u010daly vznikat prvn\u00ed hromady suti, kter\u00e9 nakonec naplnily p\u0159ibli\u017en\u011b 100 n\u00e1kladn\u00edch tater.<\/p>\n<p>Kdy\u017e se tu \u010dlov\u011bk rozhl\u00e9dne, zjist\u00ed, \u017ee v\u0161echny konstrukce jsou vlastn\u011b p\u016fvodn\u00ed. Vede tu litinov\u00e1 trubka p\u0159es sto let star\u00e1, kterou st\u00e1le te\u010de u\u017eitkov\u00e1 voda k\u00a0vodojemu. V\u00a0rohu je v\u00fdtahov\u00e1 \u0161achta, kterou d\u011bln\u00edci tahali popel z\u00a0kotl\u016f, dokud nep\u0159e\u0161li na dopravn\u00edkov\u00fd zp\u016fsob vyv\u00e1\u017een\u00ed popele. A&nbsp;je tu i\u00a0oblast v\u00fdsypky.<\/p>\n<p>Kone\u010dn\u011b se dost\u00e1v\u00e1me ke kom\u00ednu. V\u00a0dob\u011b, kdy byl vystav\u011bn, zde vl\u00e1dla rodina Fischer\u016f, kter\u00e1 v\u00a0Lib\u010dic\u00edch vlastnila cihelnu a&nbsp;krom\u011b toho, \u017ee vyr\u00e1b\u011bla cihly, postavila i\u00a0v\u00edce ne\u017e 1&nbsp;000 tov\u00e1rensk\u00fdch kom\u00edn\u016f po&nbsp;cel\u00e9 \u010cesk\u00e9 republice, respektive \u010ceskoslovensku.<\/p>\n<p>&#8220;Tady aplikovali i\u00a0prvn\u00ed patent, kdy na st\u00e1vaj\u00edc\u00ed kom\u00edn dodate\u010dn\u011b postavili z\u00e1sobn\u00edk vody,&#8221;\u00a0popisuje stavbu Patrik Hoffman, zat\u00edmco vstupujeme do kou\u0159ovod\u016f, u\u00a0kter\u00fdch jsou vid\u011bt kr\u00e1sn\u00e9 detaily ciheln\u00e9 skladby. Je zde i\u00a0slep\u00e1 uli\u010dka s\u00a08 otvory, kter\u00e9 kdysi slou\u017eily bu\u010f jako kou\u0159ovody, nebo jimi byl odeb\u00edr\u00e1n popel. N\u00e1sledn\u011b vystupujeme zp\u00e1tky po&nbsp;schodech a&nbsp;proch\u00e1z\u00edme starou budovou, kde by m\u011bla b\u00fdt v\u00a0budoucnu restaurace.<\/p>\n<div class=\"gallery gallery-columns-2 gallery-size-medium rps-image-gallery-format-default rps-image-gallery-theme-default rps-image-gallery-columns-no-responsive rps-image-gallery rps-image-gallery-masonry rps-image-gallery-no-heading rps-image-gallery-no-caption rps-image-gallery-no-social \" style=\"text-align:left\" pageSize=\"0\" currentPage=\"0\" ><ul class=\"background-thumbnails\"><li class=\"gallery-item gallery-item-begin-row\"><div class=\"gallery-icon landscape\"><a rel=\"rps-image-group-16503\" href=\"https:\/\/libcickekrizovatky.cz\/content\/uploads\/2017\/10\/re05.jpg\" title=\"&amp;lt;div class=&amp;quot;fancybox-title-caption&amp;quot;&amp;gt;&amp;lt;p&amp;gt;Vizualizace prostoru budouc\u00ed restaurace, Ateli\u00e9r Hoffman&amp;lt;\/p&amp;gt;\n&amp;lt;\/div&amp;gt;\"><img src=\"https:\/\/libcickekrizovatky.cz\/content\/uploads\/2017\/10\/re05-300x300.jpg\" alt=\"Vizualizace prostoru budouc\u00ed restaurace, Ateli\u00e9r Hoffman\" title=\"Vizualizace prostoru budouc\u00ed restaurace, Ateli\u00e9r Hoffman\" class=\"attachment-thumbnail\" width=\"300\" height=\"300\" srcset=\"https:\/\/libcickekrizovatky.cz\/content\/uploads\/2017\/10\/re05-300x300.jpg 300w, https:\/\/libcickekrizovatky.cz\/content\/uploads\/2017\/10\/re05-250x250.jpg 250w, https:\/\/libcickekrizovatky.cz\/content\/uploads\/2017\/10\/re05-768x768.jpg 768w, https:\/\/libcickekrizovatky.cz\/content\/uploads\/2017\/10\/re05.jpg 1024w\" sizes=\"(max-width: 300px) 100vw, 300px\"><\/a><\/div><\/li><li class=\"gallery-item gallery-item-end-row\"><div class=\"gallery-icon landscape\"><a rel=\"rps-image-group-16503\" href=\"https:\/\/libcickekrizovatky.cz\/content\/uploads\/2017\/10\/re01.jpg\" title=\"&amp;lt;div class=&amp;quot;fancybox-title-caption&amp;quot;&amp;gt;&amp;lt;p&amp;gt;Vizualizace prostoru budouc\u00ed restaurace, Ateli\u00e9r Hoffman&amp;lt;\/p&amp;gt;\n&amp;lt;\/div&amp;gt;\"><img src=\"https:\/\/libcickekrizovatky.cz\/content\/uploads\/2017\/10\/re01-300x300.jpg\" alt=\"Vizualizace prostoru budouc\u00ed restaurace, Ateli\u00e9r Hoffman\" title=\"Vizualizace prostoru budouc\u00ed restaurace, Ateli\u00e9r Hoffman\" class=\"attachment-thumbnail last\" width=\"300\" height=\"300\" srcset=\"https:\/\/libcickekrizovatky.cz\/content\/uploads\/2017\/10\/re01-300x300.jpg 300w, https:\/\/libcickekrizovatky.cz\/content\/uploads\/2017\/10\/re01-250x250.jpg 250w, https:\/\/libcickekrizovatky.cz\/content\/uploads\/2017\/10\/re01-768x768.jpg 768w, https:\/\/libcickekrizovatky.cz\/content\/uploads\/2017\/10\/re01.jpg 1024w\" sizes=\"(max-width: 300px) 100vw, 300px\"><\/a><\/div><\/li><\/ul><\/div>\n<p><em>Pozn. redakce: P\u0159\u00ed\u0161t\u00ed \u010dtvrtek 26.&nbsp;\u0159\u00edjna m\u00e1te mo\u017enost do nov\u011b zrekonstruovan\u00e9 Kotelny nahl\u00e9dnout. Budova bude <a href=\"https:\/\/libcickekrizovatky.cz\/?ai1ec_event=slavnostni-otevreni-zrekonstruovane-kotelny&amp;instance_id=2453\"><span style=\"text-decoration: underline;\">slavnostn\u011b otev\u0159ena<\/span><\/a>. A&nbsp;za\u010d\u00edn\u00e1 se v&nbsp;17 hod. Spolu se slavnostn\u00edm otev\u0159en\u00edm budovy prob\u011bhne i&nbsp;<a href=\"http:\/\/arto.to\/aktuality\/gwenael-morice-rozbal-obal\/\"><span style=\"text-decoration: underline;\">vernis\u00e1\u017e v\u00fdstavy\u00a0Gw\u00e9na Morice<\/span><\/a> &#8220;Rozbal obal&#8221;. V&nbsp;ned\u011bli 2.&nbsp;prosince se pak m\u016f\u017eete t\u011b\u0161it na prom\u00edt\u00e1n\u00ed adrenalinov\u00fdch film\u016f v&nbsp;r\u00e1mci festivalu <a href=\"https:\/\/libcickekrizovatky.cz\/?ai1ec_event=snow-film-fest-17&amp;instance_id=2294\"><span style=\"text-decoration: underline;\">Snow Film Fest<\/span><\/a> a&nbsp;ve\u010der na <a href=\"https:\/\/libcickekrizovatky.cz\/?ai1ec_event=katarzia&amp;instance_id=2462\"><span style=\"text-decoration: underline;\">koncert<\/span><\/a> slovensk\u00e9 zp\u011bva\u010dky Katarzie. Oboj\u00ed prob\u011bhne v\u00a0 p\u016fsobiv\u00fdch prostorech sklepen\u00ed Kotelny.<\/em><\/p>\n<hr \/>\n<p style=\"text-align: right;\"><em>Text p\u0159evzat s&nbsp;laskav\u00fdm svolen\u00edm autora z&nbsp;\u010dasopisu INTRO. Fotografie p\u0159ed rekonstrukc\u00ed, zaj\u00edmav\u00e9 detaily \u010di&nbsp;\u0159ezy a&nbsp;pokra\u010dov\u00e1n\u00ed \u010dl\u00e1nku v\u00a0podob\u011b rozhovoru s\u00a0Patrikem Hoffmanem, naleznete <a href=\"http:\/\/www.archiweb.cz\/library.php?type=19&amp;kind=1&amp;action=show&amp;id=1694\"><span style=\"text-decoration: underline;\">ve t\u0159et\u00edm vyd\u00e1n\u00ed<\/span><\/a>.\u00a0\u00a0<\/em><\/p>\n","protected":false},"excerpt":{"rendered":"<p>&nbsp; Psal se rok 1872, kdy\u017e nedaleko hlavn\u00edho m\u011bsta, v\u00a0Lib\u010dic\u00edch nad Vltavou, vznikla \u0161roub\u00e1rna. Vyr\u00e1b\u011bla spojovac\u00ed sou\u010d\u00e1sti za tepla a&nbsp;za studena a&nbsp;s\u00a0p\u0159ib\u00fdvaj\u00edc\u00edmi lety zauj\u00edmala velmi v\u00fdznamn\u00e9 m\u00edsto v\u00a0regionu. Postupn\u011b pro\u0161la nejen obdob\u00edm sv\u011btov\u00fdch v\u00e1lek, ale rovn\u011b\u017e zest\u00e1tn\u011bn\u00edm, nepoda\u0159enou privatizac\u00ed, konkurzem i\u00a0tis\u00edciletou povodn\u00ed, kter\u00e1 are\u00e1l zas\u00e1hla v\u00a0roce 2002.<\/p>\n","protected":false},"author":43,"featured_media":0,"comment_status":"open","ping_status":"open","sticky":false,"template":"","format":"standard","meta":[],"categories":[885,192],"tags":[884,117],"_links":{"self":[{"href":"https:\/\/libcickekrizovatky.cz\/index.php?rest_route=\/wp\/v2\/posts\/16503"}],"collection":[{"href":"https:\/\/libcickekrizovatky.cz\/index.php?rest_route=\/wp\/v2\/posts"}],"about":[{"href":"https:\/\/libcickekrizovatky.cz\/index.php?rest_route=\/wp\/v2\/types\/post"}],"author":[{"embeddable":true,"href":"https:\/\/libcickekrizovatky.cz\/index.php?rest_route=\/wp\/v2\/users\/43"}],"replies":[{"embeddable":true,"href":"https:\/\/libcickekrizovatky.cz\/index.php?rest_route=%2Fwp%2Fv2%2Fcomments&post=16503"}],"version-history":[{"count":18,"href":"https:\/\/libcickekrizovatky.cz\/index.php?rest_route=\/wp\/v2\/posts\/16503\/revisions"}],"predecessor-version":[{"id":16579,"href":"https:\/\/libcickekrizovatky.cz\/index.php?rest_route=\/wp\/v2\/posts\/16503\/revisions\/16579"}],"wp:attachment":[{"href":"https:\/\/libcickekrizovatky.cz\/index.php?rest_route=%2Fwp%2Fv2%2Fmedia&parent=16503"}],"wp:term":[{"taxonomy":"category","embeddable":true,"href":"https:\/\/libcickekrizovatky.cz\/index.php?rest_route=%2Fwp%2Fv2%2Fcategories&post=16503"},{"taxonomy":"post_tag","embeddable":true,"href":"https:\/\/libcickekrizovatky.cz\/index.php?rest_route=%2Fwp%2Fv2%2Ftags&post=16503"}],"curies":[{"name":"wp","href":"https:\/\/api.w.org\/{rel}","templated":true}]}}