{"id":16624,"date":"2017-10-26T08:36:02","date_gmt":"2017-10-26T06:36:02","guid":{"rendered":"http:\/\/libcickekrizovatky.cz\/?p=16624"},"modified":"2017-10-26T08:36:02","modified_gmt":"2017-10-26T06:36:02","slug":"podzimni-dilny-a-jarmark-venecky-pernicky-stanecky","status":"publish","type":"post","link":"https:\/\/libcickekrizovatky.cz\/?p=16624","title":{"rendered":"Podzimn\u00ed d\u00edlny a&nbsp;jarmark: V\u011bne\u010dky, pern\u00ed\u010dky, st\u00e1ne\u010dky"},"content":{"rendered":"<div style=\"float: left; margin: 10px;\"><a href=\"https:\/\/libcickekrizovatky.cz\/content\/uploads\/2017\/10\/1600x1200-IMG_3285.jpg\"><img loading=\"lazy\" class=\"alignleft wp-image-16655\" src=\"https:\/\/libcickekrizovatky.cz\/content\/uploads\/2017\/10\/1600x1200-IMG_3285-300x225.jpg\" alt=\"Foto: Ji\u0159\u00ed Demel\" width=\"240\" height=\"180\" srcset=\"https:\/\/libcickekrizovatky.cz\/content\/uploads\/2017\/10\/1600x1200-IMG_3285-300x225.jpg 300w, https:\/\/libcickekrizovatky.cz\/content\/uploads\/2017\/10\/1600x1200-IMG_3285-768x576.jpg 768w, https:\/\/libcickekrizovatky.cz\/content\/uploads\/2017\/10\/1600x1200-IMG_3285-1024x768.jpg 1024w, https:\/\/libcickekrizovatky.cz\/content\/uploads\/2017\/10\/1600x1200-IMG_3285.jpg 1600w\" sizes=\"(max-width: 240px) 100vw, 240px\" \/><\/a><\/div>\n<p>Kalend\u00e1\u0159\u00a0p\u0159edv\u00e1no\u010dn\u00edch kulturn\u00edch i&nbsp;tvo\u0159iv\u00fdch aktivit se u&nbsp;n\u00e1s v&nbsp;Lib\u010dic\u00edch ka\u017ed\u00fdm rokem v\u00edce a&nbsp;v\u00edce napl\u0148uje. Na sv\u011bdom\u00ed to maj\u00ed\u00a0\u0161koly, \u0161kolky (i&nbsp;ty komunitn\u00ed \u010di&nbsp;soukrom\u00e9), divadeln\u00edci, muzikanti, farn\u00edci a&nbsp;dokonce i&nbsp;sportovci. N\u00e1\u0161 spolek spolu s&nbsp;dal\u0161\u00edmi spol\u010den\u00fdmi spolky k&nbsp;t\u00e9 nep\u0159ebern\u00e9 nab\u00eddce pravideln\u011b p\u0159isp\u00edv\u00e1 ji\u017e tradi\u010dn\u00edmi tvo\u0159iv\u00fdmi d\u00edlnami a&nbsp;od lo\u0148ska tak\u00e9 v\u00e1no\u010dn\u00edm jarmarkem. Toto ohl\u00e9dnut\u00ed za akcemi minul\u00fdmi p\u0159ijm\u011bte jako pozv\u00e1nku na akce, kter\u00e9 se tak jako p\u0159edv\u00e1no\u010dn\u00ed \u010das kvapem bl\u00ed\u017e\u00ed. <!--more--><\/p>\n<h3>Tvo\u0159\u00edme<\/h3>\n<p>D\u00edlna na v\u00fdrobu adventn\u00edch v\u011bnc\u016f m\u00e1 sv\u00e9 ko\u0159eny na Plov\u00e1rn\u011b, a&nbsp;to v&nbsp;dob\u011b, kdy ji spravovala firma Accon. Tv\u016fr\u010d\u00ed d\u00edlny rozhodn\u011b nebyly hlavn\u00ed \u010dinnost\u00ed t\u00e9to poradensk\u00e9 firmy, Accon se v\u0161ak sna\u017eil vytvo\u0159it z&nbsp;koupali\u0161t\u011b m\u00edsto, kter\u00e9 bude \u017e\u00edt i&nbsp;mimo letn\u00ed sez\u00f3nu. D\u00edlny pod veden\u00edm Karol\u00edny Belyu\u0161ov\u00e9 byly jednou z&nbsp;cest. Plov\u00e1rna vyho\u0159ela a&nbsp;ohe\u0148 vzal i&nbsp;Karol\u00edninu d\u00edlni\u010dku, ale tradice spole\u010dn\u00e9ho vit\u00ed v\u011bnc\u016f n\u00e1m z\u016fstala.<\/p>\n<div class=\"gallery gallery-columns-3 gallery-size-thumbnail rps-image-gallery-format-default rps-image-gallery-theme-default rps-image-gallery-columns-responsive rps-image-gallery rps-image-gallery-masonry rps-image-gallery-no-heading rps-image-gallery-no-caption rps-image-gallery-no-social \" style=\"text-align:left\" pageSize=\"0\" currentPage=\"0\" ><ul class=\"background-thumbnails\"><li class=\"gallery-item gallery-item-begin-row\"><div class=\"gallery-icon landscape\"><a rel=\"rps-image-group-16624\" href=\"https:\/\/libcickekrizovatky.cz\/content\/uploads\/2017\/10\/IMG_1026.jpg\" title=\"&amp;lt;div class=&amp;quot;fancybox-title-caption&amp;quot;&amp;gt;&amp;lt;p&amp;gt;D\u00edlna, to nen\u00ed jen pr\u00e1ce.&amp;lt;\/p&amp;gt;\n&amp;lt;\/div&amp;gt;\"><img src=\"https:\/\/libcickekrizovatky.cz\/content\/uploads\/2017\/10\/IMG_1026-250x250.jpg\" alt=\"D\u00edlna, to nen\u00ed jen pr\u00e1ce.\" title=\"D\u00edlna, to nen\u00ed jen pr\u00e1ce.\" class=\"attachment-thumbnail\" width=\"250\" height=\"250\" sizes=\"(max-width: 250px) 100vw, 250px\"><\/a><\/div><\/li><li class=\"gallery-item \"><div class=\"gallery-icon landscape\"><a rel=\"rps-image-group-16624\" href=\"https:\/\/libcickekrizovatky.cz\/content\/uploads\/2017\/10\/20151127_191304.jpg\" title=\"&amp;lt;div class=&amp;quot;fancybox-title-caption&amp;quot;&amp;gt;&amp;lt;p&amp;gt;Disko atmosf\u00e9ra v u\u017e b\u00fdval\u00e9 restauraci Na N\u00e1dra\u017e\u00ed.&amp;lt;\/p&amp;gt;\n&amp;lt;\/div&amp;gt;\"><img src=\"https:\/\/libcickekrizovatky.cz\/content\/uploads\/2017\/10\/20151127_191304-250x250.jpg\" alt=\"20151127_191304\" title=\"20151127_191304\" class=\"attachment-thumbnail\" width=\"250\" height=\"250\" sizes=\"(max-width: 250px) 100vw, 250px\"><\/a><\/div><\/li><li class=\"gallery-item gallery-item-end-row\"><div class=\"gallery-icon landscape\"><a rel=\"rps-image-group-16624\" href=\"https:\/\/libcickekrizovatky.cz\/content\/uploads\/2017\/10\/DSC_0053.jpg\" title=\"&amp;lt;div class=&amp;quot;fancybox-title-caption&amp;quot;&amp;gt;&amp;lt;p&amp;gt;V\u011bne\u010dek pro babi\u010dku. Kter\u00fdpak hodn\u00fd synovec jej vytvo\u0159il?&amp;lt;\/p&amp;gt;\n&amp;lt;\/div&amp;gt;\"><img src=\"https:\/\/libcickekrizovatky.cz\/content\/uploads\/2017\/10\/DSC_0053-250x250.jpg\" alt=\"DSC_0053\" title=\"DSC_0053\" class=\"attachment-thumbnail\" width=\"250\" height=\"250\" sizes=\"(max-width: 250px) 100vw, 250px\"><\/a><\/div><\/li><li class=\"gallery-item gallery-item-begin-row\"><div class=\"gallery-icon landscape\"><a rel=\"rps-image-group-16624\" href=\"https:\/\/libcickekrizovatky.cz\/content\/uploads\/2017\/10\/DSC_0045.jpg\" title=\"&amp;lt;div class=&amp;quot;fancybox-title-caption&amp;quot;&amp;gt;&amp;lt;p&amp;gt;Such\u00e9 plody a barevn\u00fd sisal.&amp;lt;\/p&amp;gt;\n&amp;lt;\/div&amp;gt;\"><img src=\"https:\/\/libcickekrizovatky.cz\/content\/uploads\/2017\/10\/DSC_0045-250x250.jpg\" alt=\"DSC_0045\" title=\"DSC_0045\" class=\"attachment-thumbnail\" width=\"250\" height=\"250\" sizes=\"(max-width: 250px) 100vw, 250px\"><\/a><\/div><\/li><li class=\"gallery-item \"><div class=\"gallery-icon landscape\"><a rel=\"rps-image-group-16624\" href=\"https:\/\/libcickekrizovatky.cz\/content\/uploads\/2017\/10\/IMG_1019.jpg\" title=\"&amp;lt;div class=&amp;quot;fancybox-title-caption&amp;quot;&amp;gt;&amp;lt;p&amp;gt;Tv\u016fr\u010d\u00ed atmosf\u00e9ra v Kulturn\u00edm dom\u011b&amp;lt;\/p&amp;gt;\n&amp;lt;\/div&amp;gt;\"><img src=\"https:\/\/libcickekrizovatky.cz\/content\/uploads\/2017\/10\/IMG_1019-250x250.jpg\" alt=\"IMG_1019\" title=\"IMG_1019\" class=\"attachment-thumbnail\" width=\"250\" height=\"250\" sizes=\"(max-width: 250px) 100vw, 250px\"><\/a><\/div><\/li><li class=\"gallery-item gallery-item-end-row\"><div class=\"gallery-icon landscape\"><a rel=\"rps-image-group-16624\" href=\"https:\/\/libcickekrizovatky.cz\/content\/uploads\/2017\/10\/IMG_4712.jpg\" title=\"&amp;lt;div class=&amp;quot;fancybox-title-caption&amp;quot;&amp;gt;&amp;lt;p&amp;gt;A v\u00fdsledek, kter\u00fd ozdob\u00ed v\u00e1\u0161 st\u016fl nebo vchod.&amp;lt;\/p&amp;gt;\n&amp;lt;\/div&amp;gt;\"><img src=\"https:\/\/libcickekrizovatky.cz\/content\/uploads\/2017\/10\/IMG_4712-250x250.jpg\" alt=\"IMG_4712\" title=\"IMG_4712\" class=\"attachment-thumbnail last\" width=\"250\" height=\"250\" sizes=\"(max-width: 250px) 100vw, 250px\"><\/a><\/div><\/li><\/ul><\/div>\n<p>Hledali jsme pro d\u00edlnu nov\u00e9 m\u00edsto, jednou jsme pletli dokonce i&nbsp;v&nbsp;b\u00fdval\u00e9 restauraci Na N\u00e1dra\u017e\u00ed, pak jsme se vr\u00e1tili do opraven\u00e9 budovy restaurace na koupali\u0161ti, ale v\u011bt\u0161inou n\u00e1s strp\u011bli na chodb\u011b Kulturn\u00edho domu. Tam budeme i&nbsp;letos. \u201eStrp\u011bli\u201c p\u00ed\u0161i proto, \u017ee hlavn\u00ed p\u0159ednost\u00ed adventn\u00ed d\u00edlny je to, \u017ee si domov nezanesete jehli\u010d\u00edm. V\u011btvi\u010dky, jehli\u010d\u00ed, \u0161i\u0161ti\u010dky, odst\u0159i\u017eky a&nbsp;jin\u00e9 \u00falomky p\u0159\u00edrodnin z\u016fst\u00e1vaj\u00ed tam, kde se d\u00edlo tvo\u0159\u00ed. Spole\u010dn\u011b chyst\u00e1me, spole\u010dn\u011b tvo\u0159\u00edme, spole\u010dn\u011b likvidujeme \u201e\u0161kody\u201c.<\/p>\n<p>Letos se sejdeme ve \u010dtvrtek 30.&nbsp;listopadu, p\u0159ed prvn\u00ed adventn\u00ed ned\u011bl\u00ed op\u011bt v&nbsp;Kulturn\u00edm dom\u011b. P\u0159iprav\u00edme chvoj\u00ed, korpusy, sv\u00ed\u010dky, stuhy, dr\u00e1ty, ozdoby p\u0159\u00edrodn\u00ed i&nbsp;jen ty p\u0159\u00edrodu napodobuj\u00edc\u00ed. Pro ty z&nbsp;v\u00e1s, kter\u00e9 budou posp\u00edchat, nachyst\u00e1me u\u017e hotov\u00e9 zelen\u00e9 v\u011bnce, kter\u00e9 si jen dle vlastn\u00edch p\u0159edstav dozdob\u00edte. A&nbsp;mo\u017en\u00e1 p\u0159ijde i&nbsp;Karol\u00edna a&nbsp;vykouzl\u00ed ma\u0161le.<\/p>\n<div style=\"float: left; margin: 10px;\"><a href=\"https:\/\/libcickekrizovatky.cz\/content\/uploads\/2017\/10\/v\u011bnce-2017.jpg\"><img loading=\"lazy\" class=\"alignleft wp-image-16664\" src=\"https:\/\/libcickekrizovatky.cz\/content\/uploads\/2017\/10\/v\u011bnce-2017-212x300.jpg\" width=\"200\" height=\"283\" srcset=\"https:\/\/libcickekrizovatky.cz\/content\/uploads\/2017\/10\/v\u011bnce-2017-212x300.jpg 212w, https:\/\/libcickekrizovatky.cz\/content\/uploads\/2017\/10\/v\u011bnce-2017.jpg 643w\" sizes=\"(max-width: 200px) 100vw, 200px\" \/><\/a><\/div>\n<h3>Setk\u00e1v\u00e1me se<\/h3>\n<p>Loni jsme poprv\u00e9 ve spolupr\u00e1ci s&nbsp;evangelickou farnost\u00ed uspo\u0159\u00e1dali jarmark na farn\u00ed zahrad\u011b. Akce to byla p\u0159\u00edjemn\u00e1, i&nbsp;kdy\u017e bylo chladno. Na zahrad\u011b jsme postavili n\u011bkolik stan\u016f, h\u0159\u00e1li jsme se k\u00e1vou Longberry a&nbsp;horkou medovinou z&nbsp;Dolu, pov\u00eddali si u&nbsp;p\u0159enosn\u00fdch oh\u0148\u016f, proch\u00e1zeli se po&nbsp;zahrad\u011b a&nbsp;vyb\u00edrali kr\u00e1sn\u00e9 d\u00e1rky od \u0161ikovn\u00fdch tv\u016frc\u016f. V&nbsp;kostele n\u00e1m zazp\u00edvala Scandula a&nbsp;host\u00e9 z&nbsp;pra\u017esk\u00e9ho gymnazi\u00e1ln\u00edho sboru Repetice. Atmosf\u00e9ru doladil hust\u00fd pichlav\u00fd smr\u010dek ze zahrady pan\u00ed Boh\u00e1\u010dkov\u00e9, kter\u00fd pro n\u00e1s pok\u00e1cel Filip Jaru\u0161ek, stojan mu vyrobil Honza Pt\u00e1\u010dek a&nbsp;pern\u00edky z&nbsp;kart\u00f3nu ozdobily \u017dabi\u010dky (d\u011bti z&nbsp;lib\u010dick\u00e9 \u0161kolky). I&nbsp;pro n\u011b to byl jist\u011b zvl\u00e1\u0161tn\u00ed z\u00e1\u017eitek, kdy\u017e se mohly jedno p\u0159edv\u00e1no\u010dn\u00ed dopoledne j\u00edt s&nbsp;pan\u00ed u\u010ditelkou pod\u00edvat do kostela a&nbsp;samy stromek podle vlastn\u00edch p\u0159edstav ozdobit.<\/p>\n<div class=\"gallery gallery-columns-4 gallery-size-thumbnail rps-image-gallery-format-default rps-image-gallery-theme-default rps-image-gallery-columns-no-responsive rps-image-gallery rps-image-gallery-masonry rps-image-gallery-no-heading rps-image-gallery-no-caption rps-image-gallery-no-social \" style=\"text-align:left\" pageSize=\"0\" currentPage=\"0\" ><ul class=\"background-thumbnails\"><li class=\"gallery-item gallery-item-begin-row\"><div class=\"gallery-icon landscape\"><a rel=\"rps-image-group-16624\" href=\"https:\/\/libcickekrizovatky.cz\/content\/uploads\/2017\/10\/IMG_7432.jpg\" title=\"&amp;lt;div class=&amp;quot;fancybox-title-caption&amp;quot;&amp;gt;&amp;lt;p&amp;gt;Pozor! Pern\u00edky b\u00fdvaj\u00ed k\u0159ehk\u00e9&amp;lt;\/p&amp;gt;\n&amp;lt;\/div&amp;gt;\"><img src=\"https:\/\/libcickekrizovatky.cz\/content\/uploads\/2017\/10\/IMG_7432-250x250.jpg\" alt=\"Foto: Ji\u0159\u00ed Demel\" title=\"Foto: Ji\u0159\u00ed Demel\" class=\"attachment-thumbnail\" width=\"250\" height=\"250\" sizes=\"(max-width: 250px) 100vw, 250px\"><\/a><\/div><\/li><li class=\"gallery-item \"><div class=\"gallery-icon landscape\"><a rel=\"rps-image-group-16624\" href=\"https:\/\/libcickekrizovatky.cz\/content\/uploads\/2017\/10\/IMG_7434.jpg\" title=\"&amp;lt;div class=&amp;quot;fancybox-title-caption&amp;quot;&amp;gt;&amp;lt;p&amp;gt;\u017dabi\u010dky a jejich strome\u010dek&amp;lt;\/p&amp;gt;\n&amp;lt;\/div&amp;gt;\"><img src=\"https:\/\/libcickekrizovatky.cz\/content\/uploads\/2017\/10\/IMG_7434-250x250.jpg\" alt=\"Foto: Ji\u0159\u00ed Demel\" title=\"Foto: Ji\u0159\u00ed Demel\" class=\"attachment-thumbnail\" width=\"250\" height=\"250\" sizes=\"(max-width: 250px) 100vw, 250px\"><\/a><\/div><\/li><li class=\"gallery-item \"><div class=\"gallery-icon landscape\"><a rel=\"rps-image-group-16624\" href=\"https:\/\/libcickekrizovatky.cz\/content\/uploads\/2017\/10\/1600x1200-IMG_3386.jpg\" title=\"&amp;lt;div class=&amp;quot;fancybox-title-caption&amp;quot;&amp;gt;&amp;lt;p&amp;gt;Pra\u017esk\u00e1 Repetice&amp;lt;\/p&amp;gt;\n&amp;lt;\/div&amp;gt;\"><img src=\"https:\/\/libcickekrizovatky.cz\/content\/uploads\/2017\/10\/1600x1200-IMG_3386-250x250.jpg\" alt=\"Foto: Ji\u0159\u00ed Demel\" title=\"Foto: Ji\u0159\u00ed Demel\" class=\"attachment-thumbnail\" width=\"250\" height=\"250\" sizes=\"(max-width: 250px) 100vw, 250px\"><\/a><\/div><\/li><li class=\"gallery-item gallery-item-end-row\"><div class=\"gallery-icon landscape\"><a rel=\"rps-image-group-16624\" href=\"https:\/\/libcickekrizovatky.cz\/content\/uploads\/2017\/10\/1600x1200-IMG_3582.jpg\" title=\"&amp;lt;div class=&amp;quot;fancybox-title-caption&amp;quot;&amp;gt;&amp;lt;p&amp;gt;Scandula&amp;lt;\/p&amp;gt;\n&amp;lt;\/div&amp;gt;\"><img src=\"https:\/\/libcickekrizovatky.cz\/content\/uploads\/2017\/10\/1600x1200-IMG_3582-250x250.jpg\" alt=\"Foto: Ji\u0159\u00ed Demel\" title=\"Foto: Ji\u0159\u00ed Demel\" class=\"attachment-thumbnail\" width=\"250\" height=\"250\" sizes=\"(max-width: 250px) 100vw, 250px\"><\/a><\/div><\/li><li class=\"gallery-item gallery-item-begin-row\"><div class=\"gallery-icon landscape\"><a rel=\"rps-image-group-16624\" href=\"https:\/\/libcickekrizovatky.cz\/content\/uploads\/2017\/10\/1600x841-IMG_3649a.jpg\" title=\"&amp;lt;div class=&amp;quot;fancybox-title-caption&amp;quot;&amp;gt;&amp;lt;p&amp;gt;Ve\u010dern\u00ed atmosf\u00e9ra jarmarku&amp;lt;\/p&amp;gt;\n&amp;lt;\/div&amp;gt;\"><img src=\"https:\/\/libcickekrizovatky.cz\/content\/uploads\/2017\/10\/1600x841-IMG_3649a-250x250.jpg\" alt=\"Foto: Ji\u0159\u00ed Demel\" title=\"Foto: Ji\u0159\u00ed Demel\" class=\"attachment-thumbnail\" width=\"250\" height=\"250\" sizes=\"(max-width: 250px) 100vw, 250px\"><\/a><\/div><\/li><li class=\"gallery-item \"><div class=\"gallery-icon landscape\"><a rel=\"rps-image-group-16624\" href=\"https:\/\/libcickekrizovatky.cz\/content\/uploads\/2017\/10\/1600x1200-IMG_3270.jpg\" title=\"&amp;lt;div class=&amp;quot;fancybox-title-caption&amp;quot;&amp;gt;&amp;lt;p&amp;gt;Ko\u0161\u00edky z M\u011bln\u00edka&amp;lt;\/p&amp;gt;\n&amp;lt;\/div&amp;gt;\"><img src=\"https:\/\/libcickekrizovatky.cz\/content\/uploads\/2017\/10\/1600x1200-IMG_3270-250x250.jpg\" alt=\"Foto: Ji\u0159\u00ed Demel\" title=\"Foto: Ji\u0159\u00ed Demel\" class=\"attachment-thumbnail\" width=\"250\" height=\"250\" sizes=\"(max-width: 250px) 100vw, 250px\"><\/a><\/div><\/li><li class=\"gallery-item \"><div class=\"gallery-icon landscape\"><a rel=\"rps-image-group-16624\" href=\"https:\/\/libcickekrizovatky.cz\/content\/uploads\/2017\/10\/1600x1200-IMG_3265.jpg\" title=\"&amp;lt;div class=&amp;quot;fancybox-title-caption&amp;quot;&amp;gt;&amp;lt;p&amp;gt;Keramika z Lib\u010dic&amp;lt;\/p&amp;gt;\n&amp;lt;\/div&amp;gt;\"><img src=\"https:\/\/libcickekrizovatky.cz\/content\/uploads\/2017\/10\/1600x1200-IMG_3265-250x250.jpg\" alt=\"Foto: Ji\u0159\u00ed Demel\" title=\"Foto: Ji\u0159\u00ed Demel\" class=\"attachment-thumbnail\" width=\"250\" height=\"250\" sizes=\"(max-width: 250px) 100vw, 250px\"><\/a><\/div><\/li><li class=\"gallery-item gallery-item-end-row\"><div class=\"gallery-icon landscape\"><a rel=\"rps-image-group-16624\" href=\"https:\/\/libcickekrizovatky.cz\/content\/uploads\/2017\/10\/1600x1200-IMG_3250.jpg\" title=\"&amp;lt;div class=&amp;quot;fancybox-title-caption&amp;quot;&amp;gt;&amp;lt;p&amp;gt;Buchty z \u00dan\u011btic&amp;lt;\/p&amp;gt;\n&amp;lt;\/div&amp;gt;\"><img src=\"https:\/\/libcickekrizovatky.cz\/content\/uploads\/2017\/10\/1600x1200-IMG_3250-250x250.jpg\" alt=\"Foto: Ji\u0159\u00ed Demel\" title=\"Foto: Ji\u0159\u00ed Demel\" class=\"attachment-thumbnail last\" width=\"250\" height=\"250\" sizes=\"(max-width: 250px) 100vw, 250px\"><\/a><\/div><\/li><\/ul><\/div>\n<p>Leto\u0161n\u00ed jarmark spoj\u00edme s&nbsp;koncertem libereck\u00e9ho <a href=\"https:\/\/www.youtube.com\/watch?v=cOO1mmagUCs\"><span style=\"text-decoration: underline;\">p\u011bveck\u00e9ho sboru Fragium 16<\/span><\/a>, kter\u00fd nastudoval cyklus barokn\u00edch p\u00edsn\u00ed od Adama Michny z&nbsp;Otradovic \u201eLoutna \u010desk\u00e1\u201c. Jarmark tentokr\u00e1t zah\u00e1j\u00edme d\u0159\u00edve, u\u017e p\u0159ed ob\u011bdem, a&nbsp;vydr\u017e\u00edme do tmy. U\u017e nyn\u00ed m\u00e1me p\u0159isl\u00edbenou \u00fa\u010dast asi patn\u00e1cti v\u00fdrobc\u016f a&nbsp;prodejc\u016f kr\u00e1sn\u00fdch v\u011bc\u00ed, kter\u00e9 se mohou st\u00e1t va\u0161imi origin\u00e1ln\u00edmi v\u00e1no\u010dn\u00edmi d\u00e1rky.<\/p>\n<div style=\"float: right; margin: 10px;\"><a href=\"https:\/\/libcickekrizovatky.cz\/content\/uploads\/2017\/10\/koncert-jarmark.jpg\"><img loading=\"lazy\" class=\"alignleft wp-image-16662\" src=\"https:\/\/libcickekrizovatky.cz\/content\/uploads\/2017\/10\/koncert-jarmark-300x209.jpg\" width=\"240\" height=\"167\" srcset=\"https:\/\/libcickekrizovatky.cz\/content\/uploads\/2017\/10\/koncert-jarmark-300x209.jpg 300w, https:\/\/libcickekrizovatky.cz\/content\/uploads\/2017\/10\/koncert-jarmark-768x535.jpg 768w, https:\/\/libcickekrizovatky.cz\/content\/uploads\/2017\/10\/koncert-jarmark-1024x714.jpg 1024w, https:\/\/libcickekrizovatky.cz\/content\/uploads\/2017\/10\/koncert-jarmark.jpg 1372w\" sizes=\"(max-width: 240px) 100vw, 240px\" \/><\/a><\/div>\n<h3>Co bude letos nov\u00e9ho?<\/h3>\n<p>Na lo\u0148sk\u00e9m jarmarku jsme potkali pern\u00edk\u00e1\u0159ku Sv\u00e1\u0165u Podrazilovou z&nbsp;Roztok a&nbsp;domluvili se s&nbsp;n\u00ed, \u017ee n\u00e1s nau\u010d\u00ed zdobit pern\u00edky. Pern\u00edkov\u00e1 d\u00edlna je za dve\u0159mi, <a href=\"https:\/\/libcickekrizovatky.cz\/?ai1ec_event=tvoriva-dilna-perniky&amp;instance_id=2448\"><span style=\"text-decoration: underline;\">hlaste se zde<\/span><\/a>, abychom s&nbsp;p\u0159edstihem napekli dost pern\u00ed\u010dk\u016f. Poprv\u00e9 vyzkou\u0161\u00edme s&nbsp;laskav\u00fdm svolen\u00edm Andrey a&nbsp;Patrika Hoffmanov\u00fdch prostory <a href=\"https:\/\/uhelnymlyn.cz\/eshop\/cs\/content\/24-uhelny-mlyn\"><span style=\"text-decoration: underline;\">Uheln\u00e9ho ml\u00fdna<\/span><\/a>, kter\u00e9 u\u017e samy o&nbsp;sob\u011b stoj\u00ed za n\u00e1v\u0161t\u011bvu.<\/p>\n<div style=\"float: left; margin: 10px;\"><a href=\"https:\/\/libcickekrizovatky.cz\/content\/uploads\/2017\/10\/pern\u00edky2017.jpg\"><img loading=\"lazy\" class=\"alignleft wp-image-16665\" src=\"https:\/\/libcickekrizovatky.cz\/content\/uploads\/2017\/10\/pern\u00edky2017-212x300.jpg\" width=\"200\" height=\"283\" srcset=\"https:\/\/libcickekrizovatky.cz\/content\/uploads\/2017\/10\/pern\u00edky2017-212x300.jpg 212w, https:\/\/libcickekrizovatky.cz\/content\/uploads\/2017\/10\/pern\u00edky2017.jpg 642w\" sizes=\"(max-width: 200px) 100vw, 200px\" \/><\/a><\/div>\n<h3>Na z\u00e1v\u011br v\u00fdzva<\/h3>\n<p>Pokud by se mezi \u010dten\u00e1\u0159i na\u0161la sp\u0159\u00edzn\u011bn\u00e1 du\u0161e, kter\u00e1 by r\u00e1da s&nbsp;d\u00edlnou nebo s&nbsp;jarmarkem pomohla, ozv\u011bte se. Budeme su\u0161it, sb\u00edrat, chystat v\u011btve, organizovat a&nbsp;stav\u011bt stany. Loni n\u00e1s z\u00e1sobou skv\u011bl\u00e9ho jedlov\u00e9ho chvoj\u00ed obda\u0159ila maminka pan\u00ed Aleny \u0160\u00edchov\u00e9, \u010d\u00edm\u017eto j\u00ed je\u0161t\u011b jednou velmi d\u011bkujeme. I&nbsp;letos je budeme sh\u00e1n\u011bt. A&nbsp;pokud byste v\u011bd\u011bli o&nbsp;jehli\u010dnanu, kter\u00fd mus\u00ed b\u00fdt pok\u00e1cen, dejte n\u00e1m v\u011bd\u011bt. M\u016f\u017ee je\u0161t\u011b naposledy dob\u0159e poslou\u017eit. Nejlep\u0161\u00ed je jedle, ale na v\u011bnce lze pou\u017e\u00edt tak\u00e9 douglasku a&nbsp;nepohrdneme ani smrkem, ze kter\u00e9ho m\u016f\u017eeme vytvo\u0159it ozdobn\u00e9 girlandy.<\/p>\n<p style=\"text-align: right;\"><em>Tereza Nehasilov\u00e1 a&nbsp;Jana M\u00e1rov\u00e1<\/em><\/p>\n","protected":false},"excerpt":{"rendered":"<p>Kalend\u00e1\u0159\u00a0p\u0159edv\u00e1no\u010dn\u00edch kulturn\u00edch i&nbsp;tvo\u0159iv\u00fdch aktivit se u&nbsp;n\u00e1s v&nbsp;Lib\u010dic\u00edch ka\u017ed\u00fdm rokem v\u00edce a&nbsp;v\u00edce napl\u0148uje. Na sv\u011bdom\u00ed to maj\u00ed\u00a0\u0161koly, \u0161kolky (i&nbsp;ty komunitn\u00ed \u010di&nbsp;soukrom\u00e9), divadeln\u00edci, muzikanti, farn\u00edci a&nbsp;dokonce i&nbsp;sportovci. N\u00e1\u0161 spolek spolu s&nbsp;dal\u0161\u00edmi spol\u010den\u00fdmi spolky k&nbsp;t\u00e9 nep\u0159ebern\u00e9 nab\u00eddce pravideln\u011b p\u0159isp\u00edv\u00e1 ji\u017e tradi\u010dn\u00edmi tvo\u0159iv\u00fdmi d\u00edlnami a&nbsp;od lo\u0148ska tak\u00e9 v\u00e1no\u010dn\u00edm jarmarkem. Toto ohl\u00e9dnut\u00ed za akcemi minul\u00fdmi p\u0159ijm\u011bte jako pozv\u00e1nku na akce, [&hellip;]<\/p>\n","protected":false},"author":4,"featured_media":0,"comment_status":"open","ping_status":"open","sticky":false,"template":"","format":"standard","meta":[],"categories":[192],"tags":[720,203,890],"_links":{"self":[{"href":"https:\/\/libcickekrizovatky.cz\/index.php?rest_route=\/wp\/v2\/posts\/16624"}],"collection":[{"href":"https:\/\/libcickekrizovatky.cz\/index.php?rest_route=\/wp\/v2\/posts"}],"about":[{"href":"https:\/\/libcickekrizovatky.cz\/index.php?rest_route=\/wp\/v2\/types\/post"}],"author":[{"embeddable":true,"href":"https:\/\/libcickekrizovatky.cz\/index.php?rest_route=\/wp\/v2\/users\/4"}],"replies":[{"embeddable":true,"href":"https:\/\/libcickekrizovatky.cz\/index.php?rest_route=%2Fwp%2Fv2%2Fcomments&post=16624"}],"version-history":[{"count":26,"href":"https:\/\/libcickekrizovatky.cz\/index.php?rest_route=\/wp\/v2\/posts\/16624\/revisions"}],"predecessor-version":[{"id":16683,"href":"https:\/\/libcickekrizovatky.cz\/index.php?rest_route=\/wp\/v2\/posts\/16624\/revisions\/16683"}],"wp:attachment":[{"href":"https:\/\/libcickekrizovatky.cz\/index.php?rest_route=%2Fwp%2Fv2%2Fmedia&parent=16624"}],"wp:term":[{"taxonomy":"category","embeddable":true,"href":"https:\/\/libcickekrizovatky.cz\/index.php?rest_route=%2Fwp%2Fv2%2Fcategories&post=16624"},{"taxonomy":"post_tag","embeddable":true,"href":"https:\/\/libcickekrizovatky.cz\/index.php?rest_route=%2Fwp%2Fv2%2Ftags&post=16624"}],"curies":[{"name":"wp","href":"https:\/\/api.w.org\/{rel}","templated":true}]}}