{"id":16762,"date":"2017-11-08T08:20:25","date_gmt":"2017-11-08T07:20:25","guid":{"rendered":"http:\/\/libcickekrizovatky.cz\/?p=16762"},"modified":"2017-11-09T20:39:25","modified_gmt":"2017-11-09T19:39:25","slug":"o-cem-se-pise-jinde","status":"publish","type":"post","link":"https:\/\/libcickekrizovatky.cz\/?p=16762","title":{"rendered":"O \u010dem se p\u00ed\u0161e jinde"},"content":{"rendered":"<div style=\"float: left; margin: 10px;\"><a href=\"https:\/\/libcickekrizovatky.cz\/content\/uploads\/2017\/11\/logo.jpg\"><img loading=\"lazy\" class=\"alignleft wp-image-16777\" src=\"https:\/\/libcickekrizovatky.cz\/content\/uploads\/2017\/11\/logo.jpg\" width=\"85\" height=\"90\" \/><\/a><\/div>\n<p>Lib\u010dice jsou v&nbsp;posledn\u00edm t\u00fddnu v&nbsp;hled\u00e1\u010dku m\u00e9di\u00ed. M\u016f\u017ee za to pr\u00e1v\u011b otev\u0159en\u00e1 Kotelna, pl\u00e1novan\u00e1 z\u00e1stavba \u201ena hlin\u00edku\u201c, ale tak\u00e9 nov\u00fd pan u\u010ditel lib\u010dick\u00fdch prv\u0148\u00e1\u010dk\u016f.<br \/>\n&nbsp;<br \/>\n&nbsp;<br \/>\n<!--more--><\/p>\n<h2>MF Dnes, sobota 4.&nbsp;listopadu<\/h2>\n<p>Z\u00e1kladn\u00ed \u0161kola m\u00e1 od z\u00e1\u0159\u00ed nov\u00e9 posily. Jednou z&nbsp;nich je t\u0159\u00eddn\u00ed u\u010ditel 1.A pan Petr Michal\u00ed\u010dek, kter\u00fd krom\u011b lib\u010dick\u00fdch d\u011bt\u00ed zaujal i&nbsp;redaktorku MfDnes. Pana u\u010ditele maj\u00ed d\u011bti r\u00e1dy, na\u0161e jej \u0159ad\u00ed dokonce mezi &#8220;dva nejhodn\u011bj\u0161\u00ed&#8221;. M\u016f\u017eete tipovat, kdo je t\u00edm druh\u00fdm.<\/p>\n<p><a href=\"https:\/\/libcickekrizovatky.cz\/content\/uploads\/2017\/11\/V\u00fdst\u0159i\u017eek_MfDnes.jpg\"><img class=\"alignleft size-full wp-image-16763\" src=\"https:\/\/libcickekrizovatky.cz\/content\/uploads\/2017\/11\/V\u00fdst\u0159i\u017eek_MfDnes.jpg\" alt=\"Petr Michal\u00ed\u010dek v 1.A\" width=\"100%\" srcset=\"https:\/\/libcickekrizovatky.cz\/content\/uploads\/2017\/11\/V\u00fdst\u0159i\u017eek_MfDnes.jpg 723w, https:\/\/libcickekrizovatky.cz\/content\/uploads\/2017\/11\/V\u00fdst\u0159i\u017eek_MfDnes-240x300.jpg 240w\" sizes=\"(max-width: 723px) 100vw, 723px\" \/><\/a><\/p>\n<h2>aktualne.cz, ned\u011ble 5.&nbsp;listopadu<\/h2>\n<p>Kolem Kotelny se v&nbsp;posledn\u00ed dob\u011b to\u010d\u00ed v\u0161e. A&nbsp;dokonce se to\u010d\u00ed i&nbsp;v&nbsp;Koteln\u011b. V&nbsp;ned\u011bli tam byla <a href=\"http:\/\/www.ceskatelevize.cz\/ivysilani\/1097206490-udalosti-v-kulture\"><span style=\"text-decoration: underline;\">\u010cesk\u00e1 televize<\/span><\/a>, koncem \u0159\u00edjna se psalo <a href=\"https:\/\/magazin.aktualne.cz\/bydleni\/uhelny-trh\/r~767fb018baf211e7b128002590604f2e\/?_ga=2.199378094.1885653484.1510091409-2010478763.1489948584\"><span style=\"text-decoration: underline;\">o jej\u00edm otev\u0159en\u00ed<\/span><\/a> hned v&nbsp;n\u011bkolika tiskovin\u00e1ch a&nbsp;naposledy byla za\u0159azena mezi <a href=\"https:\/\/zpravy.aktualne.cz\/galerie-a-videa\/fotky-mesice-predvolebni-silenstvi-tym-dvtv-a-architekti-bez\/r~f9d6c98ac0a411e78bec0025900fea04\/?_ga=2.241904642.1885653484.1510091409-2010478763.1489948584\"><span style=\"text-decoration: underline;\">\u201efotky m\u011bs\u00edce\u201c<\/span><\/a> na aktualne.cz.<\/p>\n<p><a href=\"https:\/\/libcickekrizovatky.cz\/content\/uploads\/2017\/11\/aktu\u00e1ln\u011b_V\u00fdst\u0159i\u017eek-1.jpg\"><img class=\"alignleft size-full wp-image-16771\" src=\"https:\/\/libcickekrizovatky.cz\/content\/uploads\/2017\/11\/aktu\u00e1ln\u011b_V\u00fdst\u0159i\u017eek-1.jpg\" alt=\"aktu\u00e1ln\u011b_V\u00fdst\u0159i\u017eek\" width=\"100%\" srcset=\"https:\/\/libcickekrizovatky.cz\/content\/uploads\/2017\/11\/aktu\u00e1ln\u011b_V\u00fdst\u0159i\u017eek-1.jpg 756w, https:\/\/libcickekrizovatky.cz\/content\/uploads\/2017\/11\/aktu\u00e1ln\u011b_V\u00fdst\u0159i\u017eek-1-243x300.jpg 243w\" sizes=\"(max-width: 756px) 100vw, 756px\" \/><\/a><\/p>\n<p>&nbsp;<\/p>\n<h2>Pra\u017esk\u00fd den\u00edk, \u00fater\u00fd, 7.&nbsp;listopadu<\/h2>\n<p>A do t\u0159etice, Pra\u017esk\u00fd den\u00edk dnes objevil \u201eHlin\u00edk\u201c, t\u00edm rozbou\u0159il vlny lib\u010dick\u00e9ho Twitteru a&nbsp;spustil debatu na Facebooku. Rozs\u00e1hl\u00e9 pozemky nad Lib\u010dicemi, kter\u00e9 dosud pat\u0159ily developersk\u00e9 spole\u010dnosti CTR Group a.s., zm\u011bnily majitele. Nov\u00fdm vlastn\u00edkem je Skanska reality a.s. Cel\u00fd \u010dl\u00e1nek si p\u0159e\u010dt\u011bte <a href=\"https:\/\/prazsky.denik.cz\/z-regionu\/libcice-ceka-promena-vyroste-za-prahou-nove-sidliste-20171107.html\"><span style=\"text-decoration: underline;\">zde<\/span><\/a>.<\/p>\n<p><a href=\"https:\/\/libcickekrizovatky.cz\/content\/uploads\/2017\/11\/pden\u00edk_V\u00fdst\u0159i\u017eek.jpg\"><img class=\"alignleft size-full wp-image-16774\" src=\"https:\/\/libcickekrizovatky.cz\/content\/uploads\/2017\/11\/pden\u00edk_V\u00fdst\u0159i\u017eek.jpg\" alt=\"Pra\u017esk\u00fd den\u00edk_V\u00fdst\u0159i\u017eek\" width=\"100%\" srcset=\"https:\/\/libcickekrizovatky.cz\/content\/uploads\/2017\/11\/pden\u00edk_V\u00fdst\u0159i\u017eek.jpg 550w, https:\/\/libcickekrizovatky.cz\/content\/uploads\/2017\/11\/pden\u00edk_V\u00fdst\u0159i\u017eek-229x300.jpg 229w\" sizes=\"(max-width: 550px) 100vw, 550px\" \/><\/a>  <\/p>\n","protected":false},"excerpt":{"rendered":"<p>Lib\u010dice jsou v&nbsp;posledn\u00edm t\u00fddnu v&nbsp;hled\u00e1\u010dku m\u00e9di\u00ed. M\u016f\u017ee za to pr\u00e1v\u011b otev\u0159en\u00e1 Kotelna, pl\u00e1novan\u00e1 z\u00e1stavba \u201ena hlin\u00edku\u201c, ale tak\u00e9 nov\u00fd pan u\u010ditel lib\u010dick\u00fdch prv\u0148\u00e1\u010dk\u016f. &nbsp; &nbsp;<\/p>\n","protected":false},"author":4,"featured_media":0,"comment_status":"open","ping_status":"open","sticky":false,"template":"","format":"standard","meta":[],"categories":[1],"tags":[892,884,407],"_links":{"self":[{"href":"https:\/\/libcickekrizovatky.cz\/index.php?rest_route=\/wp\/v2\/posts\/16762"}],"collection":[{"href":"https:\/\/libcickekrizovatky.cz\/index.php?rest_route=\/wp\/v2\/posts"}],"about":[{"href":"https:\/\/libcickekrizovatky.cz\/index.php?rest_route=\/wp\/v2\/types\/post"}],"author":[{"embeddable":true,"href":"https:\/\/libcickekrizovatky.cz\/index.php?rest_route=\/wp\/v2\/users\/4"}],"replies":[{"embeddable":true,"href":"https:\/\/libcickekrizovatky.cz\/index.php?rest_route=%2Fwp%2Fv2%2Fcomments&post=16762"}],"version-history":[{"count":17,"href":"https:\/\/libcickekrizovatky.cz\/index.php?rest_route=\/wp\/v2\/posts\/16762\/revisions"}],"predecessor-version":[{"id":16785,"href":"https:\/\/libcickekrizovatky.cz\/index.php?rest_route=\/wp\/v2\/posts\/16762\/revisions\/16785"}],"wp:attachment":[{"href":"https:\/\/libcickekrizovatky.cz\/index.php?rest_route=%2Fwp%2Fv2%2Fmedia&parent=16762"}],"wp:term":[{"taxonomy":"category","embeddable":true,"href":"https:\/\/libcickekrizovatky.cz\/index.php?rest_route=%2Fwp%2Fv2%2Fcategories&post=16762"},{"taxonomy":"post_tag","embeddable":true,"href":"https:\/\/libcickekrizovatky.cz\/index.php?rest_route=%2Fwp%2Fv2%2Ftags&post=16762"}],"curies":[{"name":"wp","href":"https:\/\/api.w.org\/{rel}","templated":true}]}}