{"id":16858,"date":"2017-11-15T14:06:24","date_gmt":"2017-11-15T13:06:24","guid":{"rendered":"http:\/\/libcickekrizovatky.cz\/?p=16858"},"modified":"2017-11-12T14:23:23","modified_gmt":"2017-11-12T13:23:23","slug":"prichazeji-lide-z-lidu","status":"publish","type":"post","link":"https:\/\/libcickekrizovatky.cz\/?p=16858","title":{"rendered":"P\u0159ich\u00e1zej\u00ed lid\u00e9 z&nbsp;lidu"},"content":{"rendered":"<div style=\"float: left; margin: 10px;\"><a href=\"https:\/\/libcickekrizovatky.cz\/?page_id=881\"><img loading=\"lazy\" class=\"alignleft wp-image-16859\" src=\"https:\/\/libcickekrizovatky.cz\/content\/uploads\/2017\/11\/LK1-17.png\" alt=\"Lib\u010dick\u00e9 k\u0159i\u017eovatky \u010d.1\/2017\" width=\"160\" height=\"180\" srcset=\"https:\/\/libcickekrizovatky.cz\/content\/uploads\/2017\/11\/LK1-17.png 640w, https:\/\/libcickekrizovatky.cz\/content\/uploads\/2017\/11\/LK1-17-267x300.png 267w\" sizes=\"(max-width: 160px) 100vw, 160px\" \/><\/a><\/div>\n<p><em>Vy\u0161lo v&nbsp;ti\u0161t\u011bn\u00e9 podob\u011b Lib\u010dick\u00fdch k\u0159i\u017eovatek \u010d\u00edslo 1 \/ 2017.<\/em><\/p>\n<p>Asi st\u00e1le \u010dast\u011bji se te\u010f bude pou\u017e\u00edvat slovo lid \u2013 nebo \u201elidi\u201c. Jak historie ukazuje, n\u011bkdy jsou to v\u0161ichni, jindy jen v\u011bt\u0161ina, kter\u00e1 n\u011bkter\u00fdm z\u00a0men\u0161iny pro v\u00fdstrahu pov\u011bs\u00ed opr\u00e1tky na krk. Je to zkr\u00e1tka o\u0161idn\u00e9 pojmenov\u00e1n\u00ed, p\u0159itom jsme lid a&nbsp;lidi v\u0161ichni, kte\u0159\u00ed m\u00e1me t\u011blo a&nbsp;mozek mysl\u00edc\u00ed. Pro v\u00fdkon politick\u00e9 funkce by m\u011bla b\u00fdt hlavn\u00edm p\u0159edpokladem schopnost mozku uv\u011bdomit si zodpov\u011bdnost. A&nbsp;to zdaleka nen\u00ed podm\u00edn\u011bno vzd\u011bl\u00e1n\u00edm, majetkem nebo soci\u00e1ln\u00edm postaven\u00edm, jak ukazuje p\u0159\u00edklad z\u00a0leto\u0161n\u00edch ned\u00e1vn\u00fdch voleb.<!--more--><\/p>\n<p>Za poslance ANO byl zvolen majitel textilky a&nbsp;sou\u010dasn\u011b sen\u00e1tor parlamentu Ji\u0159\u00ed Hlavat\u00fd. Z\u00a018.&nbsp;m\u00edsta kandid\u00e1tky pomoc\u00ed preferen\u010dn\u00edch hlas\u016f. Podle z\u00e1kona to znamen\u00e1, \u017ee p\u0159est\u00e1v\u00e1 b\u00fdt automaticky sen\u00e1torem a&nbsp;mus\u00ed b\u00fdt poslancem, nebo ni\u010d\u00edm. Komentoval to takto: &#8220;Nepova\u017euji to za demokratick\u00e9 a&nbsp;vrac\u00edme se zp\u00e1tky do totality. M\u011bl bych si svobodn\u011b zvolit, jestli budu v&nbsp;Poslaneck\u00e9 sn\u011bmovn\u011b, nebo z\u016fstanu sen\u00e1torem. Ti, kdo byli zvoleni, by m\u011bli m\u00edt mo\u017enost si vybrat. Nikoliv, aby jim z\u00e1kon na\u0159izoval, \u017ee zvolen\u00edm jim mand\u00e1t automaticky kon\u010d\u00ed. Takhle jsem se stal ob\u011bt\u00ed. Nikdo m\u011b na to ani neupozornil. Pokud bych se rozhodl neb\u00fdt poslancem, tak dnes kon\u010d\u00edm v\u00a0politice.&#8221;<\/p>\n<p>Toto je nezodpov\u011bdn\u00fd politick\u00fd hlup\u00e1k, kter\u00fd se nechal napsat na kandid\u00e1tku, ani\u017e by se sezn\u00e1mil s\u00a0pravidly pasivn\u00edho volebn\u00edho pr\u00e1va. Sen\u00e1tor, kter\u00fd se c\u00edt\u00ed b\u00fdt podveden. Budou-li m\u00edt takov\u00ed lid\u00e9 z\u00a0lidu vliv na politiku na\u0161\u00ed zem\u011b, to se uk\u00e1\u017ee v\u00a0nejbli\u017e\u0161\u00edch letech. V\u00a0parlamentu, v\u00a0kraj\u00edch i&nbsp;v\u00a0obc\u00edch. A&nbsp;bude-li \u00a0pos\u00edlen princip p\u0159\u00edm\u00e9 demokracie, budou dve\u0159e nezodpov\u011bdn\u00fdm i&nbsp;hlup\u00e1k\u016fm otev\u0159en\u00e9 je\u0161t\u011b v\u00edc. U&nbsp;n\u00e1s, v\u00a0republice.<\/p>\n<p style=\"text-align: right;\"><em>Martin Sekera<\/em><\/p>\n<p style=\"text-align: right;\"><a href=\"https:\/\/libcickekrizovatky.cz\/content\/uploads\/2014\/07\/Martin-Sekera.jpg\"><img loading=\"lazy\" class=\"alignright wp-image-354\" src=\"https:\/\/libcickekrizovatky.cz\/content\/uploads\/2014\/07\/Martin-Sekera.jpg\" width=\"150\" height=\"123\" srcset=\"https:\/\/libcickekrizovatky.cz\/content\/uploads\/2014\/07\/Martin-Sekera.jpg 500w, https:\/\/libcickekrizovatky.cz\/content\/uploads\/2014\/07\/Martin-Sekera-300x245.jpg 300w\" sizes=\"(max-width: 150px) 100vw, 150px\" \/><\/a><\/p>\n<p style=\"text-align: right;\">\n","protected":false},"excerpt":{"rendered":"<p>Vy\u0161lo v&nbsp;ti\u0161t\u011bn\u00e9 podob\u011b Lib\u010dick\u00fdch k\u0159i\u017eovatek \u010d\u00edslo 1 \/ 2017. Asi st\u00e1le \u010dast\u011bji se te\u010f bude pou\u017e\u00edvat slovo lid \u2013 nebo \u201elidi\u201c. Jak historie ukazuje, n\u011bkdy jsou to v\u0161ichni, jindy jen v\u011bt\u0161ina, kter\u00e1 n\u011bkter\u00fdm z\u00a0men\u0161iny pro v\u00fdstrahu pov\u011bs\u00ed opr\u00e1tky na krk. Je to zkr\u00e1tka o\u0161idn\u00e9 pojmenov\u00e1n\u00ed, p\u0159itom jsme lid a&nbsp;lidi v\u0161ichni, kte\u0159\u00ed m\u00e1me t\u011blo a&nbsp;mozek mysl\u00edc\u00ed. [&hellip;]<\/p>\n","protected":false},"author":11,"featured_media":0,"comment_status":"open","ping_status":"open","sticky":false,"template":"","format":"standard","meta":[],"categories":[4,111],"tags":[8],"_links":{"self":[{"href":"https:\/\/libcickekrizovatky.cz\/index.php?rest_route=\/wp\/v2\/posts\/16858"}],"collection":[{"href":"https:\/\/libcickekrizovatky.cz\/index.php?rest_route=\/wp\/v2\/posts"}],"about":[{"href":"https:\/\/libcickekrizovatky.cz\/index.php?rest_route=\/wp\/v2\/types\/post"}],"author":[{"embeddable":true,"href":"https:\/\/libcickekrizovatky.cz\/index.php?rest_route=\/wp\/v2\/users\/11"}],"replies":[{"embeddable":true,"href":"https:\/\/libcickekrizovatky.cz\/index.php?rest_route=%2Fwp%2Fv2%2Fcomments&post=16858"}],"version-history":[{"count":5,"href":"https:\/\/libcickekrizovatky.cz\/index.php?rest_route=\/wp\/v2\/posts\/16858\/revisions"}],"predecessor-version":[{"id":16865,"href":"https:\/\/libcickekrizovatky.cz\/index.php?rest_route=\/wp\/v2\/posts\/16858\/revisions\/16865"}],"wp:attachment":[{"href":"https:\/\/libcickekrizovatky.cz\/index.php?rest_route=%2Fwp%2Fv2%2Fmedia&parent=16858"}],"wp:term":[{"taxonomy":"category","embeddable":true,"href":"https:\/\/libcickekrizovatky.cz\/index.php?rest_route=%2Fwp%2Fv2%2Fcategories&post=16858"},{"taxonomy":"post_tag","embeddable":true,"href":"https:\/\/libcickekrizovatky.cz\/index.php?rest_route=%2Fwp%2Fv2%2Ftags&post=16858"}],"curies":[{"name":"wp","href":"https:\/\/api.w.org\/{rel}","templated":true}]}}