{"id":16867,"date":"2017-11-17T09:00:23","date_gmt":"2017-11-17T08:00:23","guid":{"rendered":"http:\/\/libcickekrizovatky.cz\/?p=16867"},"modified":"2017-11-17T20:02:25","modified_gmt":"2017-11-17T19:02:25","slug":"otisknou-neotisknou","status":"publish","type":"post","link":"https:\/\/libcickekrizovatky.cz\/?p=16867","title":{"rendered":"Otisknou, neotisknou?"},"content":{"rendered":"<div style=\"float: right; margin: 10px;\"><a href=\"https:\/\/libcickekrizovatky.cz\/?page_id=881\"><img loading=\"lazy\" class=\"alignleft wp-image-16859\" src=\"https:\/\/libcickekrizovatky.cz\/content\/uploads\/2017\/11\/LK1-17.png\" alt=\"Lib\u010dick\u00e9 k\u0159i\u017eovatky \u010d.1\/2017\" width=\"160\" height=\"180\" srcset=\"https:\/\/libcickekrizovatky.cz\/content\/uploads\/2017\/11\/LK1-17.png 640w, https:\/\/libcickekrizovatky.cz\/content\/uploads\/2017\/11\/LK1-17-267x300.png 267w\" sizes=\"(max-width: 160px) 100vw, 160px\" \/><\/a><\/div>\n<p><em>Vy\u0161lo v&nbsp;ti\u0161t\u011bn\u00e9 podob\u011b Lib\u010dick\u00fdch k\u0159i\u017eovatek \u010d\u00edslo 1 \/ 2017.<\/em><\/p>\n<p>Dne 1.&nbsp;listopadu 2013 nabyl \u00fa\u010dinnosti z\u00e1kon \u010d.&nbsp;305\/2013 Sb., o&nbsp;pr\u00e1vech a&nbsp;povinnostech p\u0159i&nbsp;vyd\u00e1v\u00e1n\u00ed periodick\u00e9ho tisku. T\u00edmto z\u00e1konem do\u0161lo k&nbsp;\u00faprav\u011b tzv.&nbsp;\u201eradni\u010dn\u00edch periodik\u201c. C\u00edlem zm\u011bny tiskov\u00e9ho z\u00e1kona bylo zajistit objektivn\u00ed informovanost ob\u010dan\u016f \u00fazemn\u00edch samospr\u00e1vn\u00fdch celk\u016f o&nbsp;\u010dinnosti a&nbsp;pr\u016fb\u011bhu jedn\u00e1n\u00ed jimi volen\u00fdch z\u00e1stupc\u016f. Stru\u010dn\u011bji \u0159e\u010deno, a\u017e nov\u00fd z\u00e1kon musel upravit povinnost otisknout jak\u00e9mukoliv zastupiteli jeho n\u00e1zor nebo \u010dl\u00e1nek v&nbsp;obecn\u00edm periodiku. P\u0159eneseno do Lib\u010dic, otisknout v&nbsp;na\u0161ich Lib\u010dick\u00fdch novin\u00e1ch i&nbsp;jin\u00fd n\u00e1zor, ne\u017e zast\u00e1v\u00e1 zrovna v&nbsp;t\u00e9 chv\u00edli veden\u00ed m\u011bsta, kter\u00e9 tvorbu obecn\u00edho periodika ovl\u00e1d\u00e1.<!--more--><\/p>\n<p>Jako zastupitel dan\u00e9 obce se tedy m\u00e1m o&nbsp;co op\u0159\u00edt, pokud se chci pod\u011blit o&nbsp;sv\u016fj n\u00e1zor s&nbsp;ostatn\u00edmi v&nbsp;na\u0161ich Lib\u010dick\u00fdch novin\u00e1ch a&nbsp;n\u011bkdo by jednostrann\u011b rozhodl &#8211; neotisknem ! Ostatn\u00ed ob\u010dan\u00e9, ale takovou oporu ji\u017e nemaj\u00ed. Stejn\u011b tak nem\u011bl podporu ani pan Jan Dobe\u0161, kdy\u017e po\u017e\u00e1dal Redak\u010dn\u00ed radu Lib\u010dick\u00fdch novin o&nbsp;oti\u0161t\u011bn\u00ed sv\u00e9ho drobn\u00e9ho postesknut\u00ed nad vlekouc\u00edm se probl\u00e9mem o&nbsp;zd\u00e1nliv\u00e9 mali\u010dkosti, jakou je vyv\u011b\u0161ov\u00e1n\u00ed st\u00e1tn\u00edch vlajek na obecn\u00edch budov\u00e1ch v&nbsp;dob\u011b sv\u00e1tk\u016f a&nbsp;v\u00fdznamn\u00fdch dn\u016f.<\/p>\n<p>Otiskujeme jej v&nbsp;pln\u00e9m zn\u011bn\u00ed, ve kter\u00e9m nemohl b\u00fdt oti\u0161t\u011bn v&nbsp;Lib\u010dick\u00fdch novin\u00e1ch, jeliko\u017e jeho oti\u0161t\u011bn\u00ed Redak\u010dn\u00ed rada Lib\u010dick\u00fdch novin zam\u00edtla bez uveden\u00ed d\u016fvod\u016f.<\/p>\n<h3><\/h3>\n<h3>\u00da\u0159edn\u00ed \u0161iml za\u0159ehtal na lib\u010dick\u00e9 radnici<\/h3>\n<div class=\"gallery gallery-columns-4 gallery-size-thumbnail rps-image-gallery-format-default rps-image-gallery-theme-default rps-image-gallery-columns-no-responsive rps-image-gallery rps-image-gallery-masonry rps-image-gallery-no-heading rps-image-gallery-no-caption rps-image-gallery-no-social \" style=\"text-align:left\" pageSize=\"0\" currentPage=\"0\" ><ul class=\"background-thumbnails\"><li class=\"gallery-item gallery-item-begin-row\"><div class=\"gallery-icon landscape\"><a rel=\"rps-image-group-16867\" href=\"https:\/\/libcickekrizovatky.cz\/content\/uploads\/2017\/11\/MEU-vlajkova-vyzdoba.jpg\" title=\"&amp;lt;div class=&amp;quot;fancybox-title-caption&amp;quot;&amp;gt;&amp;lt;p&amp;gt;Radnice, foto: J. Dobe\u0161&amp;lt;\/p&amp;gt;\n&amp;lt;\/div&amp;gt;\"><img src=\"https:\/\/libcickekrizovatky.cz\/content\/uploads\/2017\/11\/MEU-vlajkova-vyzdoba-250x250.jpg\" alt=\"MEU-vlajkova-vyzdoba\" title=\"MEU-vlajkova-vyzdoba\" class=\"attachment-thumbnail\" width=\"250\" height=\"250\" sizes=\"(max-width: 250px) 100vw, 250px\"><\/a><\/div><\/li><li class=\"gallery-item \"><div class=\"gallery-icon landscape\"><a rel=\"rps-image-group-16867\" href=\"https:\/\/libcickekrizovatky.cz\/content\/uploads\/2017\/11\/MEU-vlajkova-vyzdoba2.jpg\" title=\"&amp;lt;div class=&amp;quot;fancybox-title-caption&amp;quot;&amp;gt;&amp;lt;p&amp;gt;Radnice, detail, foto: J. Dobe\u0161&amp;lt;\/p&amp;gt;\n&amp;lt;\/div&amp;gt;\"><img src=\"https:\/\/libcickekrizovatky.cz\/content\/uploads\/2017\/11\/MEU-vlajkova-vyzdoba2-250x250.jpg\" alt=\"MEU-vlajkova-vyzdoba2\" title=\"MEU-vlajkova-vyzdoba2\" class=\"attachment-thumbnail\" width=\"250\" height=\"250\" sizes=\"(max-width: 250px) 100vw, 250px\"><\/a><\/div><\/li><li class=\"gallery-item \"><div class=\"gallery-icon landscape\"><a rel=\"rps-image-group-16867\" href=\"https:\/\/libcickekrizovatky.cz\/content\/uploads\/2017\/11\/ZUS-vlajky.jpg\" title=\"&amp;lt;div class=&amp;quot;fancybox-title-caption&amp;quot;&amp;gt;&amp;lt;p&amp;gt;ZU\u0160, detail, foto: J. Dobe\u0161&amp;lt;\/p&amp;gt;\n&amp;lt;\/div&amp;gt;\"><img src=\"https:\/\/libcickekrizovatky.cz\/content\/uploads\/2017\/11\/ZUS-vlajky-250x250.jpg\" alt=\"ZUS-vlajky\" title=\"ZUS-vlajky\" class=\"attachment-thumbnail\" width=\"250\" height=\"250\" sizes=\"(max-width: 250px) 100vw, 250px\"><\/a><\/div><\/li><li class=\"gallery-item gallery-item-end-row\"><div class=\"gallery-icon landscape\"><a rel=\"rps-image-group-16867\" href=\"https:\/\/libcickekrizovatky.cz\/content\/uploads\/2017\/11\/ZUS-vlajky2.jpg\" title=\"&amp;lt;div class=&amp;quot;fancybox-title-caption&amp;quot;&amp;gt;&amp;lt;p&amp;gt;ZU\u0160, detail, foto: J. Dobe\u0161&amp;lt;\/p&amp;gt;\n&amp;lt;\/div&amp;gt;\"><img src=\"https:\/\/libcickekrizovatky.cz\/content\/uploads\/2017\/11\/ZUS-vlajky2-250x250.jpg\" alt=\"ZUS-vlajky2\" title=\"ZUS-vlajky2\" class=\"attachment-thumbnail last\" width=\"250\" height=\"250\" sizes=\"(max-width: 250px) 100vw, 250px\"><\/a><\/div><\/li><\/ul><\/div>\n<div class=\"alert alert-info\"><em>B\u011bhem lo\u0148sk\u00e9ho a&nbsp;leto\u0161n\u00edho roku jsem osobn\u011b upozor\u0148oval p\u00e1ny starostu, tajemn\u00edka a&nbsp;Jaroslava \u010cerm\u00e1ka na to, \u017ee st\u00e1tn\u00ed vlajky \u010cR vyv\u011b\u0161ovan\u00e9 p\u0159i&nbsp;p\u0159\u00edle\u017eitostech st\u00e1tn\u00edch sv\u00e1tk\u016f na lib\u010dick\u00e9 radnici, jsou vlivem i&nbsp;slab\u00e9ho v\u011btru namot\u00e1v\u00e1ny na sto\u017e\u00e1r a&nbsp;v\u00edce ne\u017e st\u00e1tn\u00ed symboly p\u0159ipom\u00ednaj\u00ed \u010derveno-modro-b\u00edl\u00e9 hadry. Tibetsk\u00e1 vlajka dopadla v\u017edy stejn\u011b jako ta na\u0161e, jen s&nbsp;t\u00edm rozd\u00edlem, \u017ee p\u0159ipom\u00ednala hadr snad \u017eluto-hn\u011bd\u00fd.<\/em><\/div>\n<p style=\"padding-left: 30px;\"><em>Na m\u016fj dopis z&nbsp;konce kv\u011btna 2017, ve kter\u00e9m jsem \u017e\u00e1dal radu m\u011bsta o&nbsp;zjedn\u00e1n\u00ed n\u00e1pravy, jsem po&nbsp;v\u00edce ne\u017e dvou m\u011bs\u00edc\u00edch dostal tuto odpov\u011b\u010f:<\/em><\/p>\n<div class=\"alert alert-danger\"><em>4.&nbsp;srpna 2017<\/em><br \/>\n<em>V\u011bc: usnesen\u00ed rady m\u011bsta<\/em><br \/>\n<em>Rada m\u011bsta na sv\u00e9m 13.&nbsp;zased\u00e1n\u00ed dne 26.&nbsp;6.&nbsp;2017 projednala Va\u0161i p\u0159ipom\u00ednku k&nbsp;vyv\u011b\u0161en\u00fdm vlajk\u00e1m.<br \/>\n<strong>Usnesen\u00ed: Rada m\u011bsta bere na v\u011bdom\u00ed dopis pana Dobe\u0161e upozor\u0148uj\u00edc\u00ed na reakci vyv\u011b\u0161en\u00fdch vlajek k&nbsp;proud\u011bn\u00ed v\u011btru.<br \/>\n<\/strong>S pozdravem<\/em><\/p>\n<p style=\"text-align: right;\"><em>\u00a0\u00a0\u00a0\u00a0\u00a0\u00a0\u00a0\u00a0\u00a0\u00a0\u00a0\u00a0\u00a0\u00a0\u00a0\u00a0\u00a0\u00a0\u00a0\u00a0\u00a0\u00a0\u00a0\u00a0\u00a0\u00a0\u00a0\u00a0\u00a0\u00a0\u00a0\u00a0\u00a0\u00a0\u00a0\u00a0\u00a0\u00a0\u00a0\u00a0\u00a0\u00a0\u00a0\u00a0\u00a0\u00a0\u00a0\u00a0\u00a0\u00a0\u00a0\u00a0\u00a0\u00a0\u00a0\u00a0\u00a0\u00a0\u00a0\u00a0\u00a0\u00a0\u00a0\u00a0\u00a0\u00a0\u00a0\u00a0\u00a0\u00a0\u00a0\u00a0\u00a0\u00a0\u00a0\u00a0\u00a0\u00a0\u00a0\u00a0\u00a0\u00a0\u00a0\u00a0\u00a0\u00a0\u00a0\u00a0\u00a0\u00a0\u00a0\u00a0\u00a0\u00a0 ing. Roman D\u011bdi\u010d<br \/>\ntajemn\u00edk<\/em><\/p>\n<\/div>\n<p style=\"padding-left: 30px;\"><em>A tak budeme m\u00edt i&nbsp;nad\u00e1le mo\u017enost sledovat na lib\u010dick\u00e9 radnici reakci vlajek na proud\u011bn\u00ed v\u011btru.<\/em><\/p>\n<p style=\"text-align: right;\"><em>J. Dobe\u0161<\/em><\/p>\n<p><em>\u00a0<\/em><\/p>\n<p>Probl\u00e9m je mo\u017en\u00e1 pro n\u011bkoho opravdu malichern\u00fd, nicm\u00e9n\u011b vznikl\u00fd spor tak \u00fapln\u011b nespo\u010d\u00edv\u00e1 ve schopnosti odpov\u011bdn\u00fdch lid\u00ed na radnici m\u011bsta zajistit spr\u00e1vn\u00e9 vyv\u011b\u0161en\u00ed st\u00e1tn\u00edch symbol\u016f.<\/p>\n<p>Probl\u00e9m toti\u017e tkv\u00ed v&nbsp;tom, \u017ee pokud se c\u00edt\u00edte b\u00fdt jako ob\u010dan se sv\u00fdmi n\u00e1zory a&nbsp;po\u017eadavky p\u0159ehl\u00ed\u017een, \u010di&nbsp;doslova zesm\u011b\u0161\u0148ov\u00e1n \u00fa\u0159edn\u00edmi odpov\u011b\u010fmi na va\u0161e dopisy, a&nbsp;pokud ji\u017e v&nbsp;jedn\u00e1n\u00ed s&nbsp;radnic\u00ed nevid\u00edte jinou cestu, ne\u017e zvolit zve\u0159ejn\u011bn\u00ed probl\u00e9mu pr\u00e1v\u011b v&nbsp;obecn\u00edm periodiku, naraz\u00edte velmi rychle na p\u0159ek\u00e1\u017eku, proto\u017ee v&nbsp;Lib\u010dic\u00edch nelze t\u00edmto zp\u016fsobem svobodu slova uplatnit.<\/p>\n<p>Lib\u010dick\u00e9 noviny sice maj\u00ed svou Redak\u010dn\u00ed radu, maj\u00ed i&nbsp;sv\u016fj Statut, ve kter\u00e9m je deklarov\u00e1no, \u017ee Redak\u010dn\u00ed rada se pravideln\u011b sch\u00e1z\u00ed, a&nbsp;\u017ee v&nbsp;n\u00ed jsou zastoupeny v\u0161echny politick\u00e9 a&nbsp;n\u00e1zorov\u00e9 subjekty zvolen\u00e9 do zastupitelstva m\u011bsta. Ve skute\u010dnosti tomu tak v\u0161ak nen\u00ed. V\u0161echny politick\u00e9 subjekty sv\u00e9ho \u010dlena v&nbsp;rad\u011b nemaj\u00ed a&nbsp;rada se ani pravideln\u011b nesch\u00e1z\u00ed.<\/p>\n<p>Panu Dobe\u0161ovi se v&nbsp;tomto p\u0159\u00edpad\u011b dostalo zaj\u00edmav\u00e9 odpov\u011bdi, \u017ee Redak\u010dn\u00ed rada LN na sv\u00e9 sch\u016fzi nedoporu\u010dila tento \u010dl\u00e1nek v&nbsp;Lib\u010dick\u00fdch novin\u00e1ch otisknout, podeps\u00e1n byl ale starosta m\u011bsta, Ing. Pavel Barto\u0161, kter\u00fd \u010dlenem Redak\u010dn\u00ed rady v\u016fbec nen\u00ed.<\/p>\n<p>Koho zaj\u00edm\u00e1, \u017ee Redak\u010dn\u00ed rada se kv\u016fli tomuto po\u017eadavku v\u016fbec nese\u0161la, a&nbsp;\u017ee pan starosta nen\u00ed jej\u00edm \u010dlenem? Kdo tedy ve skute\u010dnosti v&nbsp;na\u0161em m\u011bst\u011b rozhoduje o&nbsp;tom, co bude a&nbsp;nebude oti\u0161t\u011bno v&nbsp;na\u0161em obecn\u00edm periodiku? Je to skute\u010dn\u011b Redak\u010dn\u00ed rada nebo jen pan starosta?<\/p>\n<p>Vra\u0165me se ale k&nbsp;zd\u00e1nliv\u011b mal\u00e9mu probl\u00e9mu se st\u00e1tn\u00edmi symboly v&nbsp;na\u0161em m\u011bst\u011b, kde z\u00e1v\u011br v\u00fdsti\u017en\u011b shrnul pan Dobe\u0161 s\u00e1m.<\/p>\n<p style=\"text-align: left; padding-left: 30px;\"><em>&#8220;\u017de v\u011bci dosp\u011bly a\u017e sem, je zp\u016fsobeno neprofesion\u00e1ln\u00edm p\u0159\u00edstupem z\u00e1stupc\u016f M\u011b\u00da, se kter\u00fdmi jsem p\u00edsemn\u011b nebo osobn\u011b jednal. Kdy\u017e nebylo vysly\u0161eno osobn\u00ed upozorn\u011bn\u00ed na namotan\u00e9 nebo \u0161patn\u011b vyv\u011b\u0161en\u00e9 vlajky, tak vhodnou odpov\u011bd\u00ed na m\u016fj dopis rad\u011b m\u011bsta ze dne 23.5.&nbsp;2017 bylo n\u011bco ve smyslu: \u201eD\u011bkujeme za upozorn\u011bn\u00ed, zajist\u00edme n\u00e1pravu&#8221;. Tuto v\u011btu jsem pr\u016fb\u011b\u017en\u011b opakoval n\u011bkolikr\u00e1t, a&nbsp;to jak p\u0159i&nbsp;telefonick\u00e9m, tak i&nbsp;p\u0159i&nbsp;osobn\u00edm jedn\u00e1n\u00ed na M\u011b\u00da 2.10.&nbsp;2017. Bylo to jako kdy\u017e h\u00e1z\u00edm hr\u00e1ch na ze\u010f. P\u0159i&nbsp;zodpov\u011bdn\u011bj\u0161\u00edm p\u0159\u00edstupu ze strany M\u011b\u00da by nebylo o&nbsp;\u010dem jednat, neexistovala by korespondence na t\u00e9ma vlajek, neexistoval by \u010dl\u00e1nek \u201e\u00da\u0159edn\u00ed \u0161iml za\u0159ehtal na lib\u010dick\u00e9 radnici\u201c a&nbsp;nebyla by tahanice s&nbsp;jeho uve\u0159ejn\u011bn\u00edm\/neuve\u0159ejn\u011bn\u00edm v&nbsp;LN.<\/em><\/p>\n<p style=\"padding-left: 30px;\"><em>Poku\u0161en\u00ed \u00fa\u0159edn\u00edka uk\u00e1zat ob\u010danovi, jak je malink\u00fd, bylo ale v\u011bt\u0161\u00ed &#8230; &#8221; <\/em><\/p>\n<p style=\"text-align: right;\"><em>J. Dobe\u0161<\/em><\/p>\n<p>&nbsp;<\/p>\n<p style=\"text-align: right;\">Ilona Pt\u00e1\u010dkov\u00e1<\/p>\n<div align=\"right\"><a href=\"https:\/\/libcickekrizovatky.cz\/?page_id=881\"><img loading=\"lazy\" class=\"wp-image-350 alignright\" src=\"https:\/\/libcickekrizovatky.cz\/content\/uploads\/2014\/07\/Ilona-Ptackova.jpg\" width=\"150\" height=\"123\" srcset=\"https:\/\/libcickekrizovatky.cz\/content\/uploads\/2014\/07\/Ilona-Ptackova.jpg 500w, https:\/\/libcickekrizovatky.cz\/content\/uploads\/2014\/07\/Ilona-Ptackova-300x245.jpg 300w\" sizes=\"(max-width: 150px) 100vw, 150px\" \/><\/a><\/div>\n","protected":false},"excerpt":{"rendered":"<p>Vy\u0161lo v&nbsp;ti\u0161t\u011bn\u00e9 podob\u011b Lib\u010dick\u00fdch k\u0159i\u017eovatek \u010d\u00edslo 1 \/ 2017. Dne 1.&nbsp;listopadu 2013 nabyl \u00fa\u010dinnosti z\u00e1kon \u010d.&nbsp;305\/2013 Sb., o&nbsp;pr\u00e1vech a&nbsp;povinnostech p\u0159i&nbsp;vyd\u00e1v\u00e1n\u00ed periodick\u00e9ho tisku. T\u00edmto z\u00e1konem do\u0161lo k&nbsp;\u00faprav\u011b tzv.&nbsp;\u201eradni\u010dn\u00edch periodik\u201c. C\u00edlem zm\u011bny tiskov\u00e9ho z\u00e1kona bylo zajistit objektivn\u00ed informovanost ob\u010dan\u016f \u00fazemn\u00edch samospr\u00e1vn\u00fdch celk\u016f o&nbsp;\u010dinnosti a&nbsp;pr\u016fb\u011bhu jedn\u00e1n\u00ed jimi volen\u00fdch z\u00e1stupc\u016f. Stru\u010dn\u011bji \u0159e\u010deno, a\u017e nov\u00fd z\u00e1kon musel upravit povinnost otisknout [&hellip;]<\/p>\n","protected":false},"author":21,"featured_media":0,"comment_status":"open","ping_status":"open","sticky":false,"template":"","format":"standard","meta":[],"categories":[4,111],"tags":[250,403,287],"_links":{"self":[{"href":"https:\/\/libcickekrizovatky.cz\/index.php?rest_route=\/wp\/v2\/posts\/16867"}],"collection":[{"href":"https:\/\/libcickekrizovatky.cz\/index.php?rest_route=\/wp\/v2\/posts"}],"about":[{"href":"https:\/\/libcickekrizovatky.cz\/index.php?rest_route=\/wp\/v2\/types\/post"}],"author":[{"embeddable":true,"href":"https:\/\/libcickekrizovatky.cz\/index.php?rest_route=\/wp\/v2\/users\/21"}],"replies":[{"embeddable":true,"href":"https:\/\/libcickekrizovatky.cz\/index.php?rest_route=%2Fwp%2Fv2%2Fcomments&post=16867"}],"version-history":[{"count":5,"href":"https:\/\/libcickekrizovatky.cz\/index.php?rest_route=\/wp\/v2\/posts\/16867\/revisions"}],"predecessor-version":[{"id":16952,"href":"https:\/\/libcickekrizovatky.cz\/index.php?rest_route=\/wp\/v2\/posts\/16867\/revisions\/16952"}],"wp:attachment":[{"href":"https:\/\/libcickekrizovatky.cz\/index.php?rest_route=%2Fwp%2Fv2%2Fmedia&parent=16867"}],"wp:term":[{"taxonomy":"category","embeddable":true,"href":"https:\/\/libcickekrizovatky.cz\/index.php?rest_route=%2Fwp%2Fv2%2Fcategories&post=16867"},{"taxonomy":"post_tag","embeddable":true,"href":"https:\/\/libcickekrizovatky.cz\/index.php?rest_route=%2Fwp%2Fv2%2Ftags&post=16867"}],"curies":[{"name":"wp","href":"https:\/\/api.w.org\/{rel}","templated":true}]}}