{"id":16876,"date":"2017-11-19T14:48:48","date_gmt":"2017-11-19T13:48:48","guid":{"rendered":"http:\/\/libcickekrizovatky.cz\/?p=16876"},"modified":"2017-11-20T12:55:02","modified_gmt":"2017-11-20T11:55:02","slug":"o-urbanismu","status":"publish","type":"post","link":"https:\/\/libcickekrizovatky.cz\/?p=16876","title":{"rendered":"O urbanismu&#8230;"},"content":{"rendered":"<div style=\"float: right; margin: 10px;\"><a href=\"https:\/\/libcickekrizovatky.cz\/?page_id=881\"><img loading=\"lazy\" class=\"alignleft wp-image-16859\" src=\"https:\/\/libcickekrizovatky.cz\/content\/uploads\/2017\/11\/LK1-17.png\" alt=\"Lib\u010dick\u00e9 k\u0159i\u017eovatky \u010d.1\/2017\" width=\"160\" height=\"180\" srcset=\"https:\/\/libcickekrizovatky.cz\/content\/uploads\/2017\/11\/LK1-17.png 640w, https:\/\/libcickekrizovatky.cz\/content\/uploads\/2017\/11\/LK1-17-267x300.png 267w\" sizes=\"(max-width: 160px) 100vw, 160px\" \/><\/a><\/div>\n<p><em>Vy\u0161lo v&nbsp;ti\u0161t\u011bn\u00e9 podob\u011b Lib\u010dick\u00fdch k\u0159i\u017eovatek \u010d\u00edslo 1 \/ 2017.<\/em><br \/>\nNad ot\u00e1zkami, kter\u00e9 p\u0159ipravil Martin Sekera, urbanismu diskutuj\u00ed:<\/p>\n<ul>\n<li>Petra Pele\u0161kov\u00e1, stavebn\u00ed in\u017een\u00fdrka a&nbsp;zastupitelka za LOS<\/li>\n<li>Martin \u0160imon, urb\u00e1nn\u00ed geograf<\/li>\n<li>Patrik Hoffman, architekt<\/li>\n<li>Martin Sekera, historik<\/li>\n<\/ul>\n<p><!--more--><\/p>\n<h3><a href=\"https:\/\/libcickekrizovatky.cz\/content\/uploads\/2017\/11\/debataourbankismu.jpg\"><img class=\"alignleft size-full wp-image-16878\" src=\"https:\/\/libcickekrizovatky.cz\/content\/uploads\/2017\/11\/debataourbankismu.jpg\" alt=\"Debata o urbanismu...\" width=\"100%\" srcset=\"https:\/\/libcickekrizovatky.cz\/content\/uploads\/2017\/11\/debataourbankismu.jpg 1772w, https:\/\/libcickekrizovatky.cz\/content\/uploads\/2017\/11\/debataourbankismu-300x181.jpg 300w, https:\/\/libcickekrizovatky.cz\/content\/uploads\/2017\/11\/debataourbankismu-768x462.jpg 768w, https:\/\/libcickekrizovatky.cz\/content\/uploads\/2017\/11\/debataourbankismu-1024x617.jpg 1024w\" sizes=\"(max-width: 1772px) 100vw, 1772px\" \/><\/a><\/h3>\n<h3>Co to vlastn\u011b je urbanismus a&nbsp;urbanizace?<\/h3>\n<p><em>Patrik Hoffman:<\/em> V&nbsp;jednoduch\u00e9 v\u011bt\u011b je to tvorba prost\u0159ed\u00ed, ve kter\u00e9m \u017eijeme. Prost\u0159ed\u00ed, kter\u00e9 \u017eije, pak vytv\u00e1\u0159\u00ed mezilidsk\u00e9 vztahy. \u0160patn\u00fdm urbanismem m\u016f\u017eeme zp\u016fsobit, \u017ee se vztahy rozkl\u00ed\u017e\u00ed a&nbsp;nefunguj\u00ed, naopak dobr\u00fdm urbanismem m\u016f\u017eeme napomoci tomu, \u017ee spolu lidi \u017eij\u00ed a&nbsp;sd\u00edl\u00ed spole\u010dn\u00fd \u017eivot ve m\u011bst\u011b.<\/p>\n<p><em>Martin \u0160imon:<\/em> Urbanismus je praktick\u00e1 discipl\u00edna, kter\u00e1 se sna\u017e\u00ed vy\u0159e\u0161it vztahy na \u00fazem\u00ed, kde lid\u00e9 bydl\u00ed, pracuj\u00ed, kam chod\u00ed nakupovat. Maj\u00ed b\u00fdt pokud mo\u017eno logicky uspo\u0159\u00e1dan\u00e9 a&nbsp;mezi t\u011bmito funkcemi v&nbsp;\u00fazem\u00ed by nem\u011blo doch\u00e1zet ke konflikt\u016fm. V&nbsp;urbanismu je d\u016fle\u017eit\u00e9 pl\u00e1nov\u00e1n\u00ed, proto\u017ee kdy\u017e se n\u011bkde postav\u00ed d\u016fm nebo komunikace, tak tam v&nbsp;tom m\u00edst\u011b stoj\u00ed nejm\u00e9n\u011b sto let.<br \/>\nP\u0159\u00edklad \u0161patn\u00e9ho urbanismu t\u0159eba je v&nbsp;Praze zast\u00e1vka metra Let\u0148any. Lid\u00e9 re\u00e1ln\u011b bydl\u00ed jinde a&nbsp;mus\u00ed j\u00edt p\u016fl kilometru n\u011bkde p\u0159es pole, nebo n\u011bjakou zkratkou, aby se dostali dom\u016f.<\/p>\n<p><em>Martin Sekera:<\/em> Do urbanizace a&nbsp;do soci\u00e1ln\u00ed mobility, tj.&nbsp;pohybu lid\u00ed po&nbsp;map\u011b zem\u011b, hodn\u011b zas\u00e1hla v&nbsp;19.&nbsp;stolet\u00ed \u017eeleznice. A&nbsp;kdy\u017e jedete po&nbsp;lok\u00e1ln\u00edch trat\u00edch, tak si v\u0161imn\u011bte, \u017ee jsou zast\u00e1vky \u010dasto daleko od obc\u00ed. Bylo to pr\u00e1v\u011b konfliktem mezi star\u00fdm a&nbsp;nov\u00fdm, radn\u00ed m\u011bst se b\u00e1li, \u017ee by p\u0159iveden\u00edm zast\u00e1vky vlaku p\u0159\u00edmo k&nbsp;obci zp\u016fsobili z\u00e1nik ur\u010dit\u00fdch typ\u016f \u017eivnost\u00ed, p\u0159edev\u0161\u00edm povozn\u00edk\u016f, a&nbsp;proto si vymi\u0148ovali, \u017ee \u017eeleznice m\u00e1 b\u00fdt v&nbsp;ur\u010dit\u00e9 vzd\u00e1lenosti. Naopak v&nbsp;na\u0161em m\u011bst\u011b tra\u0165 umo\u017enila vznik nov\u00e9ho centra v\u00fdroby.<\/p>\n<h3>Jak jsou na tom s&nbsp;urbanismem Lib\u010dice?<\/h3>\n<p><em>Martin \u0160imon:<\/em> V&nbsp;Lib\u010dic\u00edch je spousta m\u00edst, t\u0159eba ulice Vltavsk\u00e1, kter\u00e1 je k&nbsp;podjezdu \u00fazk\u00e1. Bylo to asi dobr\u00e9, kdy\u017e se jezdilo povozem, ale v&nbsp;sou\u010dasnosti je to dlouhodob\u011b nevyhovuj\u00edc\u00ed m\u00edsto. Takov\u00fdch bod\u016f je tu spousta a&nbsp;je to proto, \u017ee n\u011bkde se kdysi postavil d\u016fm, tenkr\u00e1t to vyhovovalo a&nbsp;dneska u\u017e to nevyhovuje. Takov\u00e1 m\u00edsta by se m\u011bla n\u011bjak\u00fdm zp\u016fsobem p\u0159izp\u016fsobovat sou\u010dasnosti.<\/p>\n<p><em>Petra Pele\u0161kov\u00e1:<\/em> Na druhou stranu je tato \u010d\u00e1st m\u011bsta ur\u010dit\u00fdm historick\u00fdm j\u00e1drem, v&nbsp;bl\u00edzkosti ulice Vltavsk\u00e9 stoj\u00ed d\u016fm s&nbsp;\u010d\u00edslem popisn\u00fdm 1, v&nbsp;Letk\u00e1ch je to zase m\u00edsto kolem kapli\u010dky, kolem hasi\u010dsk\u00e9 zbrojnice. Tu\u0161\u00edm, \u017ee je to i&nbsp;vyzna\u010den\u00e9 v&nbsp;\u00fazemn\u00edm pl\u00e1nu jako historick\u00e1 z\u00e1stavba, kter\u00e1 by m\u011bla b\u00fdt chr\u00e1n\u011bn\u00e1 p\u0159ed necitliv\u00fdmi z\u00e1sahy.<\/p>\n<p><em>Patrik Hoffman:<\/em> M\u011blo by b\u00fdt v\u011bc\u00ed diskuse, do jak\u00e9 m\u00edry je ten kter\u00fd z\u00e1sah adekv\u00e1tn\u00ed pot\u0159eb\u00e1m, proto\u017ee n\u011bkdy takov\u00e1 komplikovan\u011bj\u0161\u00ed m\u00edsta p\u0159ekvapiv\u011b funguj\u00ed l\u00edp, ne\u017e kdybychom tam vytvo\u0159ili situa\u010dn\u011b a&nbsp;dopravn\u011b p\u0159ehlednou situaci. Naopak ta jistota vede k&nbsp;tomu, \u017ee lid\u00e9 p\u0159est\u00e1vaj\u00ed d\u00e1vat pozor a&nbsp;jezd\u00ed bezohledn\u011b.<br \/>\nDnes jsme v&nbsp;zajet\u00ed \u010dasto dost nesmysln\u00fdch norem a&nbsp;p\u0159edpis\u016f, kter\u00e9 t\u0159eba ur\u010duj\u00ed, kolik m\u00e1 b\u00fdt kde m\u00edst k&nbsp;parkov\u00e1n\u00ed. Jen\u017ee lid\u00e9 tak\u00e9 pot\u0159ebuj\u00ed n\u011bkde \u017e\u00edt a&nbsp;m\u016f\u017ee b\u00fdt i&nbsp;dobr\u00e9 je donutit, aby chodili p\u011b\u0161ky a&nbsp;nejezdili autem ve prosp\u011bch toho, \u017ee \u017eij\u00ed v&nbsp;kvalitn\u011bj\u0161\u00edm prost\u0159ed\u00ed. Z&nbsp;m\u00e9ho pohledu nen\u00ed m\u00edsto lep\u0161\u00ed proto, \u017ee tam l\u00e9pe zaparkuji, ale \u017ee si m\u00e1m kde sednout, m\u016f\u017eu se v&nbsp;ulici potkat se sv\u00fdmi sousedy, m\u00e1m si kde nakoupit. Automobilismus zp\u016fsobil radik\u00e1ln\u00ed zm\u011bnu ve vn\u00edm\u00e1n\u00ed m\u011bst, kter\u00e1 n\u00e1m d\u0159\u00edve vyhovovala a&nbsp;najednou p\u0159est\u00e1vaj\u00ed b\u00fdt pohodln\u00e1, proto\u017ee nemohu n\u011bkam zajet a&nbsp;zaparkovat.<\/p>\n<p><em>Petra Pele\u0161kov\u00e1:<\/em> Pro mne je urbanismus i&nbsp;m\u011b\u0159\u00edtko. Nap\u0159\u00edklad takov\u00e9 s\u00eddli\u0161t\u011b Sahara &#8211; domn\u00edv\u00e1m se, \u017ee je celkov\u011b v\u011bt\u0161\u00ed, ne\u017e p\u0159\u00edslu\u0161\u00ed velikosti obce.<\/p>\n<p><em>Martin Sekera:<\/em> Shodneme se te\u010f tedy na tom, \u017ee urb\u00e1nn\u00ed v\u00fdvoj je reakc\u00ed na prom\u011bnu pot\u0159eb lid\u00ed \u017eij\u00edc\u00ed v&nbsp;dan\u00e9 lokalit\u011b. Tato zm\u011bna vyvol\u00e1v\u00e1 nap\u011bt\u00ed mezi t\u011bmi, kte\u0159\u00ed maj\u00ed rozhodovat o&nbsp;zm\u011bn\u011b s\u00eddla. Jde o&nbsp;st\u0159et mezi nov\u00fdm a&nbsp;star\u00fdm, a\u0165 u\u017e je to p\u0159edstava nebo konkr\u00e9tn\u00ed zhmotn\u011bn\u00ed v&nbsp;podob\u011b pl\u00e1nu, nebo pak ve stavb\u011b samotn\u00e9. B\u00fdv\u00e1 to ostr\u00fd st\u0159et, proto\u017ee star\u00e9 je nahrazeno n\u011b\u010d\u00edm nov\u00fdm. P\u0159ipome\u0148me si rok 1897, kdy se bouralo Star\u00e9 M\u011bsto v&nbsp;oblasti Josefova v&nbsp;Praze. Tehdy prob\u00edhaly obrovsk\u00e9 debaty, ve kter\u00fdch pokrok\u00e1\u0159i \u0159\u00edkali, \u017ee zbour\u00e1n\u00edm se utvo\u0159\u00ed prostor pro stavbu nov\u00fdch budov, kter\u00e9 budou p\u0159edev\u0161\u00edm hygienick\u00e9, charakter uli\u010dek nebude u\u017e st\u0159edov\u011bk\u00fd, ale modern\u00ed. To vyvol\u00e1valo pohor\u0161en\u00ed u&nbsp;zast\u00e1nc\u016f star\u00fdch hodnot, star\u00e9 kultury. Do diskuse p\u0159isp\u011bl i&nbsp;spisovatel Vil\u00e9m Mr\u0161t\u00edk sv\u00fdm proslul\u00fdm manifestem <i>Bestia triumphans<\/i>, kter\u00fdm protestoval proti asanaci historick\u00e9ho centra Prahy. V&nbsp;19.&nbsp;stolet\u00ed za\u010d\u00ednala urbanizace gradovat. Ze sou\u010dasnosti bych zase p\u0159ipomn\u011bl ud\u00e1lost, kdy do Letensk\u00e9 pl\u00e1n\u011b, prostoru, kter\u00fd byl dlouhodob\u011b pr\u00e1zdn\u00fd, architekt a&nbsp;jeho partner N\u00e1rodn\u00ed knihovna ur\u010dili m\u00edsto pro velkostavbu nov\u00e9 knihovny. Tak\u00e9 to vyvolalo velk\u00e9 st\u0159ety.<\/p>\n<p>&nbsp;<\/p>\n<div style=\"float: right; margin: 10px;\"><a href=\"https:\/\/libcickekrizovatky.cz\/content\/uploads\/2017\/11\/debataourbankismu2.jpg\"><img loading=\"lazy\" class=\"alignleft wp-image-16879\" src=\"https:\/\/libcickekrizovatky.cz\/content\/uploads\/2017\/11\/debataourbankismu2.jpg\" alt=\"Debata o urbanismu...\" width=\"300\" height=\"465\" srcset=\"https:\/\/libcickekrizovatky.cz\/content\/uploads\/2017\/11\/debataourbankismu2.jpg 1144w, https:\/\/libcickekrizovatky.cz\/content\/uploads\/2017\/11\/debataourbankismu2-194x300.jpg 194w, https:\/\/libcickekrizovatky.cz\/content\/uploads\/2017\/11\/debataourbankismu2-768x1190.jpg 768w, https:\/\/libcickekrizovatky.cz\/content\/uploads\/2017\/11\/debataourbankismu2-661x1024.jpg 661w\" sizes=\"(max-width: 300px) 100vw, 300px\" \/><\/a><\/div>\n<h3>Je tedy nezbytn\u00e9, aby p\u0159i&nbsp;rozvoji m\u011bsta doch\u00e1zelo ke st\u0159et\u016fm, nebo lze n\u011bjak hledat kompromis? Jak se dos\u00e1hne konsensu?<\/h3>\n<p><em>Patrik Hoffman:<\/em> J\u00e1 jsem v\u017edycky zast\u00e1ncem konsensu a&nbsp;dialogu p\u0159ed st\u0159etem. Jsem p\u0159esv\u011bd\u010den, \u017ee st\u0159et produkuje negativn\u00ed energie. M\u011bli bychom b\u00fdt vychov\u00e1v\u00e1ni k&nbsp;dialogu, naslouchat si.<\/p>\n<p><em>Petra Pele\u0161kov\u00e1:<\/em> Pokud m\u00e1 vzniknout n\u011bco v\u00fdrazn\u011b jin\u00e9ho, ne\u017e to, co v&nbsp;m\u00edst\u011b p\u016fvodn\u011b bylo, a&nbsp;z\u00e1m\u011br se prov\u00e1d\u00ed bez vysv\u011btlen\u00ed, bez zasazen\u00ed do historick\u00e9ho kontextu, pak takov\u00fd projekt nemus\u00ed b\u00fdt dob\u0159e p\u0159ijat. P\u0159\u00edkladem je velk\u00e1 diskuse kolem Tan\u010d\u00edc\u00edho domu architekta Miluni\u010de. To byla \u201epecka\u201d, kter\u00e1 se zde objevila kr\u00e1tce po&nbsp;revoluci. Spousta lid\u00ed m\u011blo dlouhou dobu velk\u00fd probl\u00e9m d\u016fm p\u0159ijmout, a&nbsp;p\u0159itom dnes u\u017e n\u00e1m p\u0159ipad\u00e1, \u017ee tam byl v\u017edycky. Jsou to p\u0159irozen\u00e9 stavy, kter\u00e9 v\u0161ak nemus\u00ed nastat v\u017edy. Je to cel\u00e9 o&nbsp;komunikaci, vysv\u011btlov\u00e1n\u00ed a&nbsp;diskutov\u00e1n\u00ed.<\/p>\n<p><em>Patrik Hoffman:<\/em> Mo\u017en\u00e1 je to t\u00edm, \u017ee jsme m\u00e1lo pou\u010diteln\u00ed z&nbsp;v\u00fdvoje kolem n\u00e1s. Tan\u010d\u00edc\u00ed d\u016fm toti\u017e uk\u00e1zal, \u017ee i&nbsp;to nov\u00e9 m\u016f\u017ee b\u00fdt p\u0159\u00ednosem a&nbsp;dobr\u00e9.<br \/>\nN\u011bco podobn\u00e9ho jsem za\u017eil na Sn\u011b\u017ece, kde jsme s&nbsp;Martinem Rajni\u0161em postavili Po\u0161tovnu. Jej\u00ed podoba byla tak\u00e9 p\u0159edm\u011btem velk\u00e9 diskuse. V\u00fdsledn\u00fd n\u00e1vrh vze\u0161el pr\u00e1v\u011b z&nbsp;konsensu, shodli jsme se na vytvo\u0159en\u00ed do\u010dasn\u00e9 a&nbsp;snadno odstraniteln\u00e9 stavby, kter\u00e1 by z\u00e1rove\u0148 \u0159e\u0161ila aktu\u00e1ln\u00ed pot\u0159ebu m\u00edt na Sn\u011b\u017ece n\u011bco, co bude lidem p\u0159\u00edstupn\u00e9, co jim bude slou\u017eit. Vzniklo to po&nbsp;\u0161\u00edlen\u00e9 diskusi, kdy na stran\u011b n\u00e1rodn\u00edho parku bylo v\u0161e vn\u00edm\u00e1no velmi negativn\u011b. P\u0159edev\u0161\u00edm \u0161lo o&nbsp;to, zda Po\u0161tovna nebude ohromn\u00fd d\u016fm.<br \/>\nPo&nbsp;dokon\u010den\u00ed stavby jsem pak p\u0159i&nbsp;n\u011bjak\u00e9 cest\u011b nahoru potkal \u010dlov\u011bka, kter\u00fd byl jej\u00edcm nejv\u011bt\u0161\u00edm odp\u016frcem. Ta z&nbsp;m\u00edsta, kde jsme se setkali, skute\u010dn\u011b nebyla vid\u011bt. Zeptal jsem se ho, co si o&nbsp;tom tedy mysl\u00ed. A&nbsp;on mne zasko\u010dil t\u00edm, \u017ee \u0159ekl, \u017ee te\u010f u\u017e to p\u0159ece nikoho nezaj\u00edm\u00e1. J\u00e1 jsem p\u0159itom \u010dekal d\u016fle\u017eitou reflexi, proto\u017ee kdy\u017e n\u011bco navrhuji, tak se sna\u017e\u00edm p\u0159em\u00fd\u0161let, vytvo\u0159it n\u011bco, co funguje a&nbsp;pak mne zaj\u00edm\u00e1, jestli to skute\u010dn\u011b funguje, a&nbsp;jestli jsem to navrhl spr\u00e1vn\u011b. N\u011bkdy se stane, \u017ee se zm\u00fdl\u00edme a&nbsp;pak je to pro n\u00e1s pou\u010den\u00ed, \u017ee p\u0159\u00ed\u0161t\u011b to m\u00e1me ud\u011blat jinak.<\/p>\n<p><em>Martin \u0160imon:<\/em> To, co jste te\u010f popisovali, je takov\u00e1 vlajkov\u00e1 architektura, d\u016fle\u017eit\u00e1 sp\u00ed\u0161e z&nbsp;pohledu vn\u011bj\u0161\u00ed prezentace m\u011bsta. Pro obyvatele je ale podstatn\u00e1 ta \u201eka\u017edodenn\u00ed\u201d architektura, jej\u00ed\u017e pl\u00e1nov\u00e1n\u00ed je daleko m\u00e9n\u011b konfliktn\u00ed, je mo\u017en\u00e9 je zalo\u017eit na datech, na re\u00e1ln\u00fdch pot\u0159eb\u00e1ch v&nbsp;\u00fazem\u00ed. Je to trochu jin\u00fd typ probl\u00e9mu a&nbsp;vy\u017eaduje diskusi a&nbsp;anal\u00fdzu, kter\u00e1 bude podporovat rozhodnut\u00ed. Jestli chci zm\u011bnit image m\u011bsta, kter\u00e9 je industri\u00e1ln\u00ed, tak tam postav\u00edm \u201e\u0161\u00edlenou\u201d sklen\u011bnou knihovnu, kterou budu d\u00e1vat na v\u0161echny pohlednice, aby lidi za\u010dali takov\u00e9 m\u011bsto vn\u00edmat jinak ne\u017e d\u0159\u00edve. Ale kdy\u017e \u0159e\u0161\u00edm b\u011b\u017enou infrastrukturu na ka\u017edodenn\u00ed pou\u017eit\u00ed, tak to nen\u00ed tolik konfliktn\u00ed a&nbsp;ji mo\u017en\u00e9 rozumn\u011b pl\u00e1novat.<\/p>\n<p><em>Martin Sekera:<\/em> K&nbsp;pl\u00e1nov\u00e1n\u00ed je t\u0159eba vz\u00edt v&nbsp;\u00favahu cel\u00e9 spektrum dat, kter\u00e1 se t\u00fdkaj\u00ed lid\u00ed, kte\u0159\u00ed v&nbsp;dan\u00e9m m\u011bst\u011b \u017eij\u00ed, zvyk\u016f, stoj\u00edc\u00ed infrastruktury, p\u0159\u00edrodn\u00edch podm\u00ednek. Je to zkr\u00e1tka soubor, kter\u00fd nem\u016f\u017ee b\u00fdt tvo\u0159en amat\u00e9rsky, mus\u00ed b\u00fdt v&nbsp;kvalifikovan\u00e9 podob\u011b k&nbsp;dispozici t\u011bm, kte\u0159\u00ed o&nbsp;m\u011bst\u011b rozhoduj\u00ed.<\/p>\n<p><em>Petra Pele\u0161kov\u00e1:<\/em> V&nbsp;pl\u00e1nov\u00e1n\u00ed rozvoje m\u011bsta je tak\u00e9 pot\u0159eba sofistikovan\u00e9ho \u010dlov\u011bka, kter\u00fd si uv\u011bdom\u00ed, \u017ee se v\u0161echno ned\u00e1 d\u011blat direktivn\u011b, naopak je nutn\u00e9 lidi z&nbsp;m\u011bsta propojit, sestavit data jako podklad pro toho, kdo za\u010dne n\u011bco vytv\u00e1\u0159et. Mus\u00ed to b\u00fdt \u010dlov\u011bk vst\u0159\u00edcn\u00fd k&nbsp;okol\u00ed, n\u011bkdo s&nbsp;nadhledem, schopnost\u00ed komunikovat a&nbsp;p\u0159edev\u0161\u00edm naslouchat, a&nbsp;ten, kdo dok\u00e1\u017ee v&nbsp;z\u00e1jmu ostatn\u00edch potla\u010dit vlastn\u00ed ego pro trvalej\u0161\u00ed hodnotu. A&nbsp;nemus\u00ed to b\u00fdt specialista, aby tomu v\u0161emu rozum\u011bl, sp\u00ed\u0161e mana\u017eer.<\/p>\n<p><em>Patrik Hoffman:<\/em> Tak\u00e9 si to mysl\u00edm. Pokud bych se m\u011bl zab\u00fdvat rozvojem obce, mus\u00edm v\u011bd\u011bt, jak\u00e9 n\u00e1stroje k&nbsp;rozvoji pot\u0159ebuji. K&nbsp;tomu, abych se dob\u0159e rozhodoval, pot\u0159ebuji zn\u00e1t data a&nbsp;informace, kter\u00e9 z\u00edsk\u00e1m od lid\u00ed, kte\u0159\u00ed tu \u017eij\u00ed. A&nbsp;ten materi\u00e1l pak ve v\u00fdsledku slou\u017e\u00ed mn\u011b nebo volen\u00fdm z\u00e1stupc\u016fm k&nbsp;tomu, aby se dob\u0159e rozhodli.<\/p>\n<p>&nbsp;<\/p>\n<h3>Je pro m\u011bsto v\u00fdhoda, kdy\u017e m\u00e1 historick\u00e9 centrum?<\/h3>\n<p><em>Petra Pele\u0161kov\u00e1:<\/em> V\u00fdhodou je, \u017ee to, co setrvalo, vydr\u017eelo t\u0159eba ze st\u0159edov\u011bku do sou\u010dasnosti a&nbsp;je ur\u010dit\u00fdm zp\u016fsobem histori\u00ed prov\u011b\u0159eno. Historick\u00e9 j\u00e1dro je centrum, p\u0159\u00edjemn\u00fd prostor, je to m\u00edsto, kter\u00e9 m\u00e1 m\u011b\u0159\u00edtko. V&nbsp;historick\u00fdch j\u00e1drech obecn\u011b nejsou p\u0159erostl\u00e9 budovy, nic, co by ohromovalo velikost\u00ed, co by na v\u00e1s pomysln\u011b padalo. M\u016f\u017ee tu, dejme tomu, b\u00fdt velk\u00fd kostel, ale ani to nen\u00ed pravidlo. Nov\u00e1 z\u00e1stavba se m\u016f\u017ee od star\u00e9ho centra odv\u00edjet, vz\u00e1jemn\u011b si ale ob\u011b \u010d\u00e1sti nemus\u00ed konkurovat. Mysl\u00edm si, \u017ee je ur\u010dit\u011b plus, kdy\u017e historick\u00e9 j\u00e1dro ve m\u011bst\u011b je. Kdy\u017e se vytv\u00e1\u0159\u00ed nov\u00e9, tak nikdy p\u0159edem nev\u00edte, jestli bude pot\u0159eb\u00e1m m\u011bsta ve v\u00fdsledku vyhovovat.<\/p>\n<p><em>Patrik Hoffman:<\/em> Pro mne historick\u00e9 centrum v\u017edy p\u0159edstavuje snaz\u0161\u00ed identifikaci s&nbsp;dan\u00fdm m\u00edstem, je to prostor, kter\u00fd funguje n\u011bkolik des\u00edtek \u010di&nbsp;stovek let, vytv\u00e1\u0159\u00ed genius loci, a\u010d je t\u011b\u017eko uchopiteln\u00e9, je om\u00edl\u00e1no l\u00e9ty a&nbsp;tvo\u0159\u00ed identitu m\u00edsta. Dal\u0161\u00ed rozvoj je tedy rozvojem t\u00e9to identity.<\/p>\n<p><em>Martin \u0160imon:<\/em> N\u011bkdy nemus\u00ed b\u00fdt historick\u00e1 z\u00e1stavba z\u00e1rukou \u00fasp\u011b\u0161n\u00e9ho rozvoje. P\u0159\u00edkladem mohou b\u00fdt n\u011bkter\u00e1 m\u011bsta v&nbsp;b\u00fdval\u00e9m v\u00fdchodn\u00edm N\u011bmecku, kter\u00e1 maj\u00ed kr\u00e1snou historickou z\u00e1stavbu, a&nbsp;ta je jim vzhledem k&nbsp;demografick\u00e9mu i&nbsp;jin\u00e9mu v\u00fdvoji \u00fapln\u011b k&nbsp;ni\u010demu. Kdy\u017e se mus\u00ed star\u00e1 z\u00e1stavba opravit a&nbsp;sou\u010dasn\u011b se chce zachovat p\u016fvodn\u00ed podoba i&nbsp;proto, \u017ee si to p\u0159ej\u00ed lid\u00e9 zde \u017eij\u00edc\u00ed, jsou n\u00e1klady v\u00fdrazn\u011b vy\u0161\u0161\u00ed. Historick\u00e1 z\u00e1stavba tedy m\u016f\u017ee b\u00fdt ve m\u011bstech i&nbsp;z\u00e1t\u011b\u017e\u00ed. Ve srovn\u00e1n\u00ed s&nbsp;m\u011bstem, kter\u00e9 nen\u00ed historick\u00e9, to cel\u00e9 \u010dist\u011b ekonomicky vyjde mnohon\u00e1sobn\u011b dr\u00e1\u017e.<\/p>\n<p><em>Martin Sekera:<\/em> Nem\u00edt historick\u00e9 j\u00e1dro ale nen\u00ed d\u016fvodem m\u00edt pocit, \u017ee nen\u00ed mo\u017en\u00e9 vytvo\u0159it identitu m\u00edsta.<\/p>\n<h3><\/h3>\n<h3><b>Sm\u011brem od<\/b> Prahy<b> k&nbsp;Lib\u010dic\u00edm maj\u00ed v\u0161echny obce spole\u010dnou p\u0159\u00edtomnost \u0159eky Vltavy, a&nbsp;\u017eeleznice. \u010c\u00edm se Lib\u010dice od ostatn\u00edch odli\u0161uj\u00ed &#8211; \u00a0a\u0165 u\u017e pozitivn\u011b nebo negativn\u011b? Jak by se Lib\u010dice m\u011bly rozv\u00edjet?<\/b><\/h3>\n<p><em>Martin \u0160imon:<\/em> Efekt bl\u00edzkosti velkom\u011bsta z\u00e1sadn\u00ed m\u00e1 vliv skoro na v\u0161echno. Zhruba p\u0159ed 30 lety, p\u0159ed 20 lety intenzivn\u011bji, za\u010dal p\u0159esun lidi do pra\u017esk\u00e9ho z\u00e1zem\u00ed. Lid\u00e9 ale pot\u0159ebuj\u00ed doj\u00ed\u017ed\u011bt do pr\u00e1ce, kterou maj\u00ed nej\u010dast\u011bji v&nbsp;Praze: aktu\u00e1ln\u011b z&nbsp;Lib\u010dic do Prahy doj\u00ed\u017ed\u00ed asi 40% pracuj\u00edc\u00edch. Infrastruktura, kterou \u017eeleznice je, p\u0159edur\u010duje Lib\u010dice k&nbsp;reziden\u010dn\u00edmu charakteru. Vzd\u00e1lenost k&nbsp;m\u00edstu zam\u011bstn\u00e1n\u00ed limituje i&nbsp;to, jak\u00e9 skupiny lid\u00ed se sem mohou p\u0159ist\u011bhovat, proto\u017ee u\u017e jsme na hran\u011b rozumn\u00e9 doj\u00ed\u017e\u010fky.<br \/>\nPodobn\u011b jako \u017eeleznice, i&nbsp;\u0159eka byla historicky lini\u00ed rozvoje obchodu. Dnes naopak p\u0159edstavuje sp\u00ed\u0161e bari\u00e9ru: lid\u00e9 z&nbsp;druh\u00e9ho b\u0159ehu, kte\u0159\u00ed by sem mohli jezdit, nakupovat tu, p\u0159\u00edpadn\u011b tu i&nbsp;bydlet, to ned\u011blaj\u00ed, proto\u017ee se na prot\u011bj\u0161\u00ed stranu ned\u00e1 snadno dojet. \u017delezni\u010dn\u00ed tra\u0165 je naopak bari\u00e9rou p\u0159\u00edstupu k&nbsp;\u0159ece, tak\u017ee kdy\u017e n\u011bkdo chce n\u011bco z\u00e1sadn\u00edho ud\u011blat s&nbsp;Lib\u010dicemi, m\u011bl by tuto situaci n\u011bjak vy\u0159e\u0161it.<\/p>\n<p><em>Patrik Hoffman:<\/em> P\u0159i&nbsp;\u0159e\u0161en\u00ed dostupnosti nov\u00e9 kotelny jsme \u0159e\u0161ili propojen\u00ed s&nbsp;m\u011bstem a&nbsp;jedna z&nbsp;\u00favah je otev\u0159\u00edt sem st\u00e1vaj\u00edc\u00ed podchod pod trat\u00ed. Je to jedna z&nbsp;m\u00e1la mo\u017enost\u00ed, kde se d\u00e1 je\u0161t\u011b dneska p\u0159idat propojen\u00ed.<\/p>\n<p><em>Martin Sekera:<\/em> P\u0159ed volbami se v&nbsp;Lib\u010dic\u00edch \u010dasto objevuj\u00ed slogany o&nbsp;tom, \u017ee chceme zachovat na\u0161e mal\u00e9 klidn\u00e9 m\u011bste\u010dko. Je to odkaz na jeho reziden\u010dn\u00ed charakter. O&nbsp;to v\u011bt\u0161\u00ed je pak zodpov\u011bdnost za to, jakou ta malost a&nbsp;klidnost bude m\u00edt kvalitu. Pokud m\u00e1 m\u011bsto vyhovovat obyvatel\u016fm, b\u00fdt modern\u00ed a&nbsp;srovnateln\u00e9 s&nbsp;okoln\u00edmi obcemi, \u00a0tak mus\u00ed b\u00fdt jeho rozvoj zalo\u017een na n\u011bjak\u00e9 dlouhodob\u00e9 p\u0159edstav\u011b, formulovan\u00e9 konkr\u00e9tn\u011b ve strategick\u00e9m pl\u00e1nu. M\u00e1me ho?<\/p>\n<p><em>Petra Pele\u0161kov\u00e1:<\/em> Aktu\u00e1ln\u011b ne. Sna\u017eili jsme se, aby strategick\u00fd pl\u00e1n Lib\u010dice m\u011bly, proto\u017ee ho pova\u017eujeme za v\u00fdznamn\u00fd dokument, kter\u00fd nastavuje ur\u010dit\u00e9 linky do budoucna v&nbsp;n\u00e1vaznosti na v\u011bci, kter\u00e9 v&nbsp;m\u00edst\u011b existuj\u00ed a&nbsp;jsou hodnotn\u00e9. Tento dokument m\u00e1 ale bohu\u017eel nejen u&nbsp;n\u00e1s v&nbsp;obci pon\u011bkud zprofanovan\u00fd v\u00fdznam. Zp\u016fsobily to do jist\u00e9 m\u00edry dota\u010dn\u00ed programy, v&nbsp;nich\u017e byly p\u0159id\u011blov\u00e1ny body za zpracovan\u00fd strategick\u00fd pl\u00e1n. Mnoho obc\u00ed si jej proto nechalo zpracovat jen form\u00e1ln\u011b. My bychom byli r\u00e1di, kdyby na\u0161e m\u011bsto m\u011blo strategick\u00fd pl\u00e1n, ale opravdov\u00fd, v\u010detn\u011b analyzovan\u00fdch dat, kvalitn\u00edch podklad\u016f, vze\u0161l\u00fdch mimo jin\u00e9 ze setk\u00e1v\u00e1n\u00ed se s&nbsp;lidmi, jich\u017e se t\u00fdkaj\u00ed jednotliv\u00e9 oblasti, kter\u00e9 je pot\u0159eba zachytit. Nesetkali jsme se ale s&nbsp;pochopen\u00edm, sp\u00ed\u0161 jsme byli na obt\u00ed\u017e. V&nbsp;sou\u010dasnosti tedy m\u00e1me pouze koncept, p\u00e1r \u010d\u00edsel ze statistick\u00e9 ro\u010denky. Uvid\u00edme, jak\u00fd posun nastane po&nbsp;ned\u00e1vn\u00e9m v\u00fdb\u011bru koordin\u00e1torky strategick\u00e9ho pl\u00e1nu.<\/p>\n<p><em>Martin \u0160imon:<\/em> P\u0159i&nbsp;strategick\u00e9m pl\u00e1nov\u00e1n\u00ed je podle m\u00fdch zku\u0161enost\u00ed samotn\u00e1 aktivita d\u016fle\u017eit\u011bj\u0161\u00ed ne\u017e v\u00fdsledek. Je pot\u0159eba d\u00e1t dohromady v\u00edc lid\u00ed a&nbsp;vyu\u017e\u00edt odbornost\u00ed v\u0161ech m\u00edstn\u00edch expert\u016f. Spole\u010dn\u011b se pak p\u0159ijde se na n\u00e1pady, na kter\u00e9 by se jinak nep\u0159i\u0161lo. V\u00fdsledkem by m\u011bl b\u00fdt konsensus nejenom lidsk\u00fd, ale tak\u00e9 zalo\u017een\u00fd pr\u00e1v\u011b na zhodnocen\u00ed dat, sociologick\u00fdch, hospod\u00e1\u0159sk\u00fdch a&nbsp;dal\u0161\u00edch.<\/p>\n<p>&nbsp;<\/p>\n<h3><b>Posledn\u00ed<\/b> dobou<b> se v&nbsp;Lib\u010dic\u00edch hodn\u011b diskutovalo o&nbsp;vzniku n\u00e1m\u011bst\u00ed. Kde by podle v\u00e1s m\u011blo b\u00fdt? Tam, kde se to dnes n\u00e1m\u011bst\u00ed (Svobody) sp\u00ed\u0161e jen jmenuje?<\/b><\/h3>\n<p><em>Patrik Hoffman:<\/em> M\u016fj pohled je pohledem zvenku, proto\u017ee to tu je\u0161t\u011b dostate\u010dn\u011b nezn\u00e1m. Mn\u011b ten prostor v\u017edycky p\u0159ipadal sp\u00ed\u0161 jako k\u0159i\u017eovatka. Jenom kdy\u017e si p\u0159edstav\u00edm, \u017ee se tam shrom\u00e1\u017ed\u00ed n\u011bjac\u00ed lid\u00e9, pt\u00e1m se, kde zaparkuj\u00ed, jak se tam dostanou bezpe\u010dn\u011b, aby nezkolabovala doprava v&nbsp;Lib\u010dic\u00edch, proto\u017ee sv\u00fdm zp\u016fsobem tudy projedou v\u0161echna auta ve m\u011bst\u011b.<br \/>\nSkute\u010dn\u011b jen velmi okrajov\u011b zn\u00e1m situaci kolem kulturn\u00edho domu. Tam jsem si potenci\u00e1ln\u00ed centrum dovedl p\u0159edstavit, ale takov\u00fd pl\u00e1n by musel b\u00fdt na z\u00e1klad\u011b strategick\u00e9ho pl\u00e1nov\u00e1n\u00ed podpo\u0159en ve sv\u00e9m v\u00fdvoji a&nbsp;r\u016fstu.<br \/>\nA&nbsp;v&nbsp;are\u00e1lu b\u00fdval\u00e9 \u0161roub\u00e1rny takov\u00e1 mo\u017enost tak\u00e9 existuje, ale nechci \u0159\u00edkat, \u017ee by to tak m\u011blo b\u00fdt, proto\u017ee by to m\u011blo b\u00fdt p\u0159edm\u011btem n\u011bjak\u00e9 diskuse.<\/p>\n<p><em>Petra Pele\u0161kov\u00e1:<\/em> Pot\u0159eba shroma\u017e\u010fovac\u00edho prostoru se podle m\u00e9ho n\u00e1zoru dost zm\u011bnila. Na n\u00e1m\u011bst\u00ed kdysi b\u00fdval trh, za komunist\u016f se zde manifestovalo, pozd\u011bji i&nbsp;demonstrovalo s&nbsp;transparenty. Dnes u\u017e ta pot\u0159eba takov\u00e1 nen\u00ed. Pro mne by n\u00e1m\u011bst\u00ed m\u011blo v\u00fdznam s&nbsp;parkovou \u00fapravou, kde si lid\u00e9 sednou na lavi\u010dku, popov\u00eddaj\u00ed si.<\/p>\n<p><em>Martin \u0160imon:<\/em> V&nbsp;Lib\u010dic\u00edch se p\u0159es den po&nbsp;m\u011bst\u011b pohybuj\u00ed dv\u011b hlavn\u00ed v\u011bkov\u00e9 skupiny. Jsou to sta\u0159\u00ed lid\u00e9 a&nbsp;maminky s&nbsp;d\u011btmi. Pro n\u011b, jako hlavn\u00ed u\u017eivatele, je spr\u00e1vn\u00e9 prostor optimalizovat. Tak\u00e9 bychom se m\u011bli pt\u00e1t, zda pro t\u0159i vesnice, kter\u00e9 na\u0161e m\u011bsto tvo\u0159\u00ed a&nbsp;maj\u00ed svoje urbaniza\u010dn\u00ed j\u00e1dra, je n\u00e1m\u011bst\u00ed Svobody v\u016fbec centrem. \u00a0Nen\u00ed tedy smyslupln\u011bj\u0161\u00ed investovat do kvality t\u011bch st\u00e1vaj\u00edc\u00edch m\u00edst, ne\u017e vybudovat n\u00e1m\u011bst\u00ed, kam ani nikdo nebude chodit? Je\u0161t\u011b je pot\u0159eba si uv\u011bdomit, \u017ee st\u00e1vaj\u00edc\u00ed d\u00edl\u010d\u00ed centra jsou jaksi rozeseta a&nbsp;kdyby se ud\u011blalo jedno centrum v\u011bt\u0161\u00ed, je pravd\u011bpodobn\u00e9, \u017ee by se ta d\u00edl\u010d\u00ed zlikvidovala.<\/p>\n<p><em>Petra Pele\u0161kov\u00e1:<\/em> Tak\u00e9 jsem sp\u00ed\u0161e pro posilov\u00e1n\u00ed lok\u00e1ln\u00edch center a&nbsp;jejich vazeb. V&nbsp;Lib\u010dic\u00edch chyb\u00ed pohodln\u00e9 p\u011b\u0161\u00ed propojen\u00ed d\u00edl\u010d\u00edch center &#8211; Ch\u00fdnova a&nbsp;Letek. Tyto \u010d\u00e1sti jsou ve skute\u010dnosti velmi bl\u00edzk\u00e9, nemaj\u00ed ale dobr\u00e9 a&nbsp;pohodln\u00e9 spojen\u00ed.<\/p>\n<p><em>Patrik Hoffman:<\/em> Funk\u010dn\u00ed vazby v&nbsp;\u00fazem\u00ed jsou hodn\u011b d\u016fle\u017eit\u00e9, pokud nejsou, tak m\u011bsto p\u0159est\u00e1v\u00e1 fungovat. N\u011bkdy je vhodn\u00e9 \u201cpustit \u017eilou\u201d, umo\u017enit lidem pohyb a&nbsp;nab\u00eddnout jim novou mo\u017enost. J\u00e1 se t\u0159eba neztoto\u017en\u00edm s&nbsp;n\u00e1zorem, \u017ee \u010dty\u0159i kilometry (od Ha\u0161lerovy vily na konec ulice Pod Vini\u010dkou) mus\u00ed b\u00fdt nezbytn\u011b nutn\u011b daleko, je to o&nbsp;kvalit\u011b slu\u017eby a&nbsp;kvalit\u011b prost\u0159ed\u00ed. Skute\u010dn\u011b je ot\u00e1zka, jestli n\u00e1pad vytvo\u0159it v&nbsp;Lib\u010dic\u00edch \u201esupercentrum\u201d, je v\u016fbec dobr\u00fd a&nbsp;jak\u00fd typ toho prostoru je vlastn\u011b d\u016fle\u017eit\u00fd.<br \/>\nS&nbsp;viz\u00ed rozvoje m\u011bsta je pot\u0159eba spojit i&nbsp;to, k&nbsp;jak\u00e9mu po\u010dtu sm\u011b\u0159ujeme a&nbsp;s&nbsp;touto rozvojovou \u00favahou si \u0159\u00edct, kolik center, kolik obchod\u016f, se tady m\u016f\u017ee u\u017eivit. Ale souvis\u00ed to i&nbsp;s&nbsp;t\u00edm, co jsme si \u0159\u00edkali na za\u010d\u00e1tku, jak moc jsou Lib\u010dice propojen\u00e9 s&nbsp;druh\u00fdm b\u0159ehem, okoln\u00edmi m\u011bsty, jestli by Lib\u010dice mohly b\u00fdt zaj\u00edmavou v\u00fdletn\u00ed destinac\u00ed pro Prahu. Kdyby se poda\u0159ilo je propojit cyklostezkou, pak u\u017e je to v\u00fdletn\u00ed c\u00edl. To by v\u0161echno pom\u00e1halo budovat tu d\u016fle\u017eitou infrastrukturu a&nbsp;pom\u00e1hat tomu, aby se tady u\u017eivila.<br \/>\nJednal jsem s&nbsp;lidmi, kte\u0159\u00ed uva\u017eovali o&nbsp;tom, \u017ee tady otev\u0159ou pivovarskou restauraci. M\u016f\u017ee t\u00edm p\u0159ij\u00edt pozitivn\u00ed efekt, i&nbsp;kdy\u017e tu slu\u017eby tohoto druhu u\u017e jsou, nemus\u00ed si jen konkurovat. V\u017edycky je d\u016fle\u017eit\u00e9, jak se s&nbsp;t\u011bmito v\u011bcmi pracuje. Jin\u00e9 pojet\u00ed m\u016f\u017ee z&nbsp;Lib\u010dic ud\u011blat atraktivn\u00ed destinaci.<\/p>\n<p><em>Martin Sekera:<\/em> J\u00e1 bych navrhoval debatu ukon\u010dit, ani\u017e by byla uzav\u0159en\u00e1. Mysl\u00edm, \u017ee vyj\u00e1d\u0159ila to, jak t\u011b\u017ek\u00e9 je p\u0159em\u00fd\u0161let o&nbsp;rozvoji m\u011bsta a&nbsp;o&nbsp;tom, co se naz\u00fdv\u00e1 urbanismem m\u011bsta, urb\u00e1nn\u00edm rozvojem. Mus\u00edme doufat, \u017ee ta n\u00e1ro\u010dnost budouc\u00ed radnice neodrad\u00ed a&nbsp;\u017ee se to obr\u00e1t\u00ed v&nbsp;dobrou perspektivu.  <\/p>\n","protected":false},"excerpt":{"rendered":"<p>Vy\u0161lo v&nbsp;ti\u0161t\u011bn\u00e9 podob\u011b Lib\u010dick\u00fdch k\u0159i\u017eovatek \u010d\u00edslo 1 \/ 2017. Nad ot\u00e1zkami, kter\u00e9 p\u0159ipravil Martin Sekera, urbanismu diskutuj\u00ed: Petra Pele\u0161kov\u00e1, stavebn\u00ed in\u017een\u00fdrka a&nbsp;zastupitelka za LOS Martin \u0160imon, urb\u00e1nn\u00ed geograf Patrik Hoffman, architekt Martin Sekera, historik<\/p>\n","protected":false},"author":3,"featured_media":0,"comment_status":"open","ping_status":"open","sticky":false,"template":"","format":"standard","meta":[],"categories":[885,192,4,111],"tags":[898,8,899,448,18,897],"_links":{"self":[{"href":"https:\/\/libcickekrizovatky.cz\/index.php?rest_route=\/wp\/v2\/posts\/16876"}],"collection":[{"href":"https:\/\/libcickekrizovatky.cz\/index.php?rest_route=\/wp\/v2\/posts"}],"about":[{"href":"https:\/\/libcickekrizovatky.cz\/index.php?rest_route=\/wp\/v2\/types\/post"}],"author":[{"embeddable":true,"href":"https:\/\/libcickekrizovatky.cz\/index.php?rest_route=\/wp\/v2\/users\/3"}],"replies":[{"embeddable":true,"href":"https:\/\/libcickekrizovatky.cz\/index.php?rest_route=%2Fwp%2Fv2%2Fcomments&post=16876"}],"version-history":[{"count":2,"href":"https:\/\/libcickekrizovatky.cz\/index.php?rest_route=\/wp\/v2\/posts\/16876\/revisions"}],"predecessor-version":[{"id":16957,"href":"https:\/\/libcickekrizovatky.cz\/index.php?rest_route=\/wp\/v2\/posts\/16876\/revisions\/16957"}],"wp:attachment":[{"href":"https:\/\/libcickekrizovatky.cz\/index.php?rest_route=%2Fwp%2Fv2%2Fmedia&parent=16876"}],"wp:term":[{"taxonomy":"category","embeddable":true,"href":"https:\/\/libcickekrizovatky.cz\/index.php?rest_route=%2Fwp%2Fv2%2Fcategories&post=16876"},{"taxonomy":"post_tag","embeddable":true,"href":"https:\/\/libcickekrizovatky.cz\/index.php?rest_route=%2Fwp%2Fv2%2Ftags&post=16876"}],"curies":[{"name":"wp","href":"https:\/\/api.w.org\/{rel}","templated":true}]}}