{"id":17168,"date":"2017-12-05T12:14:40","date_gmt":"2017-12-05T11:14:40","guid":{"rendered":"http:\/\/libcickekrizovatky.cz\/?p=17168"},"modified":"2017-12-05T12:14:40","modified_gmt":"2017-12-05T11:14:40","slug":"za-mamutikem-vzpominky-na-jardu-novaka","status":"publish","type":"post","link":"https:\/\/libcickekrizovatky.cz\/?p=17168","title":{"rendered":"Za Mamut\u00edkem&#8230; (vzpom\u00ednky na Jardu Nov\u00e1ka)"},"content":{"rendered":"<div style=\"float: right; margin: 10px;\"><a href=\"https:\/\/libcickekrizovatky.cz\/content\/uploads\/2017\/12\/Jarda-Nov\u00e1k_2017-300x188.jpg\"><img class=\"alignright size-large wp-image-17063\" src=\"https:\/\/libcickekrizovatky.cz\/content\/uploads\/2017\/12\/Jarda-Nov\u00e1k_2017-300x188.jpg\" alt=\"\" width=\"240\" \/><\/a><\/div>\n<p>Jarda byl o&nbsp;\u010dty\u0159i roky star\u0161\u00ed ne\u017e my, kluci, co jsme se spolu bavili. To\u00a0ho p\u0159edur\u010dovalo k&nbsp;tomu, aby byl n\u00e1\u010deln\u00edkem. \u0158\u00edkali jsme mu\u00a0Mamut\u00edk, proto\u017ee \u0161lo o&nbsp;hru na lovce mamut\u016f. Na zahrad\u011b jsme\u00a0vykopali j\u00e1mu na mamuty, do kter\u00e9 se chytil otec Nov\u00e1k. Pot\u00e9 se hry\u00a0p\u0159esunuly do rokle nad dne\u0161n\u00edm koupali\u0161t\u011bm. Bylo to skv\u011bl\u00e9, ob\u010das\u00a0docela nebezpe\u010dn\u00e9, tekla i&nbsp;krev&#8230;.<\/p>\n<p><!--more--><br \/>\nPostupn\u011b se z\u00e1liby m\u011bnily. N\u011bkte\u0159\u00ed z&nbsp;n\u00e1s se vrhli na muziku, jin\u00ed byli\u00a0h\u00e1zenk\u00e1\u0159i, Jarda mu\u010dil sv\u00e9 t\u011blo gymnastikou. V\u00eddali jsme se u\u017e m\u00ed\u0148. V\u00a0dosp\u011bl\u00e9m v\u011bku jsme se potk\u00e1vali na radnici, kde Jarda dlouho\u00a0tajemn\u00edkoval. Pak v&nbsp;pra\u017esk\u00e9 \u201eJuld\u011b Fuld\u011b\u201c, kde pracoval a&nbsp;my se\u00a0bavili. Nakonec p\u0159i&nbsp;akc\u00edch, kter\u00e9 jako zap\u00e1len\u00fd sokolsk\u00fd organiz\u00e1tor\u00a0ne\u00fanavn\u011b po\u0159\u00e1dal.<\/p>\n<p>Nekone\u010dn\u00e9 byly debaty s&nbsp;Jardou o&nbsp;lib\u010dick\u00e9 historii. Nedok\u00e1zal se od\u00a0tohoto t\u00e9matu odtrhnout a&nbsp;za\u010d\u00edt s&nbsp;n\u00edm debatu u&nbsp;obchodu znamenalo\u00a0mnohdy drahnou hodinku. Jarda toho ov\u0161em v\u011bd\u011bl mnoho. Sypal ze\u00a0sebe \u00fadaje, historky, jm\u00e9na. To v\u0161e s&nbsp;charakteristickou dikc\u00ed a\u00a0intenzitou hlasu.<\/p>\n<div class=\"gallery gallery-columns-2 gallery-size-full rps-image-gallery-format-default rps-image-gallery-theme-default rps-image-gallery-columns-no-responsive rps-image-gallery rps-image-gallery-masonry rps-image-gallery-no-heading rps-image-gallery-caption rps-image-gallery-no-social \" style=\"text-align:left\" pageSize=\"0\" currentPage=\"0\" ><ul class=\"background-thumbnails\"><li class=\"gallery-item gallery-item-begin-row\"><div class=\"gallery-icon landscape\"><a rel=\"rps-image-group-17168\" href=\"https:\/\/libcickekrizovatky.cz\/content\/uploads\/2017\/12\/JN_1.jpg\" title=\"&amp;lt;div class=&amp;quot;fancybox-title-caption&amp;quot;&amp;gt;&amp;lt;p&amp;gt;Mlad\u00fd gymnasta na jedn\u00e9 ze sv\u00fdch origin\u00e1ln\u00edch cvi\u010debn\u00edch pom\u016fcek. P\u0159evzato z webu gymnastikalibcice.blogspot.cz&amp;lt;\/p&amp;gt;\n&amp;lt;\/div&amp;gt;\"><img src=\"https:\/\/libcickekrizovatky.cz\/content\/uploads\/2017\/12\/JN_1.jpg\" alt=\"Mlad\u00fd gymnasta na jedn\u00e9 ze sv\u00fdch origin\u00e1ln\u00edch cvi\u010debn\u00edch pom\u016fcek P\u0159evzato z webu http:\/\/gymnastikalibcice.blogspot.cz\/\" title=\"Mlad\u00fd gymnasta na jedn\u00e9 ze sv\u00fdch origin\u00e1ln\u00edch cvi\u010debn\u00edch pom\u016fcek P\u0159evzato z webu http:\/\/gymnastikalibcice.blogspot.cz\/\" class=\"attachment-thumbnail\" width=\"400\" height=\"252\" srcset=\"https:\/\/libcickekrizovatky.cz\/content\/uploads\/2017\/12\/JN_1.jpg 400w, https:\/\/libcickekrizovatky.cz\/content\/uploads\/2017\/12\/JN_1-300x189.jpg 300w\" sizes=\"(max-width: 400px) 100vw, 400px\"><\/a><\/div><div class=\"wp-caption-text gallery-caption\" style=\"text-align:left\"><p>Mlad\u00fd gymnasta na jedn\u00e9 ze sv\u00fdch origin\u00e1ln\u00edch cvi\u010debn\u00edch pom\u016fcek. P\u0159evzato z webu gymnastikalibcice.blogspot.cz<\/p>\n<\/div><\/li><li class=\"gallery-item gallery-item-end-row\"><div class=\"gallery-icon landscape\"><a rel=\"rps-image-group-17168\" href=\"https:\/\/libcickekrizovatky.cz\/content\/uploads\/2017\/12\/Jarda-Nov\u00e1k_2017.jpg\" title=\"&amp;lt;div class=&amp;quot;fancybox-title-caption&amp;quot;&amp;gt;&amp;lt;p&amp;gt;Jarda Nov\u00e1k se sv\u00fdmi sv\u011b\u0159enci na z\u00e1vodech (P\u0159\u00edbram, Memori\u00e1l Bed\u0159icha \u0160up\u010d\u00edka, III\/2017)&amp;lt;\/p&amp;gt;\n&amp;lt;\/div&amp;gt;\"><img src=\"https:\/\/libcickekrizovatky.cz\/content\/uploads\/2017\/12\/Jarda-Nov\u00e1k_2017.jpg\" alt=\"Jarda Nov\u00e1k se sv\u00fdmi sv\u011b\u0159enci na z\u00e1vodech (P\u0159\u00edbram, Memori\u00e1l Bed\u0159icha \u0160up\u010d\u00edka, III\/2017)\" title=\"Jarda Nov\u00e1k se sv\u00fdmi sv\u011b\u0159enci na z\u00e1vodech (P\u0159\u00edbram, Memori\u00e1l Bed\u0159icha \u0160up\u010d\u00edka, III\/2017)\" class=\"attachment-thumbnail last\" width=\"3868\" height=\"2420\" srcset=\"https:\/\/libcickekrizovatky.cz\/content\/uploads\/2017\/12\/Jarda-Nov\u00e1k_2017.jpg 3868w, https:\/\/libcickekrizovatky.cz\/content\/uploads\/2017\/12\/Jarda-Nov\u00e1k_2017-300x188.jpg 300w, https:\/\/libcickekrizovatky.cz\/content\/uploads\/2017\/12\/Jarda-Nov\u00e1k_2017-768x480.jpg 768w, https:\/\/libcickekrizovatky.cz\/content\/uploads\/2017\/12\/Jarda-Nov\u00e1k_2017-1024x641.jpg 1024w\" sizes=\"(max-width: 3868px) 100vw, 3868px\"><\/a><\/div><div class=\"wp-caption-text gallery-caption\" style=\"text-align:left\"><p>Jarda Nov\u00e1k se sv\u00fdmi sv\u011b\u0159enci na z\u00e1vodech (P\u0159\u00edbram, Memori\u00e1l Bed\u0159icha \u0160up\u010d\u00edka, III\/2017)<\/p>\n<\/div><\/li><\/ul><\/div>\n<p>Naposledy jsem s&nbsp;n\u00edm mluvil den p\u0159ed jeho smrt\u00ed. Samoz\u0159ejm\u011b o\u00a0historii, tentokr\u00e1t lib\u010dick\u00e9ho orchestru Pot\u011br. Posp\u00edchal jsem, st\u00e1li\u00a0jsme mezi dve\u0159mi na\u0161eho dvora a&nbsp;j\u00e1 vedl diskusi k&nbsp;rychl\u00e9mu konci.\u00a0Nakonec jsme si \u0159ekli ahoj a&nbsp;sl\u00edbili si, \u017ee to domluv\u00edme pozd\u011bji. Zav\u0159el\u00a0jsem dve\u0159e a&nbsp;\u0161el po&nbsp;sv\u00fdch. Jarda taky&#8230;.  <\/p>\n","protected":false},"excerpt":{"rendered":"<p>Jarda byl o&nbsp;\u010dty\u0159i roky star\u0161\u00ed ne\u017e my, kluci, co jsme se spolu bavili. To\u00a0ho p\u0159edur\u010dovalo k&nbsp;tomu, aby byl n\u00e1\u010deln\u00edkem. \u0158\u00edkali jsme mu\u00a0Mamut\u00edk, proto\u017ee \u0161lo o&nbsp;hru na lovce mamut\u016f. Na zahrad\u011b jsme\u00a0vykopali j\u00e1mu na mamuty, do kter\u00e9 se chytil otec Nov\u00e1k. Pot\u00e9 se hry\u00a0p\u0159esunuly do rokle nad dne\u0161n\u00edm koupali\u0161t\u011bm. Bylo to skv\u011bl\u00e9, ob\u010das\u00a0docela nebezpe\u010dn\u00e9, tekla i&nbsp;krev&#8230;.<\/p>\n","protected":false},"author":15,"featured_media":0,"comment_status":"open","ping_status":"open","sticky":false,"template":"","format":"standard","meta":[],"categories":[1],"tags":[],"_links":{"self":[{"href":"https:\/\/libcickekrizovatky.cz\/index.php?rest_route=\/wp\/v2\/posts\/17168"}],"collection":[{"href":"https:\/\/libcickekrizovatky.cz\/index.php?rest_route=\/wp\/v2\/posts"}],"about":[{"href":"https:\/\/libcickekrizovatky.cz\/index.php?rest_route=\/wp\/v2\/types\/post"}],"author":[{"embeddable":true,"href":"https:\/\/libcickekrizovatky.cz\/index.php?rest_route=\/wp\/v2\/users\/15"}],"replies":[{"embeddable":true,"href":"https:\/\/libcickekrizovatky.cz\/index.php?rest_route=%2Fwp%2Fv2%2Fcomments&post=17168"}],"version-history":[{"count":27,"href":"https:\/\/libcickekrizovatky.cz\/index.php?rest_route=\/wp\/v2\/posts\/17168\/revisions"}],"predecessor-version":[{"id":17205,"href":"https:\/\/libcickekrizovatky.cz\/index.php?rest_route=\/wp\/v2\/posts\/17168\/revisions\/17205"}],"wp:attachment":[{"href":"https:\/\/libcickekrizovatky.cz\/index.php?rest_route=%2Fwp%2Fv2%2Fmedia&parent=17168"}],"wp:term":[{"taxonomy":"category","embeddable":true,"href":"https:\/\/libcickekrizovatky.cz\/index.php?rest_route=%2Fwp%2Fv2%2Fcategories&post=17168"},{"taxonomy":"post_tag","embeddable":true,"href":"https:\/\/libcickekrizovatky.cz\/index.php?rest_route=%2Fwp%2Fv2%2Ftags&post=17168"}],"curies":[{"name":"wp","href":"https:\/\/api.w.org\/{rel}","templated":true}]}}