{"id":17728,"date":"2018-03-26T00:26:05","date_gmt":"2018-03-25T22:26:05","guid":{"rendered":"http:\/\/libcickekrizovatky.cz\/?p=17728"},"modified":"2018-04-03T22:13:39","modified_gmt":"2018-04-03T20:13:39","slug":"proc-chybi-v-libcicich-obchody-a-sluzby","status":"publish","type":"post","link":"https:\/\/libcickekrizovatky.cz\/?p=17728","title":{"rendered":"Pro\u010d chyb\u00ed v&nbsp;Lib\u010dic\u00edch obchody a&nbsp;slu\u017eby?"},"content":{"rendered":"<div style=\"float: left; margin: 10px;\"><img loading=\"lazy\" class=\"alignnone wp-image-17873\" src=\"https:\/\/libcickekrizovatky.cz\/content\/uploads\/2018\/03\/libcice-old-300x228.jpg\" width=\"300\" height=\"228\" srcset=\"https:\/\/libcickekrizovatky.cz\/content\/uploads\/2018\/03\/libcice-old-300x228.jpg 300w, https:\/\/libcickekrizovatky.cz\/content\/uploads\/2018\/03\/libcice-old-768x584.jpg 768w, https:\/\/libcickekrizovatky.cz\/content\/uploads\/2018\/03\/libcice-old-1024x779.jpg 1024w, https:\/\/libcickekrizovatky.cz\/content\/uploads\/2018\/03\/libcice-old.jpg 1029w\" sizes=\"(max-width: 300px) 100vw, 300px\" \/><\/div>\n<p>Kvalitu \u017eivota v\u00a0lokalit\u011b, kde bydl\u00edme, posuzujeme z\u00a0mnoha pohled\u016f. Mezi nejv\u00fdznamn\u011bj\u0161\u00ed z\u00a0nich se \u0159ad\u00ed nab\u00eddka obchod\u016f a&nbsp;slu\u017eeb, kterou m\u016f\u017eeme vyu\u017e\u00edt p\u0159\u00edmo v\u00a0m\u00edst\u011b bydli\u0161t\u011b &#8211; tedy bez nutnosti za nimi kamkoliv cestovat. Spokojenost obyvatel s\u00a0kvalitou \u017eivota ve m\u011bst\u011b pak zprost\u0159edkovan\u011b ovliv\u0148uje i&nbsp;hodnotu nemovitost\u00ed v\u00a0dan\u00e9 oblasti. \u010c\u00edm \u0161ir\u0161\u00ed nab\u00eddka obchod\u016f a&nbsp;slu\u017eeb ve m\u011bst\u011b je, t\u00edm hodnotn\u011bj\u0161\u00ed je dan\u00e1 oblast pro lidsk\u00e9 \u017eit\u00ed. Opravdu nic z\u00e1sadn\u011b slo\u017eit\u00e9ho. Je tedy jasn\u00e9, \u017ee podnik\u00e1n\u00ed ve m\u011bst\u011b je v\u0161eobecn\u00fdm p\u0159\u00ednosem, kter\u00fd by obec m\u011bla v\u0161estrann\u011b podporovat. Pokud tak ne\u010din\u00ed, je sama proti sob\u011b.<br \/>\n<!--more--><\/p>\n<h3 align=\"LEFT\">\u00a0Lib\u010dice maj\u00ed st\u0159edn\u00ed potenci\u00e1l<\/h3>\n<p>Lib\u010dice se sv\u00fdmi necel\u00fdmi 3\u00a0400 obyvateli m\u016f\u017eeme za\u0159adit mezi \u00fazemn\u00ed celky se st\u0159edn\u00edm (tedy v\u016fbec ne mal\u00fdm) potenci\u00e1lem rozvoje maloobchodu a&nbsp;slu\u017eeb. Je n\u00e1s ve m\u011bst\u011b dost pro to, aby zde byla z\u00e1kladn\u00ed \u0161kola, z\u00e1kladn\u00ed um\u011bleck\u00e1 \u0161kola, mate\u0159sk\u00e9 \u0161koly v\u00edce druh\u016f, po\u0161ta, l\u00e9ka\u0159i, zv\u011brol\u00e9ka\u0159, t\u0159i hlavn\u00ed prodejny potravin, hned n\u011bkolik restaurac\u00ed, sez\u00f3nn\u00ed ob\u010derstven\u00ed u&nbsp;\u0159eky, l\u00e9k\u00e1rna, prodejna obuvi, pap\u00edrnictv\u00ed, auto\u0161kola atp. V\u00fd\u010det to nen\u00ed v\u016fbec \u0161patn\u00fd a&nbsp;v\u0161em podnikatel\u016fm je na m\u00edst\u011b p\u0159\u00e1t, aby se jejich podnik\u00e1n\u00ed co nejv\u00edce da\u0159ilo. Ov\u0161em m\u016f\u017ee b\u00fdt i&nbsp;l\u00e9pe\u2026<\/p>\n<h3>O \u010dem sn\u00ed Lib\u010di\u010dan<\/h3>\n<p>Asi by ka\u017ed\u00fd z&nbsp;ob\u010dan\u016f dok\u00e1zal vyjmenovat n\u011bco, co mu ve m\u011bst\u011b chyb\u00ed. M\u016f\u017ee to b\u00fdt t\u0159eba restaurace, kde si budeme moci vybrat z\u00a0n\u011bkolika tepl\u00fdch a&nbsp;dokonale chutn\u00fdch j\u00eddel, kam s\u00a0sebou m\u016f\u017eeme vz\u00edt i&nbsp;d\u011bti, ani\u017e by to n\u00e1s a&nbsp;na\u0161e okol\u00ed nest\u00e1lo psychick\u00e9 zdrav\u00ed. N\u011bkdo m\u00e1 t\u0159eba\u00a0sen o&nbsp;\u010derstv\u00e9m kol\u00e1\u010dku, kter\u00fd si koup\u00ed u&nbsp;n\u00e1dra\u017e\u00ed na rann\u00ed cestu vlakem. Dal\u0161\u00ed by tu cht\u011bl\u00a0rehabilita\u010dn\u00ed sestru, kter\u00e1\u00a0by ho bez\u00a0nutnosti doj\u00ed\u017ed\u011bt rozh\u00fdbala po&nbsp;zran\u011bn\u00ed \u010di&nbsp;nutn\u00e9m chirurgick\u00e9m z\u00e1kroku.<\/p>\n<p>A\u0165 u\u017e jsou na\u0161e sny o&nbsp;nov\u00e9 nab\u00eddce jakkoliv velk\u00e9 \u2013 skoro v\u0161echny jsou nakonec mo\u017en\u00e9. Vy\u017eaduje to v\u0161ak pr\u00e1ci, kterou bych nazval prac\u00ed mraven\u010d\u00ed. Pr\u00e1ci, kter\u00e1 nen\u00ed na za\u010d\u00e1tku procesu rozvoje podnik\u00e1n\u00ed skoro v\u016fbec vid\u011bt a&nbsp;p\u0159esto je nenahraditeln\u00e1. \u017divot ve m\u011bst\u011b toti\u017e p\u0159in\u00e1\u0161\u00ed dal\u0161\u00ed \u017eivot. Jedin\u011b \u017eivot &#8211; tedy zde m\u00edn\u011bno pohyb lid\u00ed ve m\u011bst\u011b &#8211; vytv\u00e1\u0159\u00ed obchodn\u00ed p\u0159\u00edle\u017eitosti pro nov\u00e9 potenci\u00e1ln\u00ed obchodn\u00edky a&nbsp;profesion\u00e1ly nab\u00edzej\u00edc\u00ed sv\u00e9 slu\u017eby, kter\u00e9 n\u00e1sledn\u011b slou\u017e\u00ed v\u0161em a&nbsp;zvedaj\u00ed \u00farove\u0148 m\u011bsta jako celku.<\/p>\n<h3>Podpora kultury? Ano, ale jen n\u011bkde.<\/h3>\n<p>T\u00e9ma rozvoje maloobchodu a&nbsp;nov\u00fdch slu\u017eeb je mi bl\u00edzk\u00e9. Profesn\u011b se zab\u00fdv\u00e1m p\u0159edev\u0161\u00edm rozvojem n\u00e1kupn\u00edch center, aby v\u00a0nich lid\u00e9 na\u0161li co nejpest\u0159ej\u0161\u00ed nab\u00eddku obchod\u016f a&nbsp;slu\u017eeb. Proto je\u00a0pro mne nepochopiteln\u00e9, pro\u010d jsou po&nbsp;posledn\u00edm rozd\u011blen\u00ed dotac\u00ed m\u011bsta na podporu ob\u010dansky prosp\u011b\u0161n\u00e9 \u010dinnosti v\u00a0na\u0161em m\u011bst\u011b aktivity vybran\u00fdch z\u00e1jmov\u00fdch organizac\u00ed omezov\u00e1ny nesmysln\u00fdmi podm\u00ednkami pro p\u0159id\u011blen\u00ed dotace a&nbsp;ubli\u017euj\u00ed i&nbsp;mo\u017en\u00e9mu p\u0159irozen\u00e9mu rozvoji v\u00a0d\u0159\u00edve mrtv\u00e9 lokalit\u011b.<\/p>\n<p>Konkr\u00e9tn\u011b: ud\u011blen\u00ed dotace pro po\u0159\u00e1d\u00e1n\u00ed sborov\u00e9ho festivalu (po\u0159\u00e1d\u00e1 spolek Scandula) je podm\u00edn\u011bno t\u00edm, \u017ee prost\u0159edky budou pou\u017eity &#8220;pouze na program v&nbsp;kostele&#8221;. Podpora filmov\u00e9ho festivalu (po\u0159\u00e1d\u00e1 LOS) m\u00e1 dokonce podm\u00ednku, \u017ee festival se mus\u00ed konat v&nbsp;prostor\u00e1ch m\u011bsta.\u00a0M\u011bsto tedy chce podpo\u0159it ve\u0159ejnou \u010dinnost z\u00a0ve\u0159ejn\u00fdch pen\u011bz, ale m\u011bla by se\u00a0konat jinde, ne\u017e si organiz\u00e1to\u0159i (kte\u0159\u00ed to d\u011blaj\u00ed zadarmo!)\u00a0p\u0159ej\u00ed.<\/p>\n<div style=\"float: right; margin: 10px;\"><img loading=\"lazy\" class=\"alignnone wp-image-17874\" src=\"https:\/\/libcickekrizovatky.cz\/content\/uploads\/2018\/03\/kominy-fischer-300x212.jpeg\" width=\"300\" height=\"212\" srcset=\"https:\/\/libcickekrizovatky.cz\/content\/uploads\/2018\/03\/kominy-fischer-300x212.jpeg 300w, https:\/\/libcickekrizovatky.cz\/content\/uploads\/2018\/03\/kominy-fischer.jpeg 700w\" sizes=\"(max-width: 300px) 100vw, 300px\" \/><\/div>\n<p>P\u00e1nov\u00e9 v&nbsp;Rad\u011b m\u011bsta si tedy nemysl\u00ed, \u017ee nov\u011b zrekonstruovan\u00e1 Kotelna v\u00a0are\u00e1lu \u0160roub\u00e1ren spolu s\u00a0budovou Uheln\u00e9ho ml\u00fdnu maj\u00ed nyn\u00ed nejv\u011bt\u0161\u00ed potenci\u00e1l k\u00a0z\u00e1sadn\u00edmu rozvoji, kter\u00fd na sv\u00e9m konci m\u016f\u017ee p\u0159in\u00e9st novou nab\u00eddku slu\u017eeb pro n\u00e1s v\u0161echny? Pokud v\u00a0t\u011bchto budov\u00e1ch nebude p\u0159evl\u00e1dat \u017eivot, pak k\u00a0tomuto rozvoji dost mo\u017en\u00e1 v\u016fbec nedojde nebo bude rozvoj mnohem obt\u00ed\u017en\u011bj\u0161\u00ed, zdlouhav\u011bj\u0161\u00ed. Je p\u0159eci dobr\u00e1 zpr\u00e1va, \u017ee z\u00e1jmov\u00fdm organizac\u00edm vyhovuj\u00ed prostory zrovna tam, kde o\u017eiven\u00ed kulturn\u00ed je \u017e\u00e1dan\u00e9 a&nbsp;m\u016f\u017ee pomoci k\u00a0probuzen\u00ed nov\u00e9ho podnik\u00e1n\u00ed.<\/p>\n<p>Druh\u00e1 mo\u017enost ov\u0161em je, \u017ee ti, kte\u0159\u00ed prosadili popsan\u00e1 omezen\u00ed p\u0159i&nbsp;p\u0159id\u011blov\u00e1n\u00ed dotac\u00ed, t\u00edm m\u00ed\u0159\u00ed proti\u00a0u\u017e\u00edv\u00e1n\u00ed Kotelny a&nbsp;Uheln\u00e9ho ml\u00fdna. Tomuto vysv\u011btlen\u00ed celkem napov\u00edd\u00e1 i&nbsp;fakt, \u017ee v&nbsp;roce 2013, kdy Patrik Hoffmann dostal za rekonstrukci Uheln\u00e9ho ml\u00fdna v\u00fdznamn\u00e9 architektonick\u00e9 ocen\u011bn\u00ed, o&nbsp;n\u011bm v&nbsp;lib\u010dick\u00fdch novin\u00e1ch nebyla ani zm\u00ednka.<\/p>\n<p>&nbsp;  <\/p>\n","protected":false},"excerpt":{"rendered":"<p>Kvalitu \u017eivota v\u00a0lokalit\u011b, kde bydl\u00edme, posuzujeme z\u00a0mnoha pohled\u016f. Mezi nejv\u00fdznamn\u011bj\u0161\u00ed z\u00a0nich se \u0159ad\u00ed nab\u00eddka obchod\u016f a&nbsp;slu\u017eeb, kterou m\u016f\u017eeme vyu\u017e\u00edt p\u0159\u00edmo v\u00a0m\u00edst\u011b bydli\u0161t\u011b &#8211; tedy bez nutnosti za nimi kamkoliv cestovat. Spokojenost obyvatel s\u00a0kvalitou \u017eivota ve m\u011bst\u011b pak zprost\u0159edkovan\u011b ovliv\u0148uje i&nbsp;hodnotu nemovitost\u00ed v\u00a0dan\u00e9 oblasti. \u010c\u00edm \u0161ir\u0161\u00ed nab\u00eddka obchod\u016f a&nbsp;slu\u017eeb ve m\u011bst\u011b je, t\u00edm hodnotn\u011bj\u0161\u00ed je dan\u00e1 [&hellip;]<\/p>\n","protected":false},"author":46,"featured_media":0,"comment_status":"open","ping_status":"open","sticky":false,"template":"","format":"standard","meta":[],"categories":[4,111],"tags":[],"_links":{"self":[{"href":"https:\/\/libcickekrizovatky.cz\/index.php?rest_route=\/wp\/v2\/posts\/17728"}],"collection":[{"href":"https:\/\/libcickekrizovatky.cz\/index.php?rest_route=\/wp\/v2\/posts"}],"about":[{"href":"https:\/\/libcickekrizovatky.cz\/index.php?rest_route=\/wp\/v2\/types\/post"}],"author":[{"embeddable":true,"href":"https:\/\/libcickekrizovatky.cz\/index.php?rest_route=\/wp\/v2\/users\/46"}],"replies":[{"embeddable":true,"href":"https:\/\/libcickekrizovatky.cz\/index.php?rest_route=%2Fwp%2Fv2%2Fcomments&post=17728"}],"version-history":[{"count":10,"href":"https:\/\/libcickekrizovatky.cz\/index.php?rest_route=\/wp\/v2\/posts\/17728\/revisions"}],"predecessor-version":[{"id":17881,"href":"https:\/\/libcickekrizovatky.cz\/index.php?rest_route=\/wp\/v2\/posts\/17728\/revisions\/17881"}],"wp:attachment":[{"href":"https:\/\/libcickekrizovatky.cz\/index.php?rest_route=%2Fwp%2Fv2%2Fmedia&parent=17728"}],"wp:term":[{"taxonomy":"category","embeddable":true,"href":"https:\/\/libcickekrizovatky.cz\/index.php?rest_route=%2Fwp%2Fv2%2Fcategories&post=17728"},{"taxonomy":"post_tag","embeddable":true,"href":"https:\/\/libcickekrizovatky.cz\/index.php?rest_route=%2Fwp%2Fv2%2Ftags&post=17728"}],"curies":[{"name":"wp","href":"https:\/\/api.w.org\/{rel}","templated":true}]}}