{"id":17772,"date":"2018-03-18T22:16:57","date_gmt":"2018-03-18T21:16:57","guid":{"rendered":"http:\/\/libcickekrizovatky.cz\/?p=17772"},"modified":"2018-03-20T09:08:25","modified_gmt":"2018-03-20T08:08:25","slug":"vzpominkovy-vecer-na-vaclava-fischera-v-zus","status":"publish","type":"post","link":"https:\/\/libcickekrizovatky.cz\/?p=17772","title":{"rendered":"Vzpom\u00ednkov\u00fd ve\u010der na V\u00e1clava Fischera v&nbsp;ZU\u0160"},"content":{"rendered":"<div style=\"float: right; margin: 10px;\"><a href=\"https:\/\/libcickekrizovatky.cz\/content\/uploads\/2018\/03\/L5D3280_3000.jpg\"><img loading=\"lazy\" class=\"alignnone wp-image-17830\" src=\"https:\/\/libcickekrizovatky.cz\/content\/uploads\/2018\/03\/L5D3280_3000-300x200.jpg\" width=\"220\" height=\"147\" srcset=\"https:\/\/libcickekrizovatky.cz\/content\/uploads\/2018\/03\/L5D3280_3000-300x200.jpg 300w, https:\/\/libcickekrizovatky.cz\/content\/uploads\/2018\/03\/L5D3280_3000-768x512.jpg 768w, https:\/\/libcickekrizovatky.cz\/content\/uploads\/2018\/03\/L5D3280_3000-1024x683.jpg 1024w, https:\/\/libcickekrizovatky.cz\/content\/uploads\/2018\/03\/L5D3280_3000.jpg 1500w\" sizes=\"(max-width: 220px) 100vw, 220px\" \/><\/a><\/div>\n<p><em>\u201eNad polem krou\u017e\u00ed k\u00e1n\u011b,<\/em><br \/>\n<em> pod n\u00edm se plou\u017e\u00ed s\u00e1n\u011b,<\/em><br \/>\n<em> na san\u00edch zvon\u00ed rolni\u010dky a&nbsp;sv\u011bt je shora mali\u010dk\u00fd.<\/em><br \/>\n<em> Zvon\u00ed, zvon\u00ed, rolni\u010dky zvon\u00ed, sn\u00edh k\u0159upe pod botou a&nbsp;mrazem von\u00ed, von\u00ed.<\/em><br \/>\n<em> Podk\u016fvky vran\u00fdch kon\u00ed<\/em><br \/>\n<em> taky se rozezvon\u00ed,<\/em><br \/>\n<em> v&nbsp;lese se kr\u010d\u00ed jesli\u010dky, ach jak je ten sv\u011bt mali\u010dk\u00fd!<\/em><br \/>\n<em> Zvon\u00ed, zvon\u00ed, rolni\u010dky zvon\u00ed, sn\u00edh k\u0159upe pod botou a&nbsp;mrazem von\u00ed, von\u00ed.\u201c<\/em><\/p>\n<p align=\"LEFT\"><span style=\"font-size: medium;\">S touto b\u00e1sni\u010dkou V\u00e1clava Fischera zhudebn\u011bnou Petrem Ebenem vtan\u010dila na p\u00f3dium skupina t\u0159e\u0165\u00e1k\u016f a&nbsp;zah\u00e1jila ve\u010der, kdy jsme si v&nbsp;ZU\u0160 p\u0159ipom\u011bli nedo\u017eit\u00e9 92.&nbsp;narozeniny tohoto b\u00e1sn\u00edka a&nbsp;texta\u0159e p\u016fvodem z&nbsp;Lib\u010dic. <\/span><\/p>\n<p><!--more--><\/p>\n<div style=\"float: left; margin: 10px;\"><img loading=\"lazy\" class=\"alignnone wp-image-17828\" src=\"https:\/\/libcickekrizovatky.cz\/content\/uploads\/2018\/03\/L5D3257_3000-300x200.jpg\" width=\"220\" height=\"147\" srcset=\"https:\/\/libcickekrizovatky.cz\/content\/uploads\/2018\/03\/L5D3257_3000-300x200.jpg 300w, https:\/\/libcickekrizovatky.cz\/content\/uploads\/2018\/03\/L5D3257_3000-768x512.jpg 768w, https:\/\/libcickekrizovatky.cz\/content\/uploads\/2018\/03\/L5D3257_3000-1024x683.jpg 1024w, https:\/\/libcickekrizovatky.cz\/content\/uploads\/2018\/03\/L5D3257_3000.jpg 1500w\" sizes=\"(max-width: 220px) 100vw, 220px\" \/><\/div>\n<p align=\"LEFT\"><span style=\"font-size: medium;\">Ve\u010derem prov\u00e1zela Mirka D\u00e1mcov\u00e1 a&nbsp;v\u0161em p\u0159\u00edtomn\u00fdm p\u0159e\u010detla mimo jin\u00e9 i&nbsp;kr\u00e1sn\u00fd dopis od Fischerovy dcery, pan\u00ed Mark\u00e9ty Mali\u0161ov\u00e9. Moc hezky v&nbsp;n\u011bm sv\u00e9ho t\u00e1tu p\u0159ibl\u00ed\u017eila v\u0161em, kdo se s&nbsp;n\u00edm nem\u011bli p\u0159\u00edle\u017eitost setkat. <\/span><\/p>\n<p align=\"LEFT\"><span style=\"font-size: medium;\">S jej\u00edm laskav\u00fdm svolen\u00edm si tento dopis m\u016f\u017eete p\u0159e\u010d\u00edst i&nbsp;Vy (a&nbsp;to cel\u00fd, nezkr\u00e1cen\u00fd):\u00a0<\/span><\/p>\n<p align=\"LEFT\"><!-- @page { size: 21cm 29.7cm; margin: 2cm } P { margin-bottom: 0.21cm } --><\/p>\n<h3><span style=\"color: #000000;\"><span style=\"font-size: medium;\">M\u016fj t\u00e1ta<\/span><\/span><\/h3>\n<p style=\"padding-left: 30px;\"><span style=\"color: #000000;\"><span style=\"font-size: medium;\"><i>M\u016fj t\u00e1ta, V\u00e1clav Fischer, poch\u00e1zel ze zn\u00e1m\u00e9 lib\u010dick\u00e9 rodiny Fischer\u016f, kte\u0159\u00ed vlastnili cihelnu, je\u017e proslula st\u0159e\u0161n\u00edmi ta\u0161kami letovkami &#8211; nazvan\u00e9 podle Letek &#8211; ale tak\u00e9 cihlami. Byl to rodinn\u00fd podnik a&nbsp;vlastnilo ho 11 sourozenc\u016f. M\u016fj d\u011bde\u010dek, tak\u00e9 V\u00e1clav, jeden z&nbsp;nich, byl \u0159editelem cihelny a&nbsp;je\u0161t\u011b k&nbsp;tomu spolumajitelem firmy na stav\u011bn\u00ed kom\u00edn\u016f. Byli to jedni z&nbsp;nejv\u011bt\u0161\u00edch stavitel\u016f kom\u00edn\u016f u&nbsp;n\u00e1s. A&nbsp;v\u00edte jak je pozn\u00e1te? Kom\u00edny maj\u00ed na vrcholu z&nbsp;cihel barevn\u00fd ozdobn\u00fd mozaikov\u00fd p\u00e1s. <\/i><\/span><\/span><\/p>\n<p style=\"padding-left: 30px;\"><span style=\"color: #000000;\"><span style=\"font-size: medium;\"><i>A p\u0159edstavte si, \u017ee jsem to doned\u00e1vna nev\u011bd\u011bla. Te\u010f na ka\u017ed\u00fd kom\u00edn kouk\u00e1m. <\/i><\/span><\/span><\/p>\n<p style=\"padding-left: 30px;\"><span style=\"color: #000000;\"><span style=\"font-size: medium;\"><i>D\u011bde\u010dek s&nbsp;babi\u010dkou m\u011bli t\u0159i dcery: L\u00edbu, Radanu, Vladanu a&nbsp;\u010dtvrt\u00e9ho syna V\u00e1clava. Kone\u010dn\u011b syn, \u0159ekl si d\u011bde\u010dek a&nbsp;p\u0159edpokl\u00e1dal, \u017ee bude tak\u00e9 jednou stavitel. Ale to se velmi m\u00fdlil. T\u00e1tovi sice chutnaly jahody, bor\u016fvky a&nbsp;\u010derstv\u00e1 mrkvi\u010dka a&nbsp;kdov\u00edco v\u0161echno p\u011bstoval jejich zahradn\u00edk a&nbsp;on tam chodil na \u201clup\u201d, ale na druhou stranu m\u011bl soucit s&nbsp;lidmi z&nbsp;tov\u00e1rny, kter\u00e1 s&nbsp;vilou, kde bydleli sousedila. Ut\u00edkal pracovat s&nbsp;d\u011bln\u00edky na p\u00e1sy, kde su\u0161ili cihly. Babi\u010dka n\u00e1m tak\u00e9 vypr\u00e1v\u011bla, \u017ee ho na\u0161la na vlakov\u00e9 zast\u00e1vce v&nbsp;Letk\u00e1ch, jak zahodil boty a&nbsp;chodil bos, aby vypadal jako chud\u00fd. <\/i><\/span><\/span><\/p>\n<p style=\"padding-left: 30px;\"><span style=\"color: #000000;\"><span style=\"font-size: medium;\"><i>T\u00e1t\u016fv \u017eivot byl nesm\u00edrn\u011b pestr\u00fd, z\u00e1bavn\u00fd, ale i&nbsp;krut\u00fd. Abych v\u00e1m ho vypr\u00e1v\u011bla, museli bychom dne\u0161n\u00ed tane\u010dn\u00ed p\u0159edstaven\u00ed zru\u0161it a&nbsp;pov\u00eddat si jen o&nbsp;n\u011bm. Byl by to cel\u00fd rom\u00e1n a&nbsp;mo\u017en\u00e1, \u017ee se do n\u011bj jednou pust\u00edm. <\/i><\/span><\/span><\/p>\n<p style=\"padding-left: 30px;\"><span style=\"color: #000000;\"><span style=\"font-size: medium;\"><i>T\u00e1ta m\u011bl r\u00e1d sport. Jako mlad\u00fd hr\u00e1l hokej a&nbsp;pozd\u011bji z\u00e1vodil v&nbsp;atletice. Miloval tenis a&nbsp;volejbal. Ale tak\u00e9 hodn\u011b \u010detl a&nbsp;psal b\u00e1sn\u011b, a&nbsp;dokonce s&nbsp;Mirkem \u0160t\u011bp\u00e1nkem, v\u00fdtvarn\u00edkem z&nbsp;Lib\u010dic- autorem animovan\u00e9ho filmu o&nbsp;medv\u00eddc\u00edch Potkali se u&nbsp;Kol\u00edna ( pane,budeme si hr\u00e1t, j\u00e1 jsem vlak a&nbsp;vy jste lidi&#8230;) napsali asi v&nbsp;15 letech hru, kterou spolu \u010detli do mikrofonu v&nbsp;obecn\u00edm rozhlase v&nbsp;Kralupech. T\u00e1tu v&nbsp;tomto sm\u011bru ovlivnil d\u011bde\u010dek, otec jeho maminky, \u0159editel Kralupsk\u00e9ho gymnasia. <\/i><\/span><\/span><\/p>\n<p style=\"padding-left: 30px;\"><span style=\"color: #000000;\"><span style=\"font-size: medium;\"><i>Te\u010f toho hodn\u011b p\u0159esko\u010d\u00edm &#8211; v\u00e1lku, pracovn\u00ed t\u00e1bory PTP, politick\u00e9 vyhozen\u00ed ze studi\u00ed, pr\u00e1ce v&nbsp;dolech, pak na stadionech, a&nbsp;pak v&nbsp;dolech a&nbsp;hrudkovn\u00e1ch v&nbsp;Mn\u00ed\u0161ku pod Brdy, kde jsme cel\u00e1 rodina bydleli 20 let. <\/i><\/span><\/span><\/p>\n<p style=\"padding-left: 30px;\"><span style=\"color: #000000;\"><span style=\"font-size: medium;\"><i>Tam t\u00e1ta za\u010dal publikovat d\u011btsk\u00e9 kn\u00ed\u017eky. Vzal jednou rukopis a&nbsp;p\u0159ijel do Prahy (obvykle stopem po&nbsp;no\u010dn\u00ed \u0161icht\u011b) do nakladatelstv\u00ed se slovy: j\u00e1 jsem horn\u00edk z&nbsp;Mn\u00ed\u0161ku, nesu v\u00e1m sem kn\u00ed\u017eku. A&nbsp;tak to v\u0161e za\u010dalo. Vych\u00e1zely d\u011btsk\u00e9 ver\u0161ovan\u00e9, kr\u00e1sn\u011b ilustrovan\u00e9 knihy od Radka Pila\u0159e, Josefa Pale\u010dka, Karla Franty a&nbsp;dal\u0161\u00edch. Za\u010dal ps\u00e1t texty k&nbsp;popul\u00e1rn\u00edm p\u00edsn\u00edm a&nbsp;pozd\u011bji se v\u011bnoval d\u011btsk\u00e9 sborov\u00e9 tvorb\u011b. S&nbsp;jeho p\u00edsn\u011bmi objely sbory z&nbsp;cel\u00e9 republiky cel\u00fd sv\u011bt. Pracoval se skladateli jako je Ilja Hurn\u00edk, Petr Eben, Pavel Jurkovi\u010d a&nbsp;mnoha dal\u0161\u00edmi. <\/i><\/span><\/span><\/p>\n<p style=\"padding-left: 30px;\"><span style=\"color: #000000;\"><span style=\"font-size: medium;\"><i>V\u017edy se sna\u017eil spojit pohyb, hudbu a&nbsp;text a&nbsp;to se mu poda\u0159ilo v&nbsp;hudebn\u011b pohybov\u00e9 knize pro d\u011bti, kter\u00e1 je t\u00e9m\u011b\u0159 50 let st\u00e1le aktu\u00e1ln\u00ed a&nbsp;vyrostlo na n\u00ed u\u017e n\u011bkolik generac\u00ed. Jsou to Elce Pelce Kotrmelce. Mo\u017en\u00e1 je zn\u00e1te. <\/i><\/span><\/span><\/p>\n<p style=\"padding-left: 30px;\"><span style=\"color: #000000;\"><span style=\"font-size: medium;\"><i>Hrav\u00e9 texty, n\u00e1dhern\u011b zhudebn\u011bn\u00e9 Petrem Ebenem, kter\u00e9 si d\u011bti mohou zp\u00edvat i&nbsp;cvi\u010dit, nebo hr\u00e1t na klav\u00edr \u010di&nbsp;poslouchat.<\/i><\/span><\/span><\/p>\n<p style=\"padding-left: 30px;\"><span style=\"color: #000000;\"><span style=\"font-size: medium;\"><i>Celou knihu vymyslel t\u00e1ta a&nbsp;nab\u00eddnul ji Petru Ebenovi. Dokonce m\u011bl i&nbsp;n\u00e1vrhy n\u011bkter\u00fdch melodi\u00ed. T\u00e1ta neum\u011bl sice hr\u00e1t na \u017e\u00e1dn\u00fd n\u00e1stroj, ale v\u017edycky melodii zap\u00edskal. Panu Ebenovi se do zhudebn\u011bn\u00ed moc necht\u011blo, ale nakonec si p\u00e1r b\u00e1sni\u010dek vzal na dovolenou k&nbsp;mo\u0159i. Za p\u00e1r dn\u00ed volal cel\u00fd nad\u0161en\u00fd, \u017ee ho to moc bav\u00ed, a\u0165 t\u00e1ta po\u0161le dal\u0161\u00ed. Nakonec je nest\u00edhal ani ps\u00e1t. <\/i><\/span><\/span><\/p>\n<p style=\"padding-left: 30px;\"><span style=\"color: #000000;\"><span style=\"font-size: medium;\"><i>Tak to je historie t\u00e9to \u00fasp\u011b\u0161n\u00e9 spolupr\u00e1ce. <\/i><\/span><\/span><\/p>\n<p style=\"padding-left: 30px;\"><span style=\"color: #000000;\"><span style=\"font-size: medium;\"><i>T\u00e1ta m\u011bl mnoho p\u0159\u00e1tel mezi um\u011blci, v\u00fdtvarn\u00edky, hudebn\u00edky, skladateli, sbory atd. Byl to \u010destn\u00fd velkorys\u00fd \u010dlov\u011bk. Jednou p\u0159i\u0161el dom\u016f, \u017ee je majitelem p\u016flky kon\u011b. Jedna jezdkyn\u011b byla v&nbsp;nouzi, tak j\u00ed zaplatil p\u016fl kon\u011b. Jindy, na mlejn\u011b v&nbsp;Miro\u0161ovic\u00edch, kter\u00fd zadarmo rodi\u010de nechali u\u017e\u00edvat tak\u00e9 Radkovi Pila\u0159ovi s&nbsp;rodinou &#8211; tehdy tam vytvo\u0159il postavu Rumcajse &#8211; a&nbsp;b\u00e1sn\u00edkovi Pep\u00ed\u010dkovi Bruknerovi, si \u0161li ve\u010der m\u00e1ma s&nbsp;Radkem Pila\u0159em a&nbsp;Pep\u00ed\u010dkem Bruknerem nakopat na pole mlad\u00e9 brambory. Kdy\u017e p\u0159i\u0161li dom\u016f s&nbsp;lupem, t\u00e1ta se zhrozil a&nbsp;rozzlobil, \u017ee je to kr\u00e1de\u017e. Brambory u\u017e ne\u0161ly zakopat, tak \u0161el t\u00e1ta v&nbsp;noci alespo\u0148 zasadit zp\u00e1tky otrhan\u00e9 nat\u011b, aby nebyla takov\u00e1 ostuda. D\u011blal to s&nbsp;baterkou asi dv\u011b hodiny. Nad r\u00e1nem v\u0161ak p\u0159i\u0161la pr\u016ftr\u017e a&nbsp;v\u0161echnu na\u0165 z&nbsp;pole naplavila p\u0159ed mlejn. Takov\u00fdch a&nbsp;jin\u00fdch vesel\u00fdch historek je u&nbsp;n\u00e1s moc.<\/i><\/span><\/span><\/p>\n<p style=\"padding-left: 30px;\"><span style=\"color: #000000;\"><span style=\"font-size: medium;\"><i>T\u00e1ta zem\u0159el 15.&nbsp;\u010dervence 2013 a&nbsp;bylo mu 87 let. Myslel si, \u017ee se nedo\u017eije ani roku 2000. J\u00e1, m\u00e1ma i&nbsp;m\u016fj bratr jsme ho m\u011bli moc r\u00e1di a&nbsp;m\u00e1me st\u00e1le.<\/i><\/span><\/span><\/p>\n<p style=\"padding-left: 30px;\"><span style=\"color: #000000;\"><span style=\"font-size: medium;\"><i>A jestli pak v\u00edte, kde je t\u00e1ta poh\u0159ben\u00fd? Napov\u00edm v\u00e1m. Hledejte hrob na evangelick\u00e9m h\u0159bitov\u011b v&nbsp;Lib\u010dic\u00edch. Zdob\u00ed ho p\u0159ekr\u00e1sn\u00fd reli\u00e9f od socha\u0159e Franti\u0161ka B\u00edlka. Je tam poh\u0159bena cel\u00e1 jeho rodina, ale z&nbsp;n\u00e1hrobku to nepozn\u00e1te. Dokonce je na n\u011bm chyba ve jm\u00e9nu. Jinak zkuste naj\u00edt, kolik hrob\u016f Fischer\u016f je na obou h\u0159bitovech. Naleznete kr\u00e1sn\u00e9 n\u00e1hrobky, n\u011bkter\u00e9 i&nbsp;st\u00e1tem chr\u00e1n\u011bn\u00e9. <\/i><\/span><\/span><\/p>\n<p style=\"padding-left: 30px;\"><span style=\"color: #000000;\"><span style=\"font-size: medium;\"><i>\u0158\u00edk\u00e1 se, \u017ee nesmrtelnost mrtv\u00fdch z\u016fst\u00e1v\u00e1, dokud je n\u011bkdo, kdo na n\u011b vzpom\u00edn\u00e1. Tak v\u00e1m v\u0161em d\u011bkuji, vlastn\u011b d\u011bkujeme a&nbsp;jsme moc r\u00e1di \u017ee jste p\u0159ipravili tento ve\u010der na t\u00e1tovu po\u010dest. A\u0165 se v\u00e1m povede! <\/i><\/span><\/span><\/p>\n<p style=\"padding-left: 30px;\"><span style=\"color: #000000;\"><span style=\"font-size: medium;\"><i>A t\u00e1ta m\u00e1 tam naho\u0159e ur\u010dit\u011b velkou radost, \u017ee kdysi jejich vilu dnes ob\u00fdv\u00e1 um\u011bleck\u00e1 \u0161kola, pln\u00e1 d\u011bt\u00ed a&nbsp;u\u010ditel\u016f, kter\u00e9 maj\u00ed r\u00e1di um\u011bn\u00ed. Ostatn\u011b se o&nbsp;to i&nbsp;p\u0159i\u010dinil. <\/i><\/span><\/span><\/p>\n<p style=\"padding-left: 30px;\"><span style=\"color: #000000;\"><span style=\"font-size: medium;\"><i>Hezk\u00fd ve\u010der<\/i><\/span><\/span><\/p>\n<p style=\"text-align: right;\"><span style=\"color: #000000;\"><span style=\"font-size: medium;\"><i>Mark\u00e9ta Mali\u0161ov\u00e1 roz. Fischerov\u00e1<br \/>\nBorek Fischer<br \/>\na&nbsp;na\u0161e m\u00e1ma Baru, jak j\u00ed \u0159\u00edkal t\u00e1ta<br \/>\n28.&nbsp;\u00fanora 2018, pro ZU\u0160 Lib\u010dice<\/i><\/span><\/span><\/p>\n<div class=\"gallery gallery-columns-2 gallery-size-medium rps-image-gallery-format-default rps-image-gallery-theme-default rps-image-gallery-columns-no-responsive rps-image-gallery rps-image-gallery-masonry rps-image-gallery-no-heading rps-image-gallery-no-caption rps-image-gallery-no-social \" style=\"text-align:left\" pageSize=\"0\" currentPage=\"0\" ><ul class=\"background-thumbnails\"><li class=\"gallery-item gallery-item-begin-row\"><div class=\"gallery-icon landscape\"><a rel=\"rps-image-group-17772\" href=\"https:\/\/libcickekrizovatky.cz\/content\/uploads\/2018\/03\/L5D3306_3000.jpg\" title=\"\"><img src=\"https:\/\/libcickekrizovatky.cz\/content\/uploads\/2018\/03\/L5D3306_3000-300x200.jpg\" alt=\"_L5D3306_3000\" title=\"_L5D3306_3000\" class=\"attachment-thumbnail\" width=\"300\" height=\"200\" srcset=\"https:\/\/libcickekrizovatky.cz\/content\/uploads\/2018\/03\/L5D3306_3000-300x200.jpg 300w, https:\/\/libcickekrizovatky.cz\/content\/uploads\/2018\/03\/L5D3306_3000-768x512.jpg 768w, https:\/\/libcickekrizovatky.cz\/content\/uploads\/2018\/03\/L5D3306_3000-1024x683.jpg 1024w, https:\/\/libcickekrizovatky.cz\/content\/uploads\/2018\/03\/L5D3306_3000.jpg 1500w\" sizes=\"(max-width: 300px) 100vw, 300px\"><\/a><\/div><\/li><li class=\"gallery-item gallery-item-end-row\"><div class=\"gallery-icon landscape\"><a rel=\"rps-image-group-17772\" href=\"https:\/\/libcickekrizovatky.cz\/content\/uploads\/2018\/03\/L5D3264_3000.jpg\" title=\"\"><img src=\"https:\/\/libcickekrizovatky.cz\/content\/uploads\/2018\/03\/L5D3264_3000-300x200.jpg\" alt=\"_L5D3264_3000\" title=\"_L5D3264_3000\" class=\"attachment-thumbnail last\" width=\"300\" height=\"200\" srcset=\"https:\/\/libcickekrizovatky.cz\/content\/uploads\/2018\/03\/L5D3264_3000-300x200.jpg 300w, https:\/\/libcickekrizovatky.cz\/content\/uploads\/2018\/03\/L5D3264_3000-768x512.jpg 768w, https:\/\/libcickekrizovatky.cz\/content\/uploads\/2018\/03\/L5D3264_3000-1024x683.jpg 1024w, https:\/\/libcickekrizovatky.cz\/content\/uploads\/2018\/03\/L5D3264_3000.jpg 1500w\" sizes=\"(max-width: 300px) 100vw, 300px\"><\/a><\/div><\/li><\/ul><\/div>\n<p align=\"LEFT\"><span style=\"font-size: medium;\">V pr\u016fb\u011bhu ve\u010dera zazn\u011bly je\u0161t\u011b p\u00edsn\u011b J. Hanu\u0161e (\u201eSn\u00edh\u201c) a&nbsp;P.&nbsp;Jurkovi\u010de (\u201ePram\u00ednek\u201c a&nbsp;\u201eSam\u00e1 voda\u201c) v&nbsp;pod\u00e1n\u00ed muzikant\u016f ze stejnojmenn\u00e9ho kurzu, k&nbsp;vid\u011bn\u00ed bylo jedno pohybov\u011b ztv\u00e1rn\u011bn\u00e9 \u0159\u00edkadlo o&nbsp;klav\u00edru, na kter\u00e9 nav\u00e1zalo klav\u00edrn\u00ed \u010d\u00edslo Adinky Kopalov\u00e9 a&nbsp;ve\u010der uzav\u0159eli t\u0159e\u0165\u00e1ci s&nbsp;choreografi\u00ed na dal\u0161\u00ed dv\u011b p\u00edsni\u010dky z&nbsp;cyklu P.&nbsp;Ebena \u201eZamrzl\u00e9 p\u00edsni\u010dky\u201c. <\/span><\/p>\n<div class=\"gallery gallery-columns-2 gallery-size-medium rps-image-gallery-format-default rps-image-gallery-theme-default rps-image-gallery-columns-no-responsive rps-image-gallery rps-image-gallery-masonry rps-image-gallery-no-heading rps-image-gallery-no-caption rps-image-gallery-no-social \" style=\"text-align:left\" pageSize=\"0\" currentPage=\"0\" ><ul class=\"background-thumbnails\"><li class=\"gallery-item gallery-item-begin-row\"><div class=\"gallery-icon landscape\"><a rel=\"rps-image-group-17772\" href=\"https:\/\/libcickekrizovatky.cz\/content\/uploads\/2018\/03\/L5D3284_3000.jpg\" title=\"\"><img src=\"https:\/\/libcickekrizovatky.cz\/content\/uploads\/2018\/03\/L5D3284_3000-300x200.jpg\" alt=\"_L5D3284_3000\" title=\"_L5D3284_3000\" class=\"attachment-thumbnail\" width=\"300\" height=\"200\" srcset=\"https:\/\/libcickekrizovatky.cz\/content\/uploads\/2018\/03\/L5D3284_3000-300x200.jpg 300w, https:\/\/libcickekrizovatky.cz\/content\/uploads\/2018\/03\/L5D3284_3000-768x512.jpg 768w, https:\/\/libcickekrizovatky.cz\/content\/uploads\/2018\/03\/L5D3284_3000-1024x683.jpg 1024w, https:\/\/libcickekrizovatky.cz\/content\/uploads\/2018\/03\/L5D3284_3000.jpg 1500w\" sizes=\"(max-width: 300px) 100vw, 300px\"><\/a><\/div><\/li><li class=\"gallery-item gallery-item-end-row\"><div class=\"gallery-icon landscape\"><a rel=\"rps-image-group-17772\" href=\"https:\/\/libcickekrizovatky.cz\/content\/uploads\/2018\/03\/L5D3317_3000.jpg\" title=\"\"><img src=\"https:\/\/libcickekrizovatky.cz\/content\/uploads\/2018\/03\/L5D3317_3000-300x200.jpg\" alt=\"_L5D3317_3000\" title=\"_L5D3317_3000\" class=\"attachment-thumbnail last\" width=\"300\" height=\"200\" srcset=\"https:\/\/libcickekrizovatky.cz\/content\/uploads\/2018\/03\/L5D3317_3000-300x200.jpg 300w, https:\/\/libcickekrizovatky.cz\/content\/uploads\/2018\/03\/L5D3317_3000-768x512.jpg 768w, https:\/\/libcickekrizovatky.cz\/content\/uploads\/2018\/03\/L5D3317_3000-1024x683.jpg 1024w, https:\/\/libcickekrizovatky.cz\/content\/uploads\/2018\/03\/L5D3317_3000.jpg 1500w\" sizes=\"(max-width: 300px) 100vw, 300px\"><\/a><\/div><\/li><\/ul><\/div>\n<p align=\"LEFT\"><span style=\"font-size: medium;\">Proto\u017ee v&nbsp;\u010dervenci to bude p\u011bt let, co V\u00e1clav Fischer opustil tento sv\u011bt, bude mu v\u011bnov\u00e1na i&nbsp;velk\u00e1 \u010d\u00e1st zahradn\u00ed slavnosti ZU\u0160, kter\u00e1 prob\u011bhne 21.&nbsp;\u010dervna 2018. T\u00edmto v\u00e1s na ni s&nbsp;p\u0159edstihem srde\u010dn\u011b zveme!<\/span><\/p>\n<p style=\"text-align: right;\" align=\"LEFT\"><em>(autor fotografi\u00ed: Tom\u00e1\u0161 Lis\u00fd)<\/em><\/p>\n","protected":false},"excerpt":{"rendered":"<p>\u201eNad polem krou\u017e\u00ed k\u00e1n\u011b, pod n\u00edm se plou\u017e\u00ed s\u00e1n\u011b, na san\u00edch zvon\u00ed rolni\u010dky a&nbsp;sv\u011bt je shora mali\u010dk\u00fd. Zvon\u00ed, zvon\u00ed, rolni\u010dky zvon\u00ed, sn\u00edh k\u0159upe pod botou a&nbsp;mrazem von\u00ed, von\u00ed. Podk\u016fvky vran\u00fdch kon\u00ed taky se rozezvon\u00ed, v&nbsp;lese se kr\u010d\u00ed jesli\u010dky, ach jak je ten sv\u011bt mali\u010dk\u00fd! Zvon\u00ed, zvon\u00ed, rolni\u010dky zvon\u00ed, sn\u00edh k\u0159upe pod botou a&nbsp;mrazem von\u00ed, von\u00ed.\u201c [&hellip;]<\/p>\n","protected":false},"author":13,"featured_media":0,"comment_status":"open","ping_status":"open","sticky":false,"template":"","format":"standard","meta":[],"categories":[192,684],"tags":[],"_links":{"self":[{"href":"https:\/\/libcickekrizovatky.cz\/index.php?rest_route=\/wp\/v2\/posts\/17772"}],"collection":[{"href":"https:\/\/libcickekrizovatky.cz\/index.php?rest_route=\/wp\/v2\/posts"}],"about":[{"href":"https:\/\/libcickekrizovatky.cz\/index.php?rest_route=\/wp\/v2\/types\/post"}],"author":[{"embeddable":true,"href":"https:\/\/libcickekrizovatky.cz\/index.php?rest_route=\/wp\/v2\/users\/13"}],"replies":[{"embeddable":true,"href":"https:\/\/libcickekrizovatky.cz\/index.php?rest_route=%2Fwp%2Fv2%2Fcomments&post=17772"}],"version-history":[{"count":15,"href":"https:\/\/libcickekrizovatky.cz\/index.php?rest_route=\/wp\/v2\/posts\/17772\/revisions"}],"predecessor-version":[{"id":17850,"href":"https:\/\/libcickekrizovatky.cz\/index.php?rest_route=\/wp\/v2\/posts\/17772\/revisions\/17850"}],"wp:attachment":[{"href":"https:\/\/libcickekrizovatky.cz\/index.php?rest_route=%2Fwp%2Fv2%2Fmedia&parent=17772"}],"wp:term":[{"taxonomy":"category","embeddable":true,"href":"https:\/\/libcickekrizovatky.cz\/index.php?rest_route=%2Fwp%2Fv2%2Fcategories&post=17772"},{"taxonomy":"post_tag","embeddable":true,"href":"https:\/\/libcickekrizovatky.cz\/index.php?rest_route=%2Fwp%2Fv2%2Ftags&post=17772"}],"curies":[{"name":"wp","href":"https:\/\/api.w.org\/{rel}","templated":true}]}}