{"id":18022,"date":"2018-04-11T11:47:38","date_gmt":"2018-04-11T09:47:38","guid":{"rendered":"http:\/\/libcickekrizovatky.cz\/?p=18022"},"modified":"2018-04-12T00:19:26","modified_gmt":"2018-04-11T22:19:26","slug":"frantisek-lisy-%e2%9c%9d-27-3-2018","status":"publish","type":"post","link":"https:\/\/libcickekrizovatky.cz\/?p=18022","title":{"rendered":"Franti\u0161ek Lis\u00fd: \u271d 27.&nbsp;3.&nbsp;2018"},"content":{"rendered":"<div style=\"float: left; margin: 10px;\"><a href=\"https:\/\/libcickekrizovatky.cz\/content\/uploads\/2018\/04\/Frantisek-Lisysm.jpg\"><img loading=\"lazy\" class=\"alignleft wp-image-18024\" src=\"https:\/\/libcickekrizovatky.cz\/content\/uploads\/2018\/04\/Frantisek-Lisysm.jpg\" alt=\"Franti\u0161ek Lis\u00fd\" width=\"180\" height=\"120\" \/><\/a><\/div>\n<p>N\u011bkter\u00e9 \u010dl\u00e1nky se nep\u00ed\u0161\u00ed snadno. Ale maj\u00ed b\u00fdt naps\u00e1ny, jako posledn\u00ed rozlou\u010den\u00ed a&nbsp;jako vyj\u00e1d\u0159en\u00ed \u00facty. A&nbsp;proto jsme poprosili Ilonu Chrtovou, dlouholetou kolegyni Franti\u0161ka Lis\u00e9ho z&nbsp;ODS i&nbsp;veden\u00ed m\u011bsta o&nbsp;p\u00e1r vzpom\u00ednek.<!--more--><\/p>\n<p>&nbsp;<\/p>\n<p><strong>P\u0159ipome\u0148me si, co n\u00e1s p\u0159ivedlo k\u00a0tomuto rozhovoru. <\/strong><\/p>\n<p style=\"padding-left: 30px;\">Velmi smutn\u00e1 ud\u00e1lost. Odchod Franti\u0161ka Lis\u00e9ho je podle mne pro Lib\u010dice a&nbsp;jejich ve\u0159ejnou spr\u00e1vu jednou z\u00a0nejsmutn\u011bj\u0161\u00edch ud\u00e1lost\u00ed mnoha posledn\u00edch let. Opustil n\u00e1s po&nbsp;kr\u00e1tk\u00e9 nemoci 27.&nbsp;b\u0159ezna ve\u010der. Jsem moc r\u00e1da, \u017ee m\u00e1m v\u00a0K\u0159i\u017eovatk\u00e1ch p\u0159\u00edle\u017eitost na tuto vzpom\u00ednku. Uct\u00edt pam\u00e1tku Franti\u0161ka Lis\u00e9ho jsem cht\u011bla, jako \u010dlov\u011bk ze zastupitelstva jemu nejbli\u017e\u0161\u00ed, tak\u00e9 p\u0159\u00edmo na jedn\u00e1n\u00ed zastupitelstva. Tam mi bohu\u017eel nebylo ud\u011bleno slovo.<\/p>\n<p><strong>Ne v\u0161ichni na\u0161i \u010dten\u00e1\u0159i jsou lib\u010di\u010dt\u00ed pam\u011btn\u00edci. <\/strong> <strong>Kdo byl Franti\u0161ek Lis\u00fd?<\/strong><\/p>\n<p style=\"padding-left: 30px;\">Franti\u0161ek pro\u017eil cel\u00fd sv\u016fj \u017eivot v\u00a0Lib\u010dic\u00edch. Byl potomkem\u00a0v\u00fdznamn\u00e9 rodiny Fischer\u016f, jej\u00ed\u017e n\u011bkte\u0159\u00ed \u010dlenov\u00e9 byli majitel\u00e9 leteck\u00e9 cihelny a&nbsp;jin\u00ed byli <span style=\"text-decoration: underline;\"><a href=\"https:\/\/libcickekrizovatky.cz\/?p=17772\" target=\"_blank\">v\u00fdznamn\u00ed um\u011blci<\/a><\/span>. Franti\u0161kovi bylo d\u00e1no do v\u00ednku oboje. M\u011bl technick\u00e9 vzd\u011bl\u00e1n\u00ed, byl v\u011bdeck\u00fdm pracovn\u00edkem v\u00a0\u00dastavu jadern\u00e9ho v\u00fdzkumu v\u00a0\u0158e\u017ei. Z\u00e1rove\u0148 m\u011bl i&nbsp;obrovsk\u00fd dar slova, psal kr\u00e1sn\u00e9 \u010dl\u00e1nky, p\u0159\u00e1n\u00ed, b\u00e1sn\u011b.<\/p>\n<p><strong>To ale asi o&nbsp;n\u011bm nen\u00ed v\u0161echno?<\/strong><\/p>\n<p style=\"padding-left: 30px;\">To opravdu nen\u00ed v\u0161echno. V\u00fdznamnou sou\u010d\u00e1st\u00ed jeho \u017eivota byla lib\u010dick\u00e1 komun\u00e1ln\u00ed politika. V\u00a0n\u00ed p\u016fsobil cel\u00fdch \u0161est volebn\u00edch obdob\u00ed, tedy celkem neuv\u011b\u0159iteln\u00fdch 24 let. Ani v\u00a0posledn\u00edch letech na spr\u00e1vu v\u011bc\u00ed ve\u0159ejn\u00fdch nezanev\u0159el a&nbsp;pracoval v\u00a0investi\u010dn\u00ed komisi.<\/p>\n<p><strong>Jak se to cel\u00e9 sb\u011bhlo?<\/strong><\/p>\n<p style=\"padding-left: 30px;\">Po p\u00e1du komunistick\u00e9ho re\u017eimu v\u00a0roce 1989 se zapojil do d\u011bn\u00ed Ob\u010dansk\u00e9ho f\u00f3ra. Byl zakl\u00e1daj\u00edc\u00edm \u010dlenem Ob\u010dansk\u00e9 demokratick\u00e9 strany a&nbsp;mnohalet\u00fdm p\u0159edsedou jej\u00edho m\u00edstn\u00edho lib\u010dick\u00e9ho sdru\u017een\u00ed. Byl hlavn\u00edm tv\u016frcem lib\u010dick\u00e9 komun\u00e1ln\u00ed politiky v\u00a0jej\u00edch po\u010d\u00e1te\u010dn\u00edch letech. Pak ji d\u00e1le rozv\u00edjel jako nezi\u0161tnou slu\u017ebu ve\u0159ejnosti, ne jako n\u00e1stroj k\u00a0uskute\u010dn\u011bn\u00ed osobn\u00edch z\u00e1jm\u016f, jak to tu bohu\u017eel prob\u00edh\u00e1 v\u00a0posledn\u00edch letech. Od roku 1990 byl cel\u00e1 \u010dty\u0159i volebn\u00ed obdob\u00ed, a\u017e do roku 2006, m\u00edstostarostou na\u0161eho m\u011bsta. I&nbsp;v&nbsp;n\u00e1sleduj\u00edc\u00edch dvou volebn\u00edch obdob\u00edch byl \u010dlenem lib\u010dick\u00e9ho zastupitelstva.<\/p>\n<p><strong>Na jedn\u00e1n\u00ed zastupitelstva lid\u00e9 moc nechod\u00ed. P\u0159ijdou jen v\u00fdjime\u010dn\u011b, kdy\u017e se n\u011bco z\u00a0programu t\u00fdk\u00e1 jich samotn\u00fdch. Jak tam Franti\u0161ek pracoval?<\/strong><\/p>\n<p style=\"padding-left: 30px;\">M\u011bl obrovsk\u00e9 zku\u0161enosti a&nbsp;znalosti z\u00a0komun\u00e1ln\u00ed oblasti a&nbsp;k&nbsp;tomu tak\u00e9 zku\u0161enosti \u017eivotn\u00ed. To v\u0161e dok\u00e1zal dokonale spojovat. To, jak se Franti\u0161ek t\u00e9to pr\u00e1ce zhostil, jak v\u00a0n\u00ed vystupoval, jednal a&nbsp;rozhodoval, jeho mor\u00e1ln\u00ed a&nbsp;lidsk\u00e9 kvality ho podle m\u00e9ho n\u00e1zoru v\u00a0lib\u010dick\u00e9 komun\u00e1ln\u00ed politice trvale za\u0159adilo na p\u0159\u00ed\u010dku nejvy\u0161\u0161\u00ed.<\/p>\n<p><strong>Zkusme tak\u00e9 n\u011bco o&nbsp;jeho rodin\u011b, aby to nebylo a\u017e zas tak moc pracovn\u00ed a&nbsp;ofici\u00e1ln\u00ed. <\/strong><\/p>\n<div style=\"float: right; margin: 10px;\">\n<p><a href=\"https:\/\/libcickekrizovatky.cz\/content\/uploads\/2022\/04\/Frantisek-Lisy.jpg\"><img loading=\"lazy\" class=\"alignleft wp-image-18043\" src=\"https:\/\/libcickekrizovatky.cz\/content\/uploads\/2022\/04\/Frantisek-Lisy.jpg\" alt=\"Franti\u0161ek Lis\u00fd\" width=\"300\" height=\"283\" srcset=\"https:\/\/libcickekrizovatky.cz\/content\/uploads\/2022\/04\/Frantisek-Lisy.jpg 1361w, https:\/\/libcickekrizovatky.cz\/content\/uploads\/2022\/04\/Frantisek-Lisy-300x283.jpg 300w, https:\/\/libcickekrizovatky.cz\/content\/uploads\/2022\/04\/Frantisek-Lisy-768x726.jpg 768w, https:\/\/libcickekrizovatky.cz\/content\/uploads\/2022\/04\/Frantisek-Lisy-1024x968.jpg 1024w\" sizes=\"(max-width: 300px) 100vw, 300px\" \/><\/a><\/p>\n<\/div>\n<p style=\"padding-left: 30px;\">Se svou prvn\u00ed \u017eenou Lenkou a\u017e do jej\u00ed p\u0159ed\u010dasn\u00e9 smrti vychov\u00e1vali sv\u00e9 dva syny. Pak mu osud p\u0159iv\u00e1l do cesty Vendulku, jak \u0159\u00edk\u00e1val, druhou a&nbsp;posledn\u00ed l\u00e1sku. Radoval se z\u00a0vnou\u010dat. Byl tak\u00e9 skv\u011bl\u00fdm kolegou v\u00a0pr\u00e1ci a&nbsp;kamar\u00e1dem, se kter\u00fdm jste bez obav mohli \u0159e\u0161it v\u0161e.<\/p>\n<p><strong>M\u00e1te n\u011bjakou zaj\u00edmavost z\u00a0jeho \u017eivota?<\/strong><\/p>\n<p style=\"padding-left: 30px;\">Napad\u00e1 mne jich mnoho, tak alespo\u0148 jednu za v\u0161echny. Otev\u0159en\u00e9 dve\u0159e. V\u00a0dob\u011b, kdy v\u0161ichni u\u017e d\u00e1vno zamykali vchody do dom\u016f, aby je nep\u0159ekvapili nezvan\u00ed n\u00e1v\u0161t\u011bvn\u00edci, u&nbsp;Lis\u00fdch b\u00fdvalo odem\u010deno. Mysl\u00edm, proto, \u017ee jak m\u011bli otev\u0159en\u00e1 srdce, tak m\u011bli i&nbsp;otev\u0159en\u00e9 dve\u0159e.<\/p>\n<p><strong>A co n\u011bjak\u00e1 va\u0161e siln\u00e1 osobn\u00ed vzpom\u00ednka na Franti\u0161ka?<\/strong><\/p>\n<p style=\"padding-left: 30px;\">Tak to je fakt t\u011b\u017ek\u00e1 ot\u00e1zka, nev\u00edm co vybrat. Za l\u00e9ta spolupr\u00e1ce i&nbsp;p\u0159\u00e1telstv\u00ed je vzpom\u00ednek opravdu moc. Tak asi Franti\u0161kova svatba s\u00a0Vendulkou. Vybrali si pro ni magick\u00e9 datum 8.\u00a08.\u00a02002. Datum slo\u017een\u00e9 ze sam\u00fdch dvojek, kter\u00e9\u00a0jako by potvrzovaly, jak silnou a&nbsp;harmonickou dvojic\u00ed jsou. Jako tehdej\u0161\u00ed starostka na\u0161eho m\u011bsta jsem dostala nelehk\u00fd \u00fakol je oddat. V&nbsp;tu dobu u\u017e na\u0161e \u00fazem\u00ed su\u017eovaly vytrval\u00e9 de\u0161t\u011b. Za p\u00e1r dn\u00ed jsme m\u011bli v\u00a0Lib\u010dic\u00edch tu nechvaln\u011b zn\u00e1mou tis\u00edciletou vodu. V\u0161ichni v\u010detn\u011b Franti\u0161ka jsme m\u011bli tolik pr\u00e1ce a&nbsp;starost\u00ed s\u00a0odstra\u0148ov\u00e1n\u00edm povod\u0148ov\u00fdch \u0161kod, \u017ee si ani nemohl po\u0159\u00e1dn\u011b u\u017e\u00edt prvn\u00ed novoman\u017eelsk\u00e9 obdob\u00ed. \u010ctrn\u00e1ct let nato se mi vzpom\u00ednka na tuto svatbu je\u0161t\u011b upevnila t\u00edm, \u017ee p\u0159esn\u011b ve stejn\u00fd den se narodila moje vnu\u010dka.<strong>\u00a0<\/strong><\/p>\n<p><strong>Ze \u0161estn\u00e1cti let m\u00edstostarostov\u00e1n\u00ed byl Franti\u0161ek osm let va\u0161\u00edm m\u00edstostarostou. Jak se v\u00e1m s\u00a0n\u00edm spolupracovalo?<\/strong><\/p>\n<p style=\"padding-left: 30px;\">Jedn\u00edm slovem skv\u011ble. Byl to velice konstruktivn\u00ed \u010dlov\u011bk, kter\u00fd s\u00a0opravdovou noblesou dok\u00e1zal proch\u00e1zet mnoha obt\u00ed\u017en\u00fdmi jedn\u00e1n\u00edmi a&nbsp;\u0159e\u0161en\u00edmi. V\u016fbec nebyl je\u0161itn\u00fd, jak se to n\u011bkter\u00fdm mu\u017e\u016fm st\u00e1v\u00e1. Dovedl ka\u017ed\u00e9ho vyslechnout. Byl velmi spravedliv\u00fd. Jednal klidn\u011b. Zcela ciz\u00ed mu bylo prosazov\u00e1n\u00ed osobn\u00edch z\u00e1jm\u016f. Jeho noblesa, patrn\u00e1 navenek, vych\u00e1zela z\u00a0jeho noblesy uvnit\u0159.<\/p>\n<p><strong>O Franti\u0161kovi se v\u00ed, \u017ee um\u011bl kr\u00e1sn\u011b ps\u00e1t.<\/strong><\/p>\n<p style=\"padding-left: 30px;\">Jeho bohat\u00e1 \u010de\u0161tina, osobit\u00fd styl i&nbsp;humor byly ozdobou mnoha \u010dl\u00e1nk\u016f, kter\u00e9 napsal. Um\u011bl tak\u00e9 n\u00e1dhern\u00e1 p\u0159\u00e1n\u00ed a&nbsp;\u00fa\u017easn\u00e9 b\u00e1sn\u011b.<\/p>\n<p><strong>Vid\u00edm, \u017ee tu m\u00e1te n\u011bjak\u00e9 pap\u00edry. Co to je?<\/strong><\/p>\n<p style=\"padding-left: 30px;\">To je moje dom\u00e1c\u00ed p\u0159\u00edprava na tenhle rozhovor. Dala jsem si dohromady nap\u0159\u00edklad jeho novoro\u010dn\u00ed p\u0159\u00e1n\u00ed. Byly tam ver\u0161e i&nbsp;pr\u00f3za, v\u017edy velmi trefn\u00e9. A&nbsp;taky kn\u00ed\u017eka jeho b\u00e1sn\u00ed &#8220;Je\u0161t\u011b jednou l\u00e1ska&#8221;.<br \/>\nPokud to nebude vadit, tak n\u011bco ocituji.<\/p>\n<h3 style=\"padding-left: 60px;\">Novoro\u010dn\u00ed p\u0159\u00e1n\u00ed<\/h3>\n<p style=\"padding-left: 60px;\"><em>P\u0159eji p\u0159\u00edjemn\u00e9 a&nbsp;hezk\u00e9 V\u00e1noce pln\u00e9 l\u00e1sky, radosti i&nbsp;pohody a&nbsp;v\u0161echno nejlep\u0161\u00ed do nov\u00e9ho roku. A\u0165 se kone\u010dn\u011b prosad\u00ed v\u00a0\u017eivot\u011b slu\u0161nost, ohleduplnost a&nbsp;velkorysost, proto\u017ee hrubosti, p\u00fdchy, sobectv\u00ed a&nbsp;z\u00e1ke\u0159nosti je v\u0161ude kolem n\u00e1s dost a&nbsp;dost. M\u011bjte srdce na dlani a&nbsp;pak se V\u00e1m v\u00a0p\u0159\u00ed\u0161t\u00edm roce ur\u010dit\u011b spln\u00ed alespo\u0148 n\u011bkter\u00e9 sny, kter\u00e9 u\u017e dlouhou dobu tajn\u011b v\u00a0sob\u011b h\u00fd\u010dk\u00e1te, sny, kter\u00e9 pohlad\u00ed po&nbsp;du\u0161i a&nbsp;n\u011bkdy i&nbsp;po&nbsp;pen\u011b\u017eence. A\u0165 se V\u00e1m vyhnou v\u0161echny nemoci a&nbsp;p\u00e1dy, bu\u010fte \u0161\u0165astn\u00ed a&nbsp;spokojen\u00ed. A&nbsp;tak\u00e9 nesm\u00edm zapomenout, p\u0159eji co nejv\u00edce trp\u011blivosti a&nbsp;nezdolnosti v\u00a0nekone\u010dn\u00e9m boji se\u00a0zabedn\u011bnost\u00ed a&nbsp;nabub\u0159elost\u00ed.<\/em><\/p>\n<p style=\"padding-left: 60px;\"><em>M\u00edsto, kter\u00e9 m\u00e1m r\u00e1d<\/em><br \/>\n<em> I&nbsp;j\u00e1 m\u00e1m m\u00edsto, je\u017e mi s\u00edlu d\u00e1v\u00e1<\/em><br \/>\n<em> krajinu v\u00a0srdci nav\u017edy zakletou<\/em><br \/>\n<em> mal\u00ed\u0159 \u010cas na mne ze vzpom\u00ednek m\u00e1v\u00e1<\/em><br \/>\n<em> jen pro mne kresby jeho rozkvetou<\/em><\/p>\n<p style=\"padding-left: 60px;\"><em>Nepat\u0159\u00ed mezi zn\u00e1m\u00e1 velk\u00e1 m\u011bsta<\/em><br \/>\n<em> nev\u0161edn\u00ed kr\u00e1sou oko neh\u00fd\u010dk\u00e1<\/em><br \/>\n<em> a\u010d nemiluji ok\u00e1zal\u00e1 gesta<\/em><br \/>\n<em> zad\u0159elo se mi v\u00a0du\u0161i, pod v\u00ed\u010dka<\/em><\/p>\n<p>&nbsp;<\/p>\n<p>&nbsp;<\/p>\n<p>&nbsp;  <\/p>\n","protected":false},"excerpt":{"rendered":"<p>N\u011bkter\u00e9 \u010dl\u00e1nky se nep\u00ed\u0161\u00ed snadno. Ale maj\u00ed b\u00fdt naps\u00e1ny, jako posledn\u00ed rozlou\u010den\u00ed a&nbsp;jako vyj\u00e1d\u0159en\u00ed \u00facty. A&nbsp;proto jsme poprosili Ilonu Chrtovou, dlouholetou kolegyni Franti\u0161ka Lis\u00e9ho z&nbsp;ODS i&nbsp;veden\u00ed m\u011bsta o&nbsp;p\u00e1r vzpom\u00ednek.<\/p>\n","protected":false},"author":48,"featured_media":0,"comment_status":"open","ping_status":"open","sticky":false,"template":"","format":"standard","meta":[],"categories":[1],"tags":[],"_links":{"self":[{"href":"https:\/\/libcickekrizovatky.cz\/index.php?rest_route=\/wp\/v2\/posts\/18022"}],"collection":[{"href":"https:\/\/libcickekrizovatky.cz\/index.php?rest_route=\/wp\/v2\/posts"}],"about":[{"href":"https:\/\/libcickekrizovatky.cz\/index.php?rest_route=\/wp\/v2\/types\/post"}],"author":[{"embeddable":true,"href":"https:\/\/libcickekrizovatky.cz\/index.php?rest_route=\/wp\/v2\/users\/48"}],"replies":[{"embeddable":true,"href":"https:\/\/libcickekrizovatky.cz\/index.php?rest_route=%2Fwp%2Fv2%2Fcomments&post=18022"}],"version-history":[{"count":16,"href":"https:\/\/libcickekrizovatky.cz\/index.php?rest_route=\/wp\/v2\/posts\/18022\/revisions"}],"predecessor-version":[{"id":18050,"href":"https:\/\/libcickekrizovatky.cz\/index.php?rest_route=\/wp\/v2\/posts\/18022\/revisions\/18050"}],"wp:attachment":[{"href":"https:\/\/libcickekrizovatky.cz\/index.php?rest_route=%2Fwp%2Fv2%2Fmedia&parent=18022"}],"wp:term":[{"taxonomy":"category","embeddable":true,"href":"https:\/\/libcickekrizovatky.cz\/index.php?rest_route=%2Fwp%2Fv2%2Fcategories&post=18022"},{"taxonomy":"post_tag","embeddable":true,"href":"https:\/\/libcickekrizovatky.cz\/index.php?rest_route=%2Fwp%2Fv2%2Ftags&post=18022"}],"curies":[{"name":"wp","href":"https:\/\/api.w.org\/{rel}","templated":true}]}}