{"id":18114,"date":"2018-04-24T13:21:54","date_gmt":"2018-04-24T11:21:54","guid":{"rendered":"http:\/\/libcickekrizovatky.cz\/?p=18114"},"modified":"2018-05-11T13:09:35","modified_gmt":"2018-05-11T11:09:35","slug":"baroko-na-desate-otevrene-zahrade","status":"publish","type":"post","link":"https:\/\/libcickekrizovatky.cz\/?p=18114","title":{"rendered":"Baroko na des\u00e1t\u00e9 Otev\u0159en\u00e9 zahrad\u011b : Sobota 19.&nbsp;5.&nbsp;2018"},"content":{"rendered":"<div style=\"float: right; margin: 10px;\"><img loading=\"lazy\" class=\"alignnone wp-image-5026 \" src=\"https:\/\/libcickekrizovatky.cz\/content\/uploads\/2015\/05\/festival-2015-34-300x199.jpg\" width=\"300\" height=\"200\" srcset=\"https:\/\/libcickekrizovatky.cz\/content\/uploads\/2015\/05\/festival-2015-34-300x199.jpg 300w, https:\/\/libcickekrizovatky.cz\/content\/uploads\/2015\/05\/festival-2015-34-1024x680.jpg 1024w, https:\/\/libcickekrizovatky.cz\/content\/uploads\/2015\/05\/festival-2015-34.jpg 1980w\" sizes=\"(max-width: 300px) 100vw, 300px\" \/><\/div>\n<p>Nen\u00ed to tak d\u00e1vno, co jsme po&nbsp;jednom koncertu Scanduly jen tak nez\u00e1vazn\u011b mluvili o&nbsp;tom, \u017ee\u00a0bychom mohli zkusit pozvat k&nbsp;n\u00e1m do Lib\u010dic p\u00e1r sbor\u016f a&nbsp;\u017ee by se vid\u011blo, zda by to m\u011blo \u00fasp\u011bch. A\u00a0vida, najednou tu m\u00e1me rok 2018 a&nbsp;s\u00a0n\u00edm u\u017e des\u00e1t\u00fd ro\u010dn\u00edk festivalu, kter\u00fd se ka\u017ed\u00fdm rokem vyv\u00edj\u00ed\u00a0a d\u00e1vno p\u0159ekra\u010duje hranice na\u0161eho mal\u00e9ho m\u011bste\u010dka.<br \/>\nPro\u0161li jsme s\u00a0n\u00edm r\u016fzn\u00e9 kraje, epochy i&nbsp;hudebn\u00ed styly. T\u00e9matem leto\u0161n\u00edho ro\u010dn\u00edku bude BAROKO.\u00a0Tohoto obdob\u00ed jsme se v&nbsp;p\u0159edchoz\u00edch letech dotkli jen jednou a&nbsp;nyn\u00ed bude t\u00e9to vrcholn\u011b zaj\u00edmav\u00e9\u00a0\u00e9\u0159e v\u011bnov\u00e1n cel\u00fd jubilejn\u00ed ro\u010dn\u00edku festivalu.<em><br \/>\n<\/em><!--more--><\/p>\n<h3>Hity leto\u0161n\u00edho festivalu<\/h3>\n<div style=\"float: left; margin: 10px;\"><img loading=\"lazy\" class=\"alignnone wp-image-5062\" src=\"https:\/\/libcickekrizovatky.cz\/content\/uploads\/2015\/05\/festival-2015-42-300x199.jpg\" width=\"300\" height=\"200\" srcset=\"https:\/\/libcickekrizovatky.cz\/content\/uploads\/2015\/05\/festival-2015-42-300x199.jpg 300w, https:\/\/libcickekrizovatky.cz\/content\/uploads\/2015\/05\/festival-2015-42-1024x680.jpg 1024w, https:\/\/libcickekrizovatky.cz\/content\/uploads\/2015\/05\/festival-2015-42.jpg 1980w\" sizes=\"(max-width: 300px) 100vw, 300px\" \/><\/div>\n<p>V dramaturgii bude tentokr\u00e1t zah\u00e1jen\u00ed pat\u0159it nejv\u011bt\u0161\u00edmu t\u011blesu, kter\u00e9 se jmenuje p\u0159esn\u011b opa\u010dn\u011b \u2013\u00a0<strong>Piccolo coro a&nbsp;Piccola orchestra<\/strong>. Ur\u010dit\u011b se nezdr\u017eujte dlouh\u00fdm va\u0159en\u00edm ob\u011bda (na zahrad\u011b bude\u00a0j\u00eddla dost) a&nbsp;ve 13:30 dora\u017ete do kostela. Pro nejmlad\u0161\u00ed poslucha\u010de to bude asi nejzaj\u00edmav\u011bj\u0161\u00ed \u010d\u00edslo\u00a0programu, i&nbsp;kdy\u017e d\u011bti jist\u011b ocen\u00ed i&nbsp;vystoupen\u00ed skupiny <strong>Mariane<\/strong> a&nbsp;\u017e\u00e1k\u016f lib\u010dick\u00e9 z\u00e1kladn\u00ed um\u011bleck\u00e9 \u0161koly.<\/p>\n<p>Dosp\u011bl\u00ed by si nem\u011bli nechat uj\u00edt vystoupen\u00ed profesion\u00e1ln\u00edho souboru <strong>Ensemble Hipocondria<\/strong>, kde\u00a0hraj\u00ed vyhled\u00e1van\u00ed hr\u00e1\u010di nejen \u010desk\u00fdch \u0161pi\u010dkov\u00fdch soubor\u016f star\u00e9 hudby (za v\u0161echny jmenujme jej\u00edho\u00a0um\u011bleck\u00e9ho vedouc\u00edho Jana H\u00e1dka, houslistu Collegia 1704). K&nbsp;tomuto souboru se p\u0159id\u00e1 p\u011bveck\u00fd ans\u00e1mbl <strong>I Dilettanti<\/strong>, kter\u00fd vede \u010cen\u011bk Svoboda, zp\u011bv\u00e1k Collegia 1704.<\/p>\n<p>Zpest\u0159en\u00edm programu bude odpoledn\u00ed \u201enesborov\u00e9\u201c vystoupen\u00ed violoncellisty \u010cesk\u00e9 filharmonie\u00a0Jana Kellera a&nbsp;estonsk\u00e9ho kytaristy Priita Petersona, studenta V\u00fdmarsk\u00e9 hudebn\u00ed akademie F.\u00a0Liszta, kte\u0159\u00ed zahraj\u00ed suity J. S. Bacha. Z&nbsp;t\u00e9 loutnov\u00e9 budete mo\u017en\u00e1 zn\u00e1t jednu jej\u00ed \u010d\u00e1st, kter\u00e1 \u010dasto\u00a0zazn\u00edv\u00e1 na koncertech ZU\u0160.<\/p>\n<h3>Barokn\u00ed \u017eeny v&nbsp;Koteln\u011b<\/h3>\n<div style=\"float: right; margin: 10px;\">\n<p><img loading=\"lazy\" class=\"alignnone wp-image-17108\" src=\"https:\/\/libcickekrizovatky.cz\/content\/uploads\/2017\/12\/MG_1119-300x200.jpg\" width=\"300\" height=\"200\" srcset=\"https:\/\/libcickekrizovatky.cz\/content\/uploads\/2017\/12\/MG_1119-300x200.jpg 300w, https:\/\/libcickekrizovatky.cz\/content\/uploads\/2017\/12\/MG_1119-768x512.jpg 768w, https:\/\/libcickekrizovatky.cz\/content\/uploads\/2017\/12\/MG_1119-1024x683.jpg 1024w\" sizes=\"(max-width: 300px) 100vw, 300px\" \/><\/p>\n<p><em><span style=\"font-size: 10pt;\">\u00a9 Ji\u0159\u00ed K\u0159enek<\/span><\/em><\/p>\n<\/div>\n<p>Zavr\u0161en\u00edm festivalu bude \u00fapln\u011b nov\u00e9 p\u0159edstaven\u00ed nazvan\u00e9 <strong>\u201eLes Femmes Baroques\u201c<\/strong>. S&nbsp;des\u00e1t\u00fdm\u00a0ro\u010dn\u00edkem p\u0159i\u0161la chv\u00edle, kdy nebudeme uv\u00e1d\u011bt \u201ejen\u201c hotov\u00e1 d\u00edla, ale st\u00e1v\u00e1me se i&nbsp;inici\u00e1tory vzniku\u00a0n\u011b\u010deho nov\u00e9ho.<\/p>\n<p>N\u00e1pad vytvo\u0159it p\u0159edstaven\u00ed festivalu na m\u00edru se zrodil pot\u00e9, co n\u00e1m man\u017eel\u00e9 Hoffmanovi jako\u00a0formu partnerstv\u00ed festivalu nab\u00eddli vyu\u017eit\u00ed prostoru Kotelny v\u00a0lib\u010dick\u00e9 \u0161roub\u00e1rn\u011b. Za takovou\u00a0p\u0159\u00edle\u017eitost moc d\u011bkujeme! Div\u00e1ci se mohou t\u011b\u0161it na hudebn\u011b-tane\u010dn\u00ed p\u0159edstaven\u00ed s&nbsp;mluven\u00fdm\u00a0slovem, kter\u00e9 div\u00e1k\u016fm nab\u00eddne p\u0159\u00edb\u011bhy t\u0159\u00ed v\u00fdjime\u010dn\u00fdch \u017een barokn\u00ed \u00e9ry: sv.&nbsp;Terezie z&nbsp;Avily,\u00a0Francescy Caccini a&nbsp;Anny Magdaleny Bachov\u00e9. Spoj\u00ed se zde mluven\u00e9 slovo s&nbsp;historicky pou\u010denou\u00a0interpretac\u00ed barokn\u00ed hudby v&nbsp;pod\u00e1n\u00ed Hipocondria Ensemble a&nbsp;souboru I&nbsp;Dilettanti a&nbsp;sou\u010dasn\u00fdm\u00a0tancem v\u00a0pod\u00e1n\u00ed C\u00e9cile da Costa a&nbsp;Lucie Charouzov\u00e9. Upozor\u0148uji p\u0159edem, \u017ee p\u0159edstaven\u00ed nen\u00ed\u00a0ur\u010deno d\u011btem do 10 let; ty si v\u00edce u\u017eij\u00ed odpoledn\u00ed program na farn\u00ed zahrad\u011b, kde je \u010dek\u00e1 v\u00fdtvarn\u00e1\u00a0d\u00edlna Katky Tetivov\u00e9.<\/p>\n<p>Nab\u00eddku ob\u010derstven\u00ed m\u00e1 v&nbsp;re\u017eii op\u011bt n\u00e1\u0161 tradi\u010dn\u00ed t\u00fdm, tak\u017ee se m\u016f\u017eete t\u011b\u0161it jak na kol\u00e1\u010de od Las\u00edk\u016f,\u00a0tak na v\u00fdbornou k\u00e1vu, ale i&nbsp;n\u011bco tepl\u00e9ho k&nbsp;zakousnut\u00ed. Kdo chce b\u00fdt eko, nech\u0165 p\u0159ijde s&nbsp;vlastn\u00edm\u00a0\u0161\u00e1lkem na k\u00e1vu, sklenic\u00ed na nealko \u010di&nbsp;pivn\u00edm p\u016fllitrem.<\/p>\n<p>Cel\u00fd program festivalu najdete na webu <span style=\"text-decoration: underline;\"><a href=\"http:\/\/www.scandula.cz\">Scanduly<\/a> <\/span>a zde budeme pr\u016fb\u011b\u017en\u011b dopl\u0148ovat dal\u0161\u00ed podrobnosti.<\/p>\n<h3>Pod\u011bkov\u00e1n\u00ed sponzor\u016fm<\/h3>\n<p>Festival minoritn\u00edho hudebn\u00edho \u017e\u00e1nru, jak\u00fdm sborov\u00fd zp\u011bv bezpochyby je, by nebyl mo\u017en\u00fd bez pomoci mnoha sponzor\u016f a&nbsp;partner\u016f ze st\u00e1tn\u00ed i&nbsp;soukrom\u00e9 sf\u00e9ry. Bez jejich finan\u010dn\u00ed v\u00fdpomoci by vstupenka musela st\u00e1t desetkr\u00e1t v\u00edce a&nbsp;takovou by si nejsp\u00ed\u0161 koupil m\u00e1lokdo. Proto d\u011bkujeme v\u0161em, kter\u00fd umo\u017enili, aby se v&nbsp;Lib\u010dic\u00edch mohla tato akce ji\u017e po&nbsp;des\u00e1t\u00e9 uskute\u010dnit. Leto\u0161n\u00ed festival, kter\u00fd od po\u010d\u00e1tku po\u0159\u00e1d\u00e1 spolek Scandula, podpo\u0159ili <strong>St\u00e1tn\u00ed fond kultury \u010cR, St\u0159edo\u010desk\u00fd kraj, \u00daJV \u0158e\u017e, a.s., m\u011bsto Lib\u010dice nad Vltavou, Nadace \u017divot um\u011blce, Farn\u00ed sbor \u010cCE U&nbsp;Salv\u00e1tora, V\u00fdzkumn\u00fd \u00fastav v\u010dela\u0159sk\u00fd\u00a0<\/strong>a<strong> Unie \u010desk\u00fdch p\u011bveck\u00fdch sbor\u016f.<\/strong> Partnerem festivalu je <strong>Farnost \u010cCE Lib\u010dice nad Vltavou, spolek LOS <\/strong>a<strong> Kotelna Lib\u010dice<\/strong>.<\/p>\n<p>D\u011bkujeme tak\u00e9 v\u0161em dobrovoln\u00edk\u016fm &#8211; jednotlivc\u016fm, kte\u0159\u00ed n\u00e1m s&nbsp;festivalem pom\u00e1haj\u00ed zdarma, ve sv\u00e9m voln\u00e9m \u010dase a&nbsp;je\u0161t\u011b s&nbsp;\u00fasm\u011bvem!<\/p>\n<p style=\"text-align: right;\"><em>Kate\u0159ina Judov\u00e1 a&nbsp;Lucie Richterov\u00e1<\/em><\/p>\n<p style=\"text-align: right;\"><img loading=\"lazy\" class=\"alignleft size-large wp-image-18150\" src=\"https:\/\/libcickekrizovatky.cz\/content\/uploads\/2018\/03\/Plakat-festivalek-2018_-A4-734x1024.jpg\" alt=\"\" width=\"734\" height=\"1024\" srcset=\"https:\/\/libcickekrizovatky.cz\/content\/uploads\/2018\/03\/Plakat-festivalek-2018_-A4-734x1024.jpg 734w, https:\/\/libcickekrizovatky.cz\/content\/uploads\/2018\/03\/Plakat-festivalek-2018_-A4-215x300.jpg 215w, https:\/\/libcickekrizovatky.cz\/content\/uploads\/2018\/03\/Plakat-festivalek-2018_-A4-768x1072.jpg 768w\" sizes=\"(max-width: 734px) 100vw, 734px\" \/><\/p>\n<p><a href=\"http:\/\/www.kudyznudy.cz\/?utm_source=kzn&#038;utm_medium=partneri_kzn&#038;utm_campaign=banner\" title=\"Kudyznudy.cz - tipy na v\u00fdlet\"> <img loading=\"lazy\" src=\"http:\/\/www.kudyznudy.cz\/KzN\/media\/Onas\/bannery\/logo_kudyznudy.gif\" width=\"150\"  height=\"64\" border=\"0\" alt=\"Kudyznudy.cz - tipy na v\u00fdlet\"> <\/a>  <\/p>\n","protected":false},"excerpt":{"rendered":"<p>Nen\u00ed to tak d\u00e1vno, co jsme po&nbsp;jednom koncertu Scanduly jen tak nez\u00e1vazn\u011b mluvili o&nbsp;tom, \u017ee\u00a0bychom mohli zkusit pozvat k&nbsp;n\u00e1m do Lib\u010dic p\u00e1r sbor\u016f a&nbsp;\u017ee by se vid\u011blo, zda by to m\u011blo \u00fasp\u011bch. A\u00a0vida, najednou tu m\u00e1me rok 2018 a&nbsp;s\u00a0n\u00edm u\u017e des\u00e1t\u00fd ro\u010dn\u00edk festivalu, kter\u00fd se ka\u017ed\u00fdm rokem vyv\u00edj\u00ed\u00a0a d\u00e1vno p\u0159ekra\u010duje hranice na\u0161eho mal\u00e9ho m\u011bste\u010dka. Pro\u0161li [&hellip;]<\/p>\n","protected":false},"author":13,"featured_media":0,"comment_status":"open","ping_status":"open","sticky":false,"template":"","format":"standard","meta":[],"categories":[1],"tags":[],"_links":{"self":[{"href":"https:\/\/libcickekrizovatky.cz\/index.php?rest_route=\/wp\/v2\/posts\/18114"}],"collection":[{"href":"https:\/\/libcickekrizovatky.cz\/index.php?rest_route=\/wp\/v2\/posts"}],"about":[{"href":"https:\/\/libcickekrizovatky.cz\/index.php?rest_route=\/wp\/v2\/types\/post"}],"author":[{"embeddable":true,"href":"https:\/\/libcickekrizovatky.cz\/index.php?rest_route=\/wp\/v2\/users\/13"}],"replies":[{"embeddable":true,"href":"https:\/\/libcickekrizovatky.cz\/index.php?rest_route=%2Fwp%2Fv2%2Fcomments&post=18114"}],"version-history":[{"count":28,"href":"https:\/\/libcickekrizovatky.cz\/index.php?rest_route=\/wp\/v2\/posts\/18114\/revisions"}],"predecessor-version":[{"id":18359,"href":"https:\/\/libcickekrizovatky.cz\/index.php?rest_route=\/wp\/v2\/posts\/18114\/revisions\/18359"}],"wp:attachment":[{"href":"https:\/\/libcickekrizovatky.cz\/index.php?rest_route=%2Fwp%2Fv2%2Fmedia&parent=18114"}],"wp:term":[{"taxonomy":"category","embeddable":true,"href":"https:\/\/libcickekrizovatky.cz\/index.php?rest_route=%2Fwp%2Fv2%2Fcategories&post=18114"},{"taxonomy":"post_tag","embeddable":true,"href":"https:\/\/libcickekrizovatky.cz\/index.php?rest_route=%2Fwp%2Fv2%2Ftags&post=18114"}],"curies":[{"name":"wp","href":"https:\/\/api.w.org\/{rel}","templated":true}]}}