{"id":18220,"date":"2018-05-03T22:30:33","date_gmt":"2018-05-03T20:30:33","guid":{"rendered":"http:\/\/libcickekrizovatky.cz\/?p=18220"},"modified":"2018-05-03T23:16:30","modified_gmt":"2018-05-03T21:16:30","slug":"pevecka-dilna-s-melusine-de-pas-a-marketou-cechovou-behem-festivalu-otevrena-zahrada-19-5","status":"publish","type":"post","link":"https:\/\/libcickekrizovatky.cz\/?p=18220","title":{"rendered":"P\u011bveck\u00e1 d\u00edlna s&nbsp;M\u00e9lusine de Pas a&nbsp;Mark\u00e9tou \u010cechovou (festival Otev\u0159en\u00e1 zahrada, 19.&nbsp;5. &#8217;18)"},"content":{"rendered":"<div style=\"float: left; margin: 10px;\"><a href=\"https:\/\/libcickekrizovatky.cz\/content\/uploads\/2018\/05\/DSC_4593.jpg\"><img loading=\"lazy\" class=\"alignnone wp-image-18222\" src=\"https:\/\/libcickekrizovatky.cz\/content\/uploads\/2018\/05\/DSC_4593-274x300.jpg\" width=\"164\" height=\"180\" srcset=\"https:\/\/libcickekrizovatky.cz\/content\/uploads\/2018\/05\/DSC_4593-274x300.jpg 274w, https:\/\/libcickekrizovatky.cz\/content\/uploads\/2018\/05\/DSC_4593.jpg 668w\" sizes=\"(max-width: 164px) 100vw, 164px\" \/><\/a><\/div>\n<p>Leto\u0161n\u00edmu barokn\u00edmu programu festivalu bude p\u0159edch\u00e1zet dopoledn\u00ed p\u011bveck\u00e1 d\u00edlna. Prob\u011bhne v&nbsp;evangelick\u00e9m kostele od 10:00 do 12:00.<\/p>\n<p>Spole\u010dn\u011b ji povede duo v\u00fdborn\u00fdch instrumentalistek a&nbsp;zp\u011bva\u010dek \u2013 <strong>M\u00e9lusine de Pas<\/strong> (sopranistka, hr\u00e1\u010dka na violu da gamba, mimo jin\u00e9 t\u00e9\u017e zakl\u00e1daj\u00edc\u00ed \u010dlenka souboru <span style=\"text-decoration: underline;\"><a href=\"https:\/\/www.youtube.com\/watch?v=FwFf9-gZ1Mo\">Ensemble Lunaris<\/a><\/span><i>) <\/i>a <strong>Mark\u00e9ta \u010cechov\u00e1<\/strong> ( klav\u00edristka, cembalistka, varhanice, korepetitorka a&nbsp;sbormistryn\u011b, st\u00e1l\u00e1 \u010dlenka souboru <span style=\"text-decoration: underline;\"><a href=\"https:\/\/www.youtube.com\/watch?v=2UXsmqGdRN0\">Ensemble Fiorello<\/a><\/span>).<br \/>\n<!--more--><br \/>\nM\u00e9lusine a&nbsp;Mark\u00e9tu spojuje v\u00edc ne\u017e jen velk\u00e9 \u201eM\u201c na za\u010d\u00e1tku jm\u00e9na. Spolupracuj\u00ed spolu od roku 2017 a&nbsp;jejich duo m\u00e1 tvo\u0159iv\u00fd n\u00e1boj a&nbsp;temperament. R\u00e1dy experimentuj\u00ed a&nbsp;improvizuj\u00ed ve stylu tradi\u010dn\u00ed \u201estar\u00e9\u201c hudby stejn\u011b jako v&nbsp;hudb\u011b \u201enov\u00e9\u201c.<\/p>\n<p>To by n\u00e1m cht\u011bly nab\u00eddnout i&nbsp;b\u011bhem d\u00edlny \u2013 jako t\u00e9ma vybraly \u201e\u00davod do renesan\u010dn\u00ed improvizace\u201c. Nau\u010d\u00edme se n\u011bkter\u00e9 renesan\u010dn\u00ed ozdoby (diminuce), melodick\u00e9 figury, kter\u00e9 se pou\u017e\u00edvaly na vypl\u0148ov\u00e1n\u00ed dlouh\u00fdch not. Postupn\u011b budeme zkou\u0161et s&nbsp;t\u00edmto materi\u00e1lem improvizovat a&nbsp;za\u010dle\u0148ovat ho do jednoduch\u00e9 renesan\u010dn\u00ed p\u00edsn\u011b. To v\u0161e za doprovodu violy da gamba a&nbsp;cembala.<\/p>\n<p>Kapacita d\u00edlny je cca 20 p\u0159edem p\u0159ihl\u00e1\u0161en\u00fdch \u00fa\u010dastn\u00edk\u016f, tak\u017ee pokud by v\u00e1s toto t\u00e9ma zaj\u00edmalo, nev\u00e1hejte a&nbsp;do 12.&nbsp;kv\u011btna napi\u0161te na mail: <span style=\"text-decoration: underline;\"><a href=\"&#x6d;&#97;i&#x6c;&#x74;o:&#x66;&#x65;st&#x69;&#118;a&#x6c;&#x2e;&#108;i&#x62;&#x63;ic&#x65;&#64;c&#x65;&#x6e;&#116;r&#x75;&#x6d;.c&#x7a;\">&#x66;&#x65;&#115;ti&#x76;&#x61;&#108;.l&#x69;&#x62;&#99;ic&#x65;&#x40;&#x63;ent&#x72;&#x75;&#109;.c&#x7a;<\/a><\/span>.<br \/>\n<a href=\"https:\/\/libcickekrizovatky.cz\/content\/uploads\/2018\/05\/DSC_4572.jpg\"><img class=\"alignnone wp-image-18221 size-full\" src=\"https:\/\/libcickekrizovatky.cz\/content\/uploads\/2018\/05\/DSC_4572.jpg\" width=\"100%\" srcset=\"https:\/\/libcickekrizovatky.cz\/content\/uploads\/2018\/05\/DSC_4572.jpg 805w, https:\/\/libcickekrizovatky.cz\/content\/uploads\/2018\/05\/DSC_4572-300x249.jpg 300w, https:\/\/libcickekrizovatky.cz\/content\/uploads\/2018\/05\/DSC_4572-768x637.jpg 768w\" sizes=\"(max-width: 805px) 100vw, 805px\" \/><\/a>  <\/p>\n","protected":false},"excerpt":{"rendered":"<p>Leto\u0161n\u00edmu barokn\u00edmu programu festivalu bude p\u0159edch\u00e1zet dopoledn\u00ed p\u011bveck\u00e1 d\u00edlna. Prob\u011bhne v&nbsp;evangelick\u00e9m kostele od 10:00 do 12:00. Spole\u010dn\u011b ji povede duo v\u00fdborn\u00fdch instrumentalistek a&nbsp;zp\u011bva\u010dek \u2013 M\u00e9lusine de Pas (sopranistka, hr\u00e1\u010dka na violu da gamba, mimo jin\u00e9 t\u00e9\u017e zakl\u00e1daj\u00edc\u00ed \u010dlenka souboru Ensemble Lunaris) a&nbsp;Mark\u00e9ta \u010cechov\u00e1 ( klav\u00edristka, cembalistka, varhanice, korepetitorka a&nbsp;sbormistryn\u011b, st\u00e1l\u00e1 \u010dlenka souboru Ensemble Fiorello).<\/p>\n","protected":false},"author":13,"featured_media":0,"comment_status":"open","ping_status":"open","sticky":false,"template":"","format":"standard","meta":[],"categories":[1],"tags":[],"_links":{"self":[{"href":"https:\/\/libcickekrizovatky.cz\/index.php?rest_route=\/wp\/v2\/posts\/18220"}],"collection":[{"href":"https:\/\/libcickekrizovatky.cz\/index.php?rest_route=\/wp\/v2\/posts"}],"about":[{"href":"https:\/\/libcickekrizovatky.cz\/index.php?rest_route=\/wp\/v2\/types\/post"}],"author":[{"embeddable":true,"href":"https:\/\/libcickekrizovatky.cz\/index.php?rest_route=\/wp\/v2\/users\/13"}],"replies":[{"embeddable":true,"href":"https:\/\/libcickekrizovatky.cz\/index.php?rest_route=%2Fwp%2Fv2%2Fcomments&post=18220"}],"version-history":[{"count":13,"href":"https:\/\/libcickekrizovatky.cz\/index.php?rest_route=\/wp\/v2\/posts\/18220\/revisions"}],"predecessor-version":[{"id":18236,"href":"https:\/\/libcickekrizovatky.cz\/index.php?rest_route=\/wp\/v2\/posts\/18220\/revisions\/18236"}],"wp:attachment":[{"href":"https:\/\/libcickekrizovatky.cz\/index.php?rest_route=%2Fwp%2Fv2%2Fmedia&parent=18220"}],"wp:term":[{"taxonomy":"category","embeddable":true,"href":"https:\/\/libcickekrizovatky.cz\/index.php?rest_route=%2Fwp%2Fv2%2Fcategories&post=18220"},{"taxonomy":"post_tag","embeddable":true,"href":"https:\/\/libcickekrizovatky.cz\/index.php?rest_route=%2Fwp%2Fv2%2Ftags&post=18220"}],"curies":[{"name":"wp","href":"https:\/\/api.w.org\/{rel}","templated":true}]}}