{"id":18251,"date":"2018-05-06T22:50:29","date_gmt":"2018-05-06T20:50:29","guid":{"rendered":"http:\/\/libcickekrizovatky.cz\/?p=18251"},"modified":"2018-05-06T23:09:05","modified_gmt":"2018-05-06T21:09:05","slug":"opravy-nejsou-investice","status":"publish","type":"post","link":"https:\/\/libcickekrizovatky.cz\/?p=18251","title":{"rendered":"Opravy nejsou investice"},"content":{"rendered":"<div style=\"float: left; margin: 10px;\"><a href=\"https:\/\/libcickekrizovatky.cz\/content\/uploads\/2018\/05\/kytickyweb.jpg\"><img loading=\"lazy\" class=\"alignleft wp-image-18256\" src=\"https:\/\/libcickekrizovatky.cz\/content\/uploads\/2018\/05\/kytickyweb.jpg\" alt=\"Opravy, kv\u011btin\u00e1\u010de\" width=\"150\" height=\"200\" srcset=\"https:\/\/libcickekrizovatky.cz\/content\/uploads\/2018\/05\/kytickyweb.jpg 585w, https:\/\/libcickekrizovatky.cz\/content\/uploads\/2018\/05\/kytickyweb-225x300.jpg 225w\" sizes=\"(max-width: 150px) 100vw, 150px\" \/><\/a><\/div>\n<p><em>Vy\u0161lo v\u00a0ti\u0161t\u011bn\u00e9 podob\u011b Lib\u010dick\u00fdch k\u0159i\u017eovatek \u010d\u00edslo 1 \/ 2018.<\/em><br \/>\nN\u00e1sleduj\u00edc\u00ed \u0159\u00e1dky p\u0159in\u00e1\u0161ej\u00ed kr\u00e1tk\u00e9 nahl\u00e9dnut\u00ed do budov\u00e1n\u00ed v&nbsp;na\u0161em m\u011bst\u011b, jak se v\u0161e tvo\u0159\u00ed, ale i&nbsp;trochu bo\u0159\u00ed.<\/p>\n<p>Na\u0161e m\u011bsto \u0159\u00edd\u00ed Rada m\u011bsta Lib\u010dice nad Vltavou, kter\u00e1 je celkem p\u011bti\u010dlenn\u00e1. Jej\u00edm poradn\u00edm hlasem pro budov\u00e1n\u00ed je mimo jin\u00e9 i&nbsp;Investi\u010dn\u00ed komise (IK), kter\u00e1 se sch\u00e1z\u00ed k&nbsp;projedn\u00e1n\u00ed sv\u00fdch n\u00e1pad\u016f zhruba dvakr\u00e1t do roka. M\u00e1 \u010dty\u0159i \u010dleny, kte\u0159\u00ed mohou b\u00fdt i&nbsp;z&nbsp;\u0159ad ob\u010dan\u016f, nejen tedy zastupitel\u016f, p\u0159edsedou komise je pan m\u00edstostarosta a&nbsp;sch\u016fz\u00ed se \u00a0pravideln\u011b z\u00fa\u010dast\u0148uje je\u0161t\u011b starosta m\u011bsta a&nbsp;zam\u011bstnanec \u00fa\u0159adu na pozici spr\u00e1vy majetku. Mimo to mohou jedn\u00e1n\u00ed jako host\u00e9 nav\u0161t\u00edvit i&nbsp;v\u0161ichni zastupitel\u00e9. Pozv\u00e1nka na sch\u016fze je jim pravideln\u011b zas\u00edl\u00e1na p\u0159edsedou IK.<!--more--><\/p>\n<h3>Jak lvov\u00e9 bijem o&nbsp;m\u0159\u00ed\u017ee<\/h3>\n<p>Pozv\u00e1nku vyu\u017e\u00edv\u00e1me a&nbsp;sch\u016fz\u00ed se pravideln\u011b \u00fa\u010dastn\u00edme. \u00a0Jen pak v&nbsp;Lib\u010dick\u00fdch novin\u00e1ch dost \u010dasto nesouhlas\u00edme s&nbsp;t\u00edm, co je ob\u010dan\u016fm p\u0159edkl\u00e1d\u00e1no. Nap\u0159\u00edklad s&nbsp;t\u00edm, \u017ee ve\u0161ker\u00e9 pr\u00e1ce, kter\u00e9 se v&nbsp;na\u0161e m\u011bst\u011b provedou, nesouvis\u00ed s&nbsp;investicemi v&nbsp;prav\u00e9m slova smyslu. \u017de jsou \u010dasto ob\u010dan\u00e9 v&nbsp;novin\u00e1ch upozor\u0148ov\u00e1ni na fakt, jak se opravuj\u00ed chodn\u00edky, ulice, fas\u00e1dy nebo d\u011btsk\u00e1 h\u0159i\u0161t\u011b, jen\u017ee je to s&nbsp;t\u011bmi investicemi ve skute\u010dnosti trochu jinak. V\u0161echny opravy toti\u017e nejsou investice, pouze se, stejn\u011b jako v&nbsp;jin\u00fdch m\u011bstech, i&nbsp;u&nbsp;n\u00e1s mus\u00ed ve\u0159ejn\u00fd majetek opravovat. Mysl\u00edm, \u017ee je povinnost\u00ed ka\u017ed\u00e9 radnice takov\u00e9 v\u011bci ob\u010dan\u016fm zaji\u0161\u0165ovat a&nbsp;net\u0159eba se poka\u017ed\u00e9 v&nbsp;m\u011bstsk\u00fdch novin\u00e1ch za to b\u00edt v&nbsp;prsa. Bohu\u017eel se tu ale nafukuje jen velk\u00e1 bublina a&nbsp;jako ob\u010dan\u00e9 jsme neust\u00e1le mas\u00edrov\u00e1ni radni\u010dn\u00ed propagandou, kolik se toho v&nbsp;na\u0161em mal\u00e9m m\u011bste\u010dku vlastn\u011b buduje. Ve skute\u010dnosti se jen dost oprav naz\u00fdv\u00e1 investicemi, kter\u00e9 v\u0161ak pr\u00e1v\u011b ve v\u011bt\u0161\u00ed m\u00ed\u0159e chyb\u00ed.<\/p>\n<h3>Opravy a&nbsp;investice<\/h3>\n<p>O rozd\u00edlnostech v&nbsp;n\u00e1zorech, jak n\u011bkter\u00e9 opravy pojmout, je t\u011b\u017ek\u00e9 v&nbsp;kr\u00e1tkosti ps\u00e1t, proto\u017ee dost v\u011bc\u00ed se d\u011bl\u00e1 pouze ze setrva\u010dnosti, na rychlost a&nbsp;hlavn\u00edm krit\u00e9riem je jen n\u00edzk\u00e1 cena. V\u00fdsledkem je v\u0161udyp\u0159\u00edtomn\u00e1 betonov\u00e1 z\u00e1mkov\u00e1 dla\u017eba, betonov\u00e9 truhl\u00edky na kv\u011btiny. Opravy v\u011bt\u0161\u00edho rozsahu se d\u011blaj\u00ed bez projekt\u016f, proto\u017ee nap\u0159\u00edklad cht\u00edt vid\u011bt plochu p\u0159ed katolick\u00fdm kostelem jin\u00fdma o\u010dima, kter\u00e9 radn\u00ed nem\u00e1, ale m\u00e1 je zcela nezn\u00e1m\u00fd architekt, jako by byla nadlidsk\u00e1 s\u00edla a&nbsp;pro Lib\u010dice p\u0159eci zcela zbyte\u010dn\u00e9 \u00fasil\u00ed.<\/p>\n<p>Investice v&nbsp;prav\u00e9m slova smyslu pak jsou druhou dlouhou kapitolou, a\u0165 ji\u017e to vezmu od nahonem dostav\u011bn\u00e9 vyho\u0159el\u00e9 \u010d\u00e1sti koupali\u0161t\u011b v&nbsp;nedostate\u010dn\u00e9 velikosti, p\u0159es n\u00e1plavku, ke snaze koupit kulturn\u00ed d\u016fm nebo postavit s\u00e1l vedle ZU\u0160, \u010di&nbsp;komunitn\u00ed centrum na k\u0159i\u017eovatce, kter\u00e1 by se m\u011bla po&nbsp;p\u0159ebudov\u00e1n\u00ed tv\u00e1\u0159it jako n\u00e1m\u011bst\u00ed.<\/p>\n<h3>Zp\u011bt k&nbsp;IK<\/h3>\n<p>V Investi\u010dn\u00ed komisi maj\u00ed zastupitel\u00e9 \u0161anci sd\u011blit sv\u016fj n\u00e1zor. &#8230;t\u0159eba na z\u00e1mkovou dla\u017ebu, na stav ve\u0159ejn\u00e9ho osv\u011btlen\u00ed, na nutnost \u0159e\u0161en\u00ed parkov\u00e1n\u00ed u&nbsp;\u0161kolky a&nbsp;s&nbsp;t\u00edm spojen\u00e9ho \u0159e\u0161en\u00ed druh\u00e9ho vchodu, nebo na vybagrovanou d\u00edru p\u0159ed pam\u00e1tn\u00edkem v\u00e1le\u010dn\u00fdm ob\u011btem \u010di&nbsp;d\u00edru za baz\u00e9nem, ale nikterak t\u00edm nezm\u011bn\u00edte my\u0161len\u00ed radn\u00edch, tedy hlavn\u00edch tv\u016frc\u016f v\u0161eho, co se dostane ke schv\u00e1len\u00ed do zastupitelstva a&nbsp;podle \u010deho se pak ve m\u011bst\u011b tvo\u0159\u00ed.<\/p>\n<p>V jednom z&nbsp;\u00favodn\u00edk\u016f Lib\u010dick\u00fdch novin pan starosta vyt\u00fdkal opozi\u010dn\u00edm zastupitel\u016fm, \u017ee nezvedli ruce pro n\u00e1vrh investic ve m\u011bst\u011b, i&nbsp;kdy\u017e \u00a0se \u00fa\u010dastnili v\u0161ech p\u0159\u00edpravn\u00fdch projedn\u00e1v\u00e1n\u00ed. Takov\u00e9 gesto pova\u017euji za naprosto zbyte\u010dn\u00e9, zvl\u00e1\u0161\u0165 v&nbsp;p\u0159\u00edpad\u011b, kdy jsou vl\u00e1dnouc\u00ed koalic\u00ed stejn\u011b p\u0159ehlasov\u00e1ni..<\/p>\n<p>Podle principu zastupitelsk\u00e9 demokracie zastupujeme v&nbsp;obecn\u00edm &#8220;parlamentu&#8221; z\u00e1jmy na\u0161ich voli\u010d\u016f. Nen\u00ed nijak nepochopiteln\u00e9, \u017ee z\u00e1jmy r\u016fzn\u00fdch skupin se mohou v&nbsp;n\u011b\u010dem shodovat, v&nbsp;dal\u0161\u00edch v\u011bcech pon\u011bkud li\u0161it a&nbsp;leckdy mohou j\u00edt i&nbsp;proti sob\u011b. Neexistuje \u017e\u00e1dn\u00fd rozumn\u00fd d\u016fvod, kter\u00fd by velel v\u0161em hlasovat stejn\u011b. Tak se to o\u010dek\u00e1valo v&nbsp;tzv.&nbsp;N\u00e1rodn\u00ed front\u011b, ale tu u\u017e na\u0161t\u011bst\u00ed nem\u00e1me. Jsem za to velmi r\u00e1da, i&nbsp;kdy\u017e se v&nbsp;na\u0161em m\u011bst\u011b mezi sebou zam\u011b\u0148uj\u00ed opravy za investice.<\/p>\n<div style=\"text-align: right;\"><a href=\"https:\/\/libcickekrizovatky.cz\/content\/uploads\/2014\/07\/Ilona-Ptackova-thmb.jpg\"><img loading=\"lazy\" class=\"wp-image-339 alignright\" src=\"https:\/\/libcickekrizovatky.cz\/content\/uploads\/2014\/07\/Ilona-Ptackova-thmb.jpg\" width=\"100\" height=\"82\" \/><\/a><\/div>\n<p style=\"text-align: right;\"><em>Ilona Pt\u00e1\u010dkov\u00e1, zastupitelka za Lib\u010dick\u00fd ob\u010dansk\u00fd spolek LOS, pov\u011bt\u0161inou se za spolek \u00fa\u010dastnila sch\u016fz\u00ed Investi\u010dn\u00ed komise, \u0161est let byla zam\u011bstnancem M\u0160 Lib\u010dice, v&nbsp;r\u00e1mci p\u0159\u00edprav Strategick\u00e9ho pl\u00e1nu je \u010dlenkou pracovn\u00ed skupiny pro Spr\u00e1vu a&nbsp;\u0159\u00edzen\u00ed m\u011bsta<\/em><\/p>\n","protected":false},"excerpt":{"rendered":"<p>Vy\u0161lo v\u00a0ti\u0161t\u011bn\u00e9 podob\u011b Lib\u010dick\u00fdch k\u0159i\u017eovatek \u010d\u00edslo 1 \/ 2018. N\u00e1sleduj\u00edc\u00ed \u0159\u00e1dky p\u0159in\u00e1\u0161ej\u00ed kr\u00e1tk\u00e9 nahl\u00e9dnut\u00ed do budov\u00e1n\u00ed v&nbsp;na\u0161em m\u011bst\u011b, jak se v\u0161e tvo\u0159\u00ed, ale i&nbsp;trochu bo\u0159\u00ed. Na\u0161e m\u011bsto \u0159\u00edd\u00ed Rada m\u011bsta Lib\u010dice nad Vltavou, kter\u00e1 je celkem p\u011bti\u010dlenn\u00e1. Jej\u00edm poradn\u00edm hlasem pro budov\u00e1n\u00ed je mimo jin\u00e9 i&nbsp;Investi\u010dn\u00ed komise (IK), kter\u00e1 se sch\u00e1z\u00ed k&nbsp;projedn\u00e1n\u00ed sv\u00fdch n\u00e1pad\u016f zhruba [&hellip;]<\/p>\n","protected":false},"author":21,"featured_media":0,"comment_status":"open","ping_status":"open","sticky":false,"template":"","format":"standard","meta":[],"categories":[885,4,111],"tags":[926,301],"_links":{"self":[{"href":"https:\/\/libcickekrizovatky.cz\/index.php?rest_route=\/wp\/v2\/posts\/18251"}],"collection":[{"href":"https:\/\/libcickekrizovatky.cz\/index.php?rest_route=\/wp\/v2\/posts"}],"about":[{"href":"https:\/\/libcickekrizovatky.cz\/index.php?rest_route=\/wp\/v2\/types\/post"}],"author":[{"embeddable":true,"href":"https:\/\/libcickekrizovatky.cz\/index.php?rest_route=\/wp\/v2\/users\/21"}],"replies":[{"embeddable":true,"href":"https:\/\/libcickekrizovatky.cz\/index.php?rest_route=%2Fwp%2Fv2%2Fcomments&post=18251"}],"version-history":[{"count":5,"href":"https:\/\/libcickekrizovatky.cz\/index.php?rest_route=\/wp\/v2\/posts\/18251\/revisions"}],"predecessor-version":[{"id":18257,"href":"https:\/\/libcickekrizovatky.cz\/index.php?rest_route=\/wp\/v2\/posts\/18251\/revisions\/18257"}],"wp:attachment":[{"href":"https:\/\/libcickekrizovatky.cz\/index.php?rest_route=%2Fwp%2Fv2%2Fmedia&parent=18251"}],"wp:term":[{"taxonomy":"category","embeddable":true,"href":"https:\/\/libcickekrizovatky.cz\/index.php?rest_route=%2Fwp%2Fv2%2Fcategories&post=18251"},{"taxonomy":"post_tag","embeddable":true,"href":"https:\/\/libcickekrizovatky.cz\/index.php?rest_route=%2Fwp%2Fv2%2Ftags&post=18251"}],"curies":[{"name":"wp","href":"https:\/\/api.w.org\/{rel}","templated":true}]}}