{"id":18291,"date":"2018-05-08T00:10:14","date_gmt":"2018-05-07T22:10:14","guid":{"rendered":"http:\/\/libcickekrizovatky.cz\/?p=18291"},"modified":"2018-05-08T15:01:52","modified_gmt":"2018-05-08T13:01:52","slug":"kdo-se-chysta-do-uhelneho-mlyna","status":"publish","type":"post","link":"https:\/\/libcickekrizovatky.cz\/?p=18291","title":{"rendered":"Do Kotelny p\u0159ijede americk\u00fd anim\u00e1tor Gene Deitch"},"content":{"rendered":"<div style=\"float: left; margin: 10px;\"><a href=\"https:\/\/libcickekrizovatky.cz\/content\/uploads\/2018\/04\/jakprezit-kot.jpg\"><img loading=\"lazy\" class=\"alignleft wp-image-18316\" src=\"https:\/\/libcickekrizovatky.cz\/content\/uploads\/2018\/04\/jakprezit-kot.jpg\" alt=\"Gene Deitch: Z l\u00e1sky k Praze\" width=\"120\" height=\"105\" srcset=\"https:\/\/libcickekrizovatky.cz\/content\/uploads\/2018\/04\/jakprezit-kot.jpg 640w, https:\/\/libcickekrizovatky.cz\/content\/uploads\/2018\/04\/jakprezit-kot-300x263.jpg 300w\" sizes=\"(max-width: 120px) 100vw, 120px\" \/><\/a><\/div>\n<p>\u010cas od \u010dasu \u010dlov\u011bk n\u011bco mine, proto\u017ee t\u0159eba \u00fapln\u011b nev\u00ed, \u017ee zrovna tohle by minout necht\u011bl. Abychom v\u00e1s vyvarovali takov\u00e9ho zklam\u00e1n\u00ed, nab\u00edz\u00edme upout\u00e1vku\u00a0\/\u00a0ochutn\u00e1vku.<\/p>\n<p>Na posledn\u00ed kv\u011btnovou sobotu (26.&nbsp;kv\u011btna) je v&nbsp;Koteln\u011b ohl\u00e1\u0161ena autogrami\u00e1da a&nbsp;p\u0159edstaven\u00ed autobiografick\u00e9 knihy <span style=\"text-decoration: underline;\"><a href=\"https:\/\/libcickekrizovatky.cz\/?ai1ec_event=gene-deitch-z-lasky-k-praze&amp;instance_id=2708\">&#8220;Z&nbsp;l\u00e1sky k\u00a0Praze&#8221;.<\/a><\/span> A&nbsp;nen\u00ed to akce lok\u00e1ln\u00edho v\u00fdznamu, nechte se pozvat. Nejen od n\u00e1s, n\u00e1m v\u011b\u0159it nemus\u00edte. Nechte se pozvat od povolan\u011bj\u0161\u00edch. <!--more--><\/p>\n<p>Mo\u017en\u00e1 v\u00e1m na prvn\u00ed dobrou jm\u00e9no autora knihy <strong>Gene Deitch<\/strong> nic ne\u0159ekne. To ale nevad\u00ed, pokud se chcete nechat nal\u00e1kat, jsou tu vstupn\u00ed informace v\u00a0elegatn\u00edm balen\u00ed serv\u00edrovan\u00e9 \u010cesk\u00fdm rozhlasem.<\/p>\n<p>Poslouch\u00e1te-li r\u00e1no Radio\u017eurn\u00e1l, t\u0159eba cestou do pr\u00e1ce,\u00a0 pak jste\u00a0 mohli &#8220;pozv\u00e1nku&#8221; na 26.&nbsp;kv\u011btna do Kotelny sly\u0161et v&nbsp;pond\u011bl\u00ed 7.&nbsp;kv\u011btna v\u00a0po\u0159adu &#8220;Host Lucie V\u00fdborn\u00e9&#8221;.<\/p>\n<p>Pokud ne, pak v\u011bzte, \u017ee dnes r\u00e1no si v&nbsp;r\u00e1diu pov\u00eddali pr\u00e1v\u011b s&nbsp;Genem Deitchem. Chcete-li v\u011bd\u011bt o&nbsp;\u010dem, sta\u010d\u00ed prokliknout na web \u010cesk\u00e9ho rozhlasu:<\/p>\n<div style=\"float: left; margin: 10px; padding-left: 30px;\"><a href=\"http:\/\/www.rozhlas.cz\/radiozurnal\/host\/_zprava\/pratelil-se-s-trnkou-a-werichem-chystal-se-tocit-hobita-americky-animator-gene-deitch-neda-na-prahu-dopustit--1797449\" target=\"_blank\"><img loading=\"lazy\" class=\"alignleft wp-image-18292\" src=\"https:\/\/libcickekrizovatky.cz\/content\/uploads\/2018\/05\/radiozurnal.jpg\" alt=\"Radio\u017eurn\u00e1l\" width=\"180\" height=\"69\" srcset=\"https:\/\/libcickekrizovatky.cz\/content\/uploads\/2018\/05\/radiozurnal.jpg 967w, https:\/\/libcickekrizovatky.cz\/content\/uploads\/2018\/05\/radiozurnal-300x114.jpg 300w, https:\/\/libcickekrizovatky.cz\/content\/uploads\/2018\/05\/radiozurnal-768x293.jpg 768w\" sizes=\"(max-width: 180px) 100vw, 180px\" \/><\/a><\/div>\n<p>&nbsp;<\/p>\n<h5 style=\"padding-left: 30px;\"><a href=\"http:\/\/www.rozhlas.cz\/radiozurnal\/host\/_zprava\/pratelil-se-s-trnkou-a-werichem-chystal-se-tocit-hobita-americky-animator-gene-deitch-neda-na-prahu-dopustit--1797449\" target=\"_blank\">Po\u0159ad Lucie V\u00fdborn\u00e9 &#8220;Host Radio\u017eurn\u00e1lu&#8221; &#8211; 7.&nbsp;5.\u00a0 2018 v&nbsp;09:05<br \/>\n<span style=\"text-decoration: underline;\">P\u0159\u00e1telil se s&nbsp;Trnkou a&nbsp;Werichem, chystal se to\u010dit Hobita.<\/span><br \/>\nAmerick\u00fd anim\u00e1tor Gene Deitch ned\u00e1 na Prahu dopustit<\/a><\/h5>\n<p>&nbsp;<\/p>\n<p>Kdyby to pro v\u00e1s bylo jako prvotn\u00ed pr\u016fzkum m\u00e1lo, st\u00e1le na webu \u010cesk\u00e9ho rozhlasu najdete informac\u00ed je\u0161t\u011b v\u00edc:<\/p>\n<ul>\n<li><span style=\"text-decoration: underline;\"><a href=\"https:\/\/vltava.rozhlas.cz\/jak-si-gene-deitch-kvuli-prazske-lasce-neohlidal-oscara-6938161\" target=\"_blank\">Jak si Gene Deitch kv\u016fli pra\u017esk\u00e9 l\u00e1sce neohl\u00eddal Oscara<\/a><\/span> (Mozaika, 14.&nbsp;b\u0159ezen 2018)<\/li>\n<li><span style=\"text-decoration: underline;\"><a href=\"https:\/\/vltava.rozhlas.cz\/americky-animator-a-reziser-gene-deitch-ziskal-na-1-rocniku-mezinarodniho-5135664\" target=\"_blank\">Americk\u00fd anim\u00e1tor a&nbsp;re\u017eis\u00e9r Gene Deitch z\u00edskal na 1.&nbsp;ro\u010dn\u00edku Mezin\u00e1rodn\u00edho festivalu animovan\u00fdch film\u016f v&nbsp;T\u0159eboni Cenu za celo\u017eivotn\u00ed d\u00edlo<\/a><\/span> (4.&nbsp;kv\u011bten 2010)<\/li>\n<li><span style=\"text-decoration: underline;\"><a href=\"https:\/\/vltava.rozhlas.cz\/manzele-deitchovi-na-anifestu-2007-5109690\" target=\"_blank\">Man\u017eel\u00e9 Deitchovi na Anifestu 2007<\/a><\/span> (11.&nbsp;kv\u011btna 2007)<\/li>\n<\/ul>\n<p>Tak si to v\u0161echno poslechn\u011bte, zva\u017ete, zkontrolujte kalend\u00e1\u0159 a&nbsp;pokud budete m\u00edt \u010das a&nbsp;chu\u0165, p\u0159ij\u010fte se 26.&nbsp;kv\u011btna pod\u00edvat do <span style=\"text-decoration: underline;\"><a href=\"https:\/\/kotelnalibcice.cz\/\">Kotelny<\/a><\/span>.  <\/p>\n","protected":false},"excerpt":{"rendered":"<p>\u010cas od \u010dasu \u010dlov\u011bk n\u011bco mine, proto\u017ee t\u0159eba \u00fapln\u011b nev\u00ed, \u017ee zrovna tohle by minout necht\u011bl. Abychom v\u00e1s vyvarovali takov\u00e9ho zklam\u00e1n\u00ed, nab\u00edz\u00edme upout\u00e1vku\u00a0\/\u00a0ochutn\u00e1vku. Na posledn\u00ed kv\u011btnovou sobotu (26.&nbsp;kv\u011btna) je v&nbsp;Koteln\u011b ohl\u00e1\u0161ena autogrami\u00e1da a&nbsp;p\u0159edstaven\u00ed autobiografick\u00e9 knihy &#8220;Z&nbsp;l\u00e1sky k\u00a0Praze&#8221;. A&nbsp;nen\u00ed to akce lok\u00e1ln\u00edho v\u00fdznamu, nechte se pozvat. Nejen od n\u00e1s, n\u00e1m v\u011b\u0159it nemus\u00edte. Nechte se pozvat od [&hellip;]<\/p>\n","protected":false},"author":18,"featured_media":0,"comment_status":"open","ping_status":"open","sticky":false,"template":"","format":"standard","meta":[],"categories":[192],"tags":[],"_links":{"self":[{"href":"https:\/\/libcickekrizovatky.cz\/index.php?rest_route=\/wp\/v2\/posts\/18291"}],"collection":[{"href":"https:\/\/libcickekrizovatky.cz\/index.php?rest_route=\/wp\/v2\/posts"}],"about":[{"href":"https:\/\/libcickekrizovatky.cz\/index.php?rest_route=\/wp\/v2\/types\/post"}],"author":[{"embeddable":true,"href":"https:\/\/libcickekrizovatky.cz\/index.php?rest_route=\/wp\/v2\/users\/18"}],"replies":[{"embeddable":true,"href":"https:\/\/libcickekrizovatky.cz\/index.php?rest_route=%2Fwp%2Fv2%2Fcomments&post=18291"}],"version-history":[{"count":28,"href":"https:\/\/libcickekrizovatky.cz\/index.php?rest_route=\/wp\/v2\/posts\/18291\/revisions"}],"predecessor-version":[{"id":18333,"href":"https:\/\/libcickekrizovatky.cz\/index.php?rest_route=\/wp\/v2\/posts\/18291\/revisions\/18333"}],"wp:attachment":[{"href":"https:\/\/libcickekrizovatky.cz\/index.php?rest_route=%2Fwp%2Fv2%2Fmedia&parent=18291"}],"wp:term":[{"taxonomy":"category","embeddable":true,"href":"https:\/\/libcickekrizovatky.cz\/index.php?rest_route=%2Fwp%2Fv2%2Fcategories&post=18291"},{"taxonomy":"post_tag","embeddable":true,"href":"https:\/\/libcickekrizovatky.cz\/index.php?rest_route=%2Fwp%2Fv2%2Ftags&post=18291"}],"curies":[{"name":"wp","href":"https:\/\/api.w.org\/{rel}","templated":true}]}}