{"id":18361,"date":"2018-05-15T09:21:26","date_gmt":"2018-05-15T07:21:26","guid":{"rendered":"http:\/\/libcickekrizovatky.cz\/?p=18361"},"modified":"2018-05-16T09:45:43","modified_gmt":"2018-05-16T07:45:43","slug":"x-festival-otevrena-zahrada-odpoledne-v-kostele-na-na-zahrade","status":"publish","type":"post","link":"https:\/\/libcickekrizovatky.cz\/?p=18361","title":{"rendered":"X. festival Otev\u0159en\u00e1 zahrada: Odpoledne v&nbsp;kostele a&nbsp;na zahrad\u011b"},"content":{"rendered":"<div style=\"float: right; margin: 10px;\"><a href=\"https:\/\/libcickekrizovatky.cz\/content\/uploads\/2018\/05\/otevrena-zahrada-logo.png\"><img loading=\"lazy\" class=\"alignleft wp-image-18393\" src=\"https:\/\/libcickekrizovatky.cz\/content\/uploads\/2018\/05\/otevrena-zahrada-logo.png\" alt=\"Otev\u0159en\u00e1 zahrada\" width=\"155\" height=\"99\" srcset=\"https:\/\/libcickekrizovatky.cz\/content\/uploads\/2018\/05\/otevrena-zahrada-logo.png 620w, https:\/\/libcickekrizovatky.cz\/content\/uploads\/2018\/05\/otevrena-zahrada-logo-300x191.png 300w\" sizes=\"(max-width: 155px) 100vw, 155px\" \/><\/a><\/div>\n<p>Pokud se chyst\u00e1te na n\u00e1\u0161 festival a&nbsp;r\u00e1di byste znali v\u00edce podrobnost\u00ed o&nbsp;jeho programu, tak n\u00e1sleduj\u00edc\u00ed \u0159\u00e1dky jsou ur\u010deny pr\u00e1v\u011b pro v\u00e1s.<!--more--><\/p>\n<h3>Festival zah\u00e1j\u00ed Scandula &#8220;a&nbsp;capella&#8221;<\/h3>\n<p><em><strong>Scandula<\/strong> <\/em>chyst\u00e1 na zah\u00e1jen\u00ed jeden ran\u011b barokn\u00ed kousek z&nbsp;pera A. Banchieriho, ve kter\u00e9m se\u00a0s nads\u00e1zkou oslovuje vzne\u0161en\u00e9 div\u00e1ctvo. Bude to jedin\u00fd kousek a&nbsp;capella, tedy bez doprovodu hudebn\u00edch n\u00e1stroj\u016f, kter\u00fd letos na festivalu zazn\u00ed.\u00a0Baroko ve zkratce znamenalo obrovsk\u00fd rozkv\u011bt instrument\u00e1ln\u00ed hudby a&nbsp;to je mj.&nbsp;d\u016fvodem, pro\u010d v\u0161echna d\u00edla,\u00a0kter\u00e1 b\u011bhem odpoledne usly\u0161\u00edme, jsou bu\u010f vok\u00e1ln\u011b-instrument\u00e1ln\u00ed, \u010di&nbsp;dokonce ryze instrument\u00e1ln\u00ed.<\/p>\n<p>Po zah\u00e1jen\u00ed na p\u00f3dium nastoup\u00ed <em><strong>Piccolo Coro &amp;\u00a0Piccola Orchestra<\/strong>.<\/em>\u00a0Jejich n\u00e1zvem se nenechte zm\u00e1st,\u00a0m\u011blo by p\u0159ijet celkem 38&nbsp;lid\u00ed. Nejd\u0159\u00edv zahraje\u00a0orchestr se s\u00f3listy <span style=\"text-decoration: underline;\">Braniborsk\u00fd koncert \u010d.&nbsp;4 G dur<\/span> pro dv\u011b zobcov\u00e9 fl\u00e9tny, housle a&nbsp;smy\u010dcov\u00fd orchestr J.\u00a0S. Bacha, pokra\u010dovat budou sbory \u010desk\u00fdch\u00a0skladatel\u016f F. I. T\u016fmy, B. M. \u010cernohorsk\u00e9ho a&nbsp;J. D. Zelenky.<\/p>\n<h3>Cink, dulci\u00e1n a&nbsp;theorba<\/h3>\n<div style=\"float: right; margin: 10px;\"><a href=\"https:\/\/libcickekrizovatky.cz\/content\/uploads\/2018\/05\/otevrena-zahrada-logo.png\"><img loading=\"lazy\" class=\"alignleft wp-image-18413\" src=\"https:\/\/libcickekrizovatky.cz\/content\/uploads\/2018\/05\/zkou\u0161ka-Spherae-Sonantes-300x181.jpg\" alt=\"Zkou\u0161ka Spherae Sonantes\" width=\"300\" height=\"181\" \/><\/a><\/div>\n<p>Dal\u0161\u00ed soubor dal dohromady speci\u00e1ln\u011b pro p\u0159\u00edle\u017eitost vystoupen\u00ed na na\u0161em festivalu student hudebn\u00ed v\u011bdy\u00a0na FFUK Ond\u0159ej Dobis\u00edk. Zvolil pro toto uskupen\u00ed n\u00e1zev <strong><em>Spherae Sonantes<\/em><\/strong> a&nbsp;program ran\u011b barokn\u00edch\u00a0skladatel\u016f piln\u011b zkou\u0161ej\u00ed ve Foersterov\u011b s\u00edni v&nbsp;Praze. Uvid\u00edte a\u00a0usly\u0161\u00edte i&nbsp;takov\u00e9 n\u00e1stroje jako je cink, dulci\u00e1n \u010di&nbsp;theorba.<\/p>\n<p><em><strong>Hipocondria Ensemble<\/strong> <\/em>a<strong><em> I&nbsp;Dilettanti <\/em><\/strong>jsou profesion\u00e1ln\u00ed soubory, kter\u00e9 usly\u0161\u00edte jednak odpoledne, ale tak\u00e9\u00a0ve ve\u010dern\u00edm p\u0159edstaven\u00ed v&nbsp;Koteln\u011b. P\u0159i&nbsp;p\u0159\u00edprav\u00e1ch <em>Les Femmes Baroques<\/em> jsme se shodli, \u017ee by bylo\u00a0\u0161koda nechat na festivalu zazn\u00edt hudbu <a href=\"https:\/\/mistri.muzikus.cz\/baroko\/claudio-monteverdi\"><span style=\"text-decoration: underline;\">Claudia Monteverdiho<\/span><\/a> jenom ve\u010der. Tento skladatel byl v\u00fdrazn\u00fdm\u00a0nov\u00e1torem italsk\u00e9 hudby, t\u011b\u017eko sem do p\u00e1r \u0159\u00e1dek vm\u011bstnat jeho p\u0159\u00ednos hudb\u011b evropsk\u00e9. Pro\u00a0p\u0159edstavu o&nbsp;jeho hudb\u011b si m\u016f\u017eete poslechnout \u00favod jeho <span style=\"text-decoration: underline;\"><a href=\"https:\/\/www.youtube.com\/watch?v=yxBT1pfVAKQ\">opery Orfeo<\/a>.<\/span><\/p>\n<h3>Na zahrad\u011b zatan\u010d\u00ed vzne\u0161en\u00e9 tane\u010dnice a&nbsp;vzne\u0161en\u00ed tane\u010dn\u00edci z&nbsp;Mariane<\/h3>\n<p>Lib\u010dick\u00fd soubor <em><strong>Mariane<\/strong> <\/em>snad nemus\u00edm p\u0159edstavovat, i&nbsp;kdy\u017e je pravda, \u017ee posledn\u00edch p\u00e1r let jsou k&nbsp;vid\u011bn\u00ed\u00a0mnohem \u010dast\u011bji v&nbsp;Brand\u00fdse nad Labem ne\u017e v&nbsp;na\u0161em m\u011bst\u011b. Nap\u0159.&nbsp;v&nbsp;p\u00e1tek 18.5.&nbsp;se budou \u00fa\u010dastnit<br \/>\n<a href=\"http:\/\/www.muzeumbrandys.cz\/cz\/archiv-akci\/detailudalosti\/77\/111\"><span style=\"text-decoration: underline;\">Brand\u00fdsko-boleslavsk\u00e9 muzejn\u00ed noci<\/span> <\/a>a budete je moci vid\u011bt na no\u010dn\u00edch kost\u00fdmovan\u00fdch prohl\u00eddk\u00e1ch<br \/>\nbrand\u00fdsk\u00e9ho z\u00e1mku. Snad n\u00e1m po\u010das\u00ed vyjde a&nbsp;do rozkvetl\u00e9 zahrady nakr\u00e1\u010d\u00ed noblesn\u00ed p\u00e1ry v&nbsp;dobov\u00fdch kost\u00fdmech, podobn\u011b, <a href=\"http:\/\/scandula.cz\/festival-otevrena-zahrada-2013\/\"><span style=\"text-decoration: underline;\">jako tomu bylo v&nbsp;roce 2013<\/span><\/a>, kdy u\u017e u&nbsp;n\u00e1s skupina tan\u010dila.<\/p>\n<p>Dal\u0161\u00ed koncert p\u0159ipomene dobu velikono\u010dn\u00ed, kter\u00e1 v&nbsp;kostel\u00edch skon\u010d\u00ed v&nbsp;ned\u011bli 20.&nbsp;5. Svatodu\u0161n\u00edmi sv\u00e1tky a<br \/>\nv&nbsp;pod\u00e1n\u00ed sboru <em><strong>Camerata<\/strong> <\/em>usly\u0161\u00edte \u010dty\u0159i \u010d\u00e1sti Stabat Mater z&nbsp;pera G. B. Pergolesiho, v\u010detn\u011b z\u00e1v\u011bre\u010dn\u00e9 \u010d\u00e1sti\u00a0<span style=\"text-decoration: underline;\"><em><a href=\"https:\/\/www.youtube.com\/watch? v=sVvzLVMTvgA&amp;list=RDsVvzLVMTvgA&amp;t=432\">Quando corpus morietur<\/a><\/em>.<\/span><\/p>\n<p>Pak p\u0159ijdou na \u0159adu \u017e\u00e1ci <strong>lib\u010dick\u00e9 ZU\u0160<\/strong> \u2013 fl\u00e9tnist\u00e9, klarinetistky, saxofonistka, kytarist\u00e9 a&nbsp;star\u0161\u00ed zp\u011bva\u010dky<br \/>\nze sboru \u0160katulata. Usly\u0161\u00edte drobn\u00e9 komorn\u00ed skladbi\u010dky v&nbsp;r\u016fzn\u00fdch n\u00e1strojov\u00fdch kombinac\u00edch. D\u011bti jsou \u0161ikovn\u00e9, p\u0159ij\u010fte jim zatleskat! Kdov\u00ed, cesty koho z&nbsp;nich povedou na prkna, co znamenaj\u00ed sv\u011bt&#8230;<\/p>\n<p><em><strong>Salv\u00e1torsk\u00fd sbor<\/strong><\/em> si p\u0159ipravil m\u0161i \u010desk\u00e9ho skladatele Adama V\u00e1clava Michny z&nbsp;Otradovic,\u00a0<em>Missa I<\/em>\u00a0ze<br \/>\nsb\u00edrky <em>Sacra et Litaniae<\/em>. Po\u010detn\u00fd Salv\u00e1torsk\u00fd p\u011bveck\u00fd sbor doprovod\u00ed varhan\u00edk Luk\u00e1\u0161 Vendl a&nbsp;hr\u00e1\u010di na<br \/>\nhousle a&nbsp;violy da gamba. Kdo m\u00e1 pocit, \u017ee A. V. Michnu moc nezn\u00e1, snad krom\u011b\u00a0jeho &#8220;hit\u016f&#8221; jako je<br \/>\n<em>Cht\u00edc aby spal<\/em> nebo <span style=\"text-decoration: underline;\"><em><a href=\"https:\/\/www.youtube.com\/watch?v=sdUBFZTkomo&amp;list=PLaVa5Oe-4wYEecMir0ttaw9XiLdV48uXr\">And\u011blsk\u00e9 p\u0159\u00e1telstv\u00ed<\/a>,<\/em><\/span>\u00a0m\u016f\u017ee b\u00fdt v&nbsp;klidu \u2013 O&nbsp;Michnovi je \u0159ada v\u011bc\u00ed nezn\u00e1m\u00e1. Pod\u00edvejte se, co se o&nbsp;tom \u0159\u00edk\u00e1 v&nbsp;seri\u00e1lu \u010cT <em><a href=\"http:\/\/www.ceskatelevize.cz\/porady\/10207071307-bila-mista\/211563230090003-adam-vaclav-michna-z- otradovic\/\">B\u00edl\u00e1 m\u00edsta<\/a>.<\/em><\/p>\n<h3>Na z\u00e1v\u011br &#8211; t\u0159ikr\u00e1t bacha na Bacha<\/h3>\n<p>Stejn\u011b jako za\u010d\u00e1tek, tak i&nbsp;z\u00e1v\u011br odpoledn\u00ed \u010d\u00e1sti programu bude pat\u0159it <a href=\"http:\/\/www.ceskatelevize.cz\/porady\/10123417216-svetci-a-svedci\/208562211000025-johann- sebastian-bach\/\">Johannu Sebastianovi Bachovi<\/a>. Tento geni\u00e1ln\u00ed skladatel a&nbsp;dovr\u0161itel barokn\u00ed hudebn\u00ed \u00e9ry byl nejprve m\u00e1lem zapomenut. Za renesanci jeho d\u00edla vd\u011b\u010d\u00edme romantick\u00e9mu skladateli Felixi Mendelsohnovi-Bartholdymu, kter\u00fd v&nbsp;r.\u00a01829 uvedl Matou\u0161ovy pa\u0161ije a&nbsp;odstartoval tak vlnu z\u00e1jmu o&nbsp;Bachovo d\u00edlo. Dnes m\u016f\u017eete na youtube\u00a0str\u00e1vit hodiny a&nbsp;hodiny poslechem skv\u011bl\u00fdch nahr\u00e1vek na\u0161ich i&nbsp;sv\u011btov\u00fdch s\u00f3list\u016f i&nbsp;soubor\u016f. P\u0159ij\u010fte si ale\u00a0jeho skladby poslechnout na\u017eivo a&nbsp;v&nbsp;pod\u00e1n\u00ed skv\u011bl\u00fdch muzikant\u016f. A&nbsp;to v\u0161e u&nbsp;n\u00e1s doma!<\/p>\n<p>Nejprve zazn\u00ed s\u00f3lov\u00e9 suity pro violoncello a&nbsp;loutnu (v&nbsp;kytarov\u00e9 transkripci). Violoncellista <em><strong>Jan\u00a0Keller<\/strong><\/em> je \u010dlenem \u010cesk\u00e9 filharmonie, n\u011bkolika komorn\u00edch uskupen\u00ed a&nbsp;tak\u00e9 jazzov\u00fd hr\u00e1\u010d (Jana Koubkov\u00e1\u00a0Quartet, No\u010dn\u00ed Optika, Transitus Irregularis, Nakara, Czech philharmonic jazz band). Zahraje n\u00e1m <em>Suitu\u00a0\u010d. IV Es dur<\/em>. Kdo by si r\u00e1d tento kus u\u017eil, m\u016f\u017ee se na poslech p\u0159ipravit\u00a0shl\u00e9dnut\u00edm nap\u0159.&nbsp;t\u011bchto vide\u00ed:<\/p>\n<ul>\n<li><span style=\"text-decoration: underline;\"><a href=\"https:\/\/www.youtube.com\/watch?v=88Nb-U-Hw28\">Kr\u00e1tk\u00e9 pov\u00edd\u00e1n\u00ed o&nbsp;suit\u011b M. Rostropovi\u010de<\/a><\/span>,<iframe src=\"https:\/\/www.youtube.com\/embed\/88Nb-U-Hw28\" width=\"560\" height=\"315\" frameborder=\"0\" allowfullscreen=\"allowfullscreen\"><\/iframe><\/li>\n<li><span style=\"text-decoration: underline;\"><a href=\"https:\/\/www.youtube.com\/watch?v=83wY_IegKqU\">cel\u00e1 suita \u010d.&nbsp;IV v&nbsp;pod\u00e1n\u00ed M. Rostropovi\u010de<\/a><\/span> (za\u010d\u00edn\u00e1 na\u00a01:02:58),<iframe src=\"https:\/\/www.youtube.com\/embed\/83wY_IegKqU?start=3778\" width=\"560\" height=\"315\" frameborder=\"0\" allowfullscreen=\"allowfullscreen\"><\/iframe><\/li>\n<li>nebo v&nbsp;pod\u00e1n\u00ed japonsk\u00e9ho cellisty <span style=\"text-decoration: underline;\"><a href=\"https:\/\/www.youtube.com\/watch?v=JJk2RxGad5o\">Yo Yo Ma<\/a><\/span>.<iframe src=\"https:\/\/www.youtube.com\/embed\/JJk2RxGad5o\" width=\"560\" height=\"315\" frameborder=\"0\" allowfullscreen=\"allowfullscreen\"><\/iframe><\/li>\n<\/ul>\n<p>Mlad\u00fd estonsk\u00fd kytarista Priit Peterson m\u011bl p\u0159edloni na roztock\u00e9m z\u00e1mku kytarov\u00fd recit\u00e1l a&nbsp;hr\u00e1l pro pln\u00fd\u00a0s\u00e1l d\u011bt\u00ed, kter\u00e9 se tehdy \u00fa\u010dastnily hudebn\u00edho p\u0159\u00edm\u011bstsk\u00e9ho t\u00e1bora. Bylo pozoruhodn\u00e9, \u017ee d\u011bti unaven\u00e9 celodenn\u00edm\u00a0programem ti\u0161e poslouchaly cel\u00fdch 40 minut a&nbsp;dal\u0161\u00ed den koncert velice chv\u00e1lily!\u00a0 Priit zahraje celou Bachovu <em>Suitu e moll<\/em>, jej\u00ed\u017e <em>Bourr\u00e9e<\/em> tak\u00e9 budete v\u011bt\u0161inou zn\u00e1t \u2013\u00a0<a href=\"https:\/\/www.youtube.com\/watch?v=y8ZLj28iJvM\"><span style=\"text-decoration: underline;\">tady se m\u016f\u017eete pod\u00edvat<\/span><\/a>, jak jej p\u0159ed v\u00edce ne\u017e 30 lety hr\u00e1l na desetistrunnou kytaru legend\u00e1rn\u00ed \u0161pan\u011blsk\u00fd\u00a0kytarista Narciso Yepes.<\/p>\n<h3>Co to je? Uka\u017ete mi to!<\/h3>\n<p>Odpoledne otev\u0159el Braniborsk\u00fd koncert, skladba sv\u011btsk\u00e1 napsan\u00e1 pro dvorskou kapelu hrab\u011bte z&nbsp;K\u00f6thenu, a&nbsp;na z\u00e1v\u011br jsme proto vybrali skladbu duchovn\u00ed. <em><strong>Collegium 419<\/strong><\/em> program uzav\u0159e Bachov\u00fdm motetem <a href=\"https:\/\/en.wikipedia.org\/wiki\/Jesu,_meine_Freude,_BWV_227\"><span style=\"text-decoration: underline;\"><em>Jesu, meine\u00a0Freude<\/em><\/span><\/a>\u00a0&#8211; Je\u017e\u00ed\u0161, moje radost.<\/p>\n<p>O hodnot\u011b Bachov\u00fdch motet\u016f n\u00e1s m\u016f\u017ee pou\u010dit historka, kterou n\u00e1m dochoval J. F. Rochlitz:<br \/>\n<em>Mozart znal Bacha v\u00edc z&nbsp;doslechu ne\u017e z&nbsp;jeho d\u011bl; p\u0159i&nbsp;nejmen\u0161\u00edm byly motety, dosud neti\u0161t\u011bn\u00e9, je\u0161t\u011b docela nezn\u00e1m\u00e9. Sotva zazp\u00edval sbor n\u011bkolik takt\u016f, za\u010dal Mozart napjat\u011b poslouchat; je\u0161t\u011b n\u011bkolik takt\u016f a&nbsp;zvolal: Co to je? (&#8230;) Kdy\u017e zp\u011bv skon\u010dil (&#8230;), \u0159ekli mu, \u017ee tato \u0161kola, na kter\u00e9 J. S. Bach p\u016fsobil jako kantor, vlastn\u00ed \u00faplnou sb\u00edrku jeho motet\u016f a&nbsp;opatruje je jako sv\u00e1tost. To je spr\u00e1vn\u00e9! Tak to m\u00e1 b\u00fdt! vyk\u0159ikoval. Uka\u017ete mi to!<br \/>\n<\/em>(V. Holzknecht. <em>Bach a&nbsp;synov\u00e9.<\/em> Praha: Panton, 1968.)<\/p>\n<p><a href=\"https:\/\/libcickekrizovatky.cz\/content\/uploads\/2018\/05\/OZ18-K.jpg\"><img loading=\"lazy\" class=\"alignleft wp-image-18388\" src=\"https:\/\/libcickekrizovatky.cz\/content\/uploads\/2018\/05\/OZ18-K.jpg\" alt=\"Otev\u0159en\u00e1 zahrada: zkou\u0161ka v Koteln\u011b\" width=\"216\" height=\"165\" srcset=\"https:\/\/libcickekrizovatky.cz\/content\/uploads\/2018\/05\/OZ18-K.jpg 1006w, https:\/\/libcickekrizovatky.cz\/content\/uploads\/2018\/05\/OZ18-K-300x230.jpg 300w, https:\/\/libcickekrizovatky.cz\/content\/uploads\/2018\/05\/OZ18-K-768x588.jpg 768w\" sizes=\"(max-width: 216px) 100vw, 216px\" \/><\/a><\/p>\n<h3>Ve\u010dern\u00ed barokn\u00ed \u017eeny v&nbsp;Koteln\u011b<\/h3>\n<p>T\u00edmto ov\u0161em program nekon\u010d\u00ed! P\u0159ij\u010fte ve\u010der do Kotelny v&nbsp;lib\u010dick\u00e9 \u0161roub\u00e1rn\u011b. V&nbsp;unik\u00e1tn\u00edm, nov\u011b\u00a0rekonstruovan\u00e9m industri\u00e1ln\u00edm are\u00e1lu m\u00e1te mo\u017enost shl\u00e9dnout premi\u00e9ru p\u0159edstaven\u00ed <em>Les Femmes Baroques<\/em> &#8211; Barokn\u00ed \u017eeny, napsan\u00e9ho speci\u00e1ln\u011b\u00a0pro n\u00e1\u0161 festival. Pod pojmem Barokn\u00ed \u017eeny si z\u0159ejm\u011b leckdo p\u0159edstav\u00ed tvary; na\u0161e p\u0159edstaven\u00ed bude v\u0161ak sp\u00ed\u0161e o&nbsp;emoc\u00edch.\u00a0O tom, jak p\u0159edstaven\u00ed vznikalo, se m\u016f\u017eete do\u010d\u00edst <a href=\"https:\/\/libcickekrizovatky.cz\/?p=18363\"><span style=\"text-decoration: underline;\">v samostatn\u00e9m\u00a0 \u010dl\u00e1nku<\/span><\/a>.<\/p>\n<h3>A co za to v\u0161echno?<\/h3>\n<p>Vstupn\u00e9 na festival:<\/p>\n<ul>\n<li>150,- K\u010d odpoledn\u00ed program,<\/li>\n<li>150,- K\u010d ve\u010dern\u00ed p\u0159edstaven\u00ed,<\/li>\n<li>250,- K\u010d zv\u00fdhodn\u011bn\u00e1\u00a0vstupenka na kompletn\u00ed program,<\/li>\n<li>100,- K\u010d seniorsk\u00e9 vstupn\u00e9.<\/li>\n<li>D\u011bti do 15 let neplat\u00ed nic.<\/li>\n<\/ul>\n","protected":false},"excerpt":{"rendered":"<p>Pokud se chyst\u00e1te na n\u00e1\u0161 festival a&nbsp;r\u00e1di byste znali v\u00edce podrobnost\u00ed o&nbsp;jeho programu, tak n\u00e1sleduj\u00edc\u00ed \u0159\u00e1dky jsou ur\u010deny pr\u00e1v\u011b pro v\u00e1s.<\/p>\n","protected":false},"author":13,"featured_media":0,"comment_status":"open","ping_status":"open","sticky":false,"template":"","format":"standard","meta":[],"categories":[1],"tags":[509,340,793,103],"_links":{"self":[{"href":"https:\/\/libcickekrizovatky.cz\/index.php?rest_route=\/wp\/v2\/posts\/18361"}],"collection":[{"href":"https:\/\/libcickekrizovatky.cz\/index.php?rest_route=\/wp\/v2\/posts"}],"about":[{"href":"https:\/\/libcickekrizovatky.cz\/index.php?rest_route=\/wp\/v2\/types\/post"}],"author":[{"embeddable":true,"href":"https:\/\/libcickekrizovatky.cz\/index.php?rest_route=\/wp\/v2\/users\/13"}],"replies":[{"embeddable":true,"href":"https:\/\/libcickekrizovatky.cz\/index.php?rest_route=%2Fwp%2Fv2%2Fcomments&post=18361"}],"version-history":[{"count":25,"href":"https:\/\/libcickekrizovatky.cz\/index.php?rest_route=\/wp\/v2\/posts\/18361\/revisions"}],"predecessor-version":[{"id":20510,"href":"https:\/\/libcickekrizovatky.cz\/index.php?rest_route=\/wp\/v2\/posts\/18361\/revisions\/20510"}],"wp:attachment":[{"href":"https:\/\/libcickekrizovatky.cz\/index.php?rest_route=%2Fwp%2Fv2%2Fmedia&parent=18361"}],"wp:term":[{"taxonomy":"category","embeddable":true,"href":"https:\/\/libcickekrizovatky.cz\/index.php?rest_route=%2Fwp%2Fv2%2Fcategories&post=18361"},{"taxonomy":"post_tag","embeddable":true,"href":"https:\/\/libcickekrizovatky.cz\/index.php?rest_route=%2Fwp%2Fv2%2Ftags&post=18361"}],"curies":[{"name":"wp","href":"https:\/\/api.w.org\/{rel}","templated":true}]}}