{"id":18363,"date":"2018-05-13T09:49:30","date_gmt":"2018-05-13T07:49:30","guid":{"rendered":"http:\/\/libcickekrizovatky.cz\/?p=18363"},"modified":"2018-05-17T08:45:55","modified_gmt":"2018-05-17T06:45:55","slug":"les-femmes-baroques-jak-vznika-predstaveni","status":"publish","type":"post","link":"https:\/\/libcickekrizovatky.cz\/?p=18363","title":{"rendered":"\u201eLes Femmes Baroques\u201c &#8211; jak vznik\u00e1 p\u0159edstaven\u00ed&#8230;"},"content":{"rendered":"<div style=\"float: left;margin: 10px\"><a href=\"https:\/\/libcickekrizovatky.cz\/content\/uploads\/2018\/05\/OZ18-K.jpg\"><img loading=\"lazy\" class=\"alignleft wp-image-18388\" src=\"https:\/\/libcickekrizovatky.cz\/content\/uploads\/2018\/05\/OZ18-K.jpg\" alt=\"Otev\u0159en\u00e1 zahrada: zkou\u0161ka v Koteln\u011b\" width=\"216\" height=\"165\" srcset=\"https:\/\/libcickekrizovatky.cz\/content\/uploads\/2018\/05\/OZ18-K.jpg 1006w, https:\/\/libcickekrizovatky.cz\/content\/uploads\/2018\/05\/OZ18-K-300x230.jpg 300w, https:\/\/libcickekrizovatky.cz\/content\/uploads\/2018\/05\/OZ18-K-768x588.jpg 768w\" sizes=\"(max-width: 216px) 100vw, 216px\" \/><\/a><\/div>\n<p>N\u00e1pad vytvo\u0159it p\u0159edstaven\u00ed festivalu Otev\u0159en\u00e1 zahrada na m\u00edru se zrodil na podzim 2017, kdy\u017e jsme p\u0159em\u00fd\u0161leli, \u010d\u00edm oslavit jeho des\u00e1t\u00fd ro\u010dn\u00edk. Cht\u011bli jsme propojit t\u0159i druhy um\u011bn\u00ed, kter\u00e9 n\u00e1\u0161 festival prov\u00e1z\u00ed \u2013 hudbu, tanec a&nbsp;mluven\u00e9 slovo.<\/p>\n<p>Um\u011bleck\u00e1 \u0159editelka festivalu Kate\u0159ina Judov\u00e1 oslovila herce, re\u017eis\u00e9ra a&nbsp;vyprav\u011b\u010de Justina Svobodu, p\u0159izvala choreografku C\u00e9cile da Costa a&nbsp;spole\u010dn\u011b vytvo\u0159ili koncept hudebn\u011b-tane\u010dn\u00edho p\u0159edstaven\u00ed s&nbsp;mluven\u00fdm slovem. <!--more-->S t\u00edmto z\u00e1m\u011brem pak za\u0161li do Uheln\u00e9ho ml\u00fdna. Kdy\u017e si je man\u017eel\u00e9 Hoffmanovi vyslechli, rozhodli se st\u00e1t se partnery tohoto projektu a&nbsp;nab\u00eddli vyu\u017eit\u00ed prostoru Kotelny v\u00a0lib\u010dick\u00e9 \u0161roub\u00e1rn\u011b.<\/p>\n<h5 style=\"padding-left: 30px\">Za takovou\u00a0p\u0159\u00edle\u017eitost moc d\u011bkujeme!!!<\/h5>\n<p>Vzhledem k&nbsp;programu festivalu, kde zazn\u00edvaj\u00ed skladby cel\u00e9 \u0159ady skladatel\u016f barokn\u00ed doby, jsme se rozhodli vypr\u00e1v\u011bt p\u0159\u00edb\u011bh o&nbsp;t\u0159ech v\u00fdjime\u010dn\u00fdch \u017een\u00e1ch tohoto obdob\u00ed \u2013 o&nbsp;k\u0159es\u0165ansk\u00e9 mysti\u010dce <em><strong>Sv. Terezii z&nbsp;\u00c1vily<\/strong><\/em>, o&nbsp;autorce prvn\u00ed opery komponovan\u00e9 \u017eenou <em><strong>Francesce Caccini<\/strong><\/em> a&nbsp;o&nbsp;choti G\u00e9nia <em><strong>Ann\u011b Magdalen\u011b Bachov\u00e9<\/strong><\/em>.<\/p>\n<h3>Fotogalerie ze zkou\u0161ky, 4.&nbsp;5.&nbsp;2018:<\/h3>\n<div class=\"gallery gallery-columns-5 gallery-size-thumbnail rps-image-gallery-format-default rps-image-gallery-theme-default rps-image-gallery-columns-no-responsive rps-image-gallery rps-image-gallery-masonry rps-image-gallery-no-heading rps-image-gallery-caption rps-image-gallery-no-social \" style=\"text-align:left\" pageSize=\"0\" currentPage=\"0\" ><ul class=\"background-thumbnails\"><li class=\"gallery-item gallery-item-begin-row\"><div class=\"gallery-icon landscape\"><a rel=\"rps-image-group-18363\" href=\"https:\/\/libcickekrizovatky.cz\/content\/uploads\/2018\/05\/DSC_0408.jpg\" title=\"&amp;lt;div class=&amp;quot;fancybox-title-caption&amp;quot;&amp;gt;&amp;lt;p&amp;gt;Lucie Charouzov\u00e1&amp;lt;\/p&amp;gt;\n&amp;lt;\/div&amp;gt;\"><img src=\"https:\/\/libcickekrizovatky.cz\/content\/uploads\/2018\/05\/DSC_0408-250x250.jpg\" alt=\"Otev\u0159en\u00e1 zahrada: zkou\u0161ka v Koteln\u011b\" title=\"Otev\u0159en\u00e1 zahrada: zkou\u0161ka v Koteln\u011b\" class=\"attachment-thumbnail\" width=\"250\" height=\"250\" sizes=\"(max-width: 250px) 100vw, 250px\"><\/a><\/div><div class=\"wp-caption-text gallery-caption\" style=\"text-align:left\"><p>Lucie Charouzov\u00e1<\/p>\n<\/div><\/li><li class=\"gallery-item \"><div class=\"gallery-icon landscape\"><a rel=\"rps-image-group-18363\" href=\"https:\/\/libcickekrizovatky.cz\/content\/uploads\/2018\/05\/DSC_0403.jpg\" title=\"&amp;lt;div class=&amp;quot;fancybox-title-caption&amp;quot;&amp;gt;&amp;lt;p&amp;gt; Jind\u0159i\u0161ka K\u0159iv\u00e1nkov\u00e1&amp;lt;\/p&amp;gt;\n&amp;lt;\/div&amp;gt;\"><img src=\"https:\/\/libcickekrizovatky.cz\/content\/uploads\/2018\/05\/DSC_0403-250x250.jpg\" alt=\"Otev\u0159en\u00e1 zahrada: zkou\u0161ka v Koteln\u011b\" title=\"Otev\u0159en\u00e1 zahrada: zkou\u0161ka v Koteln\u011b\" class=\"attachment-thumbnail\" width=\"250\" height=\"250\" sizes=\"(max-width: 250px) 100vw, 250px\"><\/a><\/div><div class=\"wp-caption-text gallery-caption\" style=\"text-align:left\"><p> Jind\u0159i\u0161ka K\u0159iv\u00e1nkov\u00e1<\/p>\n<\/div><\/li><li class=\"gallery-item \"><div class=\"gallery-icon landscape\"><a rel=\"rps-image-group-18363\" href=\"https:\/\/libcickekrizovatky.cz\/content\/uploads\/2018\/05\/DSC_0400.jpg\" title=\"&amp;lt;div class=&amp;quot;fancybox-title-caption&amp;quot;&amp;gt;&amp;lt;p&amp;gt;C\u00e9cile da Costa&amp;lt;\/p&amp;gt;\n&amp;lt;\/div&amp;gt;\"><img src=\"https:\/\/libcickekrizovatky.cz\/content\/uploads\/2018\/05\/DSC_0400-250x250.jpg\" alt=\"Otev\u0159en\u00e1 zahrada: zkou\u0161ka v Koteln\u011b\" title=\"Otev\u0159en\u00e1 zahrada: zkou\u0161ka v Koteln\u011b\" class=\"attachment-thumbnail\" width=\"250\" height=\"250\" sizes=\"(max-width: 250px) 100vw, 250px\"><\/a><\/div><div class=\"wp-caption-text gallery-caption\" style=\"text-align:left\"><p>C\u00e9cile da Costa<\/p>\n<\/div><\/li><li class=\"gallery-item \"><div class=\"gallery-icon landscape\"><a rel=\"rps-image-group-18363\" href=\"https:\/\/libcickekrizovatky.cz\/content\/uploads\/2018\/05\/DSC_0398.jpg\" title=\"&amp;lt;div class=&amp;quot;fancybox-title-caption&amp;quot;&amp;gt;&amp;lt;p&amp;gt;choreografka Bohum\u00edra Eli\u00e1\u0161ov\u00e1 p\u0159i konzultaci&amp;lt;\/p&amp;gt;\n&amp;lt;\/div&amp;gt;\"><img src=\"https:\/\/libcickekrizovatky.cz\/content\/uploads\/2018\/05\/DSC_0398-250x250.jpg\" alt=\"Otev\u0159en\u00e1 zahrada: zkou\u0161ka v Koteln\u011b\" title=\"Otev\u0159en\u00e1 zahrada: zkou\u0161ka v Koteln\u011b\" class=\"attachment-thumbnail\" width=\"250\" height=\"250\" sizes=\"(max-width: 250px) 100vw, 250px\"><\/a><\/div><div class=\"wp-caption-text gallery-caption\" style=\"text-align:left\"><p>choreografka Bohum\u00edra Eli\u00e1\u0161ov\u00e1 p\u0159i konzultaci<\/p>\n<\/div><\/li><li class=\"gallery-item gallery-item-end-row\"><div class=\"gallery-icon landscape\"><a rel=\"rps-image-group-18363\" href=\"https:\/\/libcickekrizovatky.cz\/content\/uploads\/2018\/05\/DSC_0397.jpg\" title=\"\"><img src=\"https:\/\/libcickekrizovatky.cz\/content\/uploads\/2018\/05\/DSC_0397-250x250.jpg\" alt=\"Otev\u0159en\u00e1 zahrada: zkou\u0161ka v Koteln\u011b\" title=\"Otev\u0159en\u00e1 zahrada: zkou\u0161ka v Koteln\u011b\" class=\"attachment-thumbnail\" width=\"250\" height=\"250\" sizes=\"(max-width: 250px) 100vw, 250px\"><\/a><\/div><\/li><li class=\"gallery-item gallery-item-begin-row\"><div class=\"gallery-icon landscape\"><a rel=\"rps-image-group-18363\" href=\"https:\/\/libcickekrizovatky.cz\/content\/uploads\/2018\/05\/DSC_0387.jpg\" title=\"\"><img src=\"https:\/\/libcickekrizovatky.cz\/content\/uploads\/2018\/05\/DSC_0387-250x250.jpg\" alt=\"Otev\u0159en\u00e1 zahrada: zkou\u0161ka v Koteln\u011b\" title=\"Otev\u0159en\u00e1 zahrada: zkou\u0161ka v Koteln\u011b\" class=\"attachment-thumbnail\" width=\"250\" height=\"250\" sizes=\"(max-width: 250px) 100vw, 250px\"><\/a><\/div><\/li><li class=\"gallery-item \"><div class=\"gallery-icon landscape\"><a rel=\"rps-image-group-18363\" href=\"https:\/\/libcickekrizovatky.cz\/content\/uploads\/2018\/05\/DSC_0379.jpg\" title=\"\"><img src=\"https:\/\/libcickekrizovatky.cz\/content\/uploads\/2018\/05\/DSC_0379-250x250.jpg\" alt=\"Otev\u0159en\u00e1 zahrada: zkou\u0161ka v Koteln\u011b\" title=\"Otev\u0159en\u00e1 zahrada: zkou\u0161ka v Koteln\u011b\" class=\"attachment-thumbnail\" width=\"250\" height=\"250\" sizes=\"(max-width: 250px) 100vw, 250px\"><\/a><\/div><\/li><li class=\"gallery-item \"><div class=\"gallery-icon landscape\"><a rel=\"rps-image-group-18363\" href=\"https:\/\/libcickekrizovatky.cz\/content\/uploads\/2018\/05\/DSC_0366.jpg\" title=\"\"><img src=\"https:\/\/libcickekrizovatky.cz\/content\/uploads\/2018\/05\/DSC_0366-250x250.jpg\" alt=\"Otev\u0159en\u00e1 zahrada: zkou\u0161ka v Koteln\u011b\" title=\"Otev\u0159en\u00e1 zahrada: zkou\u0161ka v Koteln\u011b\" class=\"attachment-thumbnail\" width=\"250\" height=\"250\" sizes=\"(max-width: 250px) 100vw, 250px\"><\/a><\/div><\/li><li class=\"gallery-item \"><div class=\"gallery-icon landscape\"><a rel=\"rps-image-group-18363\" href=\"https:\/\/libcickekrizovatky.cz\/content\/uploads\/2018\/05\/DSC_0357.jpg\" title=\"\"><img src=\"https:\/\/libcickekrizovatky.cz\/content\/uploads\/2018\/05\/DSC_0357-250x250.jpg\" alt=\"Otev\u0159en\u00e1 zahrada: zkou\u0161ka v Koteln\u011b\" title=\"Otev\u0159en\u00e1 zahrada: zkou\u0161ka v Koteln\u011b\" class=\"attachment-thumbnail\" width=\"250\" height=\"250\" sizes=\"(max-width: 250px) 100vw, 250px\"><\/a><\/div><\/li><li class=\"gallery-item gallery-item-end-row\"><div class=\"gallery-icon landscape\"><a rel=\"rps-image-group-18363\" href=\"https:\/\/libcickekrizovatky.cz\/content\/uploads\/2018\/05\/DSC_0334.jpg\" title=\"\"><img src=\"https:\/\/libcickekrizovatky.cz\/content\/uploads\/2018\/05\/DSC_0334-250x250.jpg\" alt=\"Otev\u0159en\u00e1 zahrada: zkou\u0161ka v Koteln\u011b\" title=\"Otev\u0159en\u00e1 zahrada: zkou\u0161ka v Koteln\u011b\" class=\"attachment-thumbnail last\" width=\"250\" height=\"250\" sizes=\"(max-width: 250px) 100vw, 250px\"><\/a><\/div><\/li><\/ul><\/div>\n<p>Justin Svoboda se pono\u0159il do studia nejr\u016fzn\u011bj\u0161\u00edch pramen\u016f a&nbsp;pokusil se vytvo\u0159it p\u0159\u00edb\u011bhy, kter\u00e9 by zprost\u0159edkovaly div\u00e1k\u016fm pro\u017eitky jednotliv\u00fdch v\u00fdjime\u010dn\u00fdch \u017een, jejich my\u0161lenky, touhy, city, jejich vnit\u0159n\u00ed sv\u011bt.<\/p>\n<p>Kdy\u017e byly texty sepsan\u00e9, tak se potkaly <em><strong>C\u00e9cile Da Costa<\/strong><\/em> (performerka, \u010dlenka Spitfire Company a&nbsp;zp\u011bva\u010dka, \u017eij\u00edc\u00ed v&nbsp;Lib\u010dic\u00edch) a&nbsp;<em><strong>Lucie Charouzov\u00e1<\/strong><\/em> (tane\u010dnice, vyu\u010duj\u00edc\u00ed tane\u010dn\u00edho oboru v\u00a0lib\u010dick\u00e9 ZU\u0160 a&nbsp;studentka tane\u010dn\u00ed pedagogiky na HAMU) a&nbsp;za\u010daly spolu hledat, jak\u00fdm zp\u016fsobem zapojit pohyb v\u00a0p\u0159ed\u00e1v\u00e1n\u00ed emoc\u00ed jednotliv\u00fdch postav a&nbsp;postupn\u011b vytvo\u0159ily celou choreografii p\u0159edstaven\u00ed.<\/p>\n<p>Ve\u00a0stejn\u00e9m \u010dase prob\u00edhala tv\u016fr\u010d\u00ed diskuse se soubory Hipocondria Ensemble a&nbsp;I&nbsp;Dilettanti , kde jsme nad texty vyb\u00edrali skladby, kter\u00e9 ponesou poselstv\u00ed hudebn\u00ed. B\u011bhem ve\u010dera budete m\u00edt mo\u017enost proj\u00edt \u010dasem od pozdn\u00ed renesance s&nbsp;hudbou T\u00f3mase Luiz de Victorii (kter\u00fd \u017eil mimochodem tak\u00e9 v&nbsp;\u00c1vile) a\u017e k&nbsp;vrcholu barokn\u00ed hudby &#8211; Johannu Sebastianu Bachovi.<\/p>\n<div class=\"gallery gallery-columns-3 gallery-size-thumbnail rps-image-gallery-format-default rps-image-gallery-theme-default rps-image-gallery-columns-responsive rps-image-gallery rps-image-gallery-masonry rps-image-gallery-no-heading rps-image-gallery-no-caption rps-image-gallery-no-social \" style=\"text-align:left\" pageSize=\"0\" currentPage=\"0\" ><ul class=\"background-thumbnails\"><li class=\"gallery-item gallery-item-begin-row\"><div class=\"gallery-icon landscape\"><a rel=\"rps-image-group-18363\" href=\"https:\/\/libcickekrizovatky.cz\/content\/uploads\/2018\/05\/DSC_0424.jpg\" title=\"&amp;lt;div class=&amp;quot;fancybox-title-caption&amp;quot;&amp;gt;&amp;lt;p&amp;gt;Jan H\u00e1dek&amp;lt;\/p&amp;gt;\n&amp;lt;\/div&amp;gt;\"><img src=\"https:\/\/libcickekrizovatky.cz\/content\/uploads\/2018\/05\/DSC_0424-250x250.jpg\" alt=\"DSC_0424\" title=\"DSC_0424\" class=\"attachment-thumbnail\" width=\"250\" height=\"250\" sizes=\"(max-width: 250px) 100vw, 250px\"><\/a><\/div><\/li><li class=\"gallery-item \"><div class=\"gallery-icon landscape\"><a rel=\"rps-image-group-18363\" href=\"https:\/\/libcickekrizovatky.cz\/content\/uploads\/2018\/05\/DSC_0429.jpg\" title=\"&amp;lt;div class=&amp;quot;fancybox-title-caption&amp;quot;&amp;gt;&amp;lt;p&amp;gt;re\u017eis\u00e9r Justin Svoboda s vyprav\u011b\u010dkou Jind\u0159i\u0161kou K\u0159iv\u00e1nkovou&amp;lt;\/p&amp;gt;\n&amp;lt;\/div&amp;gt;\"><img src=\"https:\/\/libcickekrizovatky.cz\/content\/uploads\/2018\/05\/DSC_0429-250x250.jpg\" alt=\"DSC_0429\" title=\"DSC_0429\" class=\"attachment-thumbnail\" width=\"250\" height=\"250\" sizes=\"(max-width: 250px) 100vw, 250px\"><\/a><\/div><\/li><li class=\"gallery-item gallery-item-end-row\"><div class=\"gallery-icon landscape\"><a rel=\"rps-image-group-18363\" href=\"https:\/\/libcickekrizovatky.cz\/content\/uploads\/2018\/05\/DSC_0431.jpg\" title=\"&amp;lt;div class=&amp;quot;fancybox-title-caption&amp;quot;&amp;gt;&amp;lt;p&amp;gt;zkou\u0161ka se zp\u011bv\u00e1ky&amp;lt;\/p&amp;gt;\n&amp;lt;\/div&amp;gt;\"><img src=\"https:\/\/libcickekrizovatky.cz\/content\/uploads\/2018\/05\/DSC_0431-250x250.jpg\" alt=\"DSC_0431\" title=\"DSC_0431\" class=\"attachment-thumbnail last\" width=\"250\" height=\"250\" sizes=\"(max-width: 250px) 100vw, 250px\"><\/a><\/div><\/li><\/ul><\/div>\n<p>V pr\u016fb\u011bhu p\u0159\u00edprav Kate\u0159ina Judov\u00e1 spr\u00e1vn\u011b vytu\u0161ila, \u017ee organizovat cel\u00fd festival a&nbsp;k&nbsp;tomu produkovat premi\u00e9ru je nad s\u00edly jedn\u00e9 (sou\u010dasn\u00e9) \u017eeny a&nbsp;k&nbsp;produkci \u201eLes Femmes Baroques\u201c p\u0159izvala zku\u0161enou produk\u010dn\u00ed L\u00eddu Vackovou, kter\u00e1 j\u00ed je v&nbsp;tomto procesu velkou oporou. D\u00edky n\u00ed realiza\u010dn\u00ed t\u00fdm obohatili skv\u011bl\u00e1 vyprav\u011b\u010dka Jind\u0159i\u0161ka K\u0159iv\u00e1nkov\u00e1 a&nbsp;light designer Ji\u0159\u00ed \u0160mirk, dr\u017eitel ocen\u011bn\u00ed za nejlep\u0161\u00edho osv\u011btlova\u010de roku 2017.<\/p>\n<p>Co z&nbsp;cel\u00e9ho procesu vzniklo, to uk\u00e1\u017eeme\u00a0sv\u011btu v&nbsp;sobotu 19.&nbsp;kv\u011btna ve 20.00 v&nbsp;Koteln\u011b. V\u011b\u0159te, \u017ee se v\u0161ichni z\u00fa\u010dastn\u011bn\u00ed sna\u017e\u00ed ze v\u0161ech sv\u00fdch tv\u016fr\u010d\u00edch sil p\u0159ipravit takov\u00e9 p\u0159edstaven\u00ed, o\u00a0kter\u00e9m se bude dlouho vypr\u00e1v\u011bt.<\/p>\n<p>T\u011b\u0161\u00edme se na setk\u00e1n\u00ed na premi\u00e9\u0159e!<\/p>\n<p style=\"text-align: right\">Justin Svoboda, L\u00edda Vackov\u00e1 a&nbsp;Kate\u0159ina Judov\u00e1<\/p>\n","protected":false},"excerpt":{"rendered":"<p>N\u00e1pad vytvo\u0159it p\u0159edstaven\u00ed festivalu Otev\u0159en\u00e1 zahrada na m\u00edru se zrodil na podzim 2017, kdy\u017e jsme p\u0159em\u00fd\u0161leli, \u010d\u00edm oslavit jeho des\u00e1t\u00fd ro\u010dn\u00edk. Cht\u011bli jsme propojit t\u0159i druhy um\u011bn\u00ed, kter\u00e9 n\u00e1\u0161 festival prov\u00e1z\u00ed \u2013 hudbu, tanec a&nbsp;mluven\u00e9 slovo. Um\u011bleck\u00e1 \u0159editelka festivalu Kate\u0159ina Judov\u00e1 oslovila herce, re\u017eis\u00e9ra a&nbsp;vyprav\u011b\u010de Justina Svobodu, p\u0159izvala choreografku C\u00e9cile da Costa a&nbsp;spole\u010dn\u011b vytvo\u0159ili koncept [&hellip;]<\/p>\n","protected":false},"author":13,"featured_media":0,"comment_status":"open","ping_status":"open","sticky":false,"template":"","format":"standard","meta":[],"categories":[192,1,118],"tags":[933,788,884,935,340,934,514],"_links":{"self":[{"href":"https:\/\/libcickekrizovatky.cz\/index.php?rest_route=\/wp\/v2\/posts\/18363"}],"collection":[{"href":"https:\/\/libcickekrizovatky.cz\/index.php?rest_route=\/wp\/v2\/posts"}],"about":[{"href":"https:\/\/libcickekrizovatky.cz\/index.php?rest_route=\/wp\/v2\/types\/post"}],"author":[{"embeddable":true,"href":"https:\/\/libcickekrizovatky.cz\/index.php?rest_route=\/wp\/v2\/users\/13"}],"replies":[{"embeddable":true,"href":"https:\/\/libcickekrizovatky.cz\/index.php?rest_route=%2Fwp%2Fv2%2Fcomments&post=18363"}],"version-history":[{"count":13,"href":"https:\/\/libcickekrizovatky.cz\/index.php?rest_route=\/wp\/v2\/posts\/18363\/revisions"}],"predecessor-version":[{"id":18487,"href":"https:\/\/libcickekrizovatky.cz\/index.php?rest_route=\/wp\/v2\/posts\/18363\/revisions\/18487"}],"wp:attachment":[{"href":"https:\/\/libcickekrizovatky.cz\/index.php?rest_route=%2Fwp%2Fv2%2Fmedia&parent=18363"}],"wp:term":[{"taxonomy":"category","embeddable":true,"href":"https:\/\/libcickekrizovatky.cz\/index.php?rest_route=%2Fwp%2Fv2%2Fcategories&post=18363"},{"taxonomy":"post_tag","embeddable":true,"href":"https:\/\/libcickekrizovatky.cz\/index.php?rest_route=%2Fwp%2Fv2%2Ftags&post=18363"}],"curies":[{"name":"wp","href":"https:\/\/api.w.org\/{rel}","templated":true}]}}