{"id":18533,"date":"2018-05-24T07:25:12","date_gmt":"2018-05-24T05:25:12","guid":{"rendered":"http:\/\/libcickekrizovatky.cz\/?p=18533"},"modified":"2018-05-24T08:03:57","modified_gmt":"2018-05-24T06:03:57","slug":"baroko-versus-industrial-zeny-v-kotelne","status":"publish","type":"post","link":"https:\/\/libcickekrizovatky.cz\/?p=18533","title":{"rendered":"Baroko versus industri\u00e1l :  \u017deny v&nbsp;Koteln\u011b"},"content":{"rendered":"<div style=\"float: right; margin: 10px;\"><a href=\"https:\/\/libcickekrizovatky.cz\/content\/uploads\/2018\/05\/L7D6853_2048-300x200.jpg\"><img loading=\"lazy\" class=\"alignleft wp-image-18537\" src=\"https:\/\/libcickekrizovatky.cz\/content\/uploads\/2018\/05\/L7D6853_2048-300x200.jpg\" alt=\"Les Femmes Baroques, 19.5.2018\" width=\"300\" height=\"200\" srcset=\"https:\/\/libcickekrizovatky.cz\/content\/uploads\/2018\/05\/L7D6853_2048-300x200.jpg 300w, https:\/\/libcickekrizovatky.cz\/content\/uploads\/2018\/05\/L7D6853_2048.jpg 717w\" sizes=\"(max-width: 300px) 100vw, 300px\" \/><\/a><\/div>\n<p><i><span style=\"font-weight: 400;\">A\u010dkoliv jsem \u010dlenkou organiza\u010dn\u00edho t\u00fdmu festivalu a&nbsp;\u00fa\u010dastnila jsem se p\u0159\u00edprav, o&nbsp;tom, jak bude vypadat ve\u010dern\u00ed p\u0159edstaven\u00ed, jsem m\u011bla jen mlhavou p\u0159edstavu. K\u00e1\u010da necht\u011bla moc prozradit, aby to bylo p\u0159ekvapen\u00ed pro v\u0161echny vyjma akt\u00e9r\u016f. V\u011bd\u011bli jsme, \u017ee p\u016fjde o&nbsp;p\u0159\u00edb\u011bhy ze \u017eivota t\u0159\u00ed v\u00fdjime\u010dn\u00fdch \u017een z&nbsp;obdob\u00ed baroka, p\u0159\u00edprava za\u010dala u\u017e p\u0159ed p\u016fl rokem a&nbsp;zejm\u00e9na v&nbsp;posledn\u00ed dob\u011b na n\u00ed realiza\u010dn\u00ed t\u00fdm tr\u00e1vil spoustu \u010dasu.<\/span><\/i><!--more--><\/p>\n<p>Z\u00e1v\u011bre\u010dn\u00e9 p\u0159edstaven\u00ed leto\u0161n\u00edho sborov\u00e9ho festivalu Otev\u0159en\u00e1 zahrada bylo p\u0159edev\u0161\u00edm pln\u00e9 kontrast\u016f. Zah\u00e1jeno bylo za denn\u00edho sv\u011btla, kter\u00e9 do prostoru vnik\u00e1 ze v\u0161ech stran, vysok\u00fdmi okny i&nbsp;prosklen\u00fdm stropem. S&nbsp;pozvolna p\u0159ich\u00e1zej\u00edc\u00ed noc\u00ed se rozz\u00e1\u0159ily reflektory osv\u011btluj\u00edc\u00ed sc\u00e9nu, na kterou se z&nbsp;b\u00edl\u00e9 mlhy a&nbsp;z&nbsp;doby p\u0159ed p\u016fl tis\u00edcilet\u00edm postupn\u011b vyno\u0159ily t\u0159i postavy, v\u0161echny ztv\u00e1rn\u011bn\u00e9 here\u010dkou a&nbsp;tane\u010dnic\u00ed Jind\u0159i\u0161kou K\u0159iv\u00e1nkovou.<\/p>\n<p>Prvn\u00ed z&nbsp;nich, sv.&nbsp;Terezii z&nbsp;Avily, d\u00edky n\u00ed\u017e m\u00e1 Praha sv\u00e9 Jezul\u00e1tko, n\u00e1m autor sc\u00e9n\u00e1\u0159e Justin Svoboda p\u0159edstavil jako zbo\u017enou, pokornou a&nbsp;tichou \u017eenu, jej\u00ed\u017e cestou je u\u017e od \u00fatl\u00fdch let cesta ke Kristu. Pln\u00e1 ohn\u011b, s\u00edly a&nbsp;vzdoru je naopak Francesca Cacini, hudebnice a&nbsp;skladatelka, dcera slavn\u00e9ho otce a&nbsp;prvn\u00ed dolo\u017een\u00e1 autorka opery. I&nbsp;p\u0159es sv\u016fj p\u016fvod to jist\u011b jako \u017eena nem\u011bla ve sv\u00e9 profesi lehk\u00e9.<\/p>\n<p>Sm\u00ed\u0159en\u00e1, ale z\u00e1rove\u0148 sebev\u011bdom\u00e1 a&nbsp;odhodlan\u00e1 je Anna Magdalena Bachov\u00e1, kter\u00e1 pro\u017eila v\u011bt\u0161inu \u017eivota ve st\u00ednu sv\u00e9ho mu\u017ee, jemu\u017e byla pevnou oporou. Anna Magdalena k&nbsp;n\u00e1m v&nbsp;p\u0159edstaven\u00ed promlouv\u00e1 ve chv\u00edli, kdy Bach um\u00edr\u00e1 a&nbsp;ona se sna\u017e\u00ed udr\u017eet plamen jeho \u017eivota tak, \u017ee jej zastoup\u00ed jako skladatelka.<\/p>\n<h3>F\u00faze historie s&nbsp;modernou<\/h3>\n<div style=\"float: left; margin: 10px;\"><a href=\"https:\/\/libcickekrizovatky.cz\/content\/uploads\/2018\/05\/L5D0308_2048-200x300.jpg\"><img loading=\"lazy\" class=\"alignleft wp-image-18599\" src=\"https:\/\/libcickekrizovatky.cz\/content\/uploads\/2018\/05\/L5D0308_2048-200x300.jpg\" alt=\"Les Femmes Baroques, 19.5.2018\" width=\"200\" height=\"300\" srcset=\"https:\/\/libcickekrizovatky.cz\/content\/uploads\/2018\/05\/L5D0308_2048-200x300.jpg 200w, https:\/\/libcickekrizovatky.cz\/content\/uploads\/2018\/05\/L5D0308_2048-768x1152.jpg 768w, https:\/\/libcickekrizovatky.cz\/content\/uploads\/2018\/05\/L5D0308_2048-683x1024.jpg 683w, https:\/\/libcickekrizovatky.cz\/content\/uploads\/2018\/05\/L5D0308_2048.jpg 1365w\" sizes=\"(max-width: 200px) 100vw, 200px\" \/><\/a><\/div>\n<p>Tak, jako dok\u00e1zal architekt Patrik Hoffman tov\u00e1rn\u00ed architekturu lib\u010dick\u00e9 \u0161roub\u00e1rny propojit se sou\u010dasn\u00fdm \u010dern\u00fdm a&nbsp;hladk\u00fdm kovem, podobn\u011b jsou dopln\u011bna vyzn\u00e1n\u00ed \u017een z&nbsp;obdob\u00ed ran\u00e9ho novov\u011bku sou\u010dasn\u00fdm v\u00fdrazov\u00fdm tancem v&nbsp;pod\u00e1n\u00ed dvou vynikaj\u00edc\u00edch tane\u010dnic, C\u00e9cile da Costa a&nbsp;Lucie Charouzov\u00e9. V&nbsp;kost\u00fdmech, kter\u00e9 jako by spl\u00fdvaj\u00ed s&nbsp;pozad\u00edm, jejich pohyby ztv\u00e1r\u0148uj\u00ed emoce, jimi\u017e jsou t\u0159i barokn\u00ed \u017eeny zm\u00edt\u00e1ny.<\/p>\n<p>Vyzn\u00e1n\u00ed barokn\u00edch \u017eeny doprov\u00e1zela autentick\u00fdm zp\u016fsobem interpretovan\u00e1 hudba v&nbsp;pod\u00e1n\u00ed soubor\u016f Hipochondria Ensemble a&nbsp;I&nbsp;Dilettanti. K\u0159i\u0161\u0165\u00e1lov\u011b \u010dist\u00e9 dvojsbory na sebe navazovaly s&nbsp;ohromuj\u00edc\u00ed p\u0159esnost\u00ed a&nbsp;v&nbsp;dokonal\u00e9 souh\u0159e s&nbsp;barokn\u00edmi houslemi, cemballem a&nbsp;violoncellem. P\u0159edstaven\u00ed nem\u011blo p\u00f3dium a&nbsp;zp\u011bv\u00e1ci se podle pot\u0159eby nen\u00e1padn\u011b p\u0159emis\u0165ovali z&nbsp;m\u00edsta na m\u00edsto, a&nbsp;tak se div\u00e1ci chv\u00edlemi ocitali doslova uvnit\u0159 d\u011bje.<\/p>\n<h3>Hudba pat\u0159\u00ed do Kotelny<\/h3>\n<p>Nev\u00edm, jestli Patrik Hoffman p\u0159i&nbsp;rekonstrukci objektu tu\u0161il, \u017ee v&nbsp;\u201cs\u00e1le\u201d Kotelny bude mimo jin\u00e9 i&nbsp;\u00fa\u017easn\u00e1 akustika. Ka\u017edop\u00e1dn\u011b se p\u0159edstaven\u00edm Les Femmes Baroques prok\u00e1zalo, \u017ee hudebn\u00ed, divadeln\u00ed i&nbsp;jin\u00e9 podobn\u00e9 projekty sem jednozna\u010dn\u011b pat\u0159\u00ed. Douf\u00e1m, \u017ee jich bude \u010dasem v\u00edce!<\/p>\n<p>Pro Lib\u010dice je to i&nbsp;jedine\u010dn\u00e1 \u0161ance, jak zm\u011bnit obraz\u00a0m\u011bsta, kter\u00e9 si mnoz\u00ed p\u0159espoln\u00ed spojuj\u00ed pouze s&nbsp;b\u00fdvalou \u0161roub\u00e1rnou. Dne\u0161n\u00ed Kotelna, kterou nyn\u00ed p\u00ed\u0161eme s&nbsp;velk\u00fdm K\u00e1, navazuje na n\u011bkdej\u0161\u00ed pr\u016fmyslovou sl\u00e1vu jinak, v&nbsp;kontrastu, jen\u017e\u00a0byl jedn\u00edm z&nbsp;nosn\u00fdch prvk\u016f t\u00e9matu a&nbsp;proveden\u00ed ve\u010dern\u00edho p\u0159edstaven\u00ed.\u00a0<span style=\"font-weight: 400;\">D\u00edky v\u0161em, kte\u0159\u00ed pomohli na sv\u011bt neoby\u010dejn\u00e9\u00a0ud\u00e1losti v&nbsp;tak jedine\u010dn\u00e9 atmosf\u00e9\u0159e. Byla skv\u011bl\u00fdm zakon\u010den\u00edm jubilejn\u00edho des\u00e1t\u00e9ho ro\u010dn\u00edku festivalu Otev\u0159en\u00e1 zahrada 2018!<\/span><\/p>\n<h3>Na p\u0159edstaven\u00ed se pod\u00edleli:<\/h3>\n<ul style=\"list-style-type: square;\">\n<li><em>Andrea Hoffman, Kotelna Lib\u010dice &#8211; partner p\u0159edstaven\u00ed, zap\u016fj\u010den\u00ed prostor<\/em><\/li>\n<li><em>Justin Svoboda \u2013 text, re\u017eie<\/em><\/li>\n<li><em>Jind\u0159i\u0161ka K\u0159iv\u00e1nkov\u00e1 &#8211; re\u017eie<\/em><\/li>\n<li><em>C\u00e9cile da Costa, Lucie Charouzov\u00e1 \u2013 choreografie, tanec<\/em><\/li>\n<li><em>Mirka Eli\u00e1\u0161ov\u00e1 \u2013 konzultantka choreografie<\/em><\/li>\n<li><em>Kate\u0159ina Judov\u00e1 \u2013 dramaturgie, produkce<\/em><\/li>\n<li><em>Zuzana V\u00edtkov\u00e1 \u2013 kost\u00fdm, v\u00fdtvarn\u00fd n\u00e1vrh programu<\/em><\/li>\n<li><em>Ji\u0159\u00ed \u0160mirk \u2013 light design<\/em><\/li>\n<li><em>L\u00edda Vackov\u00e1 \u2013 produkce<\/em><\/li>\n<li><em>Filip Nov\u00e1k \u2013 grafika<\/em><\/li>\n<li><em>Soubor Hipocondria Ensemble pod veden\u00edm Jana H\u00e1dka (Jan H\u00e1dek, Ji\u0159\u00ed Sycha &#8211; housle, Ond\u0159ej Michal &#8211; \u00a0violoncello, Filip Dvo\u0159\u00e1k &#8211; cemballo)<\/em><\/li>\n<li><em>Soubor I&nbsp;Dilettanti pod veden\u00edm \u010ce\u0148ka Svobody<\/em><\/li>\n<\/ul>\n<p>P\u0159edstaven\u00ed finan\u010dn\u011b podpo\u0159ili St\u00e1tn\u00ed fond kultury \u010cR, St\u0159edo\u010desk\u00fd kraj &#8211; fond hejtmana, Nadace \u017divot um\u011blce, \u00daJV \u0158e\u017e, a.s., Jan Miller a&nbsp;Josef Rous.<\/p>\n<h3>Fotogalerie p\u0159edstaven\u00ed (autor fotografi\u00ed: Tom\u00e1\u0161 Lis\u00fd)<\/h3>\n<div class=\"gallery gallery-columns-3 gallery-size-thumbnail rps-image-gallery-format-default rps-image-gallery-theme-default rps-image-gallery-columns-responsive rps-image-gallery rps-image-gallery-masonry rps-image-gallery-no-heading rps-image-gallery-no-caption rps-image-gallery-no-social \" style=\"text-align:left\" pageSize=\"0\" currentPage=\"0\" ><ul class=\"background-thumbnails\"><li class=\"gallery-item gallery-item-begin-row\"><div class=\"gallery-icon landscape\"><a rel=\"rps-image-group-18533\" href=\"https:\/\/libcickekrizovatky.cz\/content\/uploads\/2018\/05\/L5D0041_2048.jpg\" title=\"&amp;lt;div class=&amp;quot;fancybox-title-caption&amp;quot;&amp;gt;&amp;lt;p&amp;gt;P\u011bkn\u00e9 p\u0159iv\u00edt\u00e1n\u00ed sh\u016fry&amp;lt;\/p&amp;gt;\n&amp;lt;\/div&amp;gt;\"><img src=\"https:\/\/libcickekrizovatky.cz\/content\/uploads\/2018\/05\/L5D0041_2048-250x250.jpg\" alt=\"_L5D0041_2048\" title=\"_L5D0041_2048\" class=\"attachment-thumbnail\" width=\"250\" height=\"250\" sizes=\"(max-width: 250px) 100vw, 250px\"><\/a><\/div><\/li><li class=\"gallery-item \"><div class=\"gallery-icon landscape\"><a rel=\"rps-image-group-18533\" href=\"https:\/\/libcickekrizovatky.cz\/content\/uploads\/2018\/05\/L5D0159_2048.jpg\" title=\"&amp;lt;div class=&amp;quot;fancybox-title-caption&amp;quot;&amp;gt;&amp;lt;p&amp;gt;P\u0159edstaven\u00ed za\u010d\u00edn\u00e1&amp;lt;\/p&amp;gt;\n&amp;lt;\/div&amp;gt;\"><img src=\"https:\/\/libcickekrizovatky.cz\/content\/uploads\/2018\/05\/L5D0159_2048-250x250.jpg\" alt=\"_L5D0159_2048\" title=\"_L5D0159_2048\" class=\"attachment-thumbnail\" width=\"250\" height=\"250\" sizes=\"(max-width: 250px) 100vw, 250px\"><\/a><\/div><\/li><li class=\"gallery-item gallery-item-end-row\"><div class=\"gallery-icon landscape\"><a rel=\"rps-image-group-18533\" href=\"https:\/\/libcickekrizovatky.cz\/content\/uploads\/2018\/05\/L7D6853_2048.jpg\" title=\"&amp;lt;div class=&amp;quot;fancybox-title-caption&amp;quot;&amp;gt;&amp;lt;p&amp;gt;V\u00e1\u0161e\u0148 a Francisca Cacini&amp;lt;\/p&amp;gt;\n&amp;lt;\/div&amp;gt;\"><img src=\"https:\/\/libcickekrizovatky.cz\/content\/uploads\/2018\/05\/L7D6853_2048-250x250.jpg\" alt=\"_L7D6853_2048\" title=\"_L7D6853_2048\" class=\"attachment-thumbnail\" width=\"250\" height=\"250\" sizes=\"(max-width: 250px) 100vw, 250px\"><\/a><\/div><\/li><li class=\"gallery-item gallery-item-begin-row\"><div class=\"gallery-icon landscape\"><a rel=\"rps-image-group-18533\" href=\"https:\/\/libcickekrizovatky.cz\/content\/uploads\/2018\/05\/L5D0185_2048.jpg\" title=\"&amp;lt;div class=&amp;quot;fancybox-title-caption&amp;quot;&amp;gt;&amp;lt;p&amp;gt;Sv. Terezie z Avily a jej\u00ed zosobn\u011bn\u00e9 city&amp;lt;\/p&amp;gt;\n&amp;lt;\/div&amp;gt;\"><img src=\"https:\/\/libcickekrizovatky.cz\/content\/uploads\/2018\/05\/L5D0185_2048-250x250.jpg\" alt=\"_L5D0185_2048\" title=\"_L5D0185_2048\" class=\"attachment-thumbnail\" width=\"250\" height=\"250\" sizes=\"(max-width: 250px) 100vw, 250px\"><\/a><\/div><\/li><li class=\"gallery-item \"><div class=\"gallery-icon landscape\"><a rel=\"rps-image-group-18533\" href=\"https:\/\/libcickekrizovatky.cz\/content\/uploads\/2018\/05\/L5D0195_2048.jpg\" title=\"&amp;lt;div class=&amp;quot;fancybox-title-caption&amp;quot;&amp;gt;&amp;lt;p&amp;gt;Div\u00e1ci v mlze&amp;lt;\/p&amp;gt;\n&amp;lt;\/div&amp;gt;\"><img src=\"https:\/\/libcickekrizovatky.cz\/content\/uploads\/2018\/05\/L5D0195_2048-250x250.jpg\" alt=\"_L5D0195_2048\" title=\"_L5D0195_2048\" class=\"attachment-thumbnail\" width=\"250\" height=\"250\" sizes=\"(max-width: 250px) 100vw, 250px\"><\/a><\/div><\/li><li class=\"gallery-item gallery-item-end-row\"><div class=\"gallery-icon landscape\"><a rel=\"rps-image-group-18533\" href=\"https:\/\/libcickekrizovatky.cz\/content\/uploads\/2018\/05\/L5D0308_2048.jpg\" title=\"&amp;lt;div class=&amp;quot;fancybox-title-caption&amp;quot;&amp;gt;&amp;lt;p&amp;gt;Vp\u0159edu v\u00e1\u0161e\u0148, v pozad\u00ed industri\u00e1l&amp;lt;\/p&amp;gt;\n&amp;lt;\/div&amp;gt;\"><img src=\"https:\/\/libcickekrizovatky.cz\/content\/uploads\/2018\/05\/L5D0308_2048-250x250.jpg\" alt=\"_L5D0308_2048\" title=\"_L5D0308_2048\" class=\"attachment-thumbnail\" width=\"250\" height=\"250\" sizes=\"(max-width: 250px) 100vw, 250px\"><\/a><\/div><\/li><li class=\"gallery-item gallery-item-begin-row\"><div class=\"gallery-icon landscape\"><a rel=\"rps-image-group-18533\" href=\"https:\/\/libcickekrizovatky.cz\/content\/uploads\/2018\/05\/L5D0324_2048.jpg\" title=\"&amp;lt;div class=&amp;quot;fancybox-title-caption&amp;quot;&amp;gt;&amp;lt;p&amp;gt;Dokonal\u00fd sv\u011bteln\u00fd design!&amp;lt;\/p&amp;gt;\n&amp;lt;\/div&amp;gt;\"><img src=\"https:\/\/libcickekrizovatky.cz\/content\/uploads\/2018\/05\/L5D0324_2048-250x250.jpg\" alt=\"_L5D0324_2048\" title=\"_L5D0324_2048\" class=\"attachment-thumbnail\" width=\"250\" height=\"250\" sizes=\"(max-width: 250px) 100vw, 250px\"><\/a><\/div><\/li><li class=\"gallery-item \"><div class=\"gallery-icon landscape\"><a rel=\"rps-image-group-18533\" href=\"https:\/\/libcickekrizovatky.cz\/content\/uploads\/2018\/05\/L5D0354_2048.jpg\" title=\"&amp;lt;div class=&amp;quot;fancybox-title-caption&amp;quot;&amp;gt;&amp;lt;p&amp;gt;D\u011bkova\u010dka&amp;lt;\/p&amp;gt;\n&amp;lt;\/div&amp;gt;\"><img src=\"https:\/\/libcickekrizovatky.cz\/content\/uploads\/2018\/05\/L5D0354_2048-250x250.jpg\" alt=\"_L5D0354_2048\" title=\"_L5D0354_2048\" class=\"attachment-thumbnail\" width=\"250\" height=\"250\" sizes=\"(max-width: 250px) 100vw, 250px\"><\/a><\/div><\/li><li class=\"gallery-item gallery-item-end-row\"><div class=\"gallery-icon landscape\"><a rel=\"rps-image-group-18533\" href=\"https:\/\/libcickekrizovatky.cz\/content\/uploads\/2018\/05\/L7D6942_2048.jpg\" title=\"&amp;lt;div class=&amp;quot;fancybox-title-caption&amp;quot;&amp;gt;&amp;lt;p&amp;gt;Dv\u011b z hlavn\u00edch protagonistek:&amp;lt;br \/&amp;gt;\nC\u00e9cile da Costa a Lucie Charouzov\u00e1&amp;lt;\/p&amp;gt;\n&amp;lt;\/div&amp;gt;\"><img src=\"https:\/\/libcickekrizovatky.cz\/content\/uploads\/2018\/05\/L7D6942_2048-250x250.jpg\" alt=\"_L7D6942_2048\" title=\"_L7D6942_2048\" class=\"attachment-thumbnail\" width=\"250\" height=\"250\" sizes=\"(max-width: 250px) 100vw, 250px\"><\/a><\/div><\/li><li class=\"gallery-item gallery-item-begin-row\"><div class=\"gallery-icon landscape\"><a rel=\"rps-image-group-18533\" href=\"https:\/\/libcickekrizovatky.cz\/content\/uploads\/2018\/05\/L7D6952_2048.jpg\" title=\"&amp;lt;div class=&amp;quot;fancybox-title-caption&amp;quot;&amp;gt;&amp;lt;p&amp;gt;Partne\u0159i p\u0159edstaven\u00ed:&amp;lt;br \/&amp;gt;\nMan\u017eel\u00e9 Hoffmanovi&amp;lt;\/p&amp;gt;\n&amp;lt;\/div&amp;gt;\"><img src=\"https:\/\/libcickekrizovatky.cz\/content\/uploads\/2018\/05\/L7D6952_2048-250x250.jpg\" alt=\"_L7D6952_2048\" title=\"_L7D6952_2048\" class=\"attachment-thumbnail last\" width=\"250\" height=\"250\" sizes=\"(max-width: 250px) 100vw, 250px\"><\/a><\/div><\/li><\/ul><\/div>\n<p>&nbsp;  <\/p>\n","protected":false},"excerpt":{"rendered":"<p>A\u010dkoliv jsem \u010dlenkou organiza\u010dn\u00edho t\u00fdmu festivalu a&nbsp;\u00fa\u010dastnila jsem se p\u0159\u00edprav, o&nbsp;tom, jak bude vypadat ve\u010dern\u00ed p\u0159edstaven\u00ed, jsem m\u011bla jen mlhavou p\u0159edstavu. K\u00e1\u010da necht\u011bla moc prozradit, aby to bylo p\u0159ekvapen\u00ed pro v\u0161echny vyjma akt\u00e9r\u016f. V\u011bd\u011bli jsme, \u017ee p\u016fjde o&nbsp;p\u0159\u00edb\u011bhy ze \u017eivota t\u0159\u00ed v\u00fdjime\u010dn\u00fdch \u017een z&nbsp;obdob\u00ed baroka, p\u0159\u00edprava za\u010dala u\u017e p\u0159ed p\u016fl rokem a&nbsp;zejm\u00e9na v&nbsp;posledn\u00ed dob\u011b na [&hellip;]<\/p>\n","protected":false},"author":10,"featured_media":0,"comment_status":"open","ping_status":"open","sticky":false,"template":"","format":"standard","meta":[],"categories":[1],"tags":[],"_links":{"self":[{"href":"https:\/\/libcickekrizovatky.cz\/index.php?rest_route=\/wp\/v2\/posts\/18533"}],"collection":[{"href":"https:\/\/libcickekrizovatky.cz\/index.php?rest_route=\/wp\/v2\/posts"}],"about":[{"href":"https:\/\/libcickekrizovatky.cz\/index.php?rest_route=\/wp\/v2\/types\/post"}],"author":[{"embeddable":true,"href":"https:\/\/libcickekrizovatky.cz\/index.php?rest_route=\/wp\/v2\/users\/10"}],"replies":[{"embeddable":true,"href":"https:\/\/libcickekrizovatky.cz\/index.php?rest_route=%2Fwp%2Fv2%2Fcomments&post=18533"}],"version-history":[{"count":33,"href":"https:\/\/libcickekrizovatky.cz\/index.php?rest_route=\/wp\/v2\/posts\/18533\/revisions"}],"predecessor-version":[{"id":18633,"href":"https:\/\/libcickekrizovatky.cz\/index.php?rest_route=\/wp\/v2\/posts\/18533\/revisions\/18633"}],"wp:attachment":[{"href":"https:\/\/libcickekrizovatky.cz\/index.php?rest_route=%2Fwp%2Fv2%2Fmedia&parent=18533"}],"wp:term":[{"taxonomy":"category","embeddable":true,"href":"https:\/\/libcickekrizovatky.cz\/index.php?rest_route=%2Fwp%2Fv2%2Fcategories&post=18533"},{"taxonomy":"post_tag","embeddable":true,"href":"https:\/\/libcickekrizovatky.cz\/index.php?rest_route=%2Fwp%2Fv2%2Ftags&post=18533"}],"curies":[{"name":"wp","href":"https:\/\/api.w.org\/{rel}","templated":true}]}}