{"id":18634,"date":"2018-05-25T11:40:01","date_gmt":"2018-05-25T09:40:01","guid":{"rendered":"http:\/\/libcickekrizovatky.cz\/?p=18634"},"modified":"2018-05-25T11:40:01","modified_gmt":"2018-05-25T09:40:01","slug":"prijdte-mavat","status":"publish","type":"post","link":"https:\/\/libcickekrizovatky.cz\/?p=18634","title":{"rendered":"P\u0159ij\u010fte m\u00e1vat!"},"content":{"rendered":"<p>Z\u0159ejm\u011b jen p\u0159irozen\u00e1 skromnost a&nbsp;velk\u00e9 pracovn\u00ed vyt\u00ed\u017een\u00ed zabr\u00e1nilo Rad\u011b m\u011bsta, aby na obecn\u00edm webu publikovala z\u00e1pis ze sv\u00e9ho jedn\u00e1n\u00ed \u010d.&nbsp;12\/2018, kter\u00e9 dle z\u00e1pisu prob\u011bhlo 16.&nbsp;kv\u011btna. Shodou okolnost\u00ed jen 2 dny po&nbsp;jedn\u00e1n\u00ed \u010d.&nbsp;11 (o&nbsp;n\u011bm\u017e si tu tak\u00e9 je\u0161t\u011b p\u00e1r slov nap\u00ed\u0161eme).<\/p>\n<p>A to je bezesporu \u0161koda, kterou se pokus\u00edme napravit. Mus\u00edme, proto\u017ee do It\u00e1lie se odj\u00ed\u017ed\u00ed dnes (v&nbsp;p\u00e1tek 25.&nbsp;5.) a&nbsp;kdo by pak m\u00e1val&#8230; \u017de v\u0161echno v\u00edte? M\u00e1te d\u00edtka, kter\u00e1 v&nbsp;italsk\u00e9m kraji Marche budou tan\u010dit, hr\u00e1t nebo malovat? Nenechte se spl\u00e9st, o&nbsp;m\u00e1v\u00e1n\u00ed ratolestem \u0159e\u010d nen\u00ed.<\/p>\n<p><!--more--><\/p>\n<h3>Z\u00e1pis z&nbsp;jedn\u00e1n\u00ed RM, strana 4<\/h3>\n<p>Zde je z\u00e1pis, kter\u00fd obdr\u017eeli lib\u010di\u010dt\u00ed zastupitel\u00e9 21.&nbsp;kv\u011btna. Zastupitel\u00e9 &#8211; t\u011bch 15 lid\u00ed, kter\u00e9 jsme si p\u0159ed skoro 4 lety zvolili, aby n\u00e1s ve v\u011bci spr\u00e1vy a&nbsp;rozvoje m\u011bsta zastupovali a&nbsp;rozhodovali o&nbsp;podstatn\u00fdch v\u011bcech. Pokud nechcete studovat cel\u00fd z\u00e1pis, \u00fapln\u011b posta\u010d\u00ed p\u0159e\u010d\u00edst si stranu 4 &#8211; to je pas\u00e1\u017e, nad kterou bychom se tu r\u00e1di trochu zamysleli.<\/p>\n<div class=\"gallery gallery-columns-4 gallery-size-thumbnail rps-image-gallery-format-default rps-image-gallery-theme-default rps-image-gallery-columns-no-responsive rps-image-gallery rps-image-gallery-masonry rps-image-gallery-no-heading rps-image-gallery-no-caption rps-image-gallery-no-social \" style=\"text-align:left\" pageSize=\"0\" currentPage=\"0\" ><ul class=\"background-thumbnails\"><li class=\"gallery-item gallery-item-begin-row\"><div class=\"gallery-icon landscape\"><a rel=\"rps-image-group-18634\" href=\"https:\/\/libcickekrizovatky.cz\/content\/uploads\/2018\/05\/zapis-RM-c.12-2018.jpg\" title=\"&amp;lt;div class=&amp;quot;fancybox-title-caption&amp;quot;&amp;gt;&amp;lt;p&amp;gt;str. 1&amp;lt;\/p&amp;gt;\n&amp;lt;\/div&amp;gt;\"><img src=\"https:\/\/libcickekrizovatky.cz\/content\/uploads\/2018\/05\/zapis-RM-c.12-2018-250x250.jpg\" alt=\"zapis-RM-c.12-2018\" title=\"zapis-RM-c.12-2018\" class=\"attachment-thumbnail\" width=\"250\" height=\"250\" sizes=\"(max-width: 250px) 100vw, 250px\"><\/a><\/div><\/li><li class=\"gallery-item \"><div class=\"gallery-icon landscape\"><a rel=\"rps-image-group-18634\" href=\"https:\/\/libcickekrizovatky.cz\/content\/uploads\/2018\/05\/zapis-RM-c.12-2018str2.jpg\" title=\"&amp;lt;div class=&amp;quot;fancybox-title-caption&amp;quot;&amp;gt;&amp;lt;p&amp;gt;str. 2&amp;lt;\/p&amp;gt;\n&amp;lt;\/div&amp;gt;\"><img src=\"https:\/\/libcickekrizovatky.cz\/content\/uploads\/2018\/05\/zapis-RM-c.12-2018str2-250x250.jpg\" alt=\"zapis-RM-c.12-2018str2\" title=\"zapis-RM-c.12-2018str2\" class=\"attachment-thumbnail\" width=\"250\" height=\"250\" sizes=\"(max-width: 250px) 100vw, 250px\"><\/a><\/div><\/li><li class=\"gallery-item \"><div class=\"gallery-icon landscape\"><a rel=\"rps-image-group-18634\" href=\"https:\/\/libcickekrizovatky.cz\/content\/uploads\/2018\/05\/zapis-RM-c.12-2018str3.jpg\" title=\"&amp;lt;div class=&amp;quot;fancybox-title-caption&amp;quot;&amp;gt;&amp;lt;p&amp;gt;str. 3&amp;lt;\/p&amp;gt;\n&amp;lt;\/div&amp;gt;\"><img src=\"https:\/\/libcickekrizovatky.cz\/content\/uploads\/2018\/05\/zapis-RM-c.12-2018str3-250x250.jpg\" alt=\"zapis-RM-c.12-2018str3\" title=\"zapis-RM-c.12-2018str3\" class=\"attachment-thumbnail\" width=\"250\" height=\"250\" sizes=\"(max-width: 250px) 100vw, 250px\"><\/a><\/div><\/li><li class=\"gallery-item gallery-item-end-row\"><div class=\"gallery-icon landscape\"><a rel=\"rps-image-group-18634\" href=\"https:\/\/libcickekrizovatky.cz\/content\/uploads\/2018\/05\/zapis-RM-c.12-2018str4.jpg\" title=\"&amp;lt;div class=&amp;quot;fancybox-title-caption&amp;quot;&amp;gt;&amp;lt;p&amp;gt;str. 4&amp;lt;\/p&amp;gt;\n&amp;lt;\/div&amp;gt;\"><img src=\"https:\/\/libcickekrizovatky.cz\/content\/uploads\/2018\/05\/zapis-RM-c.12-2018str4-250x250.jpg\" alt=\"zapis-RM-c.12-2018str4\" title=\"zapis-RM-c.12-2018str4\" class=\"attachment-thumbnail last\" width=\"250\" height=\"250\" sizes=\"(max-width: 250px) 100vw, 250px\"><\/a><\/div><\/li><\/ul><\/div>\n<p><a href=\"https:\/\/libcickekrizovatky.cz\/content\/uploads\/2018\/05\/mezimesty.png\"><img class=\"alignleft size-full wp-image-18641\" src=\"https:\/\/libcickekrizovatky.cz\/content\/uploads\/2018\/05\/mezimesty.png\" alt=\"\" width=\"100%\" srcset=\"https:\/\/libcickekrizovatky.cz\/content\/uploads\/2018\/05\/mezimesty.png 1312w, https:\/\/libcickekrizovatky.cz\/content\/uploads\/2018\/05\/mezimesty-300x43.png 300w, https:\/\/libcickekrizovatky.cz\/content\/uploads\/2018\/05\/mezimesty-768x111.png 768w, https:\/\/libcickekrizovatky.cz\/content\/uploads\/2018\/05\/mezimesty-1024x148.png 1024w\" sizes=\"(max-width: 1312px) 100vw, 1312px\" \/><\/a><\/p>\n<p>Chceme si tu polo\u017eit p\u00e1r ot\u00e1zek t\u00fdkaj\u00edc\u00edch se v\u00fdletu (nejen) p\u00e1n\u016f z&nbsp;radnice do It\u00e1lie. A&nbsp;rovnou poj\u010fme zahlu\u0161it n\u00e1mitku, \u017ee o&nbsp;tom p\u00ed\u0161eme, proto\u017ee jim cestu z\u00e1vid\u00edme. Ne, jen tu chceme uk\u00e1zat, co je podle n\u00e1s \u0161patn\u011b, a&nbsp;to i&nbsp;v&nbsp;p\u0159\u00edpad\u011b, \u017ee program pracovn\u00ed cesty bude nabit\u00fd tak, \u017ee na\u0161i m\u011bst\u0161t\u00ed reprezentanti za cel\u00fd t\u00fdden nata\u017een\u00fd p\u0159es oba v\u00edkendy nevylezou ze zaseda\u010dky a&nbsp;zp\u00e1tky se vr\u00e1t\u00ed s&nbsp;kopou origin\u00e1ln\u00edch podn\u011bt\u016f k&nbsp;dal\u0161\u00edmu rozvoji m\u011bsta.<\/p>\n<p>Nenechte se m\u00fdlit, opravdu v\u011b\u0159\u00edme, \u017ee navazov\u00e1n\u00ed mezin\u00e1rodn\u00edch vztah\u016f je ku prosp\u011bchu m\u011bsta. A&nbsp;aktivity ZU\u0160ky jsou toho jasn\u00fdm d\u016fkazem &#8211; za nav\u00e1z\u00e1n\u00ed kontakt\u016f a&nbsp;organizaci (ji\u017e druh\u00e9ho) vystoupen\u00ed daleko za hranicemi na\u0161ich v\u0161edn\u00edch dn\u00ed zaslou\u017e\u00ed jen chv\u00e1lu. Ostatn\u011b z&nbsp;cel\u00e9 sepsan\u00e9 delegace m\u00e1 bez ohledu na dal\u0161\u00ed program na v\u00fdletu do It\u00e1lie logick\u00e9 a&nbsp;nezpochybniteln\u00e9 m\u00edsto pr\u00e1v\u011b jedin\u011b \u0159editel ZU\u0160.<\/p>\n<h3>Klademe (si) ot\u00e1zky<\/h3>\n<h4>1. Pro\u010d jsme si o&nbsp;chystan\u00e9 cest\u011b nemohli p\u0159e\u010d\u00edst t\u0159eba v&nbsp;Lib\u010dick\u00fdch novin\u00e1ch?<\/h4>\n<p>V\u017edy\u0165 takov\u00e9 cest\u011b musely p\u0159edch\u00e1zet dlouh\u00e9 p\u0159\u00edpravy \/ intenzivn\u00ed komunikace o&nbsp;programu cesty \/ hled\u00e1n\u00ed optim\u00e1ln\u00edho slo\u017een\u00ed delegace (jazykov\u00e1 v\u00fdbava, odborn\u00e9 zam\u011b\u0159en\u00ed&#8230;), atd.<\/p>\n<p>Tolik b\u00e1je\u010dn\u00fdch p\u0159\u00edle\u017eitost\u00ed se pochlubit, p\u0159esto se v\u0161e poda\u0159ilo udr\u017eet v&nbsp;tajnosti. Na Lib\u010dice skromnost neb\u00fdval\u00e1.<\/p>\n<p>Ale ne\u0161\u0165! Pro\u010d by oby\u010dejn\u00fd ob\u010dan m\u011bl v\u011bd\u011bt o&nbsp;v\u0161em, co se ve m\u011bst\u011b chyst\u00e1, v\u017edy\u0165 se toho d\u011bje tolik&#8230; Tedy pokra\u010dujme.<\/p>\n<h4>2. Jak to, \u017ee i&nbsp;zastupitel\u00e9 se o&nbsp;cel\u00e9 v\u011bci dozv\u00eddaj\u00ed jaksi mimod\u011bk z&nbsp;ob\u011b\u017en\u00edku,\u00a0a to 4 dny p\u0159ed odjezdem?<\/h4>\n<p>U\u017e o&nbsp;p\u00e1r odstavc\u016f d\u0159\u00edve jsme zm\u00ednili, \u017ee jsou to zastupitel\u00e9 m\u011bsta, kte\u0159\u00ed maj\u00ed rozhodovat o&nbsp;v\u011bcech podstatn\u00fdch pro m\u011bsto. A&nbsp;pokud s&nbsp;n\u00e1mi v&nbsp;tomto souhlas\u00edte, m\u016f\u017eete se sami rozhodnout, zda:<\/p>\n<ul>\n<li>Radn\u00ed Pavel Barto\u0161, Vladim\u00edr Urb\u00e1nek a&nbsp;Franti\u0161ek Hudek <strong>nepova\u017euj\u00ed<\/strong> cel\u00fd sv\u016fj v\u00fdlet za podstatn\u00fd pro m\u011bsto.<br \/>\nPak je ale t\u0159eba se pt\u00e1t, <strong>pro\u010d Rada k&nbsp;nav\u00e1z\u00e1n\u00ed kontakt\u016f vys\u00edl\u00e1 tak po\u010detnou delegaci, ne\u0159kuli pro\u010d tam vlastn\u011b v\u016fbec jedou. <\/strong>Tohle p\u0159eci nen\u00ed odpoledn\u00ed zased\u00e1n\u00ed P\u0159emyslovsk\u00fdch \u010cech v&nbsp;\u00daholi\u010dk\u00e1ch<strong>.<br \/>\n<\/strong><\/li>\n<li>A nebo naopak, s&nbsp;odkazem na vysok\u00fd po\u010det vyslan\u00fdch m\u011bstsk\u00fdch reprezentant\u016f, radn\u00ed Pavel Barto\u0161, Vladim\u00edr Urb\u00e1nek a&nbsp;Franti\u0161ek Hudek celou v\u00fdpravu <strong>pova\u017euj\u00ed<\/strong> za velmi d\u016fle\u017eitou. Tedy se pt\u00e1me, <strong>pro\u010d sv\u016fj z\u00e1m\u011br v\u010das neprezentovali cel\u00e9mu zastupitelstvu,<\/strong> ve kter\u00e9m maj\u00ed tak jako tak koali\u010dn\u00ed v\u011bt\u0161inu?<\/li>\n<\/ul>\n<h3>Pr\u016fb\u011bh v\u00fdletu n\u00e1s zaj\u00edm\u00e1<\/h3>\n<p>Bohu\u017eel, i&nbsp;tenhle v\u00fdlet vykazuje v\u0161echny znaky, toho, co je v&nbsp;lib\u010dick\u00e9 samospr\u00e1v\u011b aktu\u00e1ln\u011b \u0161patn\u011b. P\u0159edstavitel\u00e9 m\u011bsta sami sv\u00fdm jedn\u00e1n\u00edm zpochyb\u0148uj\u00ed sv\u00e9 kroky. Zapom\u00ednaj\u00ed, \u017ee k&nbsp;z\u00e1kladn\u00edm princip\u016fm pr\u00e1ce volen\u00e9ho p\u0159edstavitele m\u011bsta pat\u0159\u00ed 100% transparentnost rozhodov\u00e1n\u00ed. \u017de za sv\u00e9 jedn\u00e1n\u00ed mus\u00ed skl\u00e1dat \u00fa\u010dty, mus\u00ed\u00a0 vysv\u011btlovat sv\u00e9 \u010diny a&nbsp;d\u016fvody p\u0159ijat\u00fdch rozhodnut\u00ed. Proto\u017ee nerozhoduj\u00ed o&nbsp;sv\u00e9m, staraj\u00ed se o&nbsp;na\u0161e spole\u010dn\u00e9. Proto nemohou z\u00e1sadn\u00ed rozhodnut\u00ed \u010dinit v&nbsp;\u00fazk\u00e9m krou\u017eku p\u00e1n\u016f, co spolu kamar\u00e1d\u00ed, ale maj\u00ed do rozhodov\u00e1n\u00ed zapojit v\u0161echny volen\u00e9 z\u00e1stupce lib\u010dick\u00fdch ob\u010dan\u016f. By\u0165 by si jen m\u011bli vyslechnout nesouhlasn\u00fd n\u00e1zor a&nbsp;zam\u00edtav\u00e9 stanovisko, kter\u00e9 hned vz\u00e1p\u011bt\u00ed smetou silou koali\u010dn\u00edch hlas\u016f (v&nbsp;lep\u0161\u00edm p\u0159\u00edpad\u011b i&nbsp;argument\u016f).<\/p>\n<p>Mo\u017en\u00e1 si zp\u011btn\u011b v&nbsp;Lib\u010dick\u00fdch novin\u00e1ch p\u0159e\u010dteme o&nbsp;spoust\u011b jedn\u00e1n\u00ed, v\u00fdm\u011bn\u011b poznatk\u016f, prohl\u00e9dneme si fotografie, na kter\u00fdch z\u00e1stupci m\u011bsta z&nbsp;\u0159ad volen\u00fdch i&nbsp;\u00fa\u0159edn\u00edk\u016f \u010dile diskutuj\u00ed se sv\u00fdmi italsk\u00fdmi prot\u011bj\u0161ky. Ale nen\u00ed to tak, \u017ee kdy\u017e sami sebe vys\u00edlaj\u00ed na zahrani\u010dn\u00ed cestu za pen\u00edze n\u011bkoho jin\u00e9ho (n\u00e1s v\u0161ech), maj\u00ed takov\u00e9 jedn\u00e1n\u00ed dop\u0159edu vysv\u011btlit a&nbsp;obh\u00e1jit alespo\u0148 p\u0159ed t\u011bmi, kdo k&nbsp;tomu dostali ve\u0159ejn\u00fd mand\u00e1t?<\/p>\n<p>Pokud tak ale neu\u010din\u00ed, v\u0161echno nachystaj\u00ed pokoutn\u011b, nemohou se divit, kdy\u017e prvn\u00ed, co napadne ob\u010dana p\u0159i&nbsp;\u010dten\u00ed z\u00e1pisu z&nbsp;jedn\u00e1n\u00ed rady, je, \u017ee je to takov\u00fd posledn\u00ed spole\u010dn\u00fd v\u00fdlet kamar\u00e1d\u016f na rozlou\u010denou bez re\u00e1ln\u00e9ho u\u017eitku pro m\u011bsto.<\/p>\n<p>I kdy\u017e n\u00e1s mrz\u00ed mizern\u00e1 komunikace p\u0159ed odjezdem, u\u017e te\u010f se t\u011b\u0161\u00edme na spousty fotek a&nbsp;informac\u00ed, kter\u00fdmi delegace zaplav\u00ed p\u0159\u00ed\u0161t\u00ed \u010d\u00edslo Lib\u010dick\u00fdch novin &#8211; o&nbsp;n\u00e1ro\u010dn\u00e9m programu jedn\u00e1n\u00ed, n\u00e1kladech, ale hlavn\u011b o&nbsp;p\u0159\u00ednosech pro m\u011bsto. Byla by \u0161koda, kdyby ji v&nbsp;tom museli zastoupit\u00a0jin\u00ed z\u00fa\u010dastn\u011bn\u00ed dosp\u011bl\u00ed, kte\u0159\u00ed maj\u00ed na z\u00e1jezdu plno dal\u0161\u00edch \u00fakol\u016f.<\/p>\n<p>Ka\u017edop\u00e1dn\u011b p\u0159ij\u010fte cel\u00e9 v\u00fdprav\u011b v&nbsp;p\u00e1tek odpoledne zam\u00e1vat!<\/p>\n<p>&nbsp;  <\/p>\n","protected":false},"excerpt":{"rendered":"<p>Z\u0159ejm\u011b jen p\u0159irozen\u00e1 skromnost a&nbsp;velk\u00e9 pracovn\u00ed vyt\u00ed\u017een\u00ed zabr\u00e1nilo Rad\u011b m\u011bsta, aby na obecn\u00edm webu publikovala z\u00e1pis ze sv\u00e9ho jedn\u00e1n\u00ed \u010d.&nbsp;12\/2018, kter\u00e9 dle z\u00e1pisu prob\u011bhlo 16.&nbsp;kv\u011btna. Shodou okolnost\u00ed jen 2 dny po&nbsp;jedn\u00e1n\u00ed \u010d.&nbsp;11 (o&nbsp;n\u011bm\u017e si tu tak\u00e9 je\u0161t\u011b p\u00e1r slov nap\u00ed\u0161eme). A&nbsp;to je bezesporu \u0161koda, kterou se pokus\u00edme napravit. Mus\u00edme, proto\u017ee do It\u00e1lie se odj\u00ed\u017ed\u00ed [&hellip;]<\/p>\n","protected":false},"author":18,"featured_media":0,"comment_status":"open","ping_status":"open","sticky":false,"template":"","format":"standard","meta":[],"categories":[4,111,1],"tags":[],"_links":{"self":[{"href":"https:\/\/libcickekrizovatky.cz\/index.php?rest_route=\/wp\/v2\/posts\/18634"}],"collection":[{"href":"https:\/\/libcickekrizovatky.cz\/index.php?rest_route=\/wp\/v2\/posts"}],"about":[{"href":"https:\/\/libcickekrizovatky.cz\/index.php?rest_route=\/wp\/v2\/types\/post"}],"author":[{"embeddable":true,"href":"https:\/\/libcickekrizovatky.cz\/index.php?rest_route=\/wp\/v2\/users\/18"}],"replies":[{"embeddable":true,"href":"https:\/\/libcickekrizovatky.cz\/index.php?rest_route=%2Fwp%2Fv2%2Fcomments&post=18634"}],"version-history":[{"count":13,"href":"https:\/\/libcickekrizovatky.cz\/index.php?rest_route=\/wp\/v2\/posts\/18634\/revisions"}],"predecessor-version":[{"id":18652,"href":"https:\/\/libcickekrizovatky.cz\/index.php?rest_route=\/wp\/v2\/posts\/18634\/revisions\/18652"}],"wp:attachment":[{"href":"https:\/\/libcickekrizovatky.cz\/index.php?rest_route=%2Fwp%2Fv2%2Fmedia&parent=18634"}],"wp:term":[{"taxonomy":"category","embeddable":true,"href":"https:\/\/libcickekrizovatky.cz\/index.php?rest_route=%2Fwp%2Fv2%2Fcategories&post=18634"},{"taxonomy":"post_tag","embeddable":true,"href":"https:\/\/libcickekrizovatky.cz\/index.php?rest_route=%2Fwp%2Fv2%2Ftags&post=18634"}],"curies":[{"name":"wp","href":"https:\/\/api.w.org\/{rel}","templated":true}]}}