{"id":19050,"date":"2018-07-08T23:15:16","date_gmt":"2018-07-08T21:15:16","guid":{"rendered":"http:\/\/libcickekrizovatky.cz\/?p=19050"},"modified":"2018-07-07T21:52:33","modified_gmt":"2018-07-07T19:52:33","slug":"skolni-rok-v-zus-skoncil-tradicni-zahradni-slavnosti","status":"publish","type":"post","link":"https:\/\/libcickekrizovatky.cz\/?p=19050","title":{"rendered":"\u0160koln\u00ed rok v&nbsp;ZU\u0160 skon\u010dil tradi\u010dn\u00ed Zahradn\u00ed slavnost\u00ed"},"content":{"rendered":"<div style=\"float: right; margin: 10px;\"><a href=\"https:\/\/libcickekrizovatky.cz\/content\/uploads\/2014\/08\/LK06-18.png\"><img loading=\"lazy\" class=\"alignleft wp-image-18937\" src=\"https:\/\/libcickekrizovatky.cz\/content\/uploads\/2014\/08\/LK06-18-217x300.png\" alt=\"Lib\u010dick\u00e9 k\u0159i\u017eovatky \u010d.2\/2018\" width=\"87\" height=\"120\" srcset=\"https:\/\/libcickekrizovatky.cz\/content\/uploads\/2014\/08\/LK06-18-217x300.png 217w, https:\/\/libcickekrizovatky.cz\/content\/uploads\/2014\/08\/LK06-18.png 340w\" sizes=\"(max-width: 87px) 100vw, 87px\" \/><\/a><\/div>\n<p><em>Vy\u0161lo v&nbsp;ti\u0161t\u011bn\u00e9 podob\u011b Lib\u010dick\u00fdch k\u0159i\u017eovatek \u010d\u00edslo 2 \/ 2018.<\/em><\/p>\n<p>Z\u00e1v\u011br \u0161koln\u00edho roku b\u00fdv\u00e1 nejen pro u\u010ditele a&nbsp;d\u011bti, ale i&nbsp;pro jejich rodi\u010de n\u00e1ro\u010dn\u00e9 obdob\u00ed. Obzvl\u00e1\u0161\u0165 kdy\u017e jsou d\u011bti aktivn\u00ed \u010di&nbsp;nav\u0161t\u011bvuj\u00ed v\u00edce \u0161koln\u00edch za\u0159\u00edzen\u00ed. Zahradn\u00ed slavnost, t\u0159eba takov\u00e1, jakou pravideln\u011b po\u0159\u00e1d\u00e1 lib\u010dick\u00e1 Z\u00e1kladn\u00ed um\u011bleck\u00e1 \u0161kola, je pak opravdu p\u0159\u00edjemnou odm\u011bnou, v\u011b\u0159\u00edm, \u017ee pro v\u0161echny. D\u011bti vyv\u00fd\u0161en\u00e9 p\u00f3dium, profesion\u00e1ln\u00ed ozvu\u010den\u00ed a&nbsp;pln\u00e9 hledi\u0161t\u011b motivuje k&nbsp;t\u011bm nejlep\u0161\u00edm v\u00fdkon\u016fm, odm\u011bnou je jim svla\u017een\u00ed v&nbsp;baz\u00e9nu a&nbsp;ob\u010derstven\u00ed ve st\u00e1nku. Dosp\u011bl\u00fdm div\u00e1k\u016fm se dost\u00e1v\u00e1 vrchovat\u011b kulturn\u00edch z\u00e1\u017eitk\u016f a&nbsp;v&nbsp;p\u0159\u00edpad\u011b na\u0161\u00ed ZU\u0160 p\u0159\u00edvlastek kulturn\u00ed opravdu nen\u00ed nads\u00e1zkou. Na u\u010ditele zb\u00fdv\u00e1 potlesk, pod\u011bkov\u00e1n\u00ed a&nbsp;snad i&nbsp;pohled na spokojen\u00e9 \u017e\u00e1ky i&nbsp;rodi\u010de.<!--more--><\/p>\n<p>Zahradn\u00ed slavnost je u\u017e t\u00e9m\u011b\u0159 tradi\u010dn\u00ed, tradic\u00ed je tak\u00e9 tropick\u00e9 po\u010das\u00ed, kter\u00e9 slavnost snad pravideln\u011b doprov\u00e1z\u00ed. B\u011bhem odpoledne se na p\u00f3diu p\u0159edstavily v\u0161echny um\u011bleck\u00e9 obory, od hudebn\u00edho p\u0159es tane\u010dn\u00ed a&nbsp;dramatick\u00fd, svou zahradn\u00ed galerii m\u011bl i&nbsp;obor v\u00fdtvarn\u00fd. \u00davod pat\u0159il d\u011btsk\u00e9mu p\u011bveck\u00e9mu sboru \u0160katulata z&nbsp;Horom\u011b\u0159ick\u00e9 pobo\u010dky, z\u00e1v\u011br pak \u0161koln\u00edmu komorn\u00edmu orchestru Komor\u00e1\u010dek a&nbsp;saxofonov\u00e9mu big bandu.<\/p>\n<div class=\"gallery gallery-columns-3 gallery-size-thumbnail rps-image-gallery-format-default rps-image-gallery-theme-default rps-image-gallery-columns-responsive rps-image-gallery rps-image-gallery-masonry rps-image-gallery-no-heading rps-image-gallery-caption rps-image-gallery-no-social \" style=\"text-align:left\" pageSize=\"0\" currentPage=\"0\" ><ul class=\"background-thumbnails\"><li class=\"gallery-item gallery-item-begin-row\"><div class=\"gallery-icon landscape\"><a rel=\"rps-image-group-19050\" href=\"https:\/\/libcickekrizovatky.cz\/content\/uploads\/2018\/07\/Karban-na-po\u0301diu.jpg\" title=\"\"><img src=\"https:\/\/libcickekrizovatky.cz\/content\/uploads\/2018\/07\/Karban-na-po\u0301diu-250x250.jpg\" alt=\"Karban na po\u0301diu\" title=\"Karban na po\u0301diu\" class=\"attachment-thumbnail\" width=\"250\" height=\"250\" sizes=\"(max-width: 250px) 100vw, 250px\"><\/a><\/div><\/li><li class=\"gallery-item \"><div class=\"gallery-icon landscape\"><a rel=\"rps-image-group-19050\" href=\"https:\/\/libcickekrizovatky.cz\/content\/uploads\/2018\/07\/Male\u0301-tanec\u030cnice.jpg\" title=\"\"><img src=\"https:\/\/libcickekrizovatky.cz\/content\/uploads\/2018\/07\/Male\u0301-tanec\u030cnice-250x250.jpg\" alt=\"Male\u0301 tanec\u030cnice\" title=\"Male\u0301 tanec\u030cnice\" class=\"attachment-thumbnail\" width=\"250\" height=\"250\" sizes=\"(max-width: 250px) 100vw, 250px\"><\/a><\/div><\/li><li class=\"gallery-item gallery-item-end-row\"><div class=\"gallery-icon landscape\"><a rel=\"rps-image-group-19050\" href=\"https:\/\/libcickekrizovatky.cz\/content\/uploads\/2018\/07\/Vzpomi\u0301nka-na-Va\u0301clava-Fischera.jpg\" title=\"\"><img src=\"https:\/\/libcickekrizovatky.cz\/content\/uploads\/2018\/07\/Vzpomi\u0301nka-na-Va\u0301clava-Fischera-250x250.jpg\" alt=\"Vzpomi\u0301nka na Va\u0301clava Fischera\" title=\"Vzpomi\u0301nka na Va\u0301clava Fischera\" class=\"attachment-thumbnail last\" width=\"250\" height=\"250\" sizes=\"(max-width: 250px) 100vw, 250px\"><\/a><\/div><\/li><\/ul><\/div>\n<p>U\u017e letos v&nbsp;b\u0159eznu \u0161kola v\u011bnovala vzpom\u00ednkov\u00fd ve\u010der m\u00edstn\u00edmu rod\u00e1kovi, texta\u0159i V\u00e1clavu Fischerovi, a&nbsp;nyn\u00ed na motivy jeho p\u00eds\u0148ov\u00fdch text\u016f tan\u010dili nejmlad\u0161\u00ed tane\u010dn\u00edci. Jeho tvorbu p\u0159ipomn\u011bla tak\u00e9 mal\u00e1 v\u00fdstavka ve v\u00fdtvarn\u00e9m ateli\u00e9ru. T\u011b\u0161\u00ed m\u011b, \u017ee vedle p\u0159\u00edjemn\u00e9ho um\u011bleck\u00e9ho z\u00e1\u017eitku u\u010ditel\u00e9 dok\u00e1\u017e\u00ed t\u00edmto nen\u00e1padn\u00fdm zp\u016fsobem p\u0159edat d\u011btem i&nbsp;n\u00e1m dosp\u011bl\u00fdm p\u0159\u00edb\u011bh v\u00fdznamn\u00e9 lib\u010dick\u00e9 rodiny, kter\u00e1 m\u011bla mimo jin\u00e9 p\u0159\u00edmou vazbu na budovu Z\u00e1kladn\u00ed um\u011bleck\u00e9 \u0161koly.<\/p>\n<p>Budova \u0161koly dostala k&nbsp;z\u00e1v\u011bru \u0161koln\u00edho roku tak\u00e9 jeden d\u00e1rek: je j\u00edm p\u0159estavba horn\u00edho patra, kde doned\u00e1vna b\u00fdval slu\u017eebn\u00ed byt. Nyn\u00ed jsou prostory k&nbsp;nepozn\u00e1n\u00ed. \u0158editelna, kuchy\u0148ka, kancel\u00e1\u0159 a&nbsp;soci\u00e1ln\u00ed za\u0159\u00edzen\u00ed se p\u0159esunuly v\u00fd\u0161e a&nbsp;v&nbsp;prvn\u00edm pat\u0159e se tak uvolnily prostory pro v\u00fduku. Rekonstrukce podkrov\u00ed vypad\u00e1 na prvn\u00ed pohled velmi zda\u0159ile, p\u011bkn\u00e9 jsou i&nbsp;detaily jako p\u016fvodn\u00ed obnoven\u00e9 d\u0159ev\u011bn\u00e9 dve\u0159e n\u011bkter\u00fdch m\u00edstnost\u00ed. Budova \u0161koly se tak po&nbsp;fas\u00e1d\u011b a&nbsp;st\u0159e\u0161e rozsv\u00edtila i&nbsp;uvnit\u0159.<\/p>\n<div class=\"gallery gallery-columns-3 gallery-size-thumbnail rps-image-gallery-format-default rps-image-gallery-theme-default rps-image-gallery-columns-responsive rps-image-gallery rps-image-gallery-masonry rps-image-gallery-no-heading rps-image-gallery-caption rps-image-gallery-no-social \" style=\"text-align:left\" pageSize=\"0\" currentPage=\"0\" ><ul class=\"background-thumbnails\"><li class=\"gallery-item gallery-item-begin-row\"><div class=\"gallery-icon landscape\"><a rel=\"rps-image-group-19050\" href=\"https:\/\/libcickekrizovatky.cz\/content\/uploads\/2018\/07\/Alenka-a-bi\u0301ly\u0301-kra\u0301li\u0301c\u030cek.jpg\" title=\"\"><img src=\"https:\/\/libcickekrizovatky.cz\/content\/uploads\/2018\/07\/Alenka-a-bi\u0301ly\u0301-kra\u0301li\u0301c\u030cek-250x250.jpg\" alt=\"Alenka a bi\u0301ly\u0301 kra\u0301li\u0301c\u030cek\" title=\"Alenka a bi\u0301ly\u0301 kra\u0301li\u0301c\u030cek\" class=\"attachment-thumbnail\" width=\"250\" height=\"250\" sizes=\"(max-width: 250px) 100vw, 250px\"><\/a><\/div><\/li><li class=\"gallery-item \"><div class=\"gallery-icon landscape\"><a rel=\"rps-image-group-19050\" href=\"https:\/\/libcickekrizovatky.cz\/content\/uploads\/2018\/07\/Alenka-a-zvi\u0301r\u030ca\u0301tka.jpg\" title=\"\"><img src=\"https:\/\/libcickekrizovatky.cz\/content\/uploads\/2018\/07\/Alenka-a-zvi\u0301r\u030ca\u0301tka-250x250.jpg\" alt=\"Alenka a zvi\u0301r\u030ca\u0301tka\" title=\"Alenka a zvi\u0301r\u030ca\u0301tka\" class=\"attachment-thumbnail\" width=\"250\" height=\"250\" sizes=\"(max-width: 250px) 100vw, 250px\"><\/a><\/div><\/li><li class=\"gallery-item gallery-item-end-row\"><div class=\"gallery-icon landscape\"><a rel=\"rps-image-group-19050\" href=\"https:\/\/libcickekrizovatky.cz\/content\/uploads\/2018\/07\/Za\u0301ve\u030crec\u030cny\u0301-u\u0301klid-po\u0301dia.jpg\" title=\"\"><img src=\"https:\/\/libcickekrizovatky.cz\/content\/uploads\/2018\/07\/Za\u0301ve\u030crec\u030cny\u0301-u\u0301klid-po\u0301dia-250x250.jpg\" alt=\"Za\u0301ve\u030crec\u030cny\u0301 u\u0301klid po\u0301dia\" title=\"Za\u0301ve\u030crec\u030cny\u0301 u\u0301klid po\u0301dia\" class=\"attachment-thumbnail last\" width=\"250\" height=\"250\" sizes=\"(max-width: 250px) 100vw, 250px\"><\/a><\/div><\/li><\/ul><\/div>\n<p>Jako zastupitelku m\u011bsta i&nbsp;jako maminku d\u011bt\u00ed nav\u0161t\u011bvuj\u00edc\u00edch \u0161kolu m\u011b tato p\u0159em\u011bna velmi t\u011b\u0161\u00ed a&nbsp;douf\u00e1m, \u017ee stejn\u00e9 citliv\u00e9 pozornosti se do\u010dk\u00e1 i&nbsp;\u0161koln\u00ed zahrada. M\u011bstsk\u00e1 zele\u0148 je u&nbsp;n\u00e1s bohu\u017eel dlouhodob\u011b podce\u0148ovanou oblast\u00ed, kter\u00e1 si p\u0159itom zaslou\u017e\u00ed stejn\u00fd odborn\u00fd p\u0159\u00edstup, projektovou p\u0159\u00edpravu a&nbsp;pozornou p\u00e9\u010di jako budovy samotn\u00e9.<\/p>\n<p style=\"text-align: right;\"><em>Tereza Nehasilov\u00e1<\/em><\/p>\n","protected":false},"excerpt":{"rendered":"<p>Vy\u0161lo v&nbsp;ti\u0161t\u011bn\u00e9 podob\u011b Lib\u010dick\u00fdch k\u0159i\u017eovatek \u010d\u00edslo 2 \/ 2018. Z\u00e1v\u011br \u0161koln\u00edho roku b\u00fdv\u00e1 nejen pro u\u010ditele a&nbsp;d\u011bti, ale i&nbsp;pro jejich rodi\u010de n\u00e1ro\u010dn\u00e9 obdob\u00ed. Obzvl\u00e1\u0161\u0165 kdy\u017e jsou d\u011bti aktivn\u00ed \u010di&nbsp;nav\u0161t\u011bvuj\u00ed v\u00edce \u0161koln\u00edch za\u0159\u00edzen\u00ed. Zahradn\u00ed slavnost, t\u0159eba takov\u00e1, jakou pravideln\u011b po\u0159\u00e1d\u00e1 lib\u010dick\u00e1 Z\u00e1kladn\u00ed um\u011bleck\u00e1 \u0161kola, je pak opravdu p\u0159\u00edjemnou odm\u011bnou, v\u011b\u0159\u00edm, \u017ee pro v\u0161echny. D\u011bti vyv\u00fd\u0161en\u00e9 p\u00f3dium, [&hellip;]<\/p>\n","protected":false},"author":3,"featured_media":0,"comment_status":"open","ping_status":"open","sticky":false,"template":"","format":"standard","meta":[],"categories":[192],"tags":[287],"_links":{"self":[{"href":"https:\/\/libcickekrizovatky.cz\/index.php?rest_route=\/wp\/v2\/posts\/19050"}],"collection":[{"href":"https:\/\/libcickekrizovatky.cz\/index.php?rest_route=\/wp\/v2\/posts"}],"about":[{"href":"https:\/\/libcickekrizovatky.cz\/index.php?rest_route=\/wp\/v2\/types\/post"}],"author":[{"embeddable":true,"href":"https:\/\/libcickekrizovatky.cz\/index.php?rest_route=\/wp\/v2\/users\/3"}],"replies":[{"embeddable":true,"href":"https:\/\/libcickekrizovatky.cz\/index.php?rest_route=%2Fwp%2Fv2%2Fcomments&post=19050"}],"version-history":[{"count":4,"href":"https:\/\/libcickekrizovatky.cz\/index.php?rest_route=\/wp\/v2\/posts\/19050\/revisions"}],"predecessor-version":[{"id":19060,"href":"https:\/\/libcickekrizovatky.cz\/index.php?rest_route=\/wp\/v2\/posts\/19050\/revisions\/19060"}],"wp:attachment":[{"href":"https:\/\/libcickekrizovatky.cz\/index.php?rest_route=%2Fwp%2Fv2%2Fmedia&parent=19050"}],"wp:term":[{"taxonomy":"category","embeddable":true,"href":"https:\/\/libcickekrizovatky.cz\/index.php?rest_route=%2Fwp%2Fv2%2Fcategories&post=19050"},{"taxonomy":"post_tag","embeddable":true,"href":"https:\/\/libcickekrizovatky.cz\/index.php?rest_route=%2Fwp%2Fv2%2Ftags&post=19050"}],"curies":[{"name":"wp","href":"https:\/\/api.w.org\/{rel}","templated":true}]}}