{"id":19423,"date":"2018-09-13T22:19:57","date_gmt":"2018-09-13T20:19:57","guid":{"rendered":"http:\/\/libcickekrizovatky.cz\/?p=19423"},"modified":"2018-09-16T12:16:56","modified_gmt":"2018-09-16T10:16:56","slug":"3-nazory-proc-volit-los","status":"publish","type":"post","link":"https:\/\/libcickekrizovatky.cz\/?p=19423","title":{"rendered":"3 n\u00e1zory: Pro\u010d volit LOS"},"content":{"rendered":"<div style=\"float: right; margin: 10px;\"><a href=\"https:\/\/libcickekrizovatky.cz\/content\/uploads\/2014\/08\/LK08-18.png\"><img loading=\"lazy\" class=\"alignleft size-full wp-image-19418\" src=\"https:\/\/libcickekrizovatky.cz\/content\/uploads\/2014\/08\/LK08-18.png\" alt=\"Lib\u010dick\u00e9 k\u0159i\u017eovatky \u010d.3\/2018\" width=\"87\" height=\"120\" srcset=\"https:\/\/libcickekrizovatky.cz\/content\/uploads\/2014\/08\/LK08-18.png 340w, https:\/\/libcickekrizovatky.cz\/content\/uploads\/2014\/08\/LK08-18-217x300.png 217w\" sizes=\"(max-width: 87px) 100vw, 87px\" \/><\/a><\/div>\n<p><em>Vy\u0161lo v\u00a0ti\u0161t\u011bn\u00e9 podob\u011b Lib\u010dick\u00fdch k\u0159i\u017eovatek \u010d\u00edslo 3 \/ 2018.<\/em><\/p>\n<p>3 lid\u00e9, 3 n\u00e1zory. T\u0159eba nebudete souhlasit, ale p\u0159e\u010d\u00edst si je m\u016f\u017eete&#8230;<\/p>\n<p><!--more--><\/p>\n<div class=\"alert alert-info\">\n<p>Velmi m\u011b pot\u011b\u0161ilo, kdy\u017e jsem se dozv\u011bd\u011bla o&nbsp;tom, \u017ee Petra Pele\u0161kov\u00e1 je v&nbsp;\u010dele kandid\u00e1tky spolku LOS pro volby do zastupitelstva m\u011bsta. Pova\u017euji ji za \u010dlov\u011bka, kter\u00fd se dlouhodob\u011b zaj\u00edm\u00e1 o&nbsp;fungov\u00e1n\u00ed na\u0161eho m\u011bsta, o&nbsp;ob\u010dany v&nbsp;n\u011bm \u017eij\u00edc\u00ed a&nbsp;aktivn\u011b se pod\u00edl\u00ed na organizaci akc\u00ed, kter\u00e9 velmi r\u00e1da i&nbsp;s&nbsp;rodinou nav\u0161t\u011bvuji.<\/p>\n<p>Pat\u0159\u00ed mezi m\u00e9 kamar\u00e1dky a&nbsp;jsem za to velmi r\u00e1da. Je to toti\u017e \u010dlov\u011bk mil\u00fd a&nbsp;vst\u0159\u00edcn\u00fd a&nbsp;m\u016f\u017eu se na ni kdykoliv a&nbsp;s&nbsp;\u010d\u00edmkoliv obr\u00e1tit.<\/p>\n<p style=\"text-align: right;\"><strong>Jana Kejmarov\u00e1,<br \/>\n<\/strong><em>n\u00e1\u010delnice Sokola Lib\u010dice, dru\u017ein\u00e1\u0159ka<br \/>\na&nbsp;aktivn\u00ed \u010dlenka n\u011bkolika lib\u010dick\u00fdch spolk\u016f<\/em><\/p>\n<\/div>\n<div class=\"alert alert-warning\">\n<p>Kandid\u00e1tku Lib\u010dick\u00e9ho ob\u010dansk\u00e9ho spolku LOS tvo\u0159\u00ed 15 na\u0161ich spoluob\u010dan\u016f s&nbsp;bohat\u00fdmi \u017eivotn\u00edmi zku\u0161enostmi a&nbsp;\u00a0profesn\u00ed kvalifikac\u00ed nap\u0159\u00ed\u010d d\u016fle\u017eit\u00fdmi pracovn\u00edmi specializacemi. Jsou systemati\u010dt\u00ed a&nbsp;znal\u00ed z\u00e1kon\u016f a&nbsp;p\u0159edpis\u016f, to napov\u00edd\u00e1 nejen pr\u00e1ce sou\u010dasn\u00fdch zastupitel\u016f, ale i&nbsp;\u201elos\u00edch\u201c organiz\u00e1tor\u016f spolkov\u00fdch akc\u00ed. Op\u00edraj\u00ed se o&nbsp;zku\u0161enosti z&nbsp;opozi\u010dn\u00edch lavic, kde se nau\u010dili prosazovat racion\u00e1ln\u00ed argumenty proti v\u011bt\u0161in\u011b, a&nbsp;pokud by je volebn\u00ed v\u00fdsledek v\u0159adil na radnici, budou moc dob\u0159e rozum\u011bt v\u00fdznamu koleg\u016f v&nbsp;opozici, kvalifikovan\u00e9 kritice a&nbsp;kontrole.<\/p>\n<p>Vzhledem k&nbsp;jejich p\u0159eva\u017euj\u00edc\u00edmu mlad\u0161\u00edmu st\u0159edn\u00edmu v\u011bku dob\u0159e v\u011bd\u00ed, jak proz\u00edrav\u011b p\u0159ipravit a&nbsp;vyjednat z\u00e1zem\u00ed m\u011bsta pro odhadovan\u00fd n\u011bkolikasethlav\u00fd p\u0159\u00edr\u016fstek pl\u00e1novan\u00e9 bytov\u00e9 v\u00fdstavby. Lid\u00e9 z&nbsp;Lib\u010dick\u00e9ho ob\u010dansk\u00e9ho spolku \u017eij\u00ed perspektivy mlad\u00fdch a&nbsp;u\u017e vid\u00ed i&nbsp;perspektivy star\u00fdch. Jsou zral\u00ed p\u0159evz\u00edt zodpov\u011bdnost za veden\u00ed m\u011bsta.<\/p>\n<p style=\"text-align: right;\"><strong>Mgr. Martin Sekera,<\/strong><em><strong> Ph.D.,<\/strong><br \/>\n\u0159editel knihovny N\u00e1rodn\u00edho muzea,<br \/>\nb\u00fdval\u00fd zastupitel m\u011bsta Lib\u010dice nad Vltavou<\/em><\/p>\n<\/div>\n<div class=\"alert alert-info\">\n<p>Moje volebn\u00ed preference ve t\u0159ech bodech<\/p>\n<ol>\n<li>Ani\u017e bych \u010dleny spolku LOS n\u011bjak bl\u00ed\u017e znala, je mi velmi sympatick\u00e1 jejich snaha \u201esuplovat\u201c neexistuj\u00edc\u00ed kulturn\u00ed st\u0159edisko, aktivn\u011b se pod\u00edlet na kulturn\u00edm \u017eivot\u011b Lib\u010dic po\u0159\u00e1d\u00e1n\u00edm samostatn\u00fdch a&nbsp;zaj\u00edmav\u00fdch akc\u00ed.<\/li>\n<\/ol>\n<ol start=\"2\">\n<li>Jdou do voleb sami za sebe, nekryj\u00ed jim z\u00e1da \u017e\u00e1dn\u00e9 politick\u00e9 strany, kter\u00e9 se v&nbsp;Lib\u010dic\u00edch p\u0159ed minul\u00fdmi volbami zni\u010dehonic objevily.<\/li>\n<li>V\u011bt\u0161ina z&nbsp;nich jsou mlad\u00ed lid\u00e9 a&nbsp;v\u011bt\u0161ina z&nbsp;nich m\u00e1 men\u0161\u00ed \u010di&nbsp;v\u011bt\u0161\u00ed d\u011bti. To je pro m\u011b z\u00e1ruka toho, \u017ee budou db\u00e1t na rozvoj m\u011bsta pro sv\u00e9 potomky a&nbsp;ne na osobn\u00ed prosp\u011bch.<\/li>\n<\/ol>\n<p>V souvislosti s&nbsp;volebn\u00edm bojem dvou hlavn\u00edch rival\u016f m\u011b napadaj\u00ed dv\u011b moudrosti na\u0161ich p\u0159edk\u016f, a&nbsp;to: Star\u00e9ho psa nov\u00fdm kousk\u016fm nenau\u010d\u00ed\u0161 a&nbsp;Nov\u00e9 ko\u0161t\u011b dob\u0159e mete.<\/p>\n<p>Tak \u017ee bychom vyzkou\u0161eli to nov\u00e9 ko\u0161t\u011b?<\/p>\n<p style=\"text-align: right;\"><strong>Ing. Milada Krop\u00e1\u010dkov\u00e1,<\/strong><em><br \/>\np\u016fsobila jako vedouc\u00ed kulturn\u00edho st\u0159ediska p\u0159i&nbsp;M\u011b\u00da Lib\u010dice,<br \/>\nbyla redaktorkou Lib\u010dick\u00fdch novin a&nbsp;dlouholetou zastupitelkou m\u011bsta<\/em><\/p>\n<\/div>\n","protected":false},"excerpt":{"rendered":"<p>Vy\u0161lo v\u00a0ti\u0161t\u011bn\u00e9 podob\u011b Lib\u010dick\u00fdch k\u0159i\u017eovatek \u010d\u00edslo 3 \/ 2018.&nbsp;3 lid\u00e9, 3 n\u00e1zory. T\u0159eba nebudete souhlasit, ale p\u0159e\u010d\u00edst si je m\u016f\u017eete&#8230;<\/p>\n","protected":false},"author":3,"featured_media":0,"comment_status":"open","ping_status":"open","sticky":false,"template":"","format":"standard","meta":[],"categories":[111],"tags":[],"_links":{"self":[{"href":"https:\/\/libcickekrizovatky.cz\/index.php?rest_route=\/wp\/v2\/posts\/19423"}],"collection":[{"href":"https:\/\/libcickekrizovatky.cz\/index.php?rest_route=\/wp\/v2\/posts"}],"about":[{"href":"https:\/\/libcickekrizovatky.cz\/index.php?rest_route=\/wp\/v2\/types\/post"}],"author":[{"embeddable":true,"href":"https:\/\/libcickekrizovatky.cz\/index.php?rest_route=\/wp\/v2\/users\/3"}],"replies":[{"embeddable":true,"href":"https:\/\/libcickekrizovatky.cz\/index.php?rest_route=%2Fwp%2Fv2%2Fcomments&post=19423"}],"version-history":[{"count":5,"href":"https:\/\/libcickekrizovatky.cz\/index.php?rest_route=\/wp\/v2\/posts\/19423\/revisions"}],"predecessor-version":[{"id":19739,"href":"https:\/\/libcickekrizovatky.cz\/index.php?rest_route=\/wp\/v2\/posts\/19423\/revisions\/19739"}],"wp:attachment":[{"href":"https:\/\/libcickekrizovatky.cz\/index.php?rest_route=%2Fwp%2Fv2%2Fmedia&parent=19423"}],"wp:term":[{"taxonomy":"category","embeddable":true,"href":"https:\/\/libcickekrizovatky.cz\/index.php?rest_route=%2Fwp%2Fv2%2Fcategories&post=19423"},{"taxonomy":"post_tag","embeddable":true,"href":"https:\/\/libcickekrizovatky.cz\/index.php?rest_route=%2Fwp%2Fv2%2Ftags&post=19423"}],"curies":[{"name":"wp","href":"https:\/\/api.w.org\/{rel}","templated":true}]}}