{"id":19535,"date":"2018-09-09T20:56:52","date_gmt":"2018-09-09T18:56:52","guid":{"rendered":"http:\/\/libcickekrizovatky.cz\/?p=19535"},"modified":"2018-09-09T20:59:03","modified_gmt":"2018-09-09T18:59:03","slug":"nazory-z-televize","status":"publish","type":"post","link":"https:\/\/libcickekrizovatky.cz\/?p=19535","title":{"rendered":"N\u00e1zory z&nbsp;televize"},"content":{"rendered":"<div style=\"float: left; margin: 10px;\"><a href=\"https:\/\/www.ceskatelevize.cz\/porady\/10116287760-politicke-spektrum\/218411058200020\/\"><img loading=\"lazy\" class=\"alignleft wp-image-19536\" src=\"https:\/\/libcickekrizovatky.cz\/content\/uploads\/2018\/09\/MS-TV-1.jpg\" alt=\"Politick\u00e9 spektrum: Martin \u0160imon\" width=\"180\" height=\"120\" srcset=\"https:\/\/libcickekrizovatky.cz\/content\/uploads\/2018\/09\/MS-TV-1.jpg 1771w, https:\/\/libcickekrizovatky.cz\/content\/uploads\/2018\/09\/MS-TV-1-300x200.jpg 300w, https:\/\/libcickekrizovatky.cz\/content\/uploads\/2018\/09\/MS-TV-1-768x512.jpg 768w, https:\/\/libcickekrizovatky.cz\/content\/uploads\/2018\/09\/MS-TV-1-1024x683.jpg 1024w\" sizes=\"(max-width: 180px) 100vw, 180px\" \/><\/a><\/div>\n<p>Kdy\u017e chcete zn\u00e1t n\u00e1zor sv\u00e9ho souseda na komun\u00e1ln\u00ed volby, m\u016f\u017eete ho zastavit na ulici nebo si k&nbsp;n\u011bmu p\u0159isednout v&nbsp;hospod\u011b a&nbsp;prost\u011b se zeptat. Nab\u00edz\u00ed se i&nbsp;varianta p\u0159e\u010d\u00edst si radni\u010dn\u00ed noviny, pokud m\u00e1te siln\u00fd \u017ealudek.<\/p>\n<p>Ne \u00fapln\u011b v\u017edy se vyskytne i&nbsp;dal\u0161\u00ed mo\u017enost &#8211; pod\u00edvat se na sv\u00e9ho souseda v&nbsp;televizi. Ano, po&nbsp;del\u0161\u00ed dob\u011b bychom tu zase jednou r\u00e1di upozornili na &#8220;na\u0161ince&#8221;, jeho\u017e n\u00e1zor je sly\u0161et i&nbsp;mimo na\u0161e m\u011bste\u010dko.\u00a0 <!--more--><\/p>\n<p>Po\u0159ad ve\u0159ejn\u011bpr\u00e1vn\u00ed stanice \u010cT24 <span style=\"text-decoration: underline;\"><a href=\"https:\/\/www.ceskatelevize.cz\/porady\/10116287760-politicke-spektrum\/218411058200020\/\" target=\"_blank\">&#8220;Politick\u00e9 spektrum&#8221; se v&nbsp;sobotu 8.&nbsp;z\u00e1\u0159\u00ed<\/a><\/span> v\u011bnoval t\u00e9matu komun\u00e1ln\u00edch voleb a&nbsp;v&nbsp;pra\u017esk\u00e9m a&nbsp;brn\u011bnsk\u00e9m studiu se do diskuse zapojili 3 odborn\u00edci. Jedn\u00edm z&nbsp;nich byl i&nbsp;Martin \u0160imon reprezentuj\u00edc\u00ed Sociologick\u00fd \u00fastav AV \u010cR.<\/p>\n<p>No a&nbsp;my samoz\u0159ejm\u011b doporu\u010dujeme, abyste po\u0159adu v\u011bnovali 26 minut pozornosti. Schv\u00e1ln\u011b, ov\u011b\u0159te si, jak zn\u00e1te m\u00edstn\u00ed lib\u010dickou politiku a&nbsp;kolikr\u00e1t v\u00e1m v&nbsp;Martinov\u00fdch odpov\u011bd\u00edch zarezonuje m\u00edstn\u00ed zku\u0161enost a&nbsp;kolikr\u00e1t se dozv\u00edte o&nbsp;kousek v\u00edc, ne\u017e div\u00e1ci ze zbytku republiky&#8230;<\/p>\n<p>A te\u010f u\u017e se ti\u0161e usa\u010fte, nebo\u0165 &#8220;Politick\u00e9 spektrum&#8221; pr\u00e1v\u011b nastavuje nesmlouvav\u00e9 zrcadlo komun\u00e1ln\u00edm volb\u00e1m&#8230; <span style=\"text-decoration: underline;\"><a href=\"https:\/\/www.ceskatelevize.cz\/porady\/10116287760-politicke-spektrum\/218411058200020\/\" target=\"_blank\">Cel\u00fd po\u0159ad m\u016f\u017eete shl\u00e9dnout zde.<\/a><\/span><\/p>\n<div class=\"gallery gallery-columns-4 gallery-size-thumbnail rps-image-gallery-format-default rps-image-gallery-theme-default rps-image-gallery-columns-no-responsive rps-image-gallery rps-image-gallery-masonry rps-image-gallery-no-heading rps-image-gallery-no-caption rps-image-gallery-no-social \" style=\"text-align:left\" pageSize=\"0\" currentPage=\"0\" ><ul class=\"background-thumbnails\"><li class=\"gallery-item gallery-item-begin-row\"><div class=\"gallery-icon landscape\"><a rel=\"rps-image-group-19535\" href=\"https:\/\/libcickekrizovatky.cz\/content\/uploads\/2018\/09\/MS-TV-1.jpg\" title=\"\"><img src=\"https:\/\/libcickekrizovatky.cz\/content\/uploads\/2018\/09\/MS-TV-1-250x250.jpg\" alt=\"Politick\u00e9 spektrum: Martin \u0160imon\" title=\"Politick\u00e9 spektrum: Martin \u0160imon\" class=\"attachment-thumbnail\" width=\"250\" height=\"250\" sizes=\"(max-width: 250px) 100vw, 250px\"><\/a><\/div><\/li><li class=\"gallery-item \"><div class=\"gallery-icon landscape\"><a rel=\"rps-image-group-19535\" href=\"https:\/\/libcickekrizovatky.cz\/content\/uploads\/2018\/09\/MS-TV-2.jpg\" title=\"\"><img src=\"https:\/\/libcickekrizovatky.cz\/content\/uploads\/2018\/09\/MS-TV-2-250x250.jpg\" alt=\"Politick\u00e9 spektrum: Martin \u0160imon\" title=\"Politick\u00e9 spektrum: Martin \u0160imon\" class=\"attachment-thumbnail\" width=\"250\" height=\"250\" sizes=\"(max-width: 250px) 100vw, 250px\"><\/a><\/div><\/li><li class=\"gallery-item \"><div class=\"gallery-icon landscape\"><a rel=\"rps-image-group-19535\" href=\"https:\/\/libcickekrizovatky.cz\/content\/uploads\/2018\/09\/MS-TV-4.jpg\" title=\"\"><img src=\"https:\/\/libcickekrizovatky.cz\/content\/uploads\/2018\/09\/MS-TV-4-250x250.jpg\" alt=\"Politick\u00e9 spektrum: Martin \u0160imon\" title=\"Politick\u00e9 spektrum: Martin \u0160imon\" class=\"attachment-thumbnail\" width=\"250\" height=\"250\" sizes=\"(max-width: 250px) 100vw, 250px\"><\/a><\/div><\/li><li class=\"gallery-item gallery-item-end-row\"><div class=\"gallery-icon landscape\"><a rel=\"rps-image-group-19535\" href=\"https:\/\/libcickekrizovatky.cz\/content\/uploads\/2018\/09\/MS-TV-3.jpg\" title=\"\"><img src=\"https:\/\/libcickekrizovatky.cz\/content\/uploads\/2018\/09\/MS-TV-3-250x250.jpg\" alt=\"Politick\u00e9 spektrum: Martin \u0160imon\" title=\"Politick\u00e9 spektrum: Martin \u0160imon\" class=\"attachment-thumbnail last\" width=\"250\" height=\"250\" sizes=\"(max-width: 250px) 100vw, 250px\"><\/a><\/div><\/li><\/ul><\/div>\n<p>&nbsp;  <\/p>\n","protected":false},"excerpt":{"rendered":"<p>Kdy\u017e chcete zn\u00e1t n\u00e1zor sv\u00e9ho souseda na komun\u00e1ln\u00ed volby, m\u016f\u017eete ho zastavit na ulici nebo si k&nbsp;n\u011bmu p\u0159isednout v&nbsp;hospod\u011b a&nbsp;prost\u011b se zeptat. Nab\u00edz\u00ed se i&nbsp;varianta p\u0159e\u010d\u00edst si radni\u010dn\u00ed noviny, pokud m\u00e1te siln\u00fd \u017ealudek. Ne \u00fapln\u011b v\u017edy se vyskytne i&nbsp;dal\u0161\u00ed mo\u017enost &#8211; pod\u00edvat se na sv\u00e9ho souseda v&nbsp;televizi. Ano, po&nbsp;del\u0161\u00ed dob\u011b bychom tu zase jednou r\u00e1di [&hellip;]<\/p>\n","protected":false},"author":18,"featured_media":0,"comment_status":"open","ping_status":"open","sticky":false,"template":"","format":"standard","meta":[],"categories":[4],"tags":[957,160,956,898,954,955,57],"_links":{"self":[{"href":"https:\/\/libcickekrizovatky.cz\/index.php?rest_route=\/wp\/v2\/posts\/19535"}],"collection":[{"href":"https:\/\/libcickekrizovatky.cz\/index.php?rest_route=\/wp\/v2\/posts"}],"about":[{"href":"https:\/\/libcickekrizovatky.cz\/index.php?rest_route=\/wp\/v2\/types\/post"}],"author":[{"embeddable":true,"href":"https:\/\/libcickekrizovatky.cz\/index.php?rest_route=\/wp\/v2\/users\/18"}],"replies":[{"embeddable":true,"href":"https:\/\/libcickekrizovatky.cz\/index.php?rest_route=%2Fwp%2Fv2%2Fcomments&post=19535"}],"version-history":[{"count":7,"href":"https:\/\/libcickekrizovatky.cz\/index.php?rest_route=\/wp\/v2\/posts\/19535\/revisions"}],"predecessor-version":[{"id":19547,"href":"https:\/\/libcickekrizovatky.cz\/index.php?rest_route=\/wp\/v2\/posts\/19535\/revisions\/19547"}],"wp:attachment":[{"href":"https:\/\/libcickekrizovatky.cz\/index.php?rest_route=%2Fwp%2Fv2%2Fmedia&parent=19535"}],"wp:term":[{"taxonomy":"category","embeddable":true,"href":"https:\/\/libcickekrizovatky.cz\/index.php?rest_route=%2Fwp%2Fv2%2Fcategories&post=19535"},{"taxonomy":"post_tag","embeddable":true,"href":"https:\/\/libcickekrizovatky.cz\/index.php?rest_route=%2Fwp%2Fv2%2Ftags&post=19535"}],"curies":[{"name":"wp","href":"https:\/\/api.w.org\/{rel}","templated":true}]}}