{"id":19699,"date":"2018-09-14T11:16:46","date_gmt":"2018-09-14T09:16:46","guid":{"rendered":"http:\/\/libcickekrizovatky.cz\/?p=19699"},"modified":"2018-09-27T01:36:53","modified_gmt":"2018-09-26T23:36:53","slug":"prisednete-na-volebni-lavicku","status":"publish","type":"post","link":"https:\/\/libcickekrizovatky.cz\/?p=19699","title":{"rendered":"P\u0159isedn\u011bte na volebn\u00ed lavi\u010dku"},"content":{"rendered":"<div style=\"float: left; margin: 10px;\"><a href=\"https:\/\/www.volebnilavicka.cz\/obec\/libcice-nad-vltavou-539414\" target=\"_blank\"><img class=\"alignnone\" src=\"https:\/\/libcickekrizovatky.cz\/content\/uploads\/2018\/09\/volebn\u00ed-lavi\u010dka.jpg\" alt=\"Volebn\u00ed lavi\u010dka\" width=\"200\" \/><\/a><\/div>\n<p>Lib\u010dick\u00fdch lavi\u010dek je pom\u011brn\u011b dost, tato m\u00e1 v\u0161ak zvl\u00e1\u0161tn\u00ed postaven\u00ed. Je a&nbsp;p\u0159itom nen\u00ed lib\u010dick\u00e1, je toti\u017e imagin\u00e1rn\u00ed. P\u0159isedn\u011bte si vedle <a href=\"https:\/\/libcickekrizovatky.cz\/?page_id=19444\"><span style=\"text-decoration: underline;\">Petry Pele\u0161kov\u00e9<\/span><\/a>, kandid\u00e1tky Lib\u010dick\u00e9ho ob\u010dansk\u00e9ho spolku LOS na starostku m\u011bsta.<\/p>\n<p>Volebn\u00ed lavi\u010dka v\u00e1m umo\u017en\u00ed sezn\u00e1mit se, ani\u017e byste se vzd\u00e1lili od sv\u00fdch monitor\u016f. V&nbsp;klidu domova si ud\u011blejte obr\u00e1zek o&nbsp;Pet\u0159in\u00fdch n\u00e1zorech, zku\u0161enostech a&nbsp;p\u0159edstav\u00e1ch, kam by Lib\u010dice m\u011bly v&nbsp;p\u0159\u00ed\u0161t\u00edch letech upnout sv\u00e9 s\u00edly a&nbsp;finan\u010dn\u00ed prost\u0159edky. <a href=\"https:\/\/www.volebnilavicka.cz\/obec\/libcice-nad-vltavou-539414\"><span style=\"text-decoration: underline;\">Sta\u010d\u00ed jen kliknout<\/span><\/a>.<!--more--><\/p>\n<p><a href=\"https:\/\/www.volebnilavicka.cz\/obec\/libcice-nad-vltavou-539414\" target=\"_blank\"><img class=\"alignnone\" src=\"https:\/\/libcickekrizovatky.cz\/content\/uploads\/2018\/09\/volebn\u00ed-lavi\u010dka.jpg\" alt=\"Volebn\u00ed lavi\u010dka\" width=\"100%\" \/><\/a>  <\/p>\n","protected":false},"excerpt":{"rendered":"<p>Lib\u010dick\u00fdch lavi\u010dek je pom\u011brn\u011b dost, tato m\u00e1 v\u0161ak zvl\u00e1\u0161tn\u00ed postaven\u00ed. Je a&nbsp;p\u0159itom nen\u00ed lib\u010dick\u00e1, je toti\u017e imagin\u00e1rn\u00ed. P\u0159isedn\u011bte si vedle Petry Pele\u0161kov\u00e9, kandid\u00e1tky Lib\u010dick\u00e9ho ob\u010dansk\u00e9ho spolku LOS na starostku m\u011bsta. Volebn\u00ed lavi\u010dka v\u00e1m umo\u017en\u00ed sezn\u00e1mit se, ani\u017e byste se vzd\u00e1lili od sv\u00fdch monitor\u016f. V&nbsp;klidu domova si ud\u011blejte obr\u00e1zek o&nbsp;Pet\u0159in\u00fdch n\u00e1zorech, zku\u0161enostech a&nbsp;p\u0159edstav\u00e1ch, kam by Lib\u010dice [&hellip;]<\/p>\n","protected":false},"author":3,"featured_media":0,"comment_status":"open","ping_status":"open","sticky":false,"template":"","format":"standard","meta":[],"categories":[4],"tags":[949],"_links":{"self":[{"href":"https:\/\/libcickekrizovatky.cz\/index.php?rest_route=\/wp\/v2\/posts\/19699"}],"collection":[{"href":"https:\/\/libcickekrizovatky.cz\/index.php?rest_route=\/wp\/v2\/posts"}],"about":[{"href":"https:\/\/libcickekrizovatky.cz\/index.php?rest_route=\/wp\/v2\/types\/post"}],"author":[{"embeddable":true,"href":"https:\/\/libcickekrizovatky.cz\/index.php?rest_route=\/wp\/v2\/users\/3"}],"replies":[{"embeddable":true,"href":"https:\/\/libcickekrizovatky.cz\/index.php?rest_route=%2Fwp%2Fv2%2Fcomments&post=19699"}],"version-history":[{"count":13,"href":"https:\/\/libcickekrizovatky.cz\/index.php?rest_route=\/wp\/v2\/posts\/19699\/revisions"}],"predecessor-version":[{"id":19738,"href":"https:\/\/libcickekrizovatky.cz\/index.php?rest_route=\/wp\/v2\/posts\/19699\/revisions\/19738"}],"wp:attachment":[{"href":"https:\/\/libcickekrizovatky.cz\/index.php?rest_route=%2Fwp%2Fv2%2Fmedia&parent=19699"}],"wp:term":[{"taxonomy":"category","embeddable":true,"href":"https:\/\/libcickekrizovatky.cz\/index.php?rest_route=%2Fwp%2Fv2%2Fcategories&post=19699"},{"taxonomy":"post_tag","embeddable":true,"href":"https:\/\/libcickekrizovatky.cz\/index.php?rest_route=%2Fwp%2Fv2%2Ftags&post=19699"}],"curies":[{"name":"wp","href":"https:\/\/api.w.org\/{rel}","templated":true}]}}